{"id":5624,"date":"2019-02-12T14:33:30","date_gmt":"2019-02-12T16:33:30","guid":{"rendered":"http:\/\/srv.portalnpm.com.br\/?p=5624"},"modified":"2019-02-12T14:33:30","modified_gmt":"2019-02-12T16:33:30","slug":"diego-chora-ao-lembrar-jovens-mortos-temos-de-seguir-seremos-inspiracao","status":"publish","type":"post","link":"https:\/\/portalnpm.com\/index.php\/2019\/02\/12\/diego-chora-ao-lembrar-jovens-mortos-temos-de-seguir-seremos-inspiracao\/","title":{"rendered":"Diego chora ao lembrar jovens mortos: &#8216;Temos de seguir, seremos inspira\u00e7\u00e3o&#8217;"},"content":{"rendered":"<p style=\"text-align: justify;\">Primeiro representante do Flamengo a conceder uma entrevista coletiva ap\u00f3s o inc\u00eandio no Ninho do Urubu que provocou a morte de dez jogadores da divis\u00f5es de base na \u00faltima sexta-feira, o meia Diego se emocionou ao relembrar o contato com Cauan Emanuel, um dos feridos na trag\u00e9dia. Al\u00e9m disso, lembrou que todo jogador profissional se sente atingido pelo incidente, especialmente pela hist\u00f3ria que constru\u00edram no futebol. &#8220;Temos a alma dos meninos da base&#8221;, afirmou.<\/p>\n<p style=\"text-align: justify;\">&#8220;Ele me mandou uma foto comemorando um gol e perguntou: &#8216;Conhece essa comemora\u00e7\u00e3o? Eu me inspiro em voc\u00ea'&#8221;, disse Diego, que chegou a ficar mais de um minuto chorando. &#8220;Temos de seguir. Seremos inspira\u00e7\u00e3o&#8221;, acrescentou o camisa 10 e capit\u00e3o do Flamengo.<\/p>\n<p style=\"text-align: justify;\">Diego lembrou a visita que alguns jogadores do Flamengo fizeram a jogadores que se feriram no inc\u00eandio. E apontou que ele e seus companheiros agora carregam o sonho das dez v\u00edtimas fatais da trag\u00e9dia da \u00faltima sexta-feira no CT do clube.<\/p>\n<p style=\"text-align: justify;\">&#8220;Vou completar 34 anos e estou vivendo esse sonho que eles queriam viver. Novos jovens vir\u00e3o. Visitamos os garotos, tiramos fotos com o Cauan, peguei o telefone dele e est\u00e1vamos conversando&#8221;, afirmou o meia.<\/p>\n<p style=\"text-align: justify;\">O meia destacou ter um sobrinho que atua pelo sub-14 do Flamengo E lembrou que o contato entre os profissionais e os jovens das divis\u00f5es de base \u00e9 constante. &#8220;Venho aqui em respeito a todos voc\u00eas e pessoas envolvidas nesta situa\u00e7\u00e3o. Serei o mais honesto e transparente poss\u00edvel. Nosso relacionamento com esses garotos sempre foi excelente, fazem parte do nosso dia a dia&#8221;, disse.<\/p>\n<p><img fetchpriority=\"high\" decoding=\"async\" class=\"alignnone size-medium wp-image-5626\" src=\"http:\/\/portalnpm.com.br\/wp-content\/uploads\/2019\/02\/45678b00a5f119f6270c7076372597b4-300x200.jpg\" alt=\"\" width=\"300\" height=\"200\" \/><\/p>\n<p style=\"text-align: justify;\">Diego tamb\u00e9m apontou que o momento \u00e9 de seguir em frente, mas assegurou que a trag\u00e9dia ocorrida no Flamengo nunca ser\u00e1 esquecida pelo elenco do futebol profissional, mesmo que em alguns momentos possam ocorrer momentos de demonstra\u00e7\u00e3o de felicidade por situa\u00e7\u00f5es circunstanciais.<\/p>\n<p style=\"text-align: justify;\">&#8220;A emo\u00e7\u00e3o vai vir, n\u00f3s vamos carregar essa situa\u00e7\u00e3o. As pessoas n\u00e3o podem confundir quando estivermos no treino, no jogo, competindo, sorrindo em algum momento, que deixaremos de lembrar em algum momento. Carregaremos isso conosco e tem que servir de inspira\u00e7\u00e3o&#8221;, comentou Diego.<\/p>\n<p style=\"text-align: justify;\">Al\u00e9m disso, Diego evitou comentar sobre poss\u00edveis problemas do Ninho do Urubu que podem ter contribu\u00eddo para a trag\u00e9dia. O meia, por\u00e9m, apontou evolu\u00e7\u00e3o na estrutura do CT do Flamengo nos \u00faltimos anos.<\/p>\n<p style=\"text-align: justify;\">&#8220;Quando cheguei em 2016, as estruturas eram de cont\u00eaineres, usei essas estruturas, e acompanhei a evolu\u00e7\u00e3o. N\u00e3o posso falar de termos t\u00e9cnicos. Se \u00e9 o ideal ou n\u00e3o, n\u00e3o sou eu que vou dizer. O fato \u00e9 que \u00e9 uma a maior trag\u00e9dia deste clube. \u00c9 um momento de reflex\u00e3o&#8221;, comentou.<\/p>\n<p style=\"text-align: justify;\">Ainda abalado pela trag\u00e9dia, o Flamengo voltar\u00e1 a jogar nesta quinta-feira, quando vai encarar o Fluminense, no Maracan\u00e3, pelas semifinais da Ta\u00e7a Guanabara. O time precisa de um empate para ir \u00e0 final do primeiro turno do Campeonato Carioca.<\/p>\n<p style=\"text-align: justify;\"><strong>Fonte: Estad\u00e3o Conte\u00fado<\/strong><\/p>\n","protected":false},"excerpt":{"rendered":"<p>Primeiro representante do Flamengo a conceder uma entrevista coletiva ap\u00f3s o inc\u00eandio no Ninho do Urubu que provocou a morte de dez jogadores da divis\u00f5es de base na \u00faltima sexta-feira, o meia Diego se emocionou ao relembrar o contato com Cauan Emanuel, um dos feridos na trag\u00e9dia. Al\u00e9m disso, lembrou que todo jogador profissional se &hellip;<\/p>\n","protected":false},"author":4,"featured_media":5625,"comment_status":"open","ping_status":"open","sticky":false,"template":"","format":"standard","meta":{"content-type":"","rop_custom_images_group":[],"rop_custom_messages_group":[],"rop_publish_now":"initial","rop_publish_now_accounts":{"facebook_2648258775420054_1618374048415101":""},"rop_publish_now_history":[],"rop_publish_now_status":"pending","footnotes":"","_jetpack_memberships_contains_paid_content":false},"categories":[113,125],"tags":[2198,2199,2200,761,2201],"yoast_head":"<!-- This site is optimized with the Yoast SEO plugin v22.3 - https:\/\/yoast.com\/wordpress\/plugins\/seo\/ -->\n<title>Diego chora ao lembrar jovens mortos: &#039;Temos de seguir, seremos inspira\u00e7\u00e3o&#039; - Portal NPM<\/title>\n<meta name=\"robots\" content=\"index, follow, max-snippet:-1, max-image-preview:large, max-video-preview:-1\" \/>\n<link rel=\"canonical\" href=\"https:\/\/portalnpm.com\/index.php\/2019\/02\/12\/diego-chora-ao-lembrar-jovens-mortos-temos-de-seguir-seremos-inspiracao\/\" \/>\n<meta property=\"og:locale\" content=\"pt_BR\" \/>\n<meta property=\"og:type\" content=\"article\" \/>\n<meta property=\"og:title\" content=\"Diego chora ao lembrar jovens mortos: &#039;Temos de seguir, seremos inspira\u00e7\u00e3o&#039; - Portal NPM\" \/>\n<meta property=\"og:description\" content=\"Primeiro representante do Flamengo a conceder uma entrevista coletiva ap\u00f3s o inc\u00eandio no Ninho do Urubu que provocou a morte de dez jogadores da divis\u00f5es de base na \u00faltima sexta-feira, o meia Diego se emocionou ao relembrar o contato com Cauan Emanuel, um dos feridos na trag\u00e9dia. Al\u00e9m disso, lembrou que todo jogador profissional se &hellip;\" \/>\n<meta property=\"og:url\" content=\"https:\/\/portalnpm.com\/index.php\/2019\/02\/12\/diego-chora-ao-lembrar-jovens-mortos-temos-de-seguir-seremos-inspiracao\/\" \/>\n<meta property=\"og:site_name\" content=\"Portal NPM\" \/>\n<meta property=\"article:published_time\" content=\"2019-02-12T16:33:30+00:00\" \/>\n<meta name=\"author\" content=\"Reda\u00e7\u00e3o\" \/>\n<meta name=\"twitter:card\" content=\"summary_large_image\" \/>\n<meta name=\"twitter:label1\" content=\"Escrito por\" \/>\n\t<meta name=\"twitter:data1\" content=\"Reda\u00e7\u00e3o\" \/>\n\t<meta name=\"twitter:label2\" content=\"Est. tempo de leitura\" \/>\n\t<meta name=\"twitter:data2\" content=\"3 minutos\" \/>\n<script type=\"application\/ld+json\" class=\"yoast-schema-graph\">{\"@context\":\"https:\/\/schema.org\",\"@graph\":[{\"@type\":\"WebPage\",\"@id\":\"https:\/\/portalnpm.com\/index.php\/2019\/02\/12\/diego-chora-ao-lembrar-jovens-mortos-temos-de-seguir-seremos-inspiracao\/\",\"url\":\"https:\/\/portalnpm.com\/index.php\/2019\/02\/12\/diego-chora-ao-lembrar-jovens-mortos-temos-de-seguir-seremos-inspiracao\/\",\"name\":\"Diego chora ao lembrar jovens mortos: 'Temos de seguir, seremos inspira\u00e7\u00e3o' - Portal NPM\",\"isPartOf\":{\"@id\":\"https:\/\/portalnpm.com\/#website\"},\"primaryImageOfPage\":{\"@id\":\"https:\/\/portalnpm.com\/index.php\/2019\/02\/12\/diego-chora-ao-lembrar-jovens-mortos-temos-de-seguir-seremos-inspiracao\/#primaryimage\"},\"image\":{\"@id\":\"https:\/\/portalnpm.com\/index.php\/2019\/02\/12\/diego-chora-ao-lembrar-jovens-mortos-temos-de-seguir-seremos-inspiracao\/#primaryimage\"},\"thumbnailUrl\":\"\",\"datePublished\":\"2019-02-12T16:33:30+00:00\",\"dateModified\":\"2019-02-12T16:33:30+00:00\",\"author\":{\"@id\":\"https:\/\/portalnpm.com\/#\/schema\/person\/0b5f230ec96cee25504fa328e7f2b733\"},\"breadcrumb\":{\"@id\":\"https:\/\/portalnpm.com\/index.php\/2019\/02\/12\/diego-chora-ao-lembrar-jovens-mortos-temos-de-seguir-seremos-inspiracao\/#breadcrumb\"},\"inLanguage\":\"pt-BR\",\"potentialAction\":[{\"@type\":\"ReadAction\",\"target\":[\"https:\/\/portalnpm.com\/index.php\/2019\/02\/12\/diego-chora-ao-lembrar-jovens-mortos-temos-de-seguir-seremos-inspiracao\/\"]}]},{\"@type\":\"ImageObject\",\"inLanguage\":\"pt-BR\",\"@id\":\"https:\/\/portalnpm.com\/index.php\/2019\/02\/12\/diego-chora-ao-lembrar-jovens-mortos-temos-de-seguir-seremos-inspiracao\/#primaryimage\",\"url\":\"\",\"contentUrl\":\"\"},{\"@type\":\"BreadcrumbList\",\"@id\":\"https:\/\/portalnpm.com\/index.php\/2019\/02\/12\/diego-chora-ao-lembrar-jovens-mortos-temos-de-seguir-seremos-inspiracao\/#breadcrumb\",\"itemListElement\":[{\"@type\":\"ListItem\",\"position\":1,\"name\":\"In\u00edcio\",\"item\":\"https:\/\/portalnpm.com\/\"},{\"@type\":\"ListItem\",\"position\":2,\"name\":\"Diego chora ao lembrar jovens mortos: &#8216;Temos de seguir, seremos inspira\u00e7\u00e3o&#8217;\"}]},{\"@type\":\"WebSite\",\"@id\":\"https:\/\/portalnpm.com\/#website\",\"url\":\"https:\/\/portalnpm.com\/\",\"name\":\"Portal NPM\",\"description\":\"Not\u00edcias em Primeira M\u00e3o\",\"potentialAction\":[{\"@type\":\"SearchAction\",\"target\":{\"@type\":\"EntryPoint\",\"urlTemplate\":\"https:\/\/portalnpm.com\/?s={search_term_string}\"},\"query-input\":\"required name=search_term_string\"}],\"inLanguage\":\"pt-BR\"},{\"@type\":\"Person\",\"@id\":\"https:\/\/portalnpm.com\/#\/schema\/person\/0b5f230ec96cee25504fa328e7f2b733\",\"name\":\"Reda\u00e7\u00e3o\",\"image\":{\"@type\":\"ImageObject\",\"inLanguage\":\"pt-BR\",\"@id\":\"https:\/\/portalnpm.com\/#\/schema\/person\/image\/\",\"url\":\"https:\/\/portalnpm.com\/wp-content\/uploads\/2024\/03\/avatar_user_4_1710097212-96x96.png\",\"contentUrl\":\"https:\/\/portalnpm.com\/wp-content\/uploads\/2024\/03\/avatar_user_4_1710097212-96x96.png\",\"caption\":\"Reda\u00e7\u00e3o\"},\"url\":\"https:\/\/portalnpm.com\/index.php\/author\/redacao\/\"}]}<\/script>\n<!-- \/ Yoast SEO plugin. -->","yoast_head_json":{"title":"Diego chora ao lembrar jovens mortos: 'Temos de seguir, seremos inspira\u00e7\u00e3o' - Portal NPM","robots":{"index":"index","follow":"follow","max-snippet":"max-snippet:-1","max-image-preview":"max-image-preview:large","max-video-preview":"max-video-preview:-1"},"canonical":"https:\/\/portalnpm.com\/index.php\/2019\/02\/12\/diego-chora-ao-lembrar-jovens-mortos-temos-de-seguir-seremos-inspiracao\/","og_locale":"pt_BR","og_type":"article","og_title":"Diego chora ao lembrar jovens mortos: 'Temos de seguir, seremos inspira\u00e7\u00e3o' - Portal NPM","og_description":"Primeiro representante do Flamengo a conceder uma entrevista coletiva ap\u00f3s o inc\u00eandio no Ninho do Urubu que provocou a morte de dez jogadores da divis\u00f5es de base na \u00faltima sexta-feira, o meia Diego se emocionou ao relembrar o contato com Cauan Emanuel, um dos feridos na trag\u00e9dia. Al\u00e9m disso, lembrou que todo jogador profissional se &hellip;","og_url":"https:\/\/portalnpm.com\/index.php\/2019\/02\/12\/diego-chora-ao-lembrar-jovens-mortos-temos-de-seguir-seremos-inspiracao\/","og_site_name":"Portal NPM","article_published_time":"2019-02-12T16:33:30+00:00","author":"Reda\u00e7\u00e3o","twitter_card":"summary_large_image","twitter_misc":{"Escrito por":"Reda\u00e7\u00e3o","Est. tempo de leitura":"3 minutos"},"schema":{"@context":"https:\/\/schema.org","@graph":[{"@type":"WebPage","@id":"https:\/\/portalnpm.com\/index.php\/2019\/02\/12\/diego-chora-ao-lembrar-jovens-mortos-temos-de-seguir-seremos-inspiracao\/","url":"https:\/\/portalnpm.com\/index.php\/2019\/02\/12\/diego-chora-ao-lembrar-jovens-mortos-temos-de-seguir-seremos-inspiracao\/","name":"Diego chora ao lembrar jovens mortos: 'Temos de seguir, seremos inspira\u00e7\u00e3o' - Portal NPM","isPartOf":{"@id":"https:\/\/portalnpm.com\/#website"},"primaryImageOfPage":{"@id":"https:\/\/portalnpm.com\/index.php\/2019\/02\/12\/diego-chora-ao-lembrar-jovens-mortos-temos-de-seguir-seremos-inspiracao\/#primaryimage"},"image":{"@id":"https:\/\/portalnpm.com\/index.php\/2019\/02\/12\/diego-chora-ao-lembrar-jovens-mortos-temos-de-seguir-seremos-inspiracao\/#primaryimage"},"thumbnailUrl":"","datePublished":"2019-02-12T16:33:30+00:00","dateModified":"2019-02-12T16:33:30+00:00","author":{"@id":"https:\/\/portalnpm.com\/#\/schema\/person\/0b5f230ec96cee25504fa328e7f2b733"},"breadcrumb":{"@id":"https:\/\/portalnpm.com\/index.php\/2019\/02\/12\/diego-chora-ao-lembrar-jovens-mortos-temos-de-seguir-seremos-inspiracao\/#breadcrumb"},"inLanguage":"pt-BR","potentialAction":[{"@type":"ReadAction","target":["https:\/\/portalnpm.com\/index.php\/2019\/02\/12\/diego-chora-ao-lembrar-jovens-mortos-temos-de-seguir-seremos-inspiracao\/"]}]},{"@type":"ImageObject","inLanguage":"pt-BR","@id":"https:\/\/portalnpm.com\/index.php\/2019\/02\/12\/diego-chora-ao-lembrar-jovens-mortos-temos-de-seguir-seremos-inspiracao\/#primaryimage","url":"","contentUrl":""},{"@type":"BreadcrumbList","@id":"https:\/\/portalnpm.com\/index.php\/2019\/02\/12\/diego-chora-ao-lembrar-jovens-mortos-temos-de-seguir-seremos-inspiracao\/#breadcrumb","itemListElement":[{"@type":"ListItem","position":1,"name":"In\u00edcio","item":"https:\/\/portalnpm.com\/"},{"@type":"ListItem","position":2,"name":"Diego chora ao lembrar jovens mortos: &#8216;Temos de seguir, seremos inspira\u00e7\u00e3o&#8217;"}]},{"@type":"WebSite","@id":"https:\/\/portalnpm.com\/#website","url":"https:\/\/portalnpm.com\/","name":"Portal NPM","description":"Not\u00edcias em Primeira M\u00e3o","potentialAction":[{"@type":"SearchAction","target":{"@type":"EntryPoint","urlTemplate":"https:\/\/portalnpm.com\/?s={search_term_string}"},"query-input":"required name=search_term_string"}],"inLanguage":"pt-BR"},{"@type":"Person","@id":"https:\/\/portalnpm.com\/#\/schema\/person\/0b5f230ec96cee25504fa328e7f2b733","name":"Reda\u00e7\u00e3o","image":{"@type":"ImageObject","inLanguage":"pt-BR","@id":"https:\/\/portalnpm.com\/#\/schema\/person\/image\/","url":"https:\/\/portalnpm.com\/wp-content\/uploads\/2024\/03\/avatar_user_4_1710097212-96x96.png","contentUrl":"https:\/\/portalnpm.com\/wp-content\/uploads\/2024\/03\/avatar_user_4_1710097212-96x96.png","caption":"Reda\u00e7\u00e3o"},"url":"https:\/\/portalnpm.com\/index.php\/author\/redacao\/"}]}},"jetpack_sharing_enabled":true,"jetpack_featured_media_url":"","_links":{"self":[{"href":"https:\/\/portalnpm.com\/index.php\/wp-json\/wp\/v2\/posts\/5624"}],"collection":[{"href":"https:\/\/portalnpm.com\/index.php\/wp-json\/wp\/v2\/posts"}],"about":[{"href":"https:\/\/portalnpm.com\/index.php\/wp-json\/wp\/v2\/types\/post"}],"author":[{"embeddable":true,"href":"https:\/\/portalnpm.com\/index.php\/wp-json\/wp\/v2\/users\/4"}],"replies":[{"embeddable":true,"href":"https:\/\/portalnpm.com\/index.php\/wp-json\/wp\/v2\/comments?post=5624"}],"version-history":[{"count":0,"href":"https:\/\/portalnpm.com\/index.php\/wp-json\/wp\/v2\/posts\/5624\/revisions"}],"wp:featuredmedia":[{"embeddable":true,"href":"https:\/\/portalnpm.com\/index.php\/wp-json\/"}],"wp:attachment":[{"href":"https:\/\/portalnpm.com\/index.php\/wp-json\/wp\/v2\/media?parent=5624"}],"wp:term":[{"taxonomy":"category","embeddable":true,"href":"https:\/\/portalnpm.com\/index.php\/wp-json\/wp\/v2\/categories?post=5624"},{"taxonomy":"post_tag","embeddable":true,"href":"https:\/\/portalnpm.com\/index.php\/wp-json\/wp\/v2\/tags?post=5624"}],"curies":[{"name":"wp","href":"https:\/\/api.w.org\/{rel}","templated":true}]}}