{"id":5630,"date":"2019-02-12T15:02:27","date_gmt":"2019-02-12T17:02:27","guid":{"rendered":"http:\/\/srv.portalnpm.com.br\/?p=5630"},"modified":"2019-02-12T15:02:27","modified_gmt":"2019-02-12T17:02:27","slug":"governador-pede-compreensao-da-base-por-nao-convocar-suplentes","status":"publish","type":"post","link":"https:\/\/portalnpm.com\/index.php\/2019\/02\/12\/governador-pede-compreensao-da-base-por-nao-convocar-suplentes\/","title":{"rendered":"Governador pede compreens\u00e3o da base por n\u00e3o convocar suplentes"},"content":{"rendered":"<p style=\"text-align: justify;\">O governador Wellington Dias (PT) pediu apoio da base pol\u00edtica para a\u00a0<a href=\"https:\/\/cidadeverde.com\/noticias\/293297\/governo-vai-criar-taxigov-e-tera-21-secretarias-veja-mudancas-confirmadas\">reforma administrativa<\/a>. No governo, o receio \u00e9\u00a0 que a n\u00e3o convoca\u00e7\u00e3o de suplentes possa provocar insatisfa\u00e7\u00f5es na base pol\u00edtica.<\/p>\n<p style=\"text-align: justify;\">Wellington afirma que os deputados foram eleitos para exercerem a fun\u00e7\u00e3o parlamentar. Segundo ele, a n\u00e3o convoca\u00e7\u00e3o de parlamentares para serem secret\u00e1rios \u00e9 uma medida de conten\u00e7\u00e3o de gastos.<\/p>\n<p style=\"text-align: justify;\">&#8220;Cada um foi eleito deputado pela vontade do povo. Estamos adotando uma medida em raz\u00e3o de um momento hoje em que tudo aquilo que foi necess\u00e1rio fazer para segurar despesas melhor. Eu fiz medidas de corte em 2015 e 2019. J\u00e1 n\u00e3o era t\u00e3o f\u00e1cil fazer novos cortes agora. Fizemos conten\u00e7\u00e3o de despesas que o estado pode ou n\u00e3o fazer no ano de 2019. Estamos adotando para dar equil\u00edbrio&#8221;, disse.<\/p>\n<p style=\"text-align: justify;\">Ele afirma que ainda vai analisar as sugest\u00f5es dadas por aliados presentes na reuni\u00e3o de ontem.<\/p>\n<p style=\"text-align: justify;\">&#8220;O encontro foi muito bom. As pessoas tiraram d\u00favidas e apresentaram sugest\u00f5es. Eu poderia entregar hoje a mat\u00e9ria, mas pedi para quinta-feira porque temos as condi\u00e7\u00f5es de levar em conta algumas sugest\u00f5es que foram apresentadas ontem&#8221;, afirmou.<\/p>\n<p style=\"text-align: justify;\">Para o governador, apesar do inc\u00f4modo, as medidas &#8220;duras&#8221; s\u00e3o necess\u00e1rias.<\/p>\n<p><img fetchpriority=\"high\" decoding=\"async\" class=\"alignnone size-medium wp-image-5632\" src=\"http:\/\/portalnpm.com.br\/wp-content\/uploads\/2019\/02\/ef8f2b1b22a5810552947d26d4a8bf5f-300x200.jpg\" alt=\"\" width=\"300\" height=\"200\" \/><\/p>\n<p style=\"text-align: justify;\">&#8220;Ningu\u00e9m gosta de tomar medidas duras. Ningu\u00e9m gosta de realizar cortes. A reforma passa tamb\u00e9m pela moderniza\u00e7\u00e3o de \u00f3rg\u00e3os, um conjunto de a\u00e7\u00f5es, projeto espec\u00edfico para seguran\u00e7a que colocar um patamar novo para o Piau\u00ed&#8221;, disse.<\/p>\n<p style=\"text-align: justify;\">Wellington viaja para S\u00e3o Paulo e entregar\u00e1 o projeto para os deputados no retorno ao Estado.<\/p>\n<p style=\"text-align: justify;\">&#8220;Estou indo para S\u00e3o Paulo apresentando as oportunidades de investimentos. Volto na quinta-feira e apresentou na Assembleia&#8221;, destacou.<\/p>\n<p style=\"text-align: justify;\">O governador afirmou que vai dialogar com a oposi\u00e7\u00e3o. &#8220;Estamos aberto para ouvir a oposi\u00e7\u00e3o. Queremos dialogar com todos&#8221;, declarou.<\/p>\n<p style=\"text-align: justify;\">Wellington evitou falar sobre o secretariado. Segundo ele, nenhum nome deve ser oficializado no momento.<\/p>\n<p style=\"text-align: justify;\"><strong>Fonte: Cidade Verde\u00a0<\/strong><\/p>\n","protected":false},"excerpt":{"rendered":"<p>O governador Wellington Dias (PT) pediu apoio da base pol\u00edtica para a\u00a0reforma administrativa. No governo, o receio \u00e9\u00a0 que a n\u00e3o convoca\u00e7\u00e3o de suplentes possa provocar insatisfa\u00e7\u00f5es na base pol\u00edtica. Wellington afirma que os deputados foram eleitos para exercerem a fun\u00e7\u00e3o parlamentar. Segundo ele, a n\u00e3o convoca\u00e7\u00e3o de parlamentares para serem secret\u00e1rios \u00e9 uma medida &hellip;<\/p>\n","protected":false},"author":4,"featured_media":5631,"comment_status":"open","ping_status":"open","sticky":false,"template":"","format":"standard","meta":{"content-type":"","rop_custom_images_group":[],"rop_custom_messages_group":[],"rop_publish_now":"initial","rop_publish_now_accounts":{"facebook_2648258775420054_1618374048415101":""},"rop_publish_now_history":[],"rop_publish_now_status":"pending","footnotes":"","_jetpack_memberships_contains_paid_content":false},"categories":[113,130],"tags":[2202,2203,402,2204],"yoast_head":"<!-- This site is optimized with the Yoast SEO plugin v22.3 - https:\/\/yoast.com\/wordpress\/plugins\/seo\/ -->\n<title>Governador pede compreens\u00e3o da base por n\u00e3o convocar suplentes - Portal NPM<\/title>\n<meta name=\"robots\" content=\"index, follow, max-snippet:-1, max-image-preview:large, max-video-preview:-1\" \/>\n<link rel=\"canonical\" href=\"https:\/\/portalnpm.com\/index.php\/2019\/02\/12\/governador-pede-compreensao-da-base-por-nao-convocar-suplentes\/\" \/>\n<meta property=\"og:locale\" content=\"pt_BR\" \/>\n<meta property=\"og:type\" content=\"article\" \/>\n<meta property=\"og:title\" content=\"Governador pede compreens\u00e3o da base por n\u00e3o convocar suplentes - Portal NPM\" \/>\n<meta property=\"og:description\" content=\"O governador Wellington Dias (PT) pediu apoio da base pol\u00edtica para a\u00a0reforma administrativa. No governo, o receio \u00e9\u00a0 que a n\u00e3o convoca\u00e7\u00e3o de suplentes possa provocar insatisfa\u00e7\u00f5es na base pol\u00edtica. Wellington afirma que os deputados foram eleitos para exercerem a fun\u00e7\u00e3o parlamentar. Segundo ele, a n\u00e3o convoca\u00e7\u00e3o de parlamentares para serem secret\u00e1rios \u00e9 uma medida &hellip;\" \/>\n<meta property=\"og:url\" content=\"https:\/\/portalnpm.com\/index.php\/2019\/02\/12\/governador-pede-compreensao-da-base-por-nao-convocar-suplentes\/\" \/>\n<meta property=\"og:site_name\" content=\"Portal NPM\" \/>\n<meta property=\"article:published_time\" content=\"2019-02-12T17:02:27+00:00\" \/>\n<meta name=\"author\" content=\"Reda\u00e7\u00e3o\" \/>\n<meta name=\"twitter:card\" content=\"summary_large_image\" \/>\n<meta name=\"twitter:label1\" content=\"Escrito por\" \/>\n\t<meta name=\"twitter:data1\" content=\"Reda\u00e7\u00e3o\" \/>\n\t<meta name=\"twitter:label2\" content=\"Est. tempo de leitura\" \/>\n\t<meta name=\"twitter:data2\" content=\"2 minutos\" \/>\n<script type=\"application\/ld+json\" class=\"yoast-schema-graph\">{\"@context\":\"https:\/\/schema.org\",\"@graph\":[{\"@type\":\"WebPage\",\"@id\":\"https:\/\/portalnpm.com\/index.php\/2019\/02\/12\/governador-pede-compreensao-da-base-por-nao-convocar-suplentes\/\",\"url\":\"https:\/\/portalnpm.com\/index.php\/2019\/02\/12\/governador-pede-compreensao-da-base-por-nao-convocar-suplentes\/\",\"name\":\"Governador pede compreens\u00e3o da base por n\u00e3o convocar suplentes - Portal NPM\",\"isPartOf\":{\"@id\":\"https:\/\/portalnpm.com\/#website\"},\"primaryImageOfPage\":{\"@id\":\"https:\/\/portalnpm.com\/index.php\/2019\/02\/12\/governador-pede-compreensao-da-base-por-nao-convocar-suplentes\/#primaryimage\"},\"image\":{\"@id\":\"https:\/\/portalnpm.com\/index.php\/2019\/02\/12\/governador-pede-compreensao-da-base-por-nao-convocar-suplentes\/#primaryimage\"},\"thumbnailUrl\":\"\",\"datePublished\":\"2019-02-12T17:02:27+00:00\",\"dateModified\":\"2019-02-12T17:02:27+00:00\",\"author\":{\"@id\":\"https:\/\/portalnpm.com\/#\/schema\/person\/0b5f230ec96cee25504fa328e7f2b733\"},\"breadcrumb\":{\"@id\":\"https:\/\/portalnpm.com\/index.php\/2019\/02\/12\/governador-pede-compreensao-da-base-por-nao-convocar-suplentes\/#breadcrumb\"},\"inLanguage\":\"pt-BR\",\"potentialAction\":[{\"@type\":\"ReadAction\",\"target\":[\"https:\/\/portalnpm.com\/index.php\/2019\/02\/12\/governador-pede-compreensao-da-base-por-nao-convocar-suplentes\/\"]}]},{\"@type\":\"ImageObject\",\"inLanguage\":\"pt-BR\",\"@id\":\"https:\/\/portalnpm.com\/index.php\/2019\/02\/12\/governador-pede-compreensao-da-base-por-nao-convocar-suplentes\/#primaryimage\",\"url\":\"\",\"contentUrl\":\"\"},{\"@type\":\"BreadcrumbList\",\"@id\":\"https:\/\/portalnpm.com\/index.php\/2019\/02\/12\/governador-pede-compreensao-da-base-por-nao-convocar-suplentes\/#breadcrumb\",\"itemListElement\":[{\"@type\":\"ListItem\",\"position\":1,\"name\":\"In\u00edcio\",\"item\":\"https:\/\/portalnpm.com\/\"},{\"@type\":\"ListItem\",\"position\":2,\"name\":\"Governador pede compreens\u00e3o da base por n\u00e3o convocar suplentes\"}]},{\"@type\":\"WebSite\",\"@id\":\"https:\/\/portalnpm.com\/#website\",\"url\":\"https:\/\/portalnpm.com\/\",\"name\":\"Portal NPM\",\"description\":\"Not\u00edcias em Primeira M\u00e3o\",\"potentialAction\":[{\"@type\":\"SearchAction\",\"target\":{\"@type\":\"EntryPoint\",\"urlTemplate\":\"https:\/\/portalnpm.com\/?s={search_term_string}\"},\"query-input\":\"required name=search_term_string\"}],\"inLanguage\":\"pt-BR\"},{\"@type\":\"Person\",\"@id\":\"https:\/\/portalnpm.com\/#\/schema\/person\/0b5f230ec96cee25504fa328e7f2b733\",\"name\":\"Reda\u00e7\u00e3o\",\"image\":{\"@type\":\"ImageObject\",\"inLanguage\":\"pt-BR\",\"@id\":\"https:\/\/portalnpm.com\/#\/schema\/person\/image\/\",\"url\":\"https:\/\/portalnpm.com\/wp-content\/uploads\/2024\/03\/avatar_user_4_1710097212-96x96.png\",\"contentUrl\":\"https:\/\/portalnpm.com\/wp-content\/uploads\/2024\/03\/avatar_user_4_1710097212-96x96.png\",\"caption\":\"Reda\u00e7\u00e3o\"},\"url\":\"https:\/\/portalnpm.com\/index.php\/author\/redacao\/\"}]}<\/script>\n<!-- \/ Yoast SEO plugin. -->","yoast_head_json":{"title":"Governador pede compreens\u00e3o da base por n\u00e3o convocar suplentes - Portal NPM","robots":{"index":"index","follow":"follow","max-snippet":"max-snippet:-1","max-image-preview":"max-image-preview:large","max-video-preview":"max-video-preview:-1"},"canonical":"https:\/\/portalnpm.com\/index.php\/2019\/02\/12\/governador-pede-compreensao-da-base-por-nao-convocar-suplentes\/","og_locale":"pt_BR","og_type":"article","og_title":"Governador pede compreens\u00e3o da base por n\u00e3o convocar suplentes - Portal NPM","og_description":"O governador Wellington Dias (PT) pediu apoio da base pol\u00edtica para a\u00a0reforma administrativa. No governo, o receio \u00e9\u00a0 que a n\u00e3o convoca\u00e7\u00e3o de suplentes possa provocar insatisfa\u00e7\u00f5es na base pol\u00edtica. Wellington afirma que os deputados foram eleitos para exercerem a fun\u00e7\u00e3o parlamentar. Segundo ele, a n\u00e3o convoca\u00e7\u00e3o de parlamentares para serem secret\u00e1rios \u00e9 uma medida &hellip;","og_url":"https:\/\/portalnpm.com\/index.php\/2019\/02\/12\/governador-pede-compreensao-da-base-por-nao-convocar-suplentes\/","og_site_name":"Portal NPM","article_published_time":"2019-02-12T17:02:27+00:00","author":"Reda\u00e7\u00e3o","twitter_card":"summary_large_image","twitter_misc":{"Escrito por":"Reda\u00e7\u00e3o","Est. tempo de leitura":"2 minutos"},"schema":{"@context":"https:\/\/schema.org","@graph":[{"@type":"WebPage","@id":"https:\/\/portalnpm.com\/index.php\/2019\/02\/12\/governador-pede-compreensao-da-base-por-nao-convocar-suplentes\/","url":"https:\/\/portalnpm.com\/index.php\/2019\/02\/12\/governador-pede-compreensao-da-base-por-nao-convocar-suplentes\/","name":"Governador pede compreens\u00e3o da base por n\u00e3o convocar suplentes - Portal NPM","isPartOf":{"@id":"https:\/\/portalnpm.com\/#website"},"primaryImageOfPage":{"@id":"https:\/\/portalnpm.com\/index.php\/2019\/02\/12\/governador-pede-compreensao-da-base-por-nao-convocar-suplentes\/#primaryimage"},"image":{"@id":"https:\/\/portalnpm.com\/index.php\/2019\/02\/12\/governador-pede-compreensao-da-base-por-nao-convocar-suplentes\/#primaryimage"},"thumbnailUrl":"","datePublished":"2019-02-12T17:02:27+00:00","dateModified":"2019-02-12T17:02:27+00:00","author":{"@id":"https:\/\/portalnpm.com\/#\/schema\/person\/0b5f230ec96cee25504fa328e7f2b733"},"breadcrumb":{"@id":"https:\/\/portalnpm.com\/index.php\/2019\/02\/12\/governador-pede-compreensao-da-base-por-nao-convocar-suplentes\/#breadcrumb"},"inLanguage":"pt-BR","potentialAction":[{"@type":"ReadAction","target":["https:\/\/portalnpm.com\/index.php\/2019\/02\/12\/governador-pede-compreensao-da-base-por-nao-convocar-suplentes\/"]}]},{"@type":"ImageObject","inLanguage":"pt-BR","@id":"https:\/\/portalnpm.com\/index.php\/2019\/02\/12\/governador-pede-compreensao-da-base-por-nao-convocar-suplentes\/#primaryimage","url":"","contentUrl":""},{"@type":"BreadcrumbList","@id":"https:\/\/portalnpm.com\/index.php\/2019\/02\/12\/governador-pede-compreensao-da-base-por-nao-convocar-suplentes\/#breadcrumb","itemListElement":[{"@type":"ListItem","position":1,"name":"In\u00edcio","item":"https:\/\/portalnpm.com\/"},{"@type":"ListItem","position":2,"name":"Governador pede compreens\u00e3o da base por n\u00e3o convocar suplentes"}]},{"@type":"WebSite","@id":"https:\/\/portalnpm.com\/#website","url":"https:\/\/portalnpm.com\/","name":"Portal NPM","description":"Not\u00edcias em Primeira M\u00e3o","potentialAction":[{"@type":"SearchAction","target":{"@type":"EntryPoint","urlTemplate":"https:\/\/portalnpm.com\/?s={search_term_string}"},"query-input":"required name=search_term_string"}],"inLanguage":"pt-BR"},{"@type":"Person","@id":"https:\/\/portalnpm.com\/#\/schema\/person\/0b5f230ec96cee25504fa328e7f2b733","name":"Reda\u00e7\u00e3o","image":{"@type":"ImageObject","inLanguage":"pt-BR","@id":"https:\/\/portalnpm.com\/#\/schema\/person\/image\/","url":"https:\/\/portalnpm.com\/wp-content\/uploads\/2024\/03\/avatar_user_4_1710097212-96x96.png","contentUrl":"https:\/\/portalnpm.com\/wp-content\/uploads\/2024\/03\/avatar_user_4_1710097212-96x96.png","caption":"Reda\u00e7\u00e3o"},"url":"https:\/\/portalnpm.com\/index.php\/author\/redacao\/"}]}},"jetpack_sharing_enabled":true,"jetpack_featured_media_url":"","_links":{"self":[{"href":"https:\/\/portalnpm.com\/index.php\/wp-json\/wp\/v2\/posts\/5630"}],"collection":[{"href":"https:\/\/portalnpm.com\/index.php\/wp-json\/wp\/v2\/posts"}],"about":[{"href":"https:\/\/portalnpm.com\/index.php\/wp-json\/wp\/v2\/types\/post"}],"author":[{"embeddable":true,"href":"https:\/\/portalnpm.com\/index.php\/wp-json\/wp\/v2\/users\/4"}],"replies":[{"embeddable":true,"href":"https:\/\/portalnpm.com\/index.php\/wp-json\/wp\/v2\/comments?post=5630"}],"version-history":[{"count":0,"href":"https:\/\/portalnpm.com\/index.php\/wp-json\/wp\/v2\/posts\/5630\/revisions"}],"wp:featuredmedia":[{"embeddable":true,"href":"https:\/\/portalnpm.com\/index.php\/wp-json\/"}],"wp:attachment":[{"href":"https:\/\/portalnpm.com\/index.php\/wp-json\/wp\/v2\/media?parent=5630"}],"wp:term":[{"taxonomy":"category","embeddable":true,"href":"https:\/\/portalnpm.com\/index.php\/wp-json\/wp\/v2\/categories?post=5630"},{"taxonomy":"post_tag","embeddable":true,"href":"https:\/\/portalnpm.com\/index.php\/wp-json\/wp\/v2\/tags?post=5630"}],"curies":[{"name":"wp","href":"https:\/\/api.w.org\/{rel}","templated":true}]}}