{"id":56305,"date":"2020-08-08T19:55:22","date_gmt":"2020-08-08T22:55:22","guid":{"rendered":"https:\/\/portalnpm.com\/index.php\/2020\/08\/08\/governador-wellington-dias-e-senador-ciro-nogueira-comecam-a-mexer-as-pecas-no-tabuleiro-politico-do-piaui-veja\/"},"modified":"2020-08-08T19:55:22","modified_gmt":"2020-08-08T22:55:22","slug":"governador-wellington-dias-e-senador-ciro-nogueira-comecam-a-mexer-as-pecas-no-tabuleiro-politico-do-piaui-veja","status":"publish","type":"post","link":"https:\/\/portalnpm.com\/index.php\/2020\/08\/08\/governador-wellington-dias-e-senador-ciro-nogueira-comecam-a-mexer-as-pecas-no-tabuleiro-politico-do-piaui-veja\/","title":{"rendered":"Governador Wellington Dias e Senador Ciro Nogueira come\u00e7am a mexer as pe\u00e7as no tabuleiro pol\u00edtico do Piau\u00ed; veja!"},"content":{"rendered":"<p style=\"text-align: justify;\">Depois do rompimento, Wellington Dias (PT) e Ciro Nogueira (Progressistas) n\u00e3o protagonizaram troca de farpas como muitos pensavam que ocorreria. A disputa, \u00e9 no tabuleiro pol\u00edtico.<\/p>\n<p style=\"text-align: justify;\">O governador, em reuni\u00e3o no Pal\u00e1cio de Karnak, anunciou a antecipa\u00e7\u00e3o do 13\u00ba sal\u00e1rio dos servidores e v\u00e1rias obras nos 224 munic\u00edpios piauienses. Mas quem roubou a cena foi o secret\u00e1rio de Fazenda, Rafael Fonteles. Foi o protagonista, falou por mais tempo, teve seu trabalho elogiado por todos e foi o respons\u00e1vel por responder as perguntas dos jornalistas.<\/p>\n<p style=\"text-align: justify;\">N\u00e3o \u00e9 de hoje que o nome de Rafael Fonteles (PT) \u00e9 cotado como candidato a governador em 2022 e nesta sexta-feira(08), o caminho come\u00e7ou a ser pavimentado.<\/p>\n<p style=\"text-align: justify;\">J\u00e1 o senador Ciro Nogueira, em entrevista ao ESTAD\u00c3O, declarou apoio a reelei\u00e7\u00e3o do presidente Jair Bolsonaro e disse que a situa\u00e7\u00e3o agora \u00e9 diferente do per\u00edodo em que fazia parte da base de apoio do ex-presidente Michel temer.<\/p>\n<blockquote><p>\u201cS\u00f3 tenho a creditar isso \u00e0 minha aproxima\u00e7\u00e3o com Bolsonaro e uma perspectiva de futuro. Essa mesma aproxima\u00e7\u00e3o tive com o presidente Michel Temer, s\u00f3 que n\u00e3o tinha uma perspectiva eleitoral, n\u00e3o criou um problema com o PT. Bolsonaro, al\u00e9m de ser candidato \u00e0 reelei\u00e7\u00e3o, est\u00e1 tendo um crescimento vertiginoso no Nordeste\u201d, disse o presidente nacional do PROGRESSISTAS.<\/p><\/blockquote>\n<p style=\"text-align: justify;\">Ciro j\u00e1 disse que seu partido ter\u00e1 candidato ao governo do Estado e ele \u00e9 principal nome para a disputa.<\/p>\n<p style=\"text-align: justify;\">Aguardemos os pr\u00f3ximos movimentos desse xadrez.<\/p>\n<p><strong>UMA REAPROXIMA\u00c7\u00c3O<\/strong><\/p>\n<p style=\"text-align: justify;\">O governador Wellington Dias iniciou um di\u00e1logo para trazer o ex-governador Wilson Martins para sua base de apoio. Aliados no passado, o presidente do PSB admitiu a possibilidade de uma conversa. Bom, \u00e9 apenas o come\u00e7o.<\/p>\n<p style=\"text-align: justify;\"><strong>PROBLEMA I<\/strong><\/p>\n<p style=\"text-align: justify;\">O ex-deputado Robert Rios Magalh\u00e3es, tamb\u00e9m ex-aliado, \u00e9 um dos mais duros cr\u00edticos do governo nos \u00faltimos anos. Dif\u00edcil enxergar uma reconcilia\u00e7\u00e3o.<\/p>\n<p style=\"text-align: justify;\"><strong>PROBLEMA II<\/strong><\/p>\n<p style=\"text-align: justify;\">O deputado estadual Gustavo Neiva (PSB), que faz oposi\u00e7\u00e3o ao governo na Assembleia Legislativa, tamb\u00e9m \u00e9 um outro entrave para a reaproxima\u00e7\u00e3o entre Wellington Dias e Wilson Martins. Integrante da bancada de oposi\u00e7\u00e3o ao lado de Teresa Brito, Lucy Soares e Marden Menezes, ser\u00e1 dif\u00edcil convencer o parlamentar a mudar de lado.<\/p>\n<p style=\"text-align: justify;\"><strong>ENTREGA DE CARGOS<\/strong><\/p>\n<p style=\"text-align: justify;\">Os PROGRESSISTAS J\u00falio Arcoverde e Wilson Brand\u00e3o, deixam seus espa\u00e7os no governo do Estado. J\u00falio havia indicado Ar\u00e3o Lob\u00e3o no DETRAN e Brand\u00e3o \u00e9 o secret\u00e1rio de Transportes.<\/p>\n<p style=\"text-align: justify;\"><strong>POR ENQUANTO\u2026<\/strong><\/p>\n<p style=\"text-align: justify;\">Firmino Paulo, Margarete Coelho H\u00e9lio Isa\u00edas continuam com seus espa\u00e7os, n\u00e3o se sabe at\u00e9 quando. Pelo menos, at\u00e9 depois desta elei\u00e7\u00e3o.<\/p>\n<p style=\"text-align: justify;\"><strong>TIME EM CAMPO<\/strong><\/p>\n<p style=\"text-align: justify;\">Dr. Pessoa, pr\u00e9-candidato do MDB \u00e0 prefeitura de Teresina, confirmou que vai participar dos debates durante a campanha eleitoral. Ele disse que est\u00e1 mais preparado e est\u00e1 pronto para discutir a cidade.<\/p>\n<p style=\"text-align: justify;\"><strong>OLHO NO OLHO<\/strong><\/p>\n<p style=\"text-align: justify;\">Na pr\u00f3xima quinta-feira, Dr. Pessoas vai come\u00e7ar uma s\u00e9rie de reuni\u00f5es com os pr\u00e9-candidatos a vereador de seu partido e das siglas aliadas. O objetivo \u00e9 afinar o discurso para a campanha.<\/p>\n<p style=\"text-align: justify;\"><strong>EST\u00c1 DECIDIDO<\/strong><\/p>\n<p style=\"text-align: justify;\">O REPUBLICANOS j\u00e1 decidiu que vai apoiar Kl\u00e9ber Montezuma, candidato do prefeito Firmino Filho. Prevaleceu o desejo dos vereadores Pastor Levino e Caio Bucar.<\/p>\n<p style=\"text-align: justify;\"><strong>IRM\u00c3OS NA DISPUTA<\/strong><\/p>\n<p style=\"text-align: justify;\">Em Teresina, essa elei\u00e7\u00e3o vai colocar frente a frente dois irm\u00e3os que disputam o Pal\u00e1cio da Cidade. Um deles \u00e9 Kl\u00e9ber Montezuma, pelo PSDB e o outro \u00e9 Gerv\u00e1sio Santos, pelo PSTU. Parentesco \u00e0 parte, todos est\u00e3o ansiosos para esse confronto j\u00e1 que ambos s\u00e3o de pensamentos opostos.<\/p>\n<p style=\"text-align: justify;\"><strong><em>Fonte: Douglas Cordeiro<\/em><\/strong><\/p>\n","protected":false},"excerpt":{"rendered":"<p>Depois do rompimento, Wellington Dias (PT) e Ciro Nogueira (Progressistas) n\u00e3o protagonizaram troca de farpas como muitos pensavam que ocorreria. A disputa, \u00e9 no tabuleiro pol\u00edtico. O governador, em reuni\u00e3o no Pal\u00e1cio de Karnak, anunciou a antecipa\u00e7\u00e3o do 13\u00ba sal\u00e1rio dos servidores e v\u00e1rias obras nos 224 munic\u00edpios piauienses. Mas quem roubou a cena foi &hellip;<\/p>\n","protected":false},"author":3,"featured_media":56306,"comment_status":"open","ping_status":"open","sticky":false,"template":"","format":"standard","meta":{"content-type":"","rop_custom_images_group":[],"rop_custom_messages_group":[],"rop_publish_now":"initial","rop_publish_now_accounts":{"facebook_2648258775420054_1618374048415101":""},"rop_publish_now_history":[],"rop_publish_now_status":"pending","footnotes":"","_jetpack_memberships_contains_paid_content":false},"categories":[113,188,130],"tags":[535,187,134,407],"yoast_head":"<!-- This site is optimized with the Yoast SEO plugin v22.3 - https:\/\/yoast.com\/wordpress\/plugins\/seo\/ -->\n<title>Governador Wellington Dias e Senador Ciro Nogueira come\u00e7am a mexer as pe\u00e7as no tabuleiro pol\u00edtico do Piau\u00ed; veja!<\/title>\n<meta name=\"robots\" content=\"index, follow, max-snippet:-1, max-image-preview:large, max-video-preview:-1\" \/>\n<link rel=\"canonical\" href=\"https:\/\/portalnpm.com\/index.php\/2020\/08\/08\/governador-wellington-dias-e-senador-ciro-nogueira-comecam-a-mexer-as-pecas-no-tabuleiro-politico-do-piaui-veja\/\" \/>\n<meta property=\"og:locale\" content=\"pt_BR\" \/>\n<meta property=\"og:type\" content=\"article\" \/>\n<meta property=\"og:title\" content=\"Governador Wellington Dias e Senador Ciro Nogueira come\u00e7am a mexer as pe\u00e7as no tabuleiro pol\u00edtico do Piau\u00ed; veja!\" \/>\n<meta property=\"og:description\" content=\"Depois do rompimento, Wellington Dias (PT) e Ciro Nogueira (Progressistas) n\u00e3o protagonizaram troca de farpas como muitos pensavam que ocorreria. A disputa, \u00e9 no tabuleiro pol\u00edtico. O governador, em reuni\u00e3o no Pal\u00e1cio de Karnak, anunciou a antecipa\u00e7\u00e3o do 13\u00ba sal\u00e1rio dos servidores e v\u00e1rias obras nos 224 munic\u00edpios piauienses. Mas quem roubou a cena foi &hellip;\" \/>\n<meta property=\"og:url\" content=\"https:\/\/portalnpm.com\/index.php\/2020\/08\/08\/governador-wellington-dias-e-senador-ciro-nogueira-comecam-a-mexer-as-pecas-no-tabuleiro-politico-do-piaui-veja\/\" \/>\n<meta property=\"og:site_name\" content=\"Portal NPM\" \/>\n<meta property=\"article:published_time\" content=\"2020-08-08T22:55:22+00:00\" \/>\n<meta property=\"og:image\" content=\"https:\/\/portalnpm.com\/wp-content\/uploads\/2024\/01\/18-51-57-003_d4404f418e614f1da4ddfb6ee800340560ba37e6-1.jpg\" \/>\n\t<meta property=\"og:image:width\" content=\"790\" \/>\n\t<meta property=\"og:image:height\" content=\"450\" \/>\n\t<meta property=\"og:image:type\" content=\"image\/jpeg\" \/>\n<meta name=\"author\" content=\"Luis Alberto\" \/>\n<meta name=\"twitter:card\" content=\"summary_large_image\" \/>\n<meta name=\"twitter:label1\" content=\"Escrito por\" \/>\n\t<meta name=\"twitter:data1\" content=\"Luis Alberto\" \/>\n\t<meta name=\"twitter:label2\" content=\"Est. tempo de leitura\" \/>\n\t<meta name=\"twitter:data2\" content=\"3 minutos\" \/>\n<script type=\"application\/ld+json\" class=\"yoast-schema-graph\">{\"@context\":\"https:\/\/schema.org\",\"@graph\":[{\"@type\":\"WebPage\",\"@id\":\"https:\/\/portalnpm.com\/index.php\/2020\/08\/08\/governador-wellington-dias-e-senador-ciro-nogueira-comecam-a-mexer-as-pecas-no-tabuleiro-politico-do-piaui-veja\/\",\"url\":\"https:\/\/portalnpm.com\/index.php\/2020\/08\/08\/governador-wellington-dias-e-senador-ciro-nogueira-comecam-a-mexer-as-pecas-no-tabuleiro-politico-do-piaui-veja\/\",\"name\":\"Governador Wellington Dias e Senador Ciro Nogueira come\u00e7am a mexer as pe\u00e7as no tabuleiro pol\u00edtico do Piau\u00ed; veja!\",\"isPartOf\":{\"@id\":\"https:\/\/portalnpm.com\/#website\"},\"primaryImageOfPage\":{\"@id\":\"https:\/\/portalnpm.com\/index.php\/2020\/08\/08\/governador-wellington-dias-e-senador-ciro-nogueira-comecam-a-mexer-as-pecas-no-tabuleiro-politico-do-piaui-veja\/#primaryimage\"},\"image\":{\"@id\":\"https:\/\/portalnpm.com\/index.php\/2020\/08\/08\/governador-wellington-dias-e-senador-ciro-nogueira-comecam-a-mexer-as-pecas-no-tabuleiro-politico-do-piaui-veja\/#primaryimage\"},\"thumbnailUrl\":\"https:\/\/portalnpm.com\/wp-content\/uploads\/2024\/01\/18-51-57-003_d4404f418e614f1da4ddfb6ee800340560ba37e6-1.jpg\",\"datePublished\":\"2020-08-08T22:55:22+00:00\",\"dateModified\":\"2020-08-08T22:55:22+00:00\",\"author\":{\"@id\":\"https:\/\/portalnpm.com\/#\/schema\/person\/5c8006acdf71774cd4e7a5ab98482152\"},\"breadcrumb\":{\"@id\":\"https:\/\/portalnpm.com\/index.php\/2020\/08\/08\/governador-wellington-dias-e-senador-ciro-nogueira-comecam-a-mexer-as-pecas-no-tabuleiro-politico-do-piaui-veja\/#breadcrumb\"},\"inLanguage\":\"pt-BR\",\"potentialAction\":[{\"@type\":\"ReadAction\",\"target\":[\"https:\/\/portalnpm.com\/index.php\/2020\/08\/08\/governador-wellington-dias-e-senador-ciro-nogueira-comecam-a-mexer-as-pecas-no-tabuleiro-politico-do-piaui-veja\/\"]}]},{\"@type\":\"ImageObject\",\"inLanguage\":\"pt-BR\",\"@id\":\"https:\/\/portalnpm.com\/index.php\/2020\/08\/08\/governador-wellington-dias-e-senador-ciro-nogueira-comecam-a-mexer-as-pecas-no-tabuleiro-politico-do-piaui-veja\/#primaryimage\",\"url\":\"https:\/\/portalnpm.com\/wp-content\/uploads\/2024\/01\/18-51-57-003_d4404f418e614f1da4ddfb6ee800340560ba37e6-1.jpg\",\"contentUrl\":\"https:\/\/portalnpm.com\/wp-content\/uploads\/2024\/01\/18-51-57-003_d4404f418e614f1da4ddfb6ee800340560ba37e6-1.jpg\",\"width\":790,\"height\":450},{\"@type\":\"BreadcrumbList\",\"@id\":\"https:\/\/portalnpm.com\/index.php\/2020\/08\/08\/governador-wellington-dias-e-senador-ciro-nogueira-comecam-a-mexer-as-pecas-no-tabuleiro-politico-do-piaui-veja\/#breadcrumb\",\"itemListElement\":[{\"@type\":\"ListItem\",\"position\":1,\"name\":\"In\u00edcio\",\"item\":\"https:\/\/portalnpm.com\/\"},{\"@type\":\"ListItem\",\"position\":2,\"name\":\"Governador Wellington Dias e Senador Ciro Nogueira come\u00e7am a mexer as pe\u00e7as no tabuleiro pol\u00edtico do Piau\u00ed; veja!\"}]},{\"@type\":\"WebSite\",\"@id\":\"https:\/\/portalnpm.com\/#website\",\"url\":\"https:\/\/portalnpm.com\/\",\"name\":\"Portal NPM\",\"description\":\"Not\u00edcias em Primeira M\u00e3o\",\"potentialAction\":[{\"@type\":\"SearchAction\",\"target\":{\"@type\":\"EntryPoint\",\"urlTemplate\":\"https:\/\/portalnpm.com\/?s={search_term_string}\"},\"query-input\":\"required name=search_term_string\"}],\"inLanguage\":\"pt-BR\"},{\"@type\":\"Person\",\"@id\":\"https:\/\/portalnpm.com\/#\/schema\/person\/5c8006acdf71774cd4e7a5ab98482152\",\"name\":\"Luis Alberto\",\"image\":{\"@type\":\"ImageObject\",\"inLanguage\":\"pt-BR\",\"@id\":\"https:\/\/portalnpm.com\/#\/schema\/person\/image\/\",\"url\":\"https:\/\/portalnpm.com\/wp-content\/uploads\/2024\/12\/avatar_user_3_1734699769-96x96.jpeg\",\"contentUrl\":\"https:\/\/portalnpm.com\/wp-content\/uploads\/2024\/12\/avatar_user_3_1734699769-96x96.jpeg\",\"caption\":\"Luis Alberto\"},\"description\":\"Editor-geral do Portal NPM, \u00e9 formado como T\u00e9cnico em Seguran\u00e7a do Trabalho pela Escola Metropolitana de Cursos T\u00e9cnicos. Det\u00e9m ainda licenciatura em Educa\u00e7\u00e3o F\u00edsica e bacharelado em Ci\u00eancias Pol\u00edticas, ambos obtidos pela institui\u00e7\u00e3o Anhanguera\/UNOPAR.\",\"url\":\"https:\/\/portalnpm.com\/index.php\/author\/pereira\/\"}]}<\/script>\n<!-- \/ Yoast SEO plugin. -->","yoast_head_json":{"title":"Governador Wellington Dias e Senador Ciro Nogueira come\u00e7am a mexer as pe\u00e7as no tabuleiro pol\u00edtico do Piau\u00ed; veja!","robots":{"index":"index","follow":"follow","max-snippet":"max-snippet:-1","max-image-preview":"max-image-preview:large","max-video-preview":"max-video-preview:-1"},"canonical":"https:\/\/portalnpm.com\/index.php\/2020\/08\/08\/governador-wellington-dias-e-senador-ciro-nogueira-comecam-a-mexer-as-pecas-no-tabuleiro-politico-do-piaui-veja\/","og_locale":"pt_BR","og_type":"article","og_title":"Governador Wellington Dias e Senador Ciro Nogueira come\u00e7am a mexer as pe\u00e7as no tabuleiro pol\u00edtico do Piau\u00ed; veja!","og_description":"Depois do rompimento, Wellington Dias (PT) e Ciro Nogueira (Progressistas) n\u00e3o protagonizaram troca de farpas como muitos pensavam que ocorreria. A disputa, \u00e9 no tabuleiro pol\u00edtico. O governador, em reuni\u00e3o no Pal\u00e1cio de Karnak, anunciou a antecipa\u00e7\u00e3o do 13\u00ba sal\u00e1rio dos servidores e v\u00e1rias obras nos 224 munic\u00edpios piauienses. Mas quem roubou a cena foi &hellip;","og_url":"https:\/\/portalnpm.com\/index.php\/2020\/08\/08\/governador-wellington-dias-e-senador-ciro-nogueira-comecam-a-mexer-as-pecas-no-tabuleiro-politico-do-piaui-veja\/","og_site_name":"Portal NPM","article_published_time":"2020-08-08T22:55:22+00:00","og_image":[{"width":790,"height":450,"url":"https:\/\/portalnpm.com\/wp-content\/uploads\/2024\/01\/18-51-57-003_d4404f418e614f1da4ddfb6ee800340560ba37e6-1.jpg","type":"image\/jpeg"}],"author":"Luis Alberto","twitter_card":"summary_large_image","twitter_misc":{"Escrito por":"Luis Alberto","Est. tempo de leitura":"3 minutos"},"schema":{"@context":"https:\/\/schema.org","@graph":[{"@type":"WebPage","@id":"https:\/\/portalnpm.com\/index.php\/2020\/08\/08\/governador-wellington-dias-e-senador-ciro-nogueira-comecam-a-mexer-as-pecas-no-tabuleiro-politico-do-piaui-veja\/","url":"https:\/\/portalnpm.com\/index.php\/2020\/08\/08\/governador-wellington-dias-e-senador-ciro-nogueira-comecam-a-mexer-as-pecas-no-tabuleiro-politico-do-piaui-veja\/","name":"Governador Wellington Dias e Senador Ciro Nogueira come\u00e7am a mexer as pe\u00e7as no tabuleiro pol\u00edtico do Piau\u00ed; veja!","isPartOf":{"@id":"https:\/\/portalnpm.com\/#website"},"primaryImageOfPage":{"@id":"https:\/\/portalnpm.com\/index.php\/2020\/08\/08\/governador-wellington-dias-e-senador-ciro-nogueira-comecam-a-mexer-as-pecas-no-tabuleiro-politico-do-piaui-veja\/#primaryimage"},"image":{"@id":"https:\/\/portalnpm.com\/index.php\/2020\/08\/08\/governador-wellington-dias-e-senador-ciro-nogueira-comecam-a-mexer-as-pecas-no-tabuleiro-politico-do-piaui-veja\/#primaryimage"},"thumbnailUrl":"https:\/\/portalnpm.com\/wp-content\/uploads\/2024\/01\/18-51-57-003_d4404f418e614f1da4ddfb6ee800340560ba37e6-1.jpg","datePublished":"2020-08-08T22:55:22+00:00","dateModified":"2020-08-08T22:55:22+00:00","author":{"@id":"https:\/\/portalnpm.com\/#\/schema\/person\/5c8006acdf71774cd4e7a5ab98482152"},"breadcrumb":{"@id":"https:\/\/portalnpm.com\/index.php\/2020\/08\/08\/governador-wellington-dias-e-senador-ciro-nogueira-comecam-a-mexer-as-pecas-no-tabuleiro-politico-do-piaui-veja\/#breadcrumb"},"inLanguage":"pt-BR","potentialAction":[{"@type":"ReadAction","target":["https:\/\/portalnpm.com\/index.php\/2020\/08\/08\/governador-wellington-dias-e-senador-ciro-nogueira-comecam-a-mexer-as-pecas-no-tabuleiro-politico-do-piaui-veja\/"]}]},{"@type":"ImageObject","inLanguage":"pt-BR","@id":"https:\/\/portalnpm.com\/index.php\/2020\/08\/08\/governador-wellington-dias-e-senador-ciro-nogueira-comecam-a-mexer-as-pecas-no-tabuleiro-politico-do-piaui-veja\/#primaryimage","url":"https:\/\/portalnpm.com\/wp-content\/uploads\/2024\/01\/18-51-57-003_d4404f418e614f1da4ddfb6ee800340560ba37e6-1.jpg","contentUrl":"https:\/\/portalnpm.com\/wp-content\/uploads\/2024\/01\/18-51-57-003_d4404f418e614f1da4ddfb6ee800340560ba37e6-1.jpg","width":790,"height":450},{"@type":"BreadcrumbList","@id":"https:\/\/portalnpm.com\/index.php\/2020\/08\/08\/governador-wellington-dias-e-senador-ciro-nogueira-comecam-a-mexer-as-pecas-no-tabuleiro-politico-do-piaui-veja\/#breadcrumb","itemListElement":[{"@type":"ListItem","position":1,"name":"In\u00edcio","item":"https:\/\/portalnpm.com\/"},{"@type":"ListItem","position":2,"name":"Governador Wellington Dias e Senador Ciro Nogueira come\u00e7am a mexer as pe\u00e7as no tabuleiro pol\u00edtico do Piau\u00ed; veja!"}]},{"@type":"WebSite","@id":"https:\/\/portalnpm.com\/#website","url":"https:\/\/portalnpm.com\/","name":"Portal NPM","description":"Not\u00edcias em Primeira M\u00e3o","potentialAction":[{"@type":"SearchAction","target":{"@type":"EntryPoint","urlTemplate":"https:\/\/portalnpm.com\/?s={search_term_string}"},"query-input":"required name=search_term_string"}],"inLanguage":"pt-BR"},{"@type":"Person","@id":"https:\/\/portalnpm.com\/#\/schema\/person\/5c8006acdf71774cd4e7a5ab98482152","name":"Luis Alberto","image":{"@type":"ImageObject","inLanguage":"pt-BR","@id":"https:\/\/portalnpm.com\/#\/schema\/person\/image\/","url":"https:\/\/portalnpm.com\/wp-content\/uploads\/2024\/12\/avatar_user_3_1734699769-96x96.jpeg","contentUrl":"https:\/\/portalnpm.com\/wp-content\/uploads\/2024\/12\/avatar_user_3_1734699769-96x96.jpeg","caption":"Luis Alberto"},"description":"Editor-geral do Portal NPM, \u00e9 formado como T\u00e9cnico em Seguran\u00e7a do Trabalho pela Escola Metropolitana de Cursos T\u00e9cnicos. Det\u00e9m ainda licenciatura em Educa\u00e7\u00e3o F\u00edsica e bacharelado em Ci\u00eancias Pol\u00edticas, ambos obtidos pela institui\u00e7\u00e3o Anhanguera\/UNOPAR.","url":"https:\/\/portalnpm.com\/index.php\/author\/pereira\/"}]}},"jetpack_sharing_enabled":true,"jetpack_featured_media_url":"https:\/\/portalnpm.com\/wp-content\/uploads\/2024\/01\/18-51-57-003_d4404f418e614f1da4ddfb6ee800340560ba37e6-1.jpg","_links":{"self":[{"href":"https:\/\/portalnpm.com\/index.php\/wp-json\/wp\/v2\/posts\/56305"}],"collection":[{"href":"https:\/\/portalnpm.com\/index.php\/wp-json\/wp\/v2\/posts"}],"about":[{"href":"https:\/\/portalnpm.com\/index.php\/wp-json\/wp\/v2\/types\/post"}],"author":[{"embeddable":true,"href":"https:\/\/portalnpm.com\/index.php\/wp-json\/wp\/v2\/users\/3"}],"replies":[{"embeddable":true,"href":"https:\/\/portalnpm.com\/index.php\/wp-json\/wp\/v2\/comments?post=56305"}],"version-history":[{"count":0,"href":"https:\/\/portalnpm.com\/index.php\/wp-json\/wp\/v2\/posts\/56305\/revisions"}],"wp:featuredmedia":[{"embeddable":true,"href":"https:\/\/portalnpm.com\/index.php\/wp-json\/wp\/v2\/media\/56306"}],"wp:attachment":[{"href":"https:\/\/portalnpm.com\/index.php\/wp-json\/wp\/v2\/media?parent=56305"}],"wp:term":[{"taxonomy":"category","embeddable":true,"href":"https:\/\/portalnpm.com\/index.php\/wp-json\/wp\/v2\/categories?post=56305"},{"taxonomy":"post_tag","embeddable":true,"href":"https:\/\/portalnpm.com\/index.php\/wp-json\/wp\/v2\/tags?post=56305"}],"curies":[{"name":"wp","href":"https:\/\/api.w.org\/{rel}","templated":true}]}}