{"id":56321,"date":"2020-08-09T09:03:21","date_gmt":"2020-08-09T12:03:21","guid":{"rendered":"https:\/\/portalnpm.com\/index.php\/2020\/08\/09\/governo-estuda-manter-auxilio-emergencial-com-valor-menor-ate-marco\/"},"modified":"2020-08-09T09:03:21","modified_gmt":"2020-08-09T12:03:21","slug":"governo-estuda-manter-auxilio-emergencial-com-valor-menor-ate-marco","status":"publish","type":"post","link":"https:\/\/portalnpm.com\/index.php\/2020\/08\/09\/governo-estuda-manter-auxilio-emergencial-com-valor-menor-ate-marco\/","title":{"rendered":"Governo estuda manter aux\u00edlio emergencial com valor menor at\u00e9 mar\u00e7o"},"content":{"rendered":"<p style=\"text-align: justify;\">A ala pol\u00edtica do governo estuda prorrogar o pagamento do aux\u00edlio emergencial at\u00e9 mar\u00e7o de 2021. A ideia \u00e9 que o benef\u00edcio, atualmente em R$ 600, seja reduzido para um valor entre R$ 200 e R$ 300. A medida, entretanto, \u00e9 vista com ressalvas pelo Minist\u00e9rio da Economia e precisa ser votada pelo Congresso.<\/p>\n<p style=\"text-align: justify;\">\n<p style=\"text-align: justify;\">O pagamento do aux\u00edlio emergencial est\u00e1 garantido at\u00e9 agosto, e o governo avalia eventuais consequ\u00eancias pol\u00edticas na popularidade do presidente Jair Bolsonaro (sem partido) caso ele seja extinto, sem uma alternativa vi\u00e1vel. Sem a clareza sobre a dura\u00e7\u00e3o da pandemia, estudos para definir a extens\u00e3o do aux\u00edlio j\u00e1 est\u00e3o em curso.<\/p>\n<p style=\"text-align: justify;\"><span style=\"font-size: 16px;\"><strong>Atraso no Renda Brasil \u00e9 motivo<\/strong><\/span><\/p>\n<p style=\"text-align: justify;\">A extens\u00e3o do aux\u00edlio emergencial seria uma forma de compensar um atraso no Renda Brasil, o grande programa social do governo Bolsonaro. O governo n\u00e3o deve concluir t\u00e3o rapidamente quando gostaria os projetos e adequa\u00e7\u00f5es de sistemas para criar o Renda Brasil, que deve unificar o Bolsa-Fam\u00edlia, o abono salarial, o sal\u00e1rio-fam\u00edlia e o seguro defeso. A ideia \u00e9 criar uma marca social para Bolsonaro porque o Bolsa-Fam\u00edlia \u00e9 uma heran\u00e7a do PT.<\/p>\n<p style=\"text-align: justify;\">Para realizar seus planos, no entanto, o governo depende de outros fatores. A redu\u00e7\u00e3o do valor do aux\u00edlio depende de aprova\u00e7\u00e3o do Congresso porque o valor de R$ 600 est\u00e1 previsto em lei. Al\u00e9m disso, para ser estendido at\u00e9 mar\u00e7o, o decreto que definiu o estado de calamidade precisaria ser renovado. A norma vence em dezembro e seria necess\u00e1ria uma nova vota\u00e7\u00e3o na C\u00e2mara dos Deputados e no Senado Federal.<\/p>\n<p style=\"text-align: justify;\">A extens\u00e3o da validade do decreto \u00e9 necess\u00e1ria para que o governo n\u00e3o descumpra o teto de gastos e a lei de responsabilidade fiscal. Se as normas forem violadas, o Executivo pode cometer um crime de responsabilidade.<\/p>\n<p style=\"text-align: justify;\"><span style=\"font-size: 16px;\"><strong>De onde sairia o dinheiro?<\/strong><\/span><\/p>\n<p style=\"text-align: justify;\">O governo tem dito que n\u00e3o h\u00e1 sobra no Or\u00e7amento para financiar o aux\u00edlio emergencial por muito mais tempo. Mas, com a eventual prorroga\u00e7\u00e3o do estado de calamidade, o governo poderia obter o dinheiro com emiss\u00e3o de d\u00edvida.<\/p>\n<p style=\"text-align: justify;\">Emiss\u00e3o de d\u00edvida significa colocar t\u00edtulos \u00e0 venda para investidores, que compram pap\u00e9is do governo esperando retorno no futuro (na pr\u00e1tica, emprestam dinheiro agora ao governo para lucrar com os juros que ser\u00e3o pagos).<\/p>\n<p style=\"text-align: justify;\"><span style=\"font-size: 16px;\"><strong>Decis\u00e3o ser\u00e1 pol\u00edtica, dizem assessores de Guedes<\/strong><\/span><\/p>\n<p style=\"text-align: justify;\">Al\u00e9m das dificuldades pol\u00edticas para que a medida seja aprovada pelos parlamentares, a renova\u00e7\u00e3o de parcelas do aux\u00edlio emergencial sofre resist\u00eancias no pr\u00f3prio governo, sobretudo na equipe econ\u00f4mica.<\/p>\n<p style=\"text-align: justify;\">Auxiliares do ministro da Economia, Paulo Guedes, afirmaram reservadamente ao UOL que h\u00e1 o temor de que a renova\u00e7\u00e3o do aux\u00edlio, mesmo em um valor menor, passe a mensagem errada aos investidores.<\/p>\n<p style=\"text-align: justify;\">Entretanto, admitem que a decis\u00e3o de estender o pagamento do aux\u00edlio \u00e9 pol\u00edtica. &#8220;A proximidade das elei\u00e7\u00f5es municipais e para as presid\u00eancias da C\u00e2mara e do Senado pode ter um peso na decis\u00e3o do governo. Os candidatos podem usar o aux\u00edlio para impulsionar candidaturas e fortalecer a presen\u00e7a de bolsonaristas nas diversas cidades do pa\u00eds&#8221;, declarou um assessor do ministro da Economia.<\/p>\n<p style=\"text-align: justify;\">O assessor especial de Guedes, Guilherme Afif Domingos disse que o aux\u00edlio &#8220;resolveu se autoprorrogar&#8221;, mas que &#8220;com certeza&#8221; ele ter\u00e1 que ter um valor menor do que atual.<\/p>\n<p style=\"text-align: justify;\">Para Afif, todas essas decis\u00f5es ter\u00e3o que ser tomadas conforme a rea\u00e7\u00e3o da economia p\u00f3s-pandemia.<\/p>\n<p style=\"text-align: justify;\">&#8220;A economia est\u00e1 voltando aos poucos. Vamos ter que estudar uma forma de garantir [o aux\u00edlio] pelo menos at\u00e9 o fim do ano&#8221;, disse.<br \/>\nNa avalia\u00e7\u00e3o de Afif, o ideal \u00e9 que n\u00e3o seja preciso estender todas as medidas para 2021. &#8220;Este ano \u00e9 um ano de &#8216;vistas grossas&#8217; [para a quest\u00e3o fiscal]. A ideia \u00e9 que ano que vem volte \u00e0 normalidade&#8221;.<\/p>\n<p style=\"text-align: justify;\"><span style=\"font-size: 16px;\"><strong>Adequa\u00e7\u00f5es de sistemas para o Renda Brasil<\/strong><\/span><\/p>\n<p style=\"text-align: justify;\">A ideia original do governo era enviar ao Congresso uma MP (Medida Provis\u00f3ria) e uma PEC (Proposta de Emenda \u00e0 Constitui\u00e7\u00e3o) para compor o Renda Brasil ainda neste ano. A PEC \u00e9 necess\u00e1ria porque o pagamento do abono est\u00e1 previsto na Constitui\u00e7\u00e3o. Os outros benef\u00edcios podem ser extintos e unificados por MP.<\/p>\n<p style=\"text-align: justify;\">Entretanto, a cria\u00e7\u00e3o do Renda Brasil tem demandado mais estudos t\u00e9cnicos do Minist\u00e9rio da Economia e do Minist\u00e9rio da Cidadania. No momento, o governo avalia enviar a PEC e um projeto de lei, mas precisa acertar o melhor timing, j\u00e1 que a reforma tribut\u00e1ria j\u00e1 est\u00e1 colocada com umas das prioridades dos parlamentares.<\/p>\n<p style=\"text-align: justify;\">Com isso, o debate da renda m\u00ednima ficaria para o pr\u00f3ximo ano, ap\u00f3s as elei\u00e7\u00f5es dos presidentes da C\u00e2mara dos Deputados e do Senado Federal.<\/p>\n<p style=\"text-align: justify;\">Afif defende, por\u00e9m, que o conjunto de discuss\u00f5es pode ser uma forma de complementa\u00e7\u00e3o.<\/p>\n<p style=\"text-align: justify;\"><span style=\"font-size: 16px;\"><strong>Sistemas da Caixa precisam mudar<\/strong><\/span><\/p>\n<p style=\"text-align: justify;\">Al\u00e9m do debate no Congresso, a unifica\u00e7\u00e3o dos programas dependeria de uma mudan\u00e7a nos sistemas da Caixa, respons\u00e1vel por pagar parte dos benef\u00edcios.<\/p>\n<p style=\"text-align: justify;\">Essas medidas j\u00e1 est\u00e3o em debate, mas precisam de mais tempo. A ideia \u00e9 que a estrutura criada a partir do Caixa Tem seja usada para os pagamentos futuros do Renda Brasil.<\/p>\n<p style=\"text-align: justify;\">FONTE: UOL<\/p>\n","protected":false},"excerpt":{"rendered":"<p>A ala pol\u00edtica do governo estuda prorrogar o pagamento do aux\u00edlio emergencial at\u00e9 mar\u00e7o de 2021. A ideia \u00e9 que o benef\u00edcio, atualmente em R$ 600, seja reduzido para um valor entre R$ 200 e R$ 300. A medida, entretanto, \u00e9 vista com ressalvas pelo Minist\u00e9rio da Economia e precisa ser votada pelo Congresso. O &hellip;<\/p>\n","protected":false},"author":2,"featured_media":56322,"comment_status":"open","ping_status":"open","sticky":false,"template":"","format":"standard","meta":{"content-type":"","rop_custom_images_group":[],"rop_custom_messages_group":[],"rop_publish_now":"initial","rop_publish_now_accounts":{"facebook_2648258775420054_1618374048415101":""},"rop_publish_now_history":[],"rop_publish_now_status":"pending","footnotes":"","_jetpack_memberships_contains_paid_content":false},"categories":[113,414],"tags":[5659,3975,5660,524,5661],"yoast_head":"<!-- This site is optimized with the Yoast SEO plugin v22.3 - https:\/\/yoast.com\/wordpress\/plugins\/seo\/ -->\n<title>Governo estuda manter aux\u00edlio emergencial com valor menor at\u00e9 mar\u00e7o<\/title>\n<meta name=\"robots\" content=\"index, follow, max-snippet:-1, max-image-preview:large, max-video-preview:-1\" \/>\n<link rel=\"canonical\" href=\"https:\/\/portalnpm.com\/index.php\/2020\/08\/09\/governo-estuda-manter-auxilio-emergencial-com-valor-menor-ate-marco\/\" \/>\n<meta property=\"og:locale\" content=\"pt_BR\" \/>\n<meta property=\"og:type\" content=\"article\" \/>\n<meta property=\"og:title\" content=\"Governo estuda manter aux\u00edlio emergencial com valor menor at\u00e9 mar\u00e7o\" \/>\n<meta property=\"og:description\" content=\"A ala pol\u00edtica do governo estuda prorrogar o pagamento do aux\u00edlio emergencial at\u00e9 mar\u00e7o de 2021. A ideia \u00e9 que o benef\u00edcio, atualmente em R$ 600, seja reduzido para um valor entre R$ 200 e R$ 300. A medida, entretanto, \u00e9 vista com ressalvas pelo Minist\u00e9rio da Economia e precisa ser votada pelo Congresso. O &hellip;\" \/>\n<meta property=\"og:url\" content=\"https:\/\/portalnpm.com\/index.php\/2020\/08\/09\/governo-estuda-manter-auxilio-emergencial-com-valor-menor-ate-marco\/\" \/>\n<meta property=\"og:site_name\" content=\"Portal NPM\" \/>\n<meta property=\"article:published_time\" content=\"2020-08-09T12:03:21+00:00\" \/>\n<meta property=\"og:image\" content=\"https:\/\/portalnpm.com\/wp-content\/uploads\/2024\/01\/paulo-guedes-fala-observado-por-bolsonaro-1584525668448_v2_450x337.jpg\" \/>\n\t<meta property=\"og:image:width\" content=\"450\" \/>\n\t<meta property=\"og:image:height\" content=\"337\" \/>\n\t<meta property=\"og:image:type\" content=\"image\/jpeg\" \/>\n<meta name=\"author\" content=\"Genival Barbosa\" \/>\n<meta name=\"twitter:card\" content=\"summary_large_image\" \/>\n<meta name=\"twitter:label1\" content=\"Escrito por\" \/>\n\t<meta name=\"twitter:data1\" content=\"Genival Barbosa\" \/>\n\t<meta name=\"twitter:label2\" content=\"Est. tempo de leitura\" \/>\n\t<meta name=\"twitter:data2\" content=\"4 minutos\" \/>\n<script type=\"application\/ld+json\" class=\"yoast-schema-graph\">{\"@context\":\"https:\/\/schema.org\",\"@graph\":[{\"@type\":\"WebPage\",\"@id\":\"https:\/\/portalnpm.com\/index.php\/2020\/08\/09\/governo-estuda-manter-auxilio-emergencial-com-valor-menor-ate-marco\/\",\"url\":\"https:\/\/portalnpm.com\/index.php\/2020\/08\/09\/governo-estuda-manter-auxilio-emergencial-com-valor-menor-ate-marco\/\",\"name\":\"Governo estuda manter aux\u00edlio emergencial com valor menor at\u00e9 mar\u00e7o\",\"isPartOf\":{\"@id\":\"https:\/\/portalnpm.com\/#website\"},\"primaryImageOfPage\":{\"@id\":\"https:\/\/portalnpm.com\/index.php\/2020\/08\/09\/governo-estuda-manter-auxilio-emergencial-com-valor-menor-ate-marco\/#primaryimage\"},\"image\":{\"@id\":\"https:\/\/portalnpm.com\/index.php\/2020\/08\/09\/governo-estuda-manter-auxilio-emergencial-com-valor-menor-ate-marco\/#primaryimage\"},\"thumbnailUrl\":\"https:\/\/portalnpm.com\/wp-content\/uploads\/2024\/01\/paulo-guedes-fala-observado-por-bolsonaro-1584525668448_v2_450x337.jpg\",\"datePublished\":\"2020-08-09T12:03:21+00:00\",\"dateModified\":\"2020-08-09T12:03:21+00:00\",\"author\":{\"@id\":\"https:\/\/portalnpm.com\/#\/schema\/person\/49313e563cfdefcc167f1ee4c017c294\"},\"breadcrumb\":{\"@id\":\"https:\/\/portalnpm.com\/index.php\/2020\/08\/09\/governo-estuda-manter-auxilio-emergencial-com-valor-menor-ate-marco\/#breadcrumb\"},\"inLanguage\":\"pt-BR\",\"potentialAction\":[{\"@type\":\"ReadAction\",\"target\":[\"https:\/\/portalnpm.com\/index.php\/2020\/08\/09\/governo-estuda-manter-auxilio-emergencial-com-valor-menor-ate-marco\/\"]}]},{\"@type\":\"ImageObject\",\"inLanguage\":\"pt-BR\",\"@id\":\"https:\/\/portalnpm.com\/index.php\/2020\/08\/09\/governo-estuda-manter-auxilio-emergencial-com-valor-menor-ate-marco\/#primaryimage\",\"url\":\"https:\/\/portalnpm.com\/wp-content\/uploads\/2024\/01\/paulo-guedes-fala-observado-por-bolsonaro-1584525668448_v2_450x337.jpg\",\"contentUrl\":\"https:\/\/portalnpm.com\/wp-content\/uploads\/2024\/01\/paulo-guedes-fala-observado-por-bolsonaro-1584525668448_v2_450x337.jpg\",\"width\":450,\"height\":337},{\"@type\":\"BreadcrumbList\",\"@id\":\"https:\/\/portalnpm.com\/index.php\/2020\/08\/09\/governo-estuda-manter-auxilio-emergencial-com-valor-menor-ate-marco\/#breadcrumb\",\"itemListElement\":[{\"@type\":\"ListItem\",\"position\":1,\"name\":\"In\u00edcio\",\"item\":\"https:\/\/portalnpm.com\/\"},{\"@type\":\"ListItem\",\"position\":2,\"name\":\"Governo estuda manter aux\u00edlio emergencial com valor menor at\u00e9 mar\u00e7o\"}]},{\"@type\":\"WebSite\",\"@id\":\"https:\/\/portalnpm.com\/#website\",\"url\":\"https:\/\/portalnpm.com\/\",\"name\":\"Portal NPM\",\"description\":\"Not\u00edcias em Primeira M\u00e3o\",\"potentialAction\":[{\"@type\":\"SearchAction\",\"target\":{\"@type\":\"EntryPoint\",\"urlTemplate\":\"https:\/\/portalnpm.com\/?s={search_term_string}\"},\"query-input\":\"required name=search_term_string\"}],\"inLanguage\":\"pt-BR\"},{\"@type\":\"Person\",\"@id\":\"https:\/\/portalnpm.com\/#\/schema\/person\/49313e563cfdefcc167f1ee4c017c294\",\"name\":\"Genival Barbosa\",\"image\":{\"@type\":\"ImageObject\",\"inLanguage\":\"pt-BR\",\"@id\":\"https:\/\/portalnpm.com\/#\/schema\/person\/image\/\",\"url\":\"https:\/\/portalnpm.com\/wp-content\/uploads\/2024\/02\/avatar_user_2_1707743258-96x96.jpeg\",\"contentUrl\":\"https:\/\/portalnpm.com\/wp-content\/uploads\/2024\/02\/avatar_user_2_1707743258-96x96.jpeg\",\"caption\":\"Genival Barbosa\"},\"url\":\"https:\/\/portalnpm.com\/index.php\/author\/genival\/\"}]}<\/script>\n<!-- \/ Yoast SEO plugin. -->","yoast_head_json":{"title":"Governo estuda manter aux\u00edlio emergencial com valor menor at\u00e9 mar\u00e7o","robots":{"index":"index","follow":"follow","max-snippet":"max-snippet:-1","max-image-preview":"max-image-preview:large","max-video-preview":"max-video-preview:-1"},"canonical":"https:\/\/portalnpm.com\/index.php\/2020\/08\/09\/governo-estuda-manter-auxilio-emergencial-com-valor-menor-ate-marco\/","og_locale":"pt_BR","og_type":"article","og_title":"Governo estuda manter aux\u00edlio emergencial com valor menor at\u00e9 mar\u00e7o","og_description":"A ala pol\u00edtica do governo estuda prorrogar o pagamento do aux\u00edlio emergencial at\u00e9 mar\u00e7o de 2021. A ideia \u00e9 que o benef\u00edcio, atualmente em R$ 600, seja reduzido para um valor entre R$ 200 e R$ 300. A medida, entretanto, \u00e9 vista com ressalvas pelo Minist\u00e9rio da Economia e precisa ser votada pelo Congresso. O &hellip;","og_url":"https:\/\/portalnpm.com\/index.php\/2020\/08\/09\/governo-estuda-manter-auxilio-emergencial-com-valor-menor-ate-marco\/","og_site_name":"Portal NPM","article_published_time":"2020-08-09T12:03:21+00:00","og_image":[{"width":450,"height":337,"url":"https:\/\/portalnpm.com\/wp-content\/uploads\/2024\/01\/paulo-guedes-fala-observado-por-bolsonaro-1584525668448_v2_450x337.jpg","type":"image\/jpeg"}],"author":"Genival Barbosa","twitter_card":"summary_large_image","twitter_misc":{"Escrito por":"Genival Barbosa","Est. tempo de leitura":"4 minutos"},"schema":{"@context":"https:\/\/schema.org","@graph":[{"@type":"WebPage","@id":"https:\/\/portalnpm.com\/index.php\/2020\/08\/09\/governo-estuda-manter-auxilio-emergencial-com-valor-menor-ate-marco\/","url":"https:\/\/portalnpm.com\/index.php\/2020\/08\/09\/governo-estuda-manter-auxilio-emergencial-com-valor-menor-ate-marco\/","name":"Governo estuda manter aux\u00edlio emergencial com valor menor at\u00e9 mar\u00e7o","isPartOf":{"@id":"https:\/\/portalnpm.com\/#website"},"primaryImageOfPage":{"@id":"https:\/\/portalnpm.com\/index.php\/2020\/08\/09\/governo-estuda-manter-auxilio-emergencial-com-valor-menor-ate-marco\/#primaryimage"},"image":{"@id":"https:\/\/portalnpm.com\/index.php\/2020\/08\/09\/governo-estuda-manter-auxilio-emergencial-com-valor-menor-ate-marco\/#primaryimage"},"thumbnailUrl":"https:\/\/portalnpm.com\/wp-content\/uploads\/2024\/01\/paulo-guedes-fala-observado-por-bolsonaro-1584525668448_v2_450x337.jpg","datePublished":"2020-08-09T12:03:21+00:00","dateModified":"2020-08-09T12:03:21+00:00","author":{"@id":"https:\/\/portalnpm.com\/#\/schema\/person\/49313e563cfdefcc167f1ee4c017c294"},"breadcrumb":{"@id":"https:\/\/portalnpm.com\/index.php\/2020\/08\/09\/governo-estuda-manter-auxilio-emergencial-com-valor-menor-ate-marco\/#breadcrumb"},"inLanguage":"pt-BR","potentialAction":[{"@type":"ReadAction","target":["https:\/\/portalnpm.com\/index.php\/2020\/08\/09\/governo-estuda-manter-auxilio-emergencial-com-valor-menor-ate-marco\/"]}]},{"@type":"ImageObject","inLanguage":"pt-BR","@id":"https:\/\/portalnpm.com\/index.php\/2020\/08\/09\/governo-estuda-manter-auxilio-emergencial-com-valor-menor-ate-marco\/#primaryimage","url":"https:\/\/portalnpm.com\/wp-content\/uploads\/2024\/01\/paulo-guedes-fala-observado-por-bolsonaro-1584525668448_v2_450x337.jpg","contentUrl":"https:\/\/portalnpm.com\/wp-content\/uploads\/2024\/01\/paulo-guedes-fala-observado-por-bolsonaro-1584525668448_v2_450x337.jpg","width":450,"height":337},{"@type":"BreadcrumbList","@id":"https:\/\/portalnpm.com\/index.php\/2020\/08\/09\/governo-estuda-manter-auxilio-emergencial-com-valor-menor-ate-marco\/#breadcrumb","itemListElement":[{"@type":"ListItem","position":1,"name":"In\u00edcio","item":"https:\/\/portalnpm.com\/"},{"@type":"ListItem","position":2,"name":"Governo estuda manter aux\u00edlio emergencial com valor menor at\u00e9 mar\u00e7o"}]},{"@type":"WebSite","@id":"https:\/\/portalnpm.com\/#website","url":"https:\/\/portalnpm.com\/","name":"Portal NPM","description":"Not\u00edcias em Primeira M\u00e3o","potentialAction":[{"@type":"SearchAction","target":{"@type":"EntryPoint","urlTemplate":"https:\/\/portalnpm.com\/?s={search_term_string}"},"query-input":"required name=search_term_string"}],"inLanguage":"pt-BR"},{"@type":"Person","@id":"https:\/\/portalnpm.com\/#\/schema\/person\/49313e563cfdefcc167f1ee4c017c294","name":"Genival Barbosa","image":{"@type":"ImageObject","inLanguage":"pt-BR","@id":"https:\/\/portalnpm.com\/#\/schema\/person\/image\/","url":"https:\/\/portalnpm.com\/wp-content\/uploads\/2024\/02\/avatar_user_2_1707743258-96x96.jpeg","contentUrl":"https:\/\/portalnpm.com\/wp-content\/uploads\/2024\/02\/avatar_user_2_1707743258-96x96.jpeg","caption":"Genival Barbosa"},"url":"https:\/\/portalnpm.com\/index.php\/author\/genival\/"}]}},"jetpack_sharing_enabled":true,"jetpack_featured_media_url":"https:\/\/portalnpm.com\/wp-content\/uploads\/2024\/01\/paulo-guedes-fala-observado-por-bolsonaro-1584525668448_v2_450x337.jpg","_links":{"self":[{"href":"https:\/\/portalnpm.com\/index.php\/wp-json\/wp\/v2\/posts\/56321"}],"collection":[{"href":"https:\/\/portalnpm.com\/index.php\/wp-json\/wp\/v2\/posts"}],"about":[{"href":"https:\/\/portalnpm.com\/index.php\/wp-json\/wp\/v2\/types\/post"}],"author":[{"embeddable":true,"href":"https:\/\/portalnpm.com\/index.php\/wp-json\/wp\/v2\/users\/2"}],"replies":[{"embeddable":true,"href":"https:\/\/portalnpm.com\/index.php\/wp-json\/wp\/v2\/comments?post=56321"}],"version-history":[{"count":0,"href":"https:\/\/portalnpm.com\/index.php\/wp-json\/wp\/v2\/posts\/56321\/revisions"}],"wp:featuredmedia":[{"embeddable":true,"href":"https:\/\/portalnpm.com\/index.php\/wp-json\/wp\/v2\/media\/56322"}],"wp:attachment":[{"href":"https:\/\/portalnpm.com\/index.php\/wp-json\/wp\/v2\/media?parent=56321"}],"wp:term":[{"taxonomy":"category","embeddable":true,"href":"https:\/\/portalnpm.com\/index.php\/wp-json\/wp\/v2\/categories?post=56321"},{"taxonomy":"post_tag","embeddable":true,"href":"https:\/\/portalnpm.com\/index.php\/wp-json\/wp\/v2\/tags?post=56321"}],"curies":[{"name":"wp","href":"https:\/\/api.w.org\/{rel}","templated":true}]}}