{"id":56325,"date":"2020-08-09T09:12:44","date_gmt":"2020-08-09T12:12:44","guid":{"rendered":"https:\/\/portalnpm.com\/index.php\/2020\/08\/09\/bispo-emerito-dom-pedro-casaldaliga-morre-aos-92-anos-em-sp\/"},"modified":"2020-08-09T09:12:44","modified_gmt":"2020-08-09T12:12:44","slug":"bispo-emerito-dom-pedro-casaldaliga-morre-aos-92-anos-em-sp","status":"publish","type":"post","link":"https:\/\/portalnpm.com\/index.php\/2020\/08\/09\/bispo-emerito-dom-pedro-casaldaliga-morre-aos-92-anos-em-sp\/","title":{"rendered":"Bispo em\u00e9rito Dom Pedro Casald\u00e1liga morre aos 92 anos em SP"},"content":{"rendered":"<p style=\"text-align: justify;\">Aos 92 anos, morreu na manh\u00e3 deste s\u00e1bado, 8, no interior paulista, o bispo em\u00e9rito Dom Pedro Casald\u00e1liga, da Prelazia de S\u00e3o F\u00e9lix do Araguaia (MT). Conhecido internacionalmente pela defesa dos direitos humanos e pela sua atua\u00e7\u00e3o em prol dos povos ind\u00edgenas, Casald\u00e1liga estava internado desde o dia, 27, com graves problemas respirat\u00f3rios.<\/p>\n<p style=\"text-align: justify;\">\n<p style=\"text-align: justify;\">No \u00faltimo dia 4, foi transferido para Batatais, onde faleceu \u00e0s 9h40, segundo comunicado oficial da Prelazia, da Congrega\u00e7\u00e3o dos Mission\u00e1rios Filhos do Imaculado Cora\u00e7\u00e3o de Maria (Claretianos) e da Ordem de Santo Agostinho (Agostinianos).<\/p>\n<p style=\"text-align: justify;\">Dom Pedro Casald\u00e1liga chegou a fazer o teste de covid-19 quando ainda estava em Mato Grosso e o resultado foi negativo. Ele sofria de problemas respirat\u00f3rios h\u00e1 d\u00e9cadas, agravado mais recentemente pelo Mal de Parkinson. Em fun\u00e7\u00e3o do quadro de sa\u00fade, Casald\u00e1liga n\u00e3o conseguia mais falar nem andar. Ele vivia no interior de Mato Grosso assistido por cuidadores. As visitas haviam sido ainda mais restringidas em fun\u00e7\u00e3o do novo coronav\u00edrus.<\/p>\n<p style=\"text-align: justify;\">Nascido na Catalunha, em uma prov\u00edncia de Barcelona, Dom Pedro Casald\u00e1liga vivia no Brasil desde 1968. Um dos expoentes da Teologia da Liberta\u00e7\u00e3o, atuou na defesa de minorias no interior de Mato Grosso e sofreu diversas amea\u00e7as de morte em fun\u00e7\u00e3o de suas posi\u00e7\u00f5es pol\u00edticas, sempre a favor das minorias.<\/p>\n<p style=\"text-align: justify;\">De acordo com o padre Reni Bresolin, mission\u00e1rio claretiano, o corpo de Casald\u00e1liga ser\u00e1 embalsamado e velado em tr\u00eas cidades. O primeiro vel\u00f3rio deve come\u00e7ar por volta das 14h deste s\u00e1bado na capela do Claretiano, no Centro Universit\u00e1rio de Batatais, e seguir at\u00e9 as 15h este domingo, 9, quando ser\u00e1 celebrada uma missa de corpo presente.<\/p>\n<p style=\"text-align: justify;\">De Batatais, o corpo seguir\u00e1 para Ribeir\u00e3o Cascalheira (MT). L\u00e1, o vel\u00f3rio est\u00e1 marcado para ocorrer no Santu\u00e1rio dos M\u00e1rtires, a partir de segunda, 10, ainda sem previs\u00e3o de hor\u00e1rio. E, por fim, a \u00faltima homenagem ao bispo ser\u00e1 feita em S\u00e3o F\u00e9lix do Araguaia, no Centro Comunit\u00e1rio Tia Irene, tamb\u00e9m sem previs\u00e3o de data ou hor\u00e1rio, seguida do sepultamento.<\/p>\n<p style=\"text-align: justify;\">\n<strong>Fonte: Estad\u00e3o Conte\u00fado<\/strong><\/p>\n","protected":false},"excerpt":{"rendered":"<p>Aos 92 anos, morreu na manh\u00e3 deste s\u00e1bado, 8, no interior paulista, o bispo em\u00e9rito Dom Pedro Casald\u00e1liga, da Prelazia de S\u00e3o F\u00e9lix do Araguaia (MT). Conhecido internacionalmente pela defesa dos direitos humanos e pela sua atua\u00e7\u00e3o em prol dos povos ind\u00edgenas, Casald\u00e1liga estava internado desde o dia, 27, com graves problemas respirat\u00f3rios. No \u00faltimo &hellip;<\/p>\n","protected":false},"author":2,"featured_media":56326,"comment_status":"open","ping_status":"open","sticky":false,"template":"","format":"standard","meta":{"content-type":"","rop_custom_images_group":[],"rop_custom_messages_group":[],"rop_publish_now":"initial","rop_publish_now_accounts":{"facebook_2648258775420054_1618374048415101":""},"rop_publish_now_history":[],"rop_publish_now_status":"pending","footnotes":"","_jetpack_memberships_contains_paid_content":false},"categories":[125],"tags":[5665,5666,132],"yoast_head":"<!-- This site is optimized with the Yoast SEO plugin v22.3 - https:\/\/yoast.com\/wordpress\/plugins\/seo\/ -->\n<title>Bispo em\u00e9rito Dom Pedro Casald\u00e1liga morre aos 92 anos em SP<\/title>\n<meta name=\"robots\" content=\"index, follow, max-snippet:-1, max-image-preview:large, max-video-preview:-1\" \/>\n<link rel=\"canonical\" href=\"https:\/\/portalnpm.com\/index.php\/2020\/08\/09\/bispo-emerito-dom-pedro-casaldaliga-morre-aos-92-anos-em-sp\/\" \/>\n<meta property=\"og:locale\" content=\"pt_BR\" \/>\n<meta property=\"og:type\" content=\"article\" \/>\n<meta property=\"og:title\" content=\"Bispo em\u00e9rito Dom Pedro Casald\u00e1liga morre aos 92 anos em SP\" \/>\n<meta property=\"og:description\" content=\"Aos 92 anos, morreu na manh\u00e3 deste s\u00e1bado, 8, no interior paulista, o bispo em\u00e9rito Dom Pedro Casald\u00e1liga, da Prelazia de S\u00e3o F\u00e9lix do Araguaia (MT). Conhecido internacionalmente pela defesa dos direitos humanos e pela sua atua\u00e7\u00e3o em prol dos povos ind\u00edgenas, Casald\u00e1liga estava internado desde o dia, 27, com graves problemas respirat\u00f3rios. No \u00faltimo &hellip;\" \/>\n<meta property=\"og:url\" content=\"https:\/\/portalnpm.com\/index.php\/2020\/08\/09\/bispo-emerito-dom-pedro-casaldaliga-morre-aos-92-anos-em-sp\/\" \/>\n<meta property=\"og:site_name\" content=\"Portal NPM\" \/>\n<meta property=\"article:published_time\" content=\"2020-08-09T12:12:44+00:00\" \/>\n<meta property=\"og:image\" content=\"https:\/\/portalnpm.com\/wp-content\/uploads\/2024\/01\/712b3660668843cdf88693fd2a1a18ec.jpg\" \/>\n\t<meta property=\"og:image:width\" content=\"790\" \/>\n\t<meta property=\"og:image:height\" content=\"501\" \/>\n\t<meta property=\"og:image:type\" content=\"image\/jpeg\" \/>\n<meta name=\"author\" content=\"Genival Barbosa\" \/>\n<meta name=\"twitter:card\" content=\"summary_large_image\" \/>\n<meta name=\"twitter:label1\" content=\"Escrito por\" \/>\n\t<meta name=\"twitter:data1\" content=\"Genival Barbosa\" \/>\n\t<meta name=\"twitter:label2\" content=\"Est. tempo de leitura\" \/>\n\t<meta name=\"twitter:data2\" content=\"2 minutos\" \/>\n<script type=\"application\/ld+json\" class=\"yoast-schema-graph\">{\"@context\":\"https:\/\/schema.org\",\"@graph\":[{\"@type\":\"WebPage\",\"@id\":\"https:\/\/portalnpm.com\/index.php\/2020\/08\/09\/bispo-emerito-dom-pedro-casaldaliga-morre-aos-92-anos-em-sp\/\",\"url\":\"https:\/\/portalnpm.com\/index.php\/2020\/08\/09\/bispo-emerito-dom-pedro-casaldaliga-morre-aos-92-anos-em-sp\/\",\"name\":\"Bispo em\u00e9rito Dom Pedro Casald\u00e1liga morre aos 92 anos em SP\",\"isPartOf\":{\"@id\":\"https:\/\/portalnpm.com\/#website\"},\"primaryImageOfPage\":{\"@id\":\"https:\/\/portalnpm.com\/index.php\/2020\/08\/09\/bispo-emerito-dom-pedro-casaldaliga-morre-aos-92-anos-em-sp\/#primaryimage\"},\"image\":{\"@id\":\"https:\/\/portalnpm.com\/index.php\/2020\/08\/09\/bispo-emerito-dom-pedro-casaldaliga-morre-aos-92-anos-em-sp\/#primaryimage\"},\"thumbnailUrl\":\"https:\/\/portalnpm.com\/wp-content\/uploads\/2024\/01\/712b3660668843cdf88693fd2a1a18ec.jpg\",\"datePublished\":\"2020-08-09T12:12:44+00:00\",\"dateModified\":\"2020-08-09T12:12:44+00:00\",\"author\":{\"@id\":\"https:\/\/portalnpm.com\/#\/schema\/person\/49313e563cfdefcc167f1ee4c017c294\"},\"breadcrumb\":{\"@id\":\"https:\/\/portalnpm.com\/index.php\/2020\/08\/09\/bispo-emerito-dom-pedro-casaldaliga-morre-aos-92-anos-em-sp\/#breadcrumb\"},\"inLanguage\":\"pt-BR\",\"potentialAction\":[{\"@type\":\"ReadAction\",\"target\":[\"https:\/\/portalnpm.com\/index.php\/2020\/08\/09\/bispo-emerito-dom-pedro-casaldaliga-morre-aos-92-anos-em-sp\/\"]}]},{\"@type\":\"ImageObject\",\"inLanguage\":\"pt-BR\",\"@id\":\"https:\/\/portalnpm.com\/index.php\/2020\/08\/09\/bispo-emerito-dom-pedro-casaldaliga-morre-aos-92-anos-em-sp\/#primaryimage\",\"url\":\"https:\/\/portalnpm.com\/wp-content\/uploads\/2024\/01\/712b3660668843cdf88693fd2a1a18ec.jpg\",\"contentUrl\":\"https:\/\/portalnpm.com\/wp-content\/uploads\/2024\/01\/712b3660668843cdf88693fd2a1a18ec.jpg\",\"width\":790,\"height\":501},{\"@type\":\"BreadcrumbList\",\"@id\":\"https:\/\/portalnpm.com\/index.php\/2020\/08\/09\/bispo-emerito-dom-pedro-casaldaliga-morre-aos-92-anos-em-sp\/#breadcrumb\",\"itemListElement\":[{\"@type\":\"ListItem\",\"position\":1,\"name\":\"In\u00edcio\",\"item\":\"https:\/\/portalnpm.com\/\"},{\"@type\":\"ListItem\",\"position\":2,\"name\":\"Bispo em\u00e9rito Dom Pedro Casald\u00e1liga morre aos 92 anos em SP\"}]},{\"@type\":\"WebSite\",\"@id\":\"https:\/\/portalnpm.com\/#website\",\"url\":\"https:\/\/portalnpm.com\/\",\"name\":\"Portal NPM\",\"description\":\"Not\u00edcias em Primeira M\u00e3o\",\"potentialAction\":[{\"@type\":\"SearchAction\",\"target\":{\"@type\":\"EntryPoint\",\"urlTemplate\":\"https:\/\/portalnpm.com\/?s={search_term_string}\"},\"query-input\":\"required name=search_term_string\"}],\"inLanguage\":\"pt-BR\"},{\"@type\":\"Person\",\"@id\":\"https:\/\/portalnpm.com\/#\/schema\/person\/49313e563cfdefcc167f1ee4c017c294\",\"name\":\"Genival Barbosa\",\"image\":{\"@type\":\"ImageObject\",\"inLanguage\":\"pt-BR\",\"@id\":\"https:\/\/portalnpm.com\/#\/schema\/person\/image\/\",\"url\":\"https:\/\/portalnpm.com\/wp-content\/uploads\/2024\/02\/avatar_user_2_1707743258-96x96.jpeg\",\"contentUrl\":\"https:\/\/portalnpm.com\/wp-content\/uploads\/2024\/02\/avatar_user_2_1707743258-96x96.jpeg\",\"caption\":\"Genival Barbosa\"},\"url\":\"https:\/\/portalnpm.com\/index.php\/author\/genival\/\"}]}<\/script>\n<!-- \/ Yoast SEO plugin. -->","yoast_head_json":{"title":"Bispo em\u00e9rito Dom Pedro Casald\u00e1liga morre aos 92 anos em SP","robots":{"index":"index","follow":"follow","max-snippet":"max-snippet:-1","max-image-preview":"max-image-preview:large","max-video-preview":"max-video-preview:-1"},"canonical":"https:\/\/portalnpm.com\/index.php\/2020\/08\/09\/bispo-emerito-dom-pedro-casaldaliga-morre-aos-92-anos-em-sp\/","og_locale":"pt_BR","og_type":"article","og_title":"Bispo em\u00e9rito Dom Pedro Casald\u00e1liga morre aos 92 anos em SP","og_description":"Aos 92 anos, morreu na manh\u00e3 deste s\u00e1bado, 8, no interior paulista, o bispo em\u00e9rito Dom Pedro Casald\u00e1liga, da Prelazia de S\u00e3o F\u00e9lix do Araguaia (MT). Conhecido internacionalmente pela defesa dos direitos humanos e pela sua atua\u00e7\u00e3o em prol dos povos ind\u00edgenas, Casald\u00e1liga estava internado desde o dia, 27, com graves problemas respirat\u00f3rios. No \u00faltimo &hellip;","og_url":"https:\/\/portalnpm.com\/index.php\/2020\/08\/09\/bispo-emerito-dom-pedro-casaldaliga-morre-aos-92-anos-em-sp\/","og_site_name":"Portal NPM","article_published_time":"2020-08-09T12:12:44+00:00","og_image":[{"width":790,"height":501,"url":"https:\/\/portalnpm.com\/wp-content\/uploads\/2024\/01\/712b3660668843cdf88693fd2a1a18ec.jpg","type":"image\/jpeg"}],"author":"Genival Barbosa","twitter_card":"summary_large_image","twitter_misc":{"Escrito por":"Genival Barbosa","Est. tempo de leitura":"2 minutos"},"schema":{"@context":"https:\/\/schema.org","@graph":[{"@type":"WebPage","@id":"https:\/\/portalnpm.com\/index.php\/2020\/08\/09\/bispo-emerito-dom-pedro-casaldaliga-morre-aos-92-anos-em-sp\/","url":"https:\/\/portalnpm.com\/index.php\/2020\/08\/09\/bispo-emerito-dom-pedro-casaldaliga-morre-aos-92-anos-em-sp\/","name":"Bispo em\u00e9rito Dom Pedro Casald\u00e1liga morre aos 92 anos em SP","isPartOf":{"@id":"https:\/\/portalnpm.com\/#website"},"primaryImageOfPage":{"@id":"https:\/\/portalnpm.com\/index.php\/2020\/08\/09\/bispo-emerito-dom-pedro-casaldaliga-morre-aos-92-anos-em-sp\/#primaryimage"},"image":{"@id":"https:\/\/portalnpm.com\/index.php\/2020\/08\/09\/bispo-emerito-dom-pedro-casaldaliga-morre-aos-92-anos-em-sp\/#primaryimage"},"thumbnailUrl":"https:\/\/portalnpm.com\/wp-content\/uploads\/2024\/01\/712b3660668843cdf88693fd2a1a18ec.jpg","datePublished":"2020-08-09T12:12:44+00:00","dateModified":"2020-08-09T12:12:44+00:00","author":{"@id":"https:\/\/portalnpm.com\/#\/schema\/person\/49313e563cfdefcc167f1ee4c017c294"},"breadcrumb":{"@id":"https:\/\/portalnpm.com\/index.php\/2020\/08\/09\/bispo-emerito-dom-pedro-casaldaliga-morre-aos-92-anos-em-sp\/#breadcrumb"},"inLanguage":"pt-BR","potentialAction":[{"@type":"ReadAction","target":["https:\/\/portalnpm.com\/index.php\/2020\/08\/09\/bispo-emerito-dom-pedro-casaldaliga-morre-aos-92-anos-em-sp\/"]}]},{"@type":"ImageObject","inLanguage":"pt-BR","@id":"https:\/\/portalnpm.com\/index.php\/2020\/08\/09\/bispo-emerito-dom-pedro-casaldaliga-morre-aos-92-anos-em-sp\/#primaryimage","url":"https:\/\/portalnpm.com\/wp-content\/uploads\/2024\/01\/712b3660668843cdf88693fd2a1a18ec.jpg","contentUrl":"https:\/\/portalnpm.com\/wp-content\/uploads\/2024\/01\/712b3660668843cdf88693fd2a1a18ec.jpg","width":790,"height":501},{"@type":"BreadcrumbList","@id":"https:\/\/portalnpm.com\/index.php\/2020\/08\/09\/bispo-emerito-dom-pedro-casaldaliga-morre-aos-92-anos-em-sp\/#breadcrumb","itemListElement":[{"@type":"ListItem","position":1,"name":"In\u00edcio","item":"https:\/\/portalnpm.com\/"},{"@type":"ListItem","position":2,"name":"Bispo em\u00e9rito Dom Pedro Casald\u00e1liga morre aos 92 anos em SP"}]},{"@type":"WebSite","@id":"https:\/\/portalnpm.com\/#website","url":"https:\/\/portalnpm.com\/","name":"Portal NPM","description":"Not\u00edcias em Primeira M\u00e3o","potentialAction":[{"@type":"SearchAction","target":{"@type":"EntryPoint","urlTemplate":"https:\/\/portalnpm.com\/?s={search_term_string}"},"query-input":"required name=search_term_string"}],"inLanguage":"pt-BR"},{"@type":"Person","@id":"https:\/\/portalnpm.com\/#\/schema\/person\/49313e563cfdefcc167f1ee4c017c294","name":"Genival Barbosa","image":{"@type":"ImageObject","inLanguage":"pt-BR","@id":"https:\/\/portalnpm.com\/#\/schema\/person\/image\/","url":"https:\/\/portalnpm.com\/wp-content\/uploads\/2024\/02\/avatar_user_2_1707743258-96x96.jpeg","contentUrl":"https:\/\/portalnpm.com\/wp-content\/uploads\/2024\/02\/avatar_user_2_1707743258-96x96.jpeg","caption":"Genival Barbosa"},"url":"https:\/\/portalnpm.com\/index.php\/author\/genival\/"}]}},"jetpack_sharing_enabled":true,"jetpack_featured_media_url":"https:\/\/portalnpm.com\/wp-content\/uploads\/2024\/01\/712b3660668843cdf88693fd2a1a18ec.jpg","_links":{"self":[{"href":"https:\/\/portalnpm.com\/index.php\/wp-json\/wp\/v2\/posts\/56325"}],"collection":[{"href":"https:\/\/portalnpm.com\/index.php\/wp-json\/wp\/v2\/posts"}],"about":[{"href":"https:\/\/portalnpm.com\/index.php\/wp-json\/wp\/v2\/types\/post"}],"author":[{"embeddable":true,"href":"https:\/\/portalnpm.com\/index.php\/wp-json\/wp\/v2\/users\/2"}],"replies":[{"embeddable":true,"href":"https:\/\/portalnpm.com\/index.php\/wp-json\/wp\/v2\/comments?post=56325"}],"version-history":[{"count":0,"href":"https:\/\/portalnpm.com\/index.php\/wp-json\/wp\/v2\/posts\/56325\/revisions"}],"wp:featuredmedia":[{"embeddable":true,"href":"https:\/\/portalnpm.com\/index.php\/wp-json\/wp\/v2\/media\/56326"}],"wp:attachment":[{"href":"https:\/\/portalnpm.com\/index.php\/wp-json\/wp\/v2\/media?parent=56325"}],"wp:term":[{"taxonomy":"category","embeddable":true,"href":"https:\/\/portalnpm.com\/index.php\/wp-json\/wp\/v2\/categories?post=56325"},{"taxonomy":"post_tag","embeddable":true,"href":"https:\/\/portalnpm.com\/index.php\/wp-json\/wp\/v2\/tags?post=56325"}],"curies":[{"name":"wp","href":"https:\/\/api.w.org\/{rel}","templated":true}]}}