{"id":56333,"date":"2020-08-09T09:25:48","date_gmt":"2020-08-09T12:25:48","guid":{"rendered":"https:\/\/portalnpm.com\/index.php\/2020\/08\/09\/pre-candidato-edwaldo-viana-afirma-que-pesquisa-definira-terceira-via-e-que-e-preciso-se-afastar-do-extremismo\/"},"modified":"2020-08-09T09:25:48","modified_gmt":"2020-08-09T12:25:48","slug":"pre-candidato-edwaldo-viana-afirma-que-pesquisa-definira-terceira-via-e-que-e-preciso-se-afastar-do-extremismo","status":"publish","type":"post","link":"https:\/\/portalnpm.com\/index.php\/2020\/08\/09\/pre-candidato-edwaldo-viana-afirma-que-pesquisa-definira-terceira-via-e-que-e-preciso-se-afastar-do-extremismo\/","title":{"rendered":"Pr\u00e9-candidato Edwaldo Viana afirma que pesquisa definir\u00e1 terceira via e que \u00e9 preciso se afastar do extremismo"},"content":{"rendered":"<p style=\"text-align: justify;\">O pr\u00e9-candidato a prefeito de Picos, tenente-coronel Edwaldo Viana (PSL), afirmou, durante entrevista coletiva realizada na manh\u00e3 deste s\u00e1bado (08), que a cabe\u00e7a de chapa da \u201cterceira via\u201d para disputar as elei\u00e7\u00f5es de 15 de novembro, ser\u00e1 escolhida atrav\u00e9s de uma pesquisa. Quem estiver melhor colocado junto a popula\u00e7\u00e3o ser\u00e1 o candidato, enquanto o segundo ser\u00e1 o vice e o terceiro disputar\u00e1 uma vaga na C\u00e2mara Municipal. Ele se refere a poss\u00edvel uni\u00e3o com os outros dois pr\u00e9-candidatos, J\u00fanior Nobre (PSD) e Gl\u00e1uber Silva (PDT).<\/p>\n<p style=\"text-align: justify;\">\n<p style=\"text-align: justify;\">\u201cTemos que escolher de forma democr\u00e1tica, e o que faremos se isso tiver continuidade? Faremos uma pesquisa, porque toda a democracia \u00e9 feita atrav\u00e9s de pesquisa, ent\u00e3o quem ficar em primeiro lugar ser\u00e1 o candidato\u201d, declarou.<\/p>\n<p style=\"text-align: justify;\">Sobre a poss\u00edvel alian\u00e7a com o PDT, um partido de esquerda, o coronel afirmou que \u00e9 preciso se manter distante de radicalismos, independente da ideologia. \u201cA saberia caminha no meio, ent\u00e3o \u00e9 essa a nossa busca, a busca pelo caminho do meio, n\u00e3o podemos ser de extremas\u201d, frisou.<\/p>\n<p style=\"text-align: justify;\">O pr\u00e9-candidato afirmou que recebeu uma oferta de um oficial da Pol\u00edcia Militar do Piau\u00ed, cujo nome n\u00e3o revelou, de ser promovido a coronel e assumir uma posi\u00e7\u00e3o de comando em Teresina caso desistisse da campanha em Picos. Contudo, declinou do convite alegando princ\u00edpios.<\/p>\n<p style=\"text-align: justify;\">Edwaldo Viana disse ainda que tem recebido apoio por parte do PSL estadual e nacional quanto a sua pr\u00e9-candidatura.<\/p>\n<p style=\"text-align: justify;\">Fonte: Boletim Do Sert\u00e3o<\/p>\n","protected":false},"excerpt":{"rendered":"<p>O pr\u00e9-candidato a prefeito de Picos, tenente-coronel Edwaldo Viana (PSL), afirmou, durante entrevista coletiva realizada na manh\u00e3 deste s\u00e1bado (08), que a cabe\u00e7a de chapa da \u201cterceira via\u201d para disputar as elei\u00e7\u00f5es de 15 de novembro, ser\u00e1 escolhida atrav\u00e9s de uma pesquisa. Quem estiver melhor colocado junto a popula\u00e7\u00e3o ser\u00e1 o candidato, enquanto o segundo &hellip;<\/p>\n","protected":false},"author":2,"featured_media":24022,"comment_status":"open","ping_status":"open","sticky":false,"template":"","format":"standard","meta":{"content-type":"","rop_custom_images_group":[],"rop_custom_messages_group":[],"rop_publish_now":"initial","rop_publish_now_accounts":{"facebook_2648258775420054_1618374048415101":""},"rop_publish_now_history":[],"rop_publish_now_status":"pending","footnotes":"","_jetpack_memberships_contains_paid_content":false},"categories":[109,127,130],"tags":[5672,5243,129,3029,2985],"yoast_head":"<!-- This site is optimized with the Yoast SEO plugin v22.3 - https:\/\/yoast.com\/wordpress\/plugins\/seo\/ -->\n<title>Pr\u00e9-candidato Edwaldo Viana afirma que pesquisa definir\u00e1 terceira via e que \u00e9 preciso se afastar do extremismo<\/title>\n<meta name=\"robots\" content=\"index, follow, max-snippet:-1, max-image-preview:large, max-video-preview:-1\" \/>\n<link rel=\"canonical\" href=\"https:\/\/portalnpm.com\/index.php\/2020\/08\/09\/pre-candidato-edwaldo-viana-afirma-que-pesquisa-definira-terceira-via-e-que-e-preciso-se-afastar-do-extremismo\/\" \/>\n<meta property=\"og:locale\" content=\"pt_BR\" \/>\n<meta property=\"og:type\" content=\"article\" \/>\n<meta property=\"og:title\" content=\"Pr\u00e9-candidato Edwaldo Viana afirma que pesquisa definir\u00e1 terceira via e que \u00e9 preciso se afastar do extremismo\" \/>\n<meta property=\"og:description\" content=\"O pr\u00e9-candidato a prefeito de Picos, tenente-coronel Edwaldo Viana (PSL), afirmou, durante entrevista coletiva realizada na manh\u00e3 deste s\u00e1bado (08), que a cabe\u00e7a de chapa da \u201cterceira via\u201d para disputar as elei\u00e7\u00f5es de 15 de novembro, ser\u00e1 escolhida atrav\u00e9s de uma pesquisa. Quem estiver melhor colocado junto a popula\u00e7\u00e3o ser\u00e1 o candidato, enquanto o segundo &hellip;\" \/>\n<meta property=\"og:url\" content=\"https:\/\/portalnpm.com\/index.php\/2020\/08\/09\/pre-candidato-edwaldo-viana-afirma-que-pesquisa-definira-terceira-via-e-que-e-preciso-se-afastar-do-extremismo\/\" \/>\n<meta property=\"og:site_name\" content=\"Portal NPM\" \/>\n<meta property=\"article:published_time\" content=\"2020-08-09T12:25:48+00:00\" \/>\n<meta name=\"author\" content=\"Genival Barbosa\" \/>\n<meta name=\"twitter:card\" content=\"summary_large_image\" \/>\n<meta name=\"twitter:label1\" content=\"Escrito por\" \/>\n\t<meta name=\"twitter:data1\" content=\"Genival Barbosa\" \/>\n\t<meta name=\"twitter:label2\" content=\"Est. tempo de leitura\" \/>\n\t<meta name=\"twitter:data2\" content=\"1 minuto\" \/>\n<script type=\"application\/ld+json\" class=\"yoast-schema-graph\">{\"@context\":\"https:\/\/schema.org\",\"@graph\":[{\"@type\":\"WebPage\",\"@id\":\"https:\/\/portalnpm.com\/index.php\/2020\/08\/09\/pre-candidato-edwaldo-viana-afirma-que-pesquisa-definira-terceira-via-e-que-e-preciso-se-afastar-do-extremismo\/\",\"url\":\"https:\/\/portalnpm.com\/index.php\/2020\/08\/09\/pre-candidato-edwaldo-viana-afirma-que-pesquisa-definira-terceira-via-e-que-e-preciso-se-afastar-do-extremismo\/\",\"name\":\"Pr\u00e9-candidato Edwaldo Viana afirma que pesquisa definir\u00e1 terceira via e que \u00e9 preciso se afastar do extremismo\",\"isPartOf\":{\"@id\":\"https:\/\/portalnpm.com\/#website\"},\"primaryImageOfPage\":{\"@id\":\"https:\/\/portalnpm.com\/index.php\/2020\/08\/09\/pre-candidato-edwaldo-viana-afirma-que-pesquisa-definira-terceira-via-e-que-e-preciso-se-afastar-do-extremismo\/#primaryimage\"},\"image\":{\"@id\":\"https:\/\/portalnpm.com\/index.php\/2020\/08\/09\/pre-candidato-edwaldo-viana-afirma-que-pesquisa-definira-terceira-via-e-que-e-preciso-se-afastar-do-extremismo\/#primaryimage\"},\"thumbnailUrl\":\"\",\"datePublished\":\"2020-08-09T12:25:48+00:00\",\"dateModified\":\"2020-08-09T12:25:48+00:00\",\"author\":{\"@id\":\"https:\/\/portalnpm.com\/#\/schema\/person\/49313e563cfdefcc167f1ee4c017c294\"},\"breadcrumb\":{\"@id\":\"https:\/\/portalnpm.com\/index.php\/2020\/08\/09\/pre-candidato-edwaldo-viana-afirma-que-pesquisa-definira-terceira-via-e-que-e-preciso-se-afastar-do-extremismo\/#breadcrumb\"},\"inLanguage\":\"pt-BR\",\"potentialAction\":[{\"@type\":\"ReadAction\",\"target\":[\"https:\/\/portalnpm.com\/index.php\/2020\/08\/09\/pre-candidato-edwaldo-viana-afirma-que-pesquisa-definira-terceira-via-e-que-e-preciso-se-afastar-do-extremismo\/\"]}]},{\"@type\":\"ImageObject\",\"inLanguage\":\"pt-BR\",\"@id\":\"https:\/\/portalnpm.com\/index.php\/2020\/08\/09\/pre-candidato-edwaldo-viana-afirma-que-pesquisa-definira-terceira-via-e-que-e-preciso-se-afastar-do-extremismo\/#primaryimage\",\"url\":\"\",\"contentUrl\":\"\"},{\"@type\":\"BreadcrumbList\",\"@id\":\"https:\/\/portalnpm.com\/index.php\/2020\/08\/09\/pre-candidato-edwaldo-viana-afirma-que-pesquisa-definira-terceira-via-e-que-e-preciso-se-afastar-do-extremismo\/#breadcrumb\",\"itemListElement\":[{\"@type\":\"ListItem\",\"position\":1,\"name\":\"In\u00edcio\",\"item\":\"https:\/\/portalnpm.com\/\"},{\"@type\":\"ListItem\",\"position\":2,\"name\":\"Pr\u00e9-candidato Edwaldo Viana afirma que pesquisa definir\u00e1 terceira via e que \u00e9 preciso se afastar do extremismo\"}]},{\"@type\":\"WebSite\",\"@id\":\"https:\/\/portalnpm.com\/#website\",\"url\":\"https:\/\/portalnpm.com\/\",\"name\":\"Portal NPM\",\"description\":\"Not\u00edcias em Primeira M\u00e3o\",\"potentialAction\":[{\"@type\":\"SearchAction\",\"target\":{\"@type\":\"EntryPoint\",\"urlTemplate\":\"https:\/\/portalnpm.com\/?s={search_term_string}\"},\"query-input\":\"required name=search_term_string\"}],\"inLanguage\":\"pt-BR\"},{\"@type\":\"Person\",\"@id\":\"https:\/\/portalnpm.com\/#\/schema\/person\/49313e563cfdefcc167f1ee4c017c294\",\"name\":\"Genival Barbosa\",\"image\":{\"@type\":\"ImageObject\",\"inLanguage\":\"pt-BR\",\"@id\":\"https:\/\/portalnpm.com\/#\/schema\/person\/image\/\",\"url\":\"https:\/\/portalnpm.com\/wp-content\/uploads\/2024\/02\/avatar_user_2_1707743258-96x96.jpeg\",\"contentUrl\":\"https:\/\/portalnpm.com\/wp-content\/uploads\/2024\/02\/avatar_user_2_1707743258-96x96.jpeg\",\"caption\":\"Genival Barbosa\"},\"url\":\"https:\/\/portalnpm.com\/index.php\/author\/genival\/\"}]}<\/script>\n<!-- \/ Yoast SEO plugin. -->","yoast_head_json":{"title":"Pr\u00e9-candidato Edwaldo Viana afirma que pesquisa definir\u00e1 terceira via e que \u00e9 preciso se afastar do extremismo","robots":{"index":"index","follow":"follow","max-snippet":"max-snippet:-1","max-image-preview":"max-image-preview:large","max-video-preview":"max-video-preview:-1"},"canonical":"https:\/\/portalnpm.com\/index.php\/2020\/08\/09\/pre-candidato-edwaldo-viana-afirma-que-pesquisa-definira-terceira-via-e-que-e-preciso-se-afastar-do-extremismo\/","og_locale":"pt_BR","og_type":"article","og_title":"Pr\u00e9-candidato Edwaldo Viana afirma que pesquisa definir\u00e1 terceira via e que \u00e9 preciso se afastar do extremismo","og_description":"O pr\u00e9-candidato a prefeito de Picos, tenente-coronel Edwaldo Viana (PSL), afirmou, durante entrevista coletiva realizada na manh\u00e3 deste s\u00e1bado (08), que a cabe\u00e7a de chapa da \u201cterceira via\u201d para disputar as elei\u00e7\u00f5es de 15 de novembro, ser\u00e1 escolhida atrav\u00e9s de uma pesquisa. Quem estiver melhor colocado junto a popula\u00e7\u00e3o ser\u00e1 o candidato, enquanto o segundo &hellip;","og_url":"https:\/\/portalnpm.com\/index.php\/2020\/08\/09\/pre-candidato-edwaldo-viana-afirma-que-pesquisa-definira-terceira-via-e-que-e-preciso-se-afastar-do-extremismo\/","og_site_name":"Portal NPM","article_published_time":"2020-08-09T12:25:48+00:00","author":"Genival Barbosa","twitter_card":"summary_large_image","twitter_misc":{"Escrito por":"Genival Barbosa","Est. tempo de leitura":"1 minuto"},"schema":{"@context":"https:\/\/schema.org","@graph":[{"@type":"WebPage","@id":"https:\/\/portalnpm.com\/index.php\/2020\/08\/09\/pre-candidato-edwaldo-viana-afirma-que-pesquisa-definira-terceira-via-e-que-e-preciso-se-afastar-do-extremismo\/","url":"https:\/\/portalnpm.com\/index.php\/2020\/08\/09\/pre-candidato-edwaldo-viana-afirma-que-pesquisa-definira-terceira-via-e-que-e-preciso-se-afastar-do-extremismo\/","name":"Pr\u00e9-candidato Edwaldo Viana afirma que pesquisa definir\u00e1 terceira via e que \u00e9 preciso se afastar do extremismo","isPartOf":{"@id":"https:\/\/portalnpm.com\/#website"},"primaryImageOfPage":{"@id":"https:\/\/portalnpm.com\/index.php\/2020\/08\/09\/pre-candidato-edwaldo-viana-afirma-que-pesquisa-definira-terceira-via-e-que-e-preciso-se-afastar-do-extremismo\/#primaryimage"},"image":{"@id":"https:\/\/portalnpm.com\/index.php\/2020\/08\/09\/pre-candidato-edwaldo-viana-afirma-que-pesquisa-definira-terceira-via-e-que-e-preciso-se-afastar-do-extremismo\/#primaryimage"},"thumbnailUrl":"","datePublished":"2020-08-09T12:25:48+00:00","dateModified":"2020-08-09T12:25:48+00:00","author":{"@id":"https:\/\/portalnpm.com\/#\/schema\/person\/49313e563cfdefcc167f1ee4c017c294"},"breadcrumb":{"@id":"https:\/\/portalnpm.com\/index.php\/2020\/08\/09\/pre-candidato-edwaldo-viana-afirma-que-pesquisa-definira-terceira-via-e-que-e-preciso-se-afastar-do-extremismo\/#breadcrumb"},"inLanguage":"pt-BR","potentialAction":[{"@type":"ReadAction","target":["https:\/\/portalnpm.com\/index.php\/2020\/08\/09\/pre-candidato-edwaldo-viana-afirma-que-pesquisa-definira-terceira-via-e-que-e-preciso-se-afastar-do-extremismo\/"]}]},{"@type":"ImageObject","inLanguage":"pt-BR","@id":"https:\/\/portalnpm.com\/index.php\/2020\/08\/09\/pre-candidato-edwaldo-viana-afirma-que-pesquisa-definira-terceira-via-e-que-e-preciso-se-afastar-do-extremismo\/#primaryimage","url":"","contentUrl":""},{"@type":"BreadcrumbList","@id":"https:\/\/portalnpm.com\/index.php\/2020\/08\/09\/pre-candidato-edwaldo-viana-afirma-que-pesquisa-definira-terceira-via-e-que-e-preciso-se-afastar-do-extremismo\/#breadcrumb","itemListElement":[{"@type":"ListItem","position":1,"name":"In\u00edcio","item":"https:\/\/portalnpm.com\/"},{"@type":"ListItem","position":2,"name":"Pr\u00e9-candidato Edwaldo Viana afirma que pesquisa definir\u00e1 terceira via e que \u00e9 preciso se afastar do extremismo"}]},{"@type":"WebSite","@id":"https:\/\/portalnpm.com\/#website","url":"https:\/\/portalnpm.com\/","name":"Portal NPM","description":"Not\u00edcias em Primeira M\u00e3o","potentialAction":[{"@type":"SearchAction","target":{"@type":"EntryPoint","urlTemplate":"https:\/\/portalnpm.com\/?s={search_term_string}"},"query-input":"required name=search_term_string"}],"inLanguage":"pt-BR"},{"@type":"Person","@id":"https:\/\/portalnpm.com\/#\/schema\/person\/49313e563cfdefcc167f1ee4c017c294","name":"Genival Barbosa","image":{"@type":"ImageObject","inLanguage":"pt-BR","@id":"https:\/\/portalnpm.com\/#\/schema\/person\/image\/","url":"https:\/\/portalnpm.com\/wp-content\/uploads\/2024\/02\/avatar_user_2_1707743258-96x96.jpeg","contentUrl":"https:\/\/portalnpm.com\/wp-content\/uploads\/2024\/02\/avatar_user_2_1707743258-96x96.jpeg","caption":"Genival Barbosa"},"url":"https:\/\/portalnpm.com\/index.php\/author\/genival\/"}]}},"jetpack_sharing_enabled":true,"jetpack_featured_media_url":"","_links":{"self":[{"href":"https:\/\/portalnpm.com\/index.php\/wp-json\/wp\/v2\/posts\/56333"}],"collection":[{"href":"https:\/\/portalnpm.com\/index.php\/wp-json\/wp\/v2\/posts"}],"about":[{"href":"https:\/\/portalnpm.com\/index.php\/wp-json\/wp\/v2\/types\/post"}],"author":[{"embeddable":true,"href":"https:\/\/portalnpm.com\/index.php\/wp-json\/wp\/v2\/users\/2"}],"replies":[{"embeddable":true,"href":"https:\/\/portalnpm.com\/index.php\/wp-json\/wp\/v2\/comments?post=56333"}],"version-history":[{"count":0,"href":"https:\/\/portalnpm.com\/index.php\/wp-json\/wp\/v2\/posts\/56333\/revisions"}],"wp:featuredmedia":[{"embeddable":true,"href":"https:\/\/portalnpm.com\/index.php\/wp-json\/"}],"wp:attachment":[{"href":"https:\/\/portalnpm.com\/index.php\/wp-json\/wp\/v2\/media?parent=56333"}],"wp:term":[{"taxonomy":"category","embeddable":true,"href":"https:\/\/portalnpm.com\/index.php\/wp-json\/wp\/v2\/categories?post=56333"},{"taxonomy":"post_tag","embeddable":true,"href":"https:\/\/portalnpm.com\/index.php\/wp-json\/wp\/v2\/tags?post=56333"}],"curies":[{"name":"wp","href":"https:\/\/api.w.org\/{rel}","templated":true}]}}