{"id":56340,"date":"2020-08-09T20:04:59","date_gmt":"2020-08-09T23:04:59","guid":{"rendered":"https:\/\/portalnpm.com\/index.php\/2020\/08\/09\/adiamento-de-eleicoes-beneficia-politico-ficha-suja-aponta-area-tecnica-do-tse\/"},"modified":"2020-08-09T20:04:59","modified_gmt":"2020-08-09T23:04:59","slug":"adiamento-de-eleicoes-beneficia-politico-ficha-suja-aponta-area-tecnica-do-tse","status":"publish","type":"post","link":"https:\/\/portalnpm.com\/index.php\/2020\/08\/09\/adiamento-de-eleicoes-beneficia-politico-ficha-suja-aponta-area-tecnica-do-tse\/","title":{"rendered":"Adiamento de elei\u00e7\u00f5es beneficia pol\u00edtico \u2018ficha-suja\u2019, aponta \u00e1rea t\u00e9cnica do TSE"},"content":{"rendered":"<p style=\"text-align: justify;\">O adiamento das elei\u00e7\u00f5es municipais em fun\u00e7\u00e3o da pandemia de covid-19 poder\u00e1 beneficiar candidatos com a ficha-suja. Na pr\u00e1tica, a prorroga\u00e7\u00e3o abre caminho para que pol\u00edticos condenados por pr\u00e1ticas ilegais at\u00e9 outubro de 2012 estejam nas urnas em novembro, cen\u00e1rio que n\u00e3o ocorreria sem o adiamento do pleito. A controv\u00e9rsia vai ser analisada pelo Tribunal Superior Eleitoral (TSE) e poder\u00e1 aumentar o n\u00famero de postulantes a prefeito e a vereador aptos a pedir o voto dos eleitores.<\/p>\n<p style=\"text-align: justify;\">\n<p style=\"text-align: justify;\">Parecer elaborado pela assessoria t\u00e9cnica do TSE, ao qual o Broadcast Pol\u00edtico teve acesso, aponta que o adiamento das elei\u00e7\u00f5es para novembro n\u00e3o pode barrar a candidatura de pol\u00edticos enquadrados na Lei da Ficha Limpa at\u00e9 outubro deste ano. Com base na legisla\u00e7\u00e3o, um condenado por crime eleitoral ou por crime comum em segunda inst\u00e2ncia fica impedido de ser candidato por oito anos.<\/p>\n<p style=\"text-align: justify;\">Condenados por abuso de poder econ\u00f4mico e pol\u00edtico s\u00e3o enquadrados pela lei por pr\u00e1ticas como compra de voto e uso indevido da m\u00e1quina p\u00fablica e n\u00e3o podem se candidatar a cargos p\u00fablicos por oito anos. De acordo com a \u00e1rea t\u00e9cnica do TSE, aqueles condenados, por exemplo, por atos nas elei\u00e7\u00f5es de 2012 estariam barrados em outubro deste ano, mas ficar\u00e3o livres para se candidatar com a nova data da vota\u00e7\u00e3o, em novembro, e poder\u00e3o concorrer nas pr\u00f3ximas elei\u00e7\u00f5es.<\/p>\n<p style=\"text-align: justify;\">Entre os beneficiados pelo entendimento est\u00e3o, principalmente, os condenados por abuso de poder econ\u00f4mico ou pol\u00edtico nas elei\u00e7\u00f5es municipais de oito anos atr\u00e1s, ocorrida no dia 7 de outubro de 2012. De acordo com a lei, caso o primeiro turno do pleito de 2020 acontecesse no dia 4 de outubro, conforme originalmente previsto, os condenados ainda estariam sob o per\u00edodo de inelegibilidade.<\/p>\n<p style=\"text-align: justify;\">Com a prorroga\u00e7\u00e3o para o dia 15 de novembro, o entendimento \u00e9 de que um ficha-suja de 2012 n\u00e3o estar\u00e1 mais ineleg\u00edvel, uma vez que o intervalo entre as duas elei\u00e7\u00f5es ultrapassa os oito anos estabelecidos pela lei. A regra vale tamb\u00e9m para outras condena\u00e7\u00f5es, como por exemplo para quem foi condenado na esfera criminal. Nesse caso, por\u00e9m, o prazo da Ficha Limpa depende da data de decis\u00e3o de um tribunal de segunda inst\u00e2ncia, e n\u00e3o da data de elei\u00e7\u00f5es passadas.<\/p>\n<p style=\"text-align: justify;\">Segundo o parecer, os prazos de inelegibilidade devem observar o crit\u00e9rio de contagem data a data e n\u00e3o poderiam ser alterados pelo TSE, mas s\u00f3 pelo Congresso. \u201cPor todo o exposto, consideram-se aplic\u00e1veis \u00e0s Elei\u00e7\u00f5es 2020 as disposi\u00e7\u00f5es das S\u00famulas 19 e 69 deste Tribunal Superior (que trazem regras sobre a aplica\u00e7\u00e3o da lei), de modo que a contagem dos prazos de inelegibilidade deve observ\u00e2ncia ao crit\u00e9rio dia a dia\u201d, diz o documento dos t\u00e9cnicos.<\/p>\n<p style=\"text-align: justify;\">O parecer \u00e9 consultivo, ou seja, os sete ministros que comp\u00f5em o TSE n\u00e3o s\u00e3o obrigados a seguir o entendimento da \u00e1rea t\u00e9cnica do tribunal.<\/p>\n<p style=\"text-align: justify;\">Questionamentos. O TSE deve julgar nos pr\u00f3ximos meses uma consulta feita pelo deputado federal C\u00e9lio Studart (PV-CE) com base em questionamentos do Movimento de Combate \u00e0 Corrup\u00e7\u00e3o Eleitoral (MCCE). Conforme o Broadcast Pol\u00edtico antecipou, o Congresso Nacional se recusou a alterar a regra sobre os prazos de aplica\u00e7\u00e3o da Lei da Ficha Limpa na proposta que adiou o pleito de outubro para 15 de novembro (1\u00ba turno) e 29 de novembro (2\u00ba turno).<\/p>\n<p style=\"text-align: justify;\">De acordo com o parecer, a Proposta de Emenda \u00e0 Constitui\u00e7\u00e3o (PEC) aprovada pelo Congresso focou no adiamento das elei\u00e7\u00f5es em fun\u00e7\u00e3o da crise sanit\u00e1ria e do risco de dissemina\u00e7\u00e3o do novo coronav\u00edrus. Uma altera\u00e7\u00e3o no prazo de aplica\u00e7\u00e3o da Lei da Ficha Limpa, nesse caso, n\u00e3o poderia ocorrer por decis\u00e3o do TSE. \u201cN\u00e3o tendo o Congresso Nacional optado por postergar o prazo final das inelegibilidades em raz\u00e3o da altera\u00e7\u00e3o da data do pleito para o m\u00eas de novembro, entende-se n\u00e3o haver campo para que tal provid\u00eancia se d\u00ea no \u00e2mbito desta Corte Superior\u201d, diz o parecer<\/p>\n<p style=\"text-align: justify;\">De acordo com o deputado federal C\u00e9lio Studart (PV-CE), autor da consulta, \u201co Congresso falhou, tanto o Senado quanto a C\u00e2mara, em n\u00e3o pormenorizar a quest\u00e3o, apesar dos esfor\u00e7os\u201d.<\/p>\n<p style=\"text-align: justify;\">No Senado, primeira Casa a votar a Proposta de Emenda \u00e0 Constitui\u00e7\u00e3o (PEC) que adiou as elei\u00e7\u00f5es, os parlamentares foram cobrados pela regra, mas decidiram n\u00e3o alterar os prazos da Ficha Limpa. Em uma sess\u00e3o de debates no dia 22 de junho, com a participa\u00e7\u00e3o de senadores e do presidente do TSE, Lu\u00eds Roberto Barroso, o diretor do Movimento de Combate \u00e0 Corrup\u00e7\u00e3o Eleitoral, Melillo Dinis, solicitou a mudan\u00e7a, mas n\u00e3o houve resposta.<\/p>\n<p style=\"text-align: justify;\">\u201cAquele que foi declarado ineleg\u00edvel por decis\u00e3o da Justi\u00e7a em 2012 pode, se adiarmos por mais algum tempo, voltar a participar das elei\u00e7\u00f5es. E n\u00e3o me parece que isso possa ser a ideia que n\u00f3s vamos defender n\u00e3o s\u00f3 como sociedade, mas como tribunal, como Congresso Nacional, porque, al\u00e9m da imagem das elei\u00e7\u00f5es como espa\u00e7o da democracia, n\u00f3s temos que garantir que se destaque tamb\u00e9m o conte\u00fado dessas elei\u00e7\u00f5es\u201d, alertou Dinis.<\/p>\n<p style=\"text-align: justify;\">No parecer, a assessoria t\u00e9cnica do TSE considera ter havido uma escolha no Congresso Nacional \u201cpela manuten\u00e7\u00e3o das disposi\u00e7\u00f5es legais e jurisprudenciais aplic\u00e1veis ao caso\u201d.<\/p>\n<p style=\"text-align: justify;\">O diretor de Assuntos T\u00e9cnicos e Jur\u00eddicos da Presid\u00eancia do Senado, Carlos Eduardo Fraz\u00e3o, pontuou que o adiamento causa um questionamento sobre os prazos da Ficha Limpa, mas que isso n\u00e3o poderia ter sido determinado pelos parlamentares. \u201cSeria um jabuti \u00e0s avessas\u201d, afirmou Fraz\u00e3o. \u201cNingu\u00e9m est\u00e1 postergando porque quer que determinados candidatos concorram. Est\u00e1 adiando porque estamos em pandemia.\u201d<\/p>\n<p style=\"text-align: justify;\">Fonte: Estad\u00e3o Conte\u00fado<\/p>\n","protected":false},"excerpt":{"rendered":"<p>O adiamento das elei\u00e7\u00f5es municipais em fun\u00e7\u00e3o da pandemia de covid-19 poder\u00e1 beneficiar candidatos com a ficha-suja. Na pr\u00e1tica, a prorroga\u00e7\u00e3o abre caminho para que pol\u00edticos condenados por pr\u00e1ticas ilegais at\u00e9 outubro de 2012 estejam nas urnas em novembro, cen\u00e1rio que n\u00e3o ocorreria sem o adiamento do pleito. A controv\u00e9rsia vai ser analisada pelo Tribunal &hellip;<\/p>\n","protected":false},"author":2,"featured_media":56341,"comment_status":"open","ping_status":"open","sticky":false,"template":"","format":"standard","meta":{"content-type":"","rop_custom_images_group":[],"rop_custom_messages_group":[],"rop_publish_now":"initial","rop_publish_now_accounts":{"facebook_2648258775420054_1618374048415101":""},"rop_publish_now_history":[],"rop_publish_now_status":"pending","footnotes":"","_jetpack_memberships_contains_paid_content":false},"categories":[118,130],"tags":[3907,5677,5678,382,5679,5680],"yoast_head":"<!-- This site is optimized with the Yoast SEO plugin v22.3 - https:\/\/yoast.com\/wordpress\/plugins\/seo\/ -->\n<title>Adiamento de elei\u00e7\u00f5es beneficia pol\u00edtico \u2018ficha-suja\u2019, aponta \u00e1rea t\u00e9cnica do TSE<\/title>\n<meta name=\"robots\" content=\"index, follow, max-snippet:-1, max-image-preview:large, max-video-preview:-1\" \/>\n<link rel=\"canonical\" href=\"https:\/\/portalnpm.com\/index.php\/2020\/08\/09\/adiamento-de-eleicoes-beneficia-politico-ficha-suja-aponta-area-tecnica-do-tse\/\" \/>\n<meta property=\"og:locale\" content=\"pt_BR\" \/>\n<meta property=\"og:type\" content=\"article\" \/>\n<meta property=\"og:title\" content=\"Adiamento de elei\u00e7\u00f5es beneficia pol\u00edtico \u2018ficha-suja\u2019, aponta \u00e1rea t\u00e9cnica do TSE\" \/>\n<meta property=\"og:description\" content=\"O adiamento das elei\u00e7\u00f5es municipais em fun\u00e7\u00e3o da pandemia de covid-19 poder\u00e1 beneficiar candidatos com a ficha-suja. Na pr\u00e1tica, a prorroga\u00e7\u00e3o abre caminho para que pol\u00edticos condenados por pr\u00e1ticas ilegais at\u00e9 outubro de 2012 estejam nas urnas em novembro, cen\u00e1rio que n\u00e3o ocorreria sem o adiamento do pleito. A controv\u00e9rsia vai ser analisada pelo Tribunal &hellip;\" \/>\n<meta property=\"og:url\" content=\"https:\/\/portalnpm.com\/index.php\/2020\/08\/09\/adiamento-de-eleicoes-beneficia-politico-ficha-suja-aponta-area-tecnica-do-tse\/\" \/>\n<meta property=\"og:site_name\" content=\"Portal NPM\" \/>\n<meta property=\"article:published_time\" content=\"2020-08-09T23:04:59+00:00\" \/>\n<meta property=\"og:image\" content=\"https:\/\/portalnpm.com\/wp-content\/uploads\/2024\/01\/TSE-lan\u00e7a-campanha-para-incentivar-participa\u00e7\u00e3o-de-jovens-na-pol\u00edtica-660x330.jpg\" \/>\n\t<meta property=\"og:image:width\" content=\"660\" \/>\n\t<meta property=\"og:image:height\" content=\"330\" \/>\n\t<meta property=\"og:image:type\" content=\"image\/jpeg\" \/>\n<meta name=\"author\" content=\"Genival Barbosa\" \/>\n<meta name=\"twitter:card\" content=\"summary_large_image\" \/>\n<meta name=\"twitter:label1\" content=\"Escrito por\" \/>\n\t<meta name=\"twitter:data1\" content=\"Genival Barbosa\" \/>\n\t<meta name=\"twitter:label2\" content=\"Est. tempo de leitura\" \/>\n\t<meta name=\"twitter:data2\" content=\"5 minutos\" \/>\n<script type=\"application\/ld+json\" class=\"yoast-schema-graph\">{\"@context\":\"https:\/\/schema.org\",\"@graph\":[{\"@type\":\"WebPage\",\"@id\":\"https:\/\/portalnpm.com\/index.php\/2020\/08\/09\/adiamento-de-eleicoes-beneficia-politico-ficha-suja-aponta-area-tecnica-do-tse\/\",\"url\":\"https:\/\/portalnpm.com\/index.php\/2020\/08\/09\/adiamento-de-eleicoes-beneficia-politico-ficha-suja-aponta-area-tecnica-do-tse\/\",\"name\":\"Adiamento de elei\u00e7\u00f5es beneficia pol\u00edtico \u2018ficha-suja\u2019, aponta \u00e1rea t\u00e9cnica do TSE\",\"isPartOf\":{\"@id\":\"https:\/\/portalnpm.com\/#website\"},\"primaryImageOfPage\":{\"@id\":\"https:\/\/portalnpm.com\/index.php\/2020\/08\/09\/adiamento-de-eleicoes-beneficia-politico-ficha-suja-aponta-area-tecnica-do-tse\/#primaryimage\"},\"image\":{\"@id\":\"https:\/\/portalnpm.com\/index.php\/2020\/08\/09\/adiamento-de-eleicoes-beneficia-politico-ficha-suja-aponta-area-tecnica-do-tse\/#primaryimage\"},\"thumbnailUrl\":\"https:\/\/portalnpm.com\/wp-content\/uploads\/2024\/01\/TSE-lan\u00e7a-campanha-para-incentivar-participa\u00e7\u00e3o-de-jovens-na-pol\u00edtica-660x330.jpg\",\"datePublished\":\"2020-08-09T23:04:59+00:00\",\"dateModified\":\"2020-08-09T23:04:59+00:00\",\"author\":{\"@id\":\"https:\/\/portalnpm.com\/#\/schema\/person\/49313e563cfdefcc167f1ee4c017c294\"},\"breadcrumb\":{\"@id\":\"https:\/\/portalnpm.com\/index.php\/2020\/08\/09\/adiamento-de-eleicoes-beneficia-politico-ficha-suja-aponta-area-tecnica-do-tse\/#breadcrumb\"},\"inLanguage\":\"pt-BR\",\"potentialAction\":[{\"@type\":\"ReadAction\",\"target\":[\"https:\/\/portalnpm.com\/index.php\/2020\/08\/09\/adiamento-de-eleicoes-beneficia-politico-ficha-suja-aponta-area-tecnica-do-tse\/\"]}]},{\"@type\":\"ImageObject\",\"inLanguage\":\"pt-BR\",\"@id\":\"https:\/\/portalnpm.com\/index.php\/2020\/08\/09\/adiamento-de-eleicoes-beneficia-politico-ficha-suja-aponta-area-tecnica-do-tse\/#primaryimage\",\"url\":\"https:\/\/portalnpm.com\/wp-content\/uploads\/2024\/01\/TSE-lan\u00e7a-campanha-para-incentivar-participa\u00e7\u00e3o-de-jovens-na-pol\u00edtica-660x330.jpg\",\"contentUrl\":\"https:\/\/portalnpm.com\/wp-content\/uploads\/2024\/01\/TSE-lan\u00e7a-campanha-para-incentivar-participa\u00e7\u00e3o-de-jovens-na-pol\u00edtica-660x330.jpg\",\"width\":660,\"height\":330},{\"@type\":\"BreadcrumbList\",\"@id\":\"https:\/\/portalnpm.com\/index.php\/2020\/08\/09\/adiamento-de-eleicoes-beneficia-politico-ficha-suja-aponta-area-tecnica-do-tse\/#breadcrumb\",\"itemListElement\":[{\"@type\":\"ListItem\",\"position\":1,\"name\":\"In\u00edcio\",\"item\":\"https:\/\/portalnpm.com\/\"},{\"@type\":\"ListItem\",\"position\":2,\"name\":\"Adiamento de elei\u00e7\u00f5es beneficia pol\u00edtico \u2018ficha-suja\u2019, aponta \u00e1rea t\u00e9cnica do TSE\"}]},{\"@type\":\"WebSite\",\"@id\":\"https:\/\/portalnpm.com\/#website\",\"url\":\"https:\/\/portalnpm.com\/\",\"name\":\"Portal NPM\",\"description\":\"Not\u00edcias em Primeira M\u00e3o\",\"potentialAction\":[{\"@type\":\"SearchAction\",\"target\":{\"@type\":\"EntryPoint\",\"urlTemplate\":\"https:\/\/portalnpm.com\/?s={search_term_string}\"},\"query-input\":\"required name=search_term_string\"}],\"inLanguage\":\"pt-BR\"},{\"@type\":\"Person\",\"@id\":\"https:\/\/portalnpm.com\/#\/schema\/person\/49313e563cfdefcc167f1ee4c017c294\",\"name\":\"Genival Barbosa\",\"image\":{\"@type\":\"ImageObject\",\"inLanguage\":\"pt-BR\",\"@id\":\"https:\/\/portalnpm.com\/#\/schema\/person\/image\/\",\"url\":\"https:\/\/portalnpm.com\/wp-content\/uploads\/2024\/02\/avatar_user_2_1707743258-96x96.jpeg\",\"contentUrl\":\"https:\/\/portalnpm.com\/wp-content\/uploads\/2024\/02\/avatar_user_2_1707743258-96x96.jpeg\",\"caption\":\"Genival Barbosa\"},\"url\":\"https:\/\/portalnpm.com\/index.php\/author\/genival\/\"}]}<\/script>\n<!-- \/ Yoast SEO plugin. -->","yoast_head_json":{"title":"Adiamento de elei\u00e7\u00f5es beneficia pol\u00edtico \u2018ficha-suja\u2019, aponta \u00e1rea t\u00e9cnica do TSE","robots":{"index":"index","follow":"follow","max-snippet":"max-snippet:-1","max-image-preview":"max-image-preview:large","max-video-preview":"max-video-preview:-1"},"canonical":"https:\/\/portalnpm.com\/index.php\/2020\/08\/09\/adiamento-de-eleicoes-beneficia-politico-ficha-suja-aponta-area-tecnica-do-tse\/","og_locale":"pt_BR","og_type":"article","og_title":"Adiamento de elei\u00e7\u00f5es beneficia pol\u00edtico \u2018ficha-suja\u2019, aponta \u00e1rea t\u00e9cnica do TSE","og_description":"O adiamento das elei\u00e7\u00f5es municipais em fun\u00e7\u00e3o da pandemia de covid-19 poder\u00e1 beneficiar candidatos com a ficha-suja. Na pr\u00e1tica, a prorroga\u00e7\u00e3o abre caminho para que pol\u00edticos condenados por pr\u00e1ticas ilegais at\u00e9 outubro de 2012 estejam nas urnas em novembro, cen\u00e1rio que n\u00e3o ocorreria sem o adiamento do pleito. A controv\u00e9rsia vai ser analisada pelo Tribunal &hellip;","og_url":"https:\/\/portalnpm.com\/index.php\/2020\/08\/09\/adiamento-de-eleicoes-beneficia-politico-ficha-suja-aponta-area-tecnica-do-tse\/","og_site_name":"Portal NPM","article_published_time":"2020-08-09T23:04:59+00:00","og_image":[{"width":660,"height":330,"url":"https:\/\/portalnpm.com\/wp-content\/uploads\/2024\/01\/TSE-lan\u00e7a-campanha-para-incentivar-participa\u00e7\u00e3o-de-jovens-na-pol\u00edtica-660x330.jpg","type":"image\/jpeg"}],"author":"Genival Barbosa","twitter_card":"summary_large_image","twitter_misc":{"Escrito por":"Genival Barbosa","Est. tempo de leitura":"5 minutos"},"schema":{"@context":"https:\/\/schema.org","@graph":[{"@type":"WebPage","@id":"https:\/\/portalnpm.com\/index.php\/2020\/08\/09\/adiamento-de-eleicoes-beneficia-politico-ficha-suja-aponta-area-tecnica-do-tse\/","url":"https:\/\/portalnpm.com\/index.php\/2020\/08\/09\/adiamento-de-eleicoes-beneficia-politico-ficha-suja-aponta-area-tecnica-do-tse\/","name":"Adiamento de elei\u00e7\u00f5es beneficia pol\u00edtico \u2018ficha-suja\u2019, aponta \u00e1rea t\u00e9cnica do TSE","isPartOf":{"@id":"https:\/\/portalnpm.com\/#website"},"primaryImageOfPage":{"@id":"https:\/\/portalnpm.com\/index.php\/2020\/08\/09\/adiamento-de-eleicoes-beneficia-politico-ficha-suja-aponta-area-tecnica-do-tse\/#primaryimage"},"image":{"@id":"https:\/\/portalnpm.com\/index.php\/2020\/08\/09\/adiamento-de-eleicoes-beneficia-politico-ficha-suja-aponta-area-tecnica-do-tse\/#primaryimage"},"thumbnailUrl":"https:\/\/portalnpm.com\/wp-content\/uploads\/2024\/01\/TSE-lan\u00e7a-campanha-para-incentivar-participa\u00e7\u00e3o-de-jovens-na-pol\u00edtica-660x330.jpg","datePublished":"2020-08-09T23:04:59+00:00","dateModified":"2020-08-09T23:04:59+00:00","author":{"@id":"https:\/\/portalnpm.com\/#\/schema\/person\/49313e563cfdefcc167f1ee4c017c294"},"breadcrumb":{"@id":"https:\/\/portalnpm.com\/index.php\/2020\/08\/09\/adiamento-de-eleicoes-beneficia-politico-ficha-suja-aponta-area-tecnica-do-tse\/#breadcrumb"},"inLanguage":"pt-BR","potentialAction":[{"@type":"ReadAction","target":["https:\/\/portalnpm.com\/index.php\/2020\/08\/09\/adiamento-de-eleicoes-beneficia-politico-ficha-suja-aponta-area-tecnica-do-tse\/"]}]},{"@type":"ImageObject","inLanguage":"pt-BR","@id":"https:\/\/portalnpm.com\/index.php\/2020\/08\/09\/adiamento-de-eleicoes-beneficia-politico-ficha-suja-aponta-area-tecnica-do-tse\/#primaryimage","url":"https:\/\/portalnpm.com\/wp-content\/uploads\/2024\/01\/TSE-lan\u00e7a-campanha-para-incentivar-participa\u00e7\u00e3o-de-jovens-na-pol\u00edtica-660x330.jpg","contentUrl":"https:\/\/portalnpm.com\/wp-content\/uploads\/2024\/01\/TSE-lan\u00e7a-campanha-para-incentivar-participa\u00e7\u00e3o-de-jovens-na-pol\u00edtica-660x330.jpg","width":660,"height":330},{"@type":"BreadcrumbList","@id":"https:\/\/portalnpm.com\/index.php\/2020\/08\/09\/adiamento-de-eleicoes-beneficia-politico-ficha-suja-aponta-area-tecnica-do-tse\/#breadcrumb","itemListElement":[{"@type":"ListItem","position":1,"name":"In\u00edcio","item":"https:\/\/portalnpm.com\/"},{"@type":"ListItem","position":2,"name":"Adiamento de elei\u00e7\u00f5es beneficia pol\u00edtico \u2018ficha-suja\u2019, aponta \u00e1rea t\u00e9cnica do TSE"}]},{"@type":"WebSite","@id":"https:\/\/portalnpm.com\/#website","url":"https:\/\/portalnpm.com\/","name":"Portal NPM","description":"Not\u00edcias em Primeira M\u00e3o","potentialAction":[{"@type":"SearchAction","target":{"@type":"EntryPoint","urlTemplate":"https:\/\/portalnpm.com\/?s={search_term_string}"},"query-input":"required name=search_term_string"}],"inLanguage":"pt-BR"},{"@type":"Person","@id":"https:\/\/portalnpm.com\/#\/schema\/person\/49313e563cfdefcc167f1ee4c017c294","name":"Genival Barbosa","image":{"@type":"ImageObject","inLanguage":"pt-BR","@id":"https:\/\/portalnpm.com\/#\/schema\/person\/image\/","url":"https:\/\/portalnpm.com\/wp-content\/uploads\/2024\/02\/avatar_user_2_1707743258-96x96.jpeg","contentUrl":"https:\/\/portalnpm.com\/wp-content\/uploads\/2024\/02\/avatar_user_2_1707743258-96x96.jpeg","caption":"Genival Barbosa"},"url":"https:\/\/portalnpm.com\/index.php\/author\/genival\/"}]}},"jetpack_sharing_enabled":true,"jetpack_featured_media_url":"https:\/\/portalnpm.com\/wp-content\/uploads\/2024\/01\/TSE-lan\u00e7a-campanha-para-incentivar-participa\u00e7\u00e3o-de-jovens-na-pol\u00edtica-660x330.jpg","_links":{"self":[{"href":"https:\/\/portalnpm.com\/index.php\/wp-json\/wp\/v2\/posts\/56340"}],"collection":[{"href":"https:\/\/portalnpm.com\/index.php\/wp-json\/wp\/v2\/posts"}],"about":[{"href":"https:\/\/portalnpm.com\/index.php\/wp-json\/wp\/v2\/types\/post"}],"author":[{"embeddable":true,"href":"https:\/\/portalnpm.com\/index.php\/wp-json\/wp\/v2\/users\/2"}],"replies":[{"embeddable":true,"href":"https:\/\/portalnpm.com\/index.php\/wp-json\/wp\/v2\/comments?post=56340"}],"version-history":[{"count":0,"href":"https:\/\/portalnpm.com\/index.php\/wp-json\/wp\/v2\/posts\/56340\/revisions"}],"wp:featuredmedia":[{"embeddable":true,"href":"https:\/\/portalnpm.com\/index.php\/wp-json\/wp\/v2\/media\/56341"}],"wp:attachment":[{"href":"https:\/\/portalnpm.com\/index.php\/wp-json\/wp\/v2\/media?parent=56340"}],"wp:term":[{"taxonomy":"category","embeddable":true,"href":"https:\/\/portalnpm.com\/index.php\/wp-json\/wp\/v2\/categories?post=56340"},{"taxonomy":"post_tag","embeddable":true,"href":"https:\/\/portalnpm.com\/index.php\/wp-json\/wp\/v2\/tags?post=56340"}],"curies":[{"name":"wp","href":"https:\/\/api.w.org\/{rel}","templated":true}]}}