{"id":56371,"date":"2020-08-12T20:44:30","date_gmt":"2020-08-12T23:44:30","guid":{"rendered":"https:\/\/portalnpm.com\/index.php\/2020\/08\/12\/neymar-falha-sofre-mas-carrega-e-classifica-o-psg-na-liga-dos-campeoes\/"},"modified":"2020-08-12T20:44:30","modified_gmt":"2020-08-12T23:44:30","slug":"neymar-falha-sofre-mas-carrega-e-classifica-o-psg-na-liga-dos-campeoes","status":"publish","type":"post","link":"https:\/\/portalnpm.com\/index.php\/2020\/08\/12\/neymar-falha-sofre-mas-carrega-e-classifica-o-psg-na-liga-dos-campeoes\/","title":{"rendered":"Neymar falha, sofre, mas carrega e classifica o PSG na Liga dos Campe\u00f5es"},"content":{"rendered":"<p style=\"text-align: justify;\">Foi sofrido, mas muito merecido. Neymar jogou muito bola, errou feio nas finaliza\u00e7\u00f5es, mas foi o grande nome do PSG na vit\u00f3ria sobre a Atalanta de virada nos minutos finais por 2 x 1, nesta quarta (12), que colocou o time franc\u00eas nas semifinais da Liga dos Campe\u00f5es.<\/p>\n<p style=\"text-align: justify;\">\n<p style=\"text-align: justify;\">Neymar chamou a responsabilidade, pediu a bola o jogo todo, deu bons passes, dribles desconcertantes, mas viu o PSG sofrer por 90 minutos, quando empatou o jogo ap\u00f3s uma assist\u00eancia sua para o brasileiro Marquinhos. Nos acr\u00e9scimos, Neymar deu in\u00edcio a jogada do gol da virada de Choupo-Moting.<\/p>\n<p style=\"text-align: justify;\">No primeiro tempo, Neymar poderia ter resolvido o jogo, mas acabou falhando feio em duas oportunidades, finalizando grotescamente. O camisa 10 do time franc\u00eas perdeu um gol cara a cara logo aos 2 minutos de jogo, chutando de direita muito longe do gol, quando poderia ter mudado o panorama da partida. J\u00e1 no final do primeiro tempo, aos 41 minutos, recebeu um presente do lateral Hateboer e finalizou extremamente mal de esquerda.<\/p>\n<p style=\"text-align: justify;\">Ainda no primeiro tempo, Neymar fez uma jogada pela esquerda, invadiu a \u00e1rea, mas cruzou mal. O camisa 10 teve ainda uma outra grande chance logo depois que PSG sofreu o gol da Atalanta. O brasileiro fez uma \u00f3tima jogada individual, carregou a bola para o meio e finalizou forte, mas \u00e0 direita do goleiro Sportiello.<\/p>\n<p style=\"text-align: justify;\">No segundo tempo, continuou buscando o jogo, mas n\u00e3o conseguiu criar tantas boas chances de gol como na primeira etapa. Tanto, que s\u00f3 foi finalizar aos 31 minutos, quando criou uma jogada individual, mas bateu fraco, nas m\u00e3os do goleiro italiano. Mas na reta final o brasileiro venceu pela insist\u00eancia e ajudou diretamente na virada hist\u00f3rica que coloca o PSG na final ap\u00f3s 25 anos \u2014 a \u00faltima vez foi na temporada 1994\/95.<\/p>\n<p style=\"text-align: justify;\">Na primeira decis\u00e3o de mata-mata de Liga dos Campe\u00f5es pelo PSG, em campo, Neymar passou. Em 2017\/18, jogou apenas na ida contra o Real Madrid, na derrota por 3 x 1 na Espanha, nas oitavas de final. Em 2018\/19, ficou de fora dos dois jogos contra o Manchester United, que tamb\u00e9m eliminou o PSG nas oitavas.<\/p>\n<p style=\"text-align: justify;\">Neymar foi disparado o melhor em campo. Suas p\u00e9ssimas finaliza\u00e7\u00f5es no primeiro tempo quase contribu\u00edram para mais uma queda. Mas ele segue firme na tentativa de ser o grande protagonista do futebol europeu.<\/p>\n<p style=\"text-align: justify;\">FONTE: UOL<\/p>\n","protected":false},"excerpt":{"rendered":"<p>Foi sofrido, mas muito merecido. Neymar jogou muito bola, errou feio nas finaliza\u00e7\u00f5es, mas foi o grande nome do PSG na vit\u00f3ria sobre a Atalanta de virada nos minutos finais por 2 x 1, nesta quarta (12), que colocou o time franc\u00eas nas semifinais da Liga dos Campe\u00f5es. Neymar chamou a responsabilidade, pediu a bola &hellip;<\/p>\n","protected":false},"author":2,"featured_media":56372,"comment_status":"open","ping_status":"open","sticky":false,"template":"","format":"standard","meta":{"content-type":"","rop_custom_images_group":[],"rop_custom_messages_group":[],"rop_publish_now":"initial","rop_publish_now_accounts":{"facebook_2648258775420054_1618374048415101":""},"rop_publish_now_history":[],"rop_publish_now_status":"pending","footnotes":"","_jetpack_memberships_contains_paid_content":false},"categories":[108],"tags":[5388,5015,3295],"yoast_head":"<!-- This site is optimized with the Yoast SEO plugin v22.3 - https:\/\/yoast.com\/wordpress\/plugins\/seo\/ -->\n<title>Neymar falha, sofre, mas carrega e classifica o PSG na Liga dos Campe\u00f5es<\/title>\n<meta name=\"robots\" content=\"index, follow, max-snippet:-1, max-image-preview:large, max-video-preview:-1\" \/>\n<link rel=\"canonical\" href=\"https:\/\/portalnpm.com\/index.php\/2020\/08\/12\/neymar-falha-sofre-mas-carrega-e-classifica-o-psg-na-liga-dos-campeoes\/\" \/>\n<meta property=\"og:locale\" content=\"pt_BR\" \/>\n<meta property=\"og:type\" content=\"article\" \/>\n<meta property=\"og:title\" content=\"Neymar falha, sofre, mas carrega e classifica o PSG na Liga dos Campe\u00f5es\" \/>\n<meta property=\"og:description\" content=\"Foi sofrido, mas muito merecido. Neymar jogou muito bola, errou feio nas finaliza\u00e7\u00f5es, mas foi o grande nome do PSG na vit\u00f3ria sobre a Atalanta de virada nos minutos finais por 2 x 1, nesta quarta (12), que colocou o time franc\u00eas nas semifinais da Liga dos Campe\u00f5es. Neymar chamou a responsabilidade, pediu a bola &hellip;\" \/>\n<meta property=\"og:url\" content=\"https:\/\/portalnpm.com\/index.php\/2020\/08\/12\/neymar-falha-sofre-mas-carrega-e-classifica-o-psg-na-liga-dos-campeoes\/\" \/>\n<meta property=\"og:site_name\" content=\"Portal NPM\" \/>\n<meta property=\"article:published_time\" content=\"2020-08-12T23:44:30+00:00\" \/>\n<meta property=\"og:image\" content=\"https:\/\/portalnpm.com\/wp-content\/uploads\/2024\/01\/neymar-do-paris-saint-germain-marcado-por-rafael-toloi-da-atalanta-1597260311464_v2_450x337.jpg\" \/>\n\t<meta property=\"og:image:width\" content=\"450\" \/>\n\t<meta property=\"og:image:height\" content=\"337\" \/>\n\t<meta property=\"og:image:type\" content=\"image\/jpeg\" \/>\n<meta name=\"author\" content=\"Genival Barbosa\" \/>\n<meta name=\"twitter:card\" content=\"summary_large_image\" \/>\n<meta name=\"twitter:label1\" content=\"Escrito por\" \/>\n\t<meta name=\"twitter:data1\" content=\"Genival Barbosa\" \/>\n\t<meta name=\"twitter:label2\" content=\"Est. tempo de leitura\" \/>\n\t<meta name=\"twitter:data2\" content=\"2 minutos\" \/>\n<script type=\"application\/ld+json\" class=\"yoast-schema-graph\">{\"@context\":\"https:\/\/schema.org\",\"@graph\":[{\"@type\":\"WebPage\",\"@id\":\"https:\/\/portalnpm.com\/index.php\/2020\/08\/12\/neymar-falha-sofre-mas-carrega-e-classifica-o-psg-na-liga-dos-campeoes\/\",\"url\":\"https:\/\/portalnpm.com\/index.php\/2020\/08\/12\/neymar-falha-sofre-mas-carrega-e-classifica-o-psg-na-liga-dos-campeoes\/\",\"name\":\"Neymar falha, sofre, mas carrega e classifica o PSG na Liga dos Campe\u00f5es\",\"isPartOf\":{\"@id\":\"https:\/\/portalnpm.com\/#website\"},\"primaryImageOfPage\":{\"@id\":\"https:\/\/portalnpm.com\/index.php\/2020\/08\/12\/neymar-falha-sofre-mas-carrega-e-classifica-o-psg-na-liga-dos-campeoes\/#primaryimage\"},\"image\":{\"@id\":\"https:\/\/portalnpm.com\/index.php\/2020\/08\/12\/neymar-falha-sofre-mas-carrega-e-classifica-o-psg-na-liga-dos-campeoes\/#primaryimage\"},\"thumbnailUrl\":\"https:\/\/portalnpm.com\/wp-content\/uploads\/2024\/01\/neymar-do-paris-saint-germain-marcado-por-rafael-toloi-da-atalanta-1597260311464_v2_450x337.jpg\",\"datePublished\":\"2020-08-12T23:44:30+00:00\",\"dateModified\":\"2020-08-12T23:44:30+00:00\",\"author\":{\"@id\":\"https:\/\/portalnpm.com\/#\/schema\/person\/49313e563cfdefcc167f1ee4c017c294\"},\"breadcrumb\":{\"@id\":\"https:\/\/portalnpm.com\/index.php\/2020\/08\/12\/neymar-falha-sofre-mas-carrega-e-classifica-o-psg-na-liga-dos-campeoes\/#breadcrumb\"},\"inLanguage\":\"pt-BR\",\"potentialAction\":[{\"@type\":\"ReadAction\",\"target\":[\"https:\/\/portalnpm.com\/index.php\/2020\/08\/12\/neymar-falha-sofre-mas-carrega-e-classifica-o-psg-na-liga-dos-campeoes\/\"]}]},{\"@type\":\"ImageObject\",\"inLanguage\":\"pt-BR\",\"@id\":\"https:\/\/portalnpm.com\/index.php\/2020\/08\/12\/neymar-falha-sofre-mas-carrega-e-classifica-o-psg-na-liga-dos-campeoes\/#primaryimage\",\"url\":\"https:\/\/portalnpm.com\/wp-content\/uploads\/2024\/01\/neymar-do-paris-saint-germain-marcado-por-rafael-toloi-da-atalanta-1597260311464_v2_450x337.jpg\",\"contentUrl\":\"https:\/\/portalnpm.com\/wp-content\/uploads\/2024\/01\/neymar-do-paris-saint-germain-marcado-por-rafael-toloi-da-atalanta-1597260311464_v2_450x337.jpg\",\"width\":450,\"height\":337},{\"@type\":\"BreadcrumbList\",\"@id\":\"https:\/\/portalnpm.com\/index.php\/2020\/08\/12\/neymar-falha-sofre-mas-carrega-e-classifica-o-psg-na-liga-dos-campeoes\/#breadcrumb\",\"itemListElement\":[{\"@type\":\"ListItem\",\"position\":1,\"name\":\"In\u00edcio\",\"item\":\"https:\/\/portalnpm.com\/\"},{\"@type\":\"ListItem\",\"position\":2,\"name\":\"Neymar falha, sofre, mas carrega e classifica o PSG na Liga dos Campe\u00f5es\"}]},{\"@type\":\"WebSite\",\"@id\":\"https:\/\/portalnpm.com\/#website\",\"url\":\"https:\/\/portalnpm.com\/\",\"name\":\"Portal NPM\",\"description\":\"Not\u00edcias em Primeira M\u00e3o\",\"potentialAction\":[{\"@type\":\"SearchAction\",\"target\":{\"@type\":\"EntryPoint\",\"urlTemplate\":\"https:\/\/portalnpm.com\/?s={search_term_string}\"},\"query-input\":\"required name=search_term_string\"}],\"inLanguage\":\"pt-BR\"},{\"@type\":\"Person\",\"@id\":\"https:\/\/portalnpm.com\/#\/schema\/person\/49313e563cfdefcc167f1ee4c017c294\",\"name\":\"Genival Barbosa\",\"image\":{\"@type\":\"ImageObject\",\"inLanguage\":\"pt-BR\",\"@id\":\"https:\/\/portalnpm.com\/#\/schema\/person\/image\/\",\"url\":\"https:\/\/portalnpm.com\/wp-content\/uploads\/2024\/02\/avatar_user_2_1707743258-96x96.jpeg\",\"contentUrl\":\"https:\/\/portalnpm.com\/wp-content\/uploads\/2024\/02\/avatar_user_2_1707743258-96x96.jpeg\",\"caption\":\"Genival Barbosa\"},\"url\":\"https:\/\/portalnpm.com\/index.php\/author\/genival\/\"}]}<\/script>\n<!-- \/ Yoast SEO plugin. -->","yoast_head_json":{"title":"Neymar falha, sofre, mas carrega e classifica o PSG na Liga dos Campe\u00f5es","robots":{"index":"index","follow":"follow","max-snippet":"max-snippet:-1","max-image-preview":"max-image-preview:large","max-video-preview":"max-video-preview:-1"},"canonical":"https:\/\/portalnpm.com\/index.php\/2020\/08\/12\/neymar-falha-sofre-mas-carrega-e-classifica-o-psg-na-liga-dos-campeoes\/","og_locale":"pt_BR","og_type":"article","og_title":"Neymar falha, sofre, mas carrega e classifica o PSG na Liga dos Campe\u00f5es","og_description":"Foi sofrido, mas muito merecido. Neymar jogou muito bola, errou feio nas finaliza\u00e7\u00f5es, mas foi o grande nome do PSG na vit\u00f3ria sobre a Atalanta de virada nos minutos finais por 2 x 1, nesta quarta (12), que colocou o time franc\u00eas nas semifinais da Liga dos Campe\u00f5es. Neymar chamou a responsabilidade, pediu a bola &hellip;","og_url":"https:\/\/portalnpm.com\/index.php\/2020\/08\/12\/neymar-falha-sofre-mas-carrega-e-classifica-o-psg-na-liga-dos-campeoes\/","og_site_name":"Portal NPM","article_published_time":"2020-08-12T23:44:30+00:00","og_image":[{"width":450,"height":337,"url":"https:\/\/portalnpm.com\/wp-content\/uploads\/2024\/01\/neymar-do-paris-saint-germain-marcado-por-rafael-toloi-da-atalanta-1597260311464_v2_450x337.jpg","type":"image\/jpeg"}],"author":"Genival Barbosa","twitter_card":"summary_large_image","twitter_misc":{"Escrito por":"Genival Barbosa","Est. tempo de leitura":"2 minutos"},"schema":{"@context":"https:\/\/schema.org","@graph":[{"@type":"WebPage","@id":"https:\/\/portalnpm.com\/index.php\/2020\/08\/12\/neymar-falha-sofre-mas-carrega-e-classifica-o-psg-na-liga-dos-campeoes\/","url":"https:\/\/portalnpm.com\/index.php\/2020\/08\/12\/neymar-falha-sofre-mas-carrega-e-classifica-o-psg-na-liga-dos-campeoes\/","name":"Neymar falha, sofre, mas carrega e classifica o PSG na Liga dos Campe\u00f5es","isPartOf":{"@id":"https:\/\/portalnpm.com\/#website"},"primaryImageOfPage":{"@id":"https:\/\/portalnpm.com\/index.php\/2020\/08\/12\/neymar-falha-sofre-mas-carrega-e-classifica-o-psg-na-liga-dos-campeoes\/#primaryimage"},"image":{"@id":"https:\/\/portalnpm.com\/index.php\/2020\/08\/12\/neymar-falha-sofre-mas-carrega-e-classifica-o-psg-na-liga-dos-campeoes\/#primaryimage"},"thumbnailUrl":"https:\/\/portalnpm.com\/wp-content\/uploads\/2024\/01\/neymar-do-paris-saint-germain-marcado-por-rafael-toloi-da-atalanta-1597260311464_v2_450x337.jpg","datePublished":"2020-08-12T23:44:30+00:00","dateModified":"2020-08-12T23:44:30+00:00","author":{"@id":"https:\/\/portalnpm.com\/#\/schema\/person\/49313e563cfdefcc167f1ee4c017c294"},"breadcrumb":{"@id":"https:\/\/portalnpm.com\/index.php\/2020\/08\/12\/neymar-falha-sofre-mas-carrega-e-classifica-o-psg-na-liga-dos-campeoes\/#breadcrumb"},"inLanguage":"pt-BR","potentialAction":[{"@type":"ReadAction","target":["https:\/\/portalnpm.com\/index.php\/2020\/08\/12\/neymar-falha-sofre-mas-carrega-e-classifica-o-psg-na-liga-dos-campeoes\/"]}]},{"@type":"ImageObject","inLanguage":"pt-BR","@id":"https:\/\/portalnpm.com\/index.php\/2020\/08\/12\/neymar-falha-sofre-mas-carrega-e-classifica-o-psg-na-liga-dos-campeoes\/#primaryimage","url":"https:\/\/portalnpm.com\/wp-content\/uploads\/2024\/01\/neymar-do-paris-saint-germain-marcado-por-rafael-toloi-da-atalanta-1597260311464_v2_450x337.jpg","contentUrl":"https:\/\/portalnpm.com\/wp-content\/uploads\/2024\/01\/neymar-do-paris-saint-germain-marcado-por-rafael-toloi-da-atalanta-1597260311464_v2_450x337.jpg","width":450,"height":337},{"@type":"BreadcrumbList","@id":"https:\/\/portalnpm.com\/index.php\/2020\/08\/12\/neymar-falha-sofre-mas-carrega-e-classifica-o-psg-na-liga-dos-campeoes\/#breadcrumb","itemListElement":[{"@type":"ListItem","position":1,"name":"In\u00edcio","item":"https:\/\/portalnpm.com\/"},{"@type":"ListItem","position":2,"name":"Neymar falha, sofre, mas carrega e classifica o PSG na Liga dos Campe\u00f5es"}]},{"@type":"WebSite","@id":"https:\/\/portalnpm.com\/#website","url":"https:\/\/portalnpm.com\/","name":"Portal NPM","description":"Not\u00edcias em Primeira M\u00e3o","potentialAction":[{"@type":"SearchAction","target":{"@type":"EntryPoint","urlTemplate":"https:\/\/portalnpm.com\/?s={search_term_string}"},"query-input":"required name=search_term_string"}],"inLanguage":"pt-BR"},{"@type":"Person","@id":"https:\/\/portalnpm.com\/#\/schema\/person\/49313e563cfdefcc167f1ee4c017c294","name":"Genival Barbosa","image":{"@type":"ImageObject","inLanguage":"pt-BR","@id":"https:\/\/portalnpm.com\/#\/schema\/person\/image\/","url":"https:\/\/portalnpm.com\/wp-content\/uploads\/2024\/02\/avatar_user_2_1707743258-96x96.jpeg","contentUrl":"https:\/\/portalnpm.com\/wp-content\/uploads\/2024\/02\/avatar_user_2_1707743258-96x96.jpeg","caption":"Genival Barbosa"},"url":"https:\/\/portalnpm.com\/index.php\/author\/genival\/"}]}},"jetpack_sharing_enabled":true,"jetpack_featured_media_url":"https:\/\/portalnpm.com\/wp-content\/uploads\/2024\/01\/neymar-do-paris-saint-germain-marcado-por-rafael-toloi-da-atalanta-1597260311464_v2_450x337.jpg","_links":{"self":[{"href":"https:\/\/portalnpm.com\/index.php\/wp-json\/wp\/v2\/posts\/56371"}],"collection":[{"href":"https:\/\/portalnpm.com\/index.php\/wp-json\/wp\/v2\/posts"}],"about":[{"href":"https:\/\/portalnpm.com\/index.php\/wp-json\/wp\/v2\/types\/post"}],"author":[{"embeddable":true,"href":"https:\/\/portalnpm.com\/index.php\/wp-json\/wp\/v2\/users\/2"}],"replies":[{"embeddable":true,"href":"https:\/\/portalnpm.com\/index.php\/wp-json\/wp\/v2\/comments?post=56371"}],"version-history":[{"count":0,"href":"https:\/\/portalnpm.com\/index.php\/wp-json\/wp\/v2\/posts\/56371\/revisions"}],"wp:featuredmedia":[{"embeddable":true,"href":"https:\/\/portalnpm.com\/index.php\/wp-json\/wp\/v2\/media\/56372"}],"wp:attachment":[{"href":"https:\/\/portalnpm.com\/index.php\/wp-json\/wp\/v2\/media?parent=56371"}],"wp:term":[{"taxonomy":"category","embeddable":true,"href":"https:\/\/portalnpm.com\/index.php\/wp-json\/wp\/v2\/categories?post=56371"},{"taxonomy":"post_tag","embeddable":true,"href":"https:\/\/portalnpm.com\/index.php\/wp-json\/wp\/v2\/tags?post=56371"}],"curies":[{"name":"wp","href":"https:\/\/api.w.org\/{rel}","templated":true}]}}