{"id":5638,"date":"2019-02-12T16:29:17","date_gmt":"2019-02-12T18:29:17","guid":{"rendered":"http:\/\/srv.portalnpm.com.br\/?p=5638"},"modified":"2019-02-12T16:29:17","modified_gmt":"2019-02-12T18:29:17","slug":"crianca-de-apenas-4-anos-e-estuprada-pelo-tio-avo-na-cidade-de-picos-pi","status":"publish","type":"post","link":"https:\/\/portalnpm.com\/index.php\/2019\/02\/12\/crianca-de-apenas-4-anos-e-estuprada-pelo-tio-avo-na-cidade-de-picos-pi\/","title":{"rendered":"Crian\u00e7a de apenas 4 anos \u00e9 estuprada pelo tio-av\u00f4 na cidade de Picos-PI"},"content":{"rendered":"<p style=\"text-align: justify;\">Uma menina de apenas quatro anos foi v\u00edtima de estupro durante a comemora\u00e7\u00e3o do seu anivers\u00e1rio na noite do \u00faltimo domingo (10). O crime que chocou a popula\u00e7\u00e3o, aconteceu na Rua Amanso Silva, no Bairro D.N.E.R, na cidade de Picos.<\/p>\n<p style=\"text-align: justify;\">Segundo a Pol\u00edcia Militar, o suspeito de praticar o estupro foi identificado como Jos\u00e9 Ribamar da Silva, de 60 anos, tio av\u00f4 da v\u00edtima. Ele foi preso em flagrante ap\u00f3s sofrer uma tentativa de linchamento.<\/p>\n<p style=\"text-align: justify;\">De acordo com a delegada da Mulher, Laura Carneiro, o crime foi flagrado pela m\u00e3e da crian\u00e7a. \u201cEnt\u00e3o a fam\u00edlia efetuou liga\u00e7\u00e3o para a Pol\u00edcia Militar, que conseguiu prender em flagrante o conduzido. Ele havia chegado a cidade de Picos, vindo do Estado do Maranh\u00e3o, no s\u00e1bado e quando foi no domingo teria cometido esse estupro de vulner\u00e1vel\u201d, disse a delegada.<\/p>\n<p style=\"text-align: justify;\">Ainda de acordo com a delegada, o suspeito foi levado ao Hospital Regional de Picos devido estar lesionado por conta das agress\u00f5es que sofreu dos populares. \u201cEle se encontra neste momento hospitalizado sob cust\u00f3dia da Pol\u00edcia Civil at\u00e9 o momento\u201d, completou.<\/p>\n<p style=\"text-align: justify;\">Jos\u00e9 Ribamar \u00e9 natural do Maranh\u00e3o e teria vindo a Picos visitar os familiares. A crian\u00e7a foi submetida a exames e dever\u00e1 passar por acompanhamento psicol\u00f3gico.<\/p>\n<p style=\"text-align: justify;\"><strong>Fonte: Riach\u00e3o Net<\/strong><\/p>\n","protected":false},"excerpt":{"rendered":"<p>Uma menina de apenas quatro anos foi v\u00edtima de estupro durante a comemora\u00e7\u00e3o do seu anivers\u00e1rio na noite do \u00faltimo domingo (10). O crime que chocou a popula\u00e7\u00e3o, aconteceu na Rua Amanso Silva, no Bairro D.N.E.R, na cidade de Picos. Segundo a Pol\u00edcia Militar, o suspeito de praticar o estupro foi identificado como Jos\u00e9 Ribamar &hellip;<\/p>\n","protected":false},"author":3,"featured_media":5639,"comment_status":"open","ping_status":"open","sticky":false,"template":"","format":"standard","meta":{"content-type":"","rop_custom_images_group":[],"rop_custom_messages_group":[],"rop_publish_now":"initial","rop_publish_now_accounts":{"facebook_2648258775420054_1618374048415101":""},"rop_publish_now_history":[],"rop_publish_now_status":"pending","footnotes":"","_jetpack_memberships_contains_paid_content":false},"categories":[113,109,127],"tags":[2207,2208,128],"yoast_head":"<!-- This site is optimized with the Yoast SEO plugin v22.3 - https:\/\/yoast.com\/wordpress\/plugins\/seo\/ -->\n<title>Crian\u00e7a de apenas 4 anos \u00e9 estuprada pelo tio-av\u00f4 na cidade de Picos-PI - Portal NPM<\/title>\n<meta name=\"robots\" content=\"index, follow, max-snippet:-1, max-image-preview:large, max-video-preview:-1\" \/>\n<link rel=\"canonical\" href=\"https:\/\/portalnpm.com\/index.php\/2019\/02\/12\/crianca-de-apenas-4-anos-e-estuprada-pelo-tio-avo-na-cidade-de-picos-pi\/\" \/>\n<meta property=\"og:locale\" content=\"pt_BR\" \/>\n<meta property=\"og:type\" content=\"article\" \/>\n<meta property=\"og:title\" content=\"Crian\u00e7a de apenas 4 anos \u00e9 estuprada pelo tio-av\u00f4 na cidade de Picos-PI - Portal NPM\" \/>\n<meta property=\"og:description\" content=\"Uma menina de apenas quatro anos foi v\u00edtima de estupro durante a comemora\u00e7\u00e3o do seu anivers\u00e1rio na noite do \u00faltimo domingo (10). O crime que chocou a popula\u00e7\u00e3o, aconteceu na Rua Amanso Silva, no Bairro D.N.E.R, na cidade de Picos. Segundo a Pol\u00edcia Militar, o suspeito de praticar o estupro foi identificado como Jos\u00e9 Ribamar &hellip;\" \/>\n<meta property=\"og:url\" content=\"https:\/\/portalnpm.com\/index.php\/2019\/02\/12\/crianca-de-apenas-4-anos-e-estuprada-pelo-tio-avo-na-cidade-de-picos-pi\/\" \/>\n<meta property=\"og:site_name\" content=\"Portal NPM\" \/>\n<meta property=\"article:published_time\" content=\"2019-02-12T18:29:17+00:00\" \/>\n<meta name=\"author\" content=\"Luis Alberto\" \/>\n<meta name=\"twitter:card\" content=\"summary_large_image\" \/>\n<meta name=\"twitter:label1\" content=\"Escrito por\" \/>\n\t<meta name=\"twitter:data1\" content=\"Luis Alberto\" \/>\n\t<meta name=\"twitter:label2\" content=\"Est. tempo de leitura\" \/>\n\t<meta name=\"twitter:data2\" content=\"1 minuto\" \/>\n<script type=\"application\/ld+json\" class=\"yoast-schema-graph\">{\"@context\":\"https:\/\/schema.org\",\"@graph\":[{\"@type\":\"WebPage\",\"@id\":\"https:\/\/portalnpm.com\/index.php\/2019\/02\/12\/crianca-de-apenas-4-anos-e-estuprada-pelo-tio-avo-na-cidade-de-picos-pi\/\",\"url\":\"https:\/\/portalnpm.com\/index.php\/2019\/02\/12\/crianca-de-apenas-4-anos-e-estuprada-pelo-tio-avo-na-cidade-de-picos-pi\/\",\"name\":\"Crian\u00e7a de apenas 4 anos \u00e9 estuprada pelo tio-av\u00f4 na cidade de Picos-PI - Portal NPM\",\"isPartOf\":{\"@id\":\"https:\/\/portalnpm.com\/#website\"},\"primaryImageOfPage\":{\"@id\":\"https:\/\/portalnpm.com\/index.php\/2019\/02\/12\/crianca-de-apenas-4-anos-e-estuprada-pelo-tio-avo-na-cidade-de-picos-pi\/#primaryimage\"},\"image\":{\"@id\":\"https:\/\/portalnpm.com\/index.php\/2019\/02\/12\/crianca-de-apenas-4-anos-e-estuprada-pelo-tio-avo-na-cidade-de-picos-pi\/#primaryimage\"},\"thumbnailUrl\":\"\",\"datePublished\":\"2019-02-12T18:29:17+00:00\",\"dateModified\":\"2019-02-12T18:29:17+00:00\",\"author\":{\"@id\":\"https:\/\/portalnpm.com\/#\/schema\/person\/5c8006acdf71774cd4e7a5ab98482152\"},\"breadcrumb\":{\"@id\":\"https:\/\/portalnpm.com\/index.php\/2019\/02\/12\/crianca-de-apenas-4-anos-e-estuprada-pelo-tio-avo-na-cidade-de-picos-pi\/#breadcrumb\"},\"inLanguage\":\"pt-BR\",\"potentialAction\":[{\"@type\":\"ReadAction\",\"target\":[\"https:\/\/portalnpm.com\/index.php\/2019\/02\/12\/crianca-de-apenas-4-anos-e-estuprada-pelo-tio-avo-na-cidade-de-picos-pi\/\"]}]},{\"@type\":\"ImageObject\",\"inLanguage\":\"pt-BR\",\"@id\":\"https:\/\/portalnpm.com\/index.php\/2019\/02\/12\/crianca-de-apenas-4-anos-e-estuprada-pelo-tio-avo-na-cidade-de-picos-pi\/#primaryimage\",\"url\":\"\",\"contentUrl\":\"\"},{\"@type\":\"BreadcrumbList\",\"@id\":\"https:\/\/portalnpm.com\/index.php\/2019\/02\/12\/crianca-de-apenas-4-anos-e-estuprada-pelo-tio-avo-na-cidade-de-picos-pi\/#breadcrumb\",\"itemListElement\":[{\"@type\":\"ListItem\",\"position\":1,\"name\":\"In\u00edcio\",\"item\":\"https:\/\/portalnpm.com\/\"},{\"@type\":\"ListItem\",\"position\":2,\"name\":\"Crian\u00e7a de apenas 4 anos \u00e9 estuprada pelo tio-av\u00f4 na cidade de Picos-PI\"}]},{\"@type\":\"WebSite\",\"@id\":\"https:\/\/portalnpm.com\/#website\",\"url\":\"https:\/\/portalnpm.com\/\",\"name\":\"Portal NPM\",\"description\":\"Not\u00edcias em Primeira M\u00e3o\",\"potentialAction\":[{\"@type\":\"SearchAction\",\"target\":{\"@type\":\"EntryPoint\",\"urlTemplate\":\"https:\/\/portalnpm.com\/?s={search_term_string}\"},\"query-input\":\"required name=search_term_string\"}],\"inLanguage\":\"pt-BR\"},{\"@type\":\"Person\",\"@id\":\"https:\/\/portalnpm.com\/#\/schema\/person\/5c8006acdf71774cd4e7a5ab98482152\",\"name\":\"Luis Alberto\",\"image\":{\"@type\":\"ImageObject\",\"inLanguage\":\"pt-BR\",\"@id\":\"https:\/\/portalnpm.com\/#\/schema\/person\/image\/\",\"url\":\"https:\/\/portalnpm.com\/wp-content\/uploads\/2024\/12\/avatar_user_3_1734699769-96x96.jpeg\",\"contentUrl\":\"https:\/\/portalnpm.com\/wp-content\/uploads\/2024\/12\/avatar_user_3_1734699769-96x96.jpeg\",\"caption\":\"Luis Alberto\"},\"description\":\"Editor-geral do Portal NPM, \u00e9 formado como T\u00e9cnico em Seguran\u00e7a do Trabalho pela Escola Metropolitana de Cursos T\u00e9cnicos. Det\u00e9m ainda licenciatura em Educa\u00e7\u00e3o F\u00edsica e bacharelado em Ci\u00eancias Pol\u00edticas, ambos obtidos pela institui\u00e7\u00e3o Anhanguera\/UNOPAR.\",\"url\":\"https:\/\/portalnpm.com\/index.php\/author\/pereira\/\"}]}<\/script>\n<!-- \/ Yoast SEO plugin. -->","yoast_head_json":{"title":"Crian\u00e7a de apenas 4 anos \u00e9 estuprada pelo tio-av\u00f4 na cidade de Picos-PI - Portal NPM","robots":{"index":"index","follow":"follow","max-snippet":"max-snippet:-1","max-image-preview":"max-image-preview:large","max-video-preview":"max-video-preview:-1"},"canonical":"https:\/\/portalnpm.com\/index.php\/2019\/02\/12\/crianca-de-apenas-4-anos-e-estuprada-pelo-tio-avo-na-cidade-de-picos-pi\/","og_locale":"pt_BR","og_type":"article","og_title":"Crian\u00e7a de apenas 4 anos \u00e9 estuprada pelo tio-av\u00f4 na cidade de Picos-PI - Portal NPM","og_description":"Uma menina de apenas quatro anos foi v\u00edtima de estupro durante a comemora\u00e7\u00e3o do seu anivers\u00e1rio na noite do \u00faltimo domingo (10). O crime que chocou a popula\u00e7\u00e3o, aconteceu na Rua Amanso Silva, no Bairro D.N.E.R, na cidade de Picos. Segundo a Pol\u00edcia Militar, o suspeito de praticar o estupro foi identificado como Jos\u00e9 Ribamar &hellip;","og_url":"https:\/\/portalnpm.com\/index.php\/2019\/02\/12\/crianca-de-apenas-4-anos-e-estuprada-pelo-tio-avo-na-cidade-de-picos-pi\/","og_site_name":"Portal NPM","article_published_time":"2019-02-12T18:29:17+00:00","author":"Luis Alberto","twitter_card":"summary_large_image","twitter_misc":{"Escrito por":"Luis Alberto","Est. tempo de leitura":"1 minuto"},"schema":{"@context":"https:\/\/schema.org","@graph":[{"@type":"WebPage","@id":"https:\/\/portalnpm.com\/index.php\/2019\/02\/12\/crianca-de-apenas-4-anos-e-estuprada-pelo-tio-avo-na-cidade-de-picos-pi\/","url":"https:\/\/portalnpm.com\/index.php\/2019\/02\/12\/crianca-de-apenas-4-anos-e-estuprada-pelo-tio-avo-na-cidade-de-picos-pi\/","name":"Crian\u00e7a de apenas 4 anos \u00e9 estuprada pelo tio-av\u00f4 na cidade de Picos-PI - Portal NPM","isPartOf":{"@id":"https:\/\/portalnpm.com\/#website"},"primaryImageOfPage":{"@id":"https:\/\/portalnpm.com\/index.php\/2019\/02\/12\/crianca-de-apenas-4-anos-e-estuprada-pelo-tio-avo-na-cidade-de-picos-pi\/#primaryimage"},"image":{"@id":"https:\/\/portalnpm.com\/index.php\/2019\/02\/12\/crianca-de-apenas-4-anos-e-estuprada-pelo-tio-avo-na-cidade-de-picos-pi\/#primaryimage"},"thumbnailUrl":"","datePublished":"2019-02-12T18:29:17+00:00","dateModified":"2019-02-12T18:29:17+00:00","author":{"@id":"https:\/\/portalnpm.com\/#\/schema\/person\/5c8006acdf71774cd4e7a5ab98482152"},"breadcrumb":{"@id":"https:\/\/portalnpm.com\/index.php\/2019\/02\/12\/crianca-de-apenas-4-anos-e-estuprada-pelo-tio-avo-na-cidade-de-picos-pi\/#breadcrumb"},"inLanguage":"pt-BR","potentialAction":[{"@type":"ReadAction","target":["https:\/\/portalnpm.com\/index.php\/2019\/02\/12\/crianca-de-apenas-4-anos-e-estuprada-pelo-tio-avo-na-cidade-de-picos-pi\/"]}]},{"@type":"ImageObject","inLanguage":"pt-BR","@id":"https:\/\/portalnpm.com\/index.php\/2019\/02\/12\/crianca-de-apenas-4-anos-e-estuprada-pelo-tio-avo-na-cidade-de-picos-pi\/#primaryimage","url":"","contentUrl":""},{"@type":"BreadcrumbList","@id":"https:\/\/portalnpm.com\/index.php\/2019\/02\/12\/crianca-de-apenas-4-anos-e-estuprada-pelo-tio-avo-na-cidade-de-picos-pi\/#breadcrumb","itemListElement":[{"@type":"ListItem","position":1,"name":"In\u00edcio","item":"https:\/\/portalnpm.com\/"},{"@type":"ListItem","position":2,"name":"Crian\u00e7a de apenas 4 anos \u00e9 estuprada pelo tio-av\u00f4 na cidade de Picos-PI"}]},{"@type":"WebSite","@id":"https:\/\/portalnpm.com\/#website","url":"https:\/\/portalnpm.com\/","name":"Portal NPM","description":"Not\u00edcias em Primeira M\u00e3o","potentialAction":[{"@type":"SearchAction","target":{"@type":"EntryPoint","urlTemplate":"https:\/\/portalnpm.com\/?s={search_term_string}"},"query-input":"required name=search_term_string"}],"inLanguage":"pt-BR"},{"@type":"Person","@id":"https:\/\/portalnpm.com\/#\/schema\/person\/5c8006acdf71774cd4e7a5ab98482152","name":"Luis Alberto","image":{"@type":"ImageObject","inLanguage":"pt-BR","@id":"https:\/\/portalnpm.com\/#\/schema\/person\/image\/","url":"https:\/\/portalnpm.com\/wp-content\/uploads\/2024\/12\/avatar_user_3_1734699769-96x96.jpeg","contentUrl":"https:\/\/portalnpm.com\/wp-content\/uploads\/2024\/12\/avatar_user_3_1734699769-96x96.jpeg","caption":"Luis Alberto"},"description":"Editor-geral do Portal NPM, \u00e9 formado como T\u00e9cnico em Seguran\u00e7a do Trabalho pela Escola Metropolitana de Cursos T\u00e9cnicos. Det\u00e9m ainda licenciatura em Educa\u00e7\u00e3o F\u00edsica e bacharelado em Ci\u00eancias Pol\u00edticas, ambos obtidos pela institui\u00e7\u00e3o Anhanguera\/UNOPAR.","url":"https:\/\/portalnpm.com\/index.php\/author\/pereira\/"}]}},"jetpack_sharing_enabled":true,"jetpack_featured_media_url":"","_links":{"self":[{"href":"https:\/\/portalnpm.com\/index.php\/wp-json\/wp\/v2\/posts\/5638"}],"collection":[{"href":"https:\/\/portalnpm.com\/index.php\/wp-json\/wp\/v2\/posts"}],"about":[{"href":"https:\/\/portalnpm.com\/index.php\/wp-json\/wp\/v2\/types\/post"}],"author":[{"embeddable":true,"href":"https:\/\/portalnpm.com\/index.php\/wp-json\/wp\/v2\/users\/3"}],"replies":[{"embeddable":true,"href":"https:\/\/portalnpm.com\/index.php\/wp-json\/wp\/v2\/comments?post=5638"}],"version-history":[{"count":0,"href":"https:\/\/portalnpm.com\/index.php\/wp-json\/wp\/v2\/posts\/5638\/revisions"}],"wp:featuredmedia":[{"embeddable":true,"href":"https:\/\/portalnpm.com\/index.php\/wp-json\/"}],"wp:attachment":[{"href":"https:\/\/portalnpm.com\/index.php\/wp-json\/wp\/v2\/media?parent=5638"}],"wp:term":[{"taxonomy":"category","embeddable":true,"href":"https:\/\/portalnpm.com\/index.php\/wp-json\/wp\/v2\/categories?post=5638"},{"taxonomy":"post_tag","embeddable":true,"href":"https:\/\/portalnpm.com\/index.php\/wp-json\/wp\/v2\/tags?post=5638"}],"curies":[{"name":"wp","href":"https:\/\/api.w.org\/{rel}","templated":true}]}}