{"id":5642,"date":"2019-02-12T20:40:06","date_gmt":"2019-02-12T22:40:06","guid":{"rendered":"http:\/\/srv.portalnpm.com.br\/?p=5642"},"modified":"2019-02-12T20:40:06","modified_gmt":"2019-02-12T22:40:06","slug":"defesa-civil-conta-casas-atingidas-em-brumadinho","status":"publish","type":"post","link":"https:\/\/portalnpm.com\/index.php\/2019\/02\/12\/defesa-civil-conta-casas-atingidas-em-brumadinho\/","title":{"rendered":"Defesa Civil conta casas atingidas em Brumadinho"},"content":{"rendered":"<p style=\"text-align: justify;\">Na terceira semana ap\u00f3s a trag\u00e9dia do rompimento da barragem Mina C\u00f3rrego do Feij\u00e3o, em Brumadinho (MG), a Defesa Civil de Minas Gerais busca concluir o levantamento de quantas casas foram atingidas pelo acidente. O boletim mais recente mostra que, al\u00e9m dos 165 mortos e dos 155 desaparecidos, 138 pessoas est\u00e3o desabrigadas.<\/p>\n<p style=\"text-align: justify;\">Essas fam\u00edlias foram acomodadas em hot\u00e9is e pousadas de Brumadinho e cidades vizinhas, incluindo Belo Horizonte. A mineradora assumiu a responsabilidade pelo custo com essas hospedagens.<\/p>\n<p style=\"text-align: justify;\">Na lsita de desabrigados est\u00e3o moradores das comunidades Vila Ferteco, C\u00f3rrego do Feij\u00e3o e Parque da Cachoeira. A Ag\u00eancia Brasil pediu informa\u00e7\u00f5es sobre o n\u00famero de casas que foram destru\u00eddas, mas foi informada que o dado ainda n\u00e3o existe. \u201cA individualiza\u00e7\u00e3o das resid\u00eancias atingidas est\u00e1 em andamento\u201d, informou a Defesa Civil.<\/p>\n<p style=\"text-align: justify;\">De acordo com a prefeitura de Brumadinho, nem todos os desabrigados perderam suas casas. H\u00e1 pessoas que foram acomodadas em hot\u00e9is e pousadas porque viviam na \u00e1rea que foi interditada ap\u00f3s a trag\u00e9dia ou por causa do mal cheiro provocado pela lama, entre outros motivos.<\/p>\n<p style=\"text-align: justify;\">Pelos dados do munic\u00edpio, cerca de 300 pessoas eram moradores do povoado de C\u00f3rrego do Feij\u00e3o. Nem todos precisaram deixar suas casas. Esse n\u00famero inclui as pessoas que viviam na Vila Ferteco, que integra o povoado e \u00e9 composta por poucas edifica\u00e7\u00f5es.<\/p>\n<p style=\"text-align: justify;\">Parque da Cachoeira, por sua vez, \u00e9 um bairro de Brumadinho. No local, viviam aproximadamente 1,5 mil pessoas, segundo c\u00e1lculos da prefeitura. O munic\u00edpio informou que l\u00e1 foi o local onde mais casas foram afetadas.<\/p>\n<p style=\"text-align: justify;\">Vazamento<br \/>\nAs causas do rompimento s\u00e3o investigadas em inqu\u00e9rito aberto pela Pol\u00edcia Federal (PF). Houve oitivas e per\u00edcias no local do incidente. Em nota, a Pol\u00edcia Federal informou que uma das linhas de apura\u00e7\u00e3o apontam para \u201ca possibilidade de um ac\u00famulo de \u00e1gua e satura\u00e7\u00e3o da barragem e para uma poss\u00edvel falha no sistema de drenagem como eventuais causas de satura\u00e7\u00e3o da barragem e de seu consequente rompimento\u201d.<\/p>\n<p style=\"text-align: justify;\">H\u00e1 quatro dias, a Vale tamb\u00e9m anunciou a contrata\u00e7\u00e3o de quatro peritos externos para avaliar as causas t\u00e9cnicas do rompimento.<\/p>\n<p style=\"text-align: justify;\">A barragem que se rompeu tinha capacidade para 12 milh\u00f5es de metros c\u00fabicos. Segundo a Vale, ela n\u00e3o recebia rejeitos desde 2014. De acordo com informa\u00e7\u00f5es que a mineradora repassou \u00e0 Secretaria de Meio Ambiente e Desenvolvimento Sustent\u00e1vel (Semad), cerca de 10 milh\u00f5es de metros c\u00fabicos vazaram ap\u00f3s o rompimento. Outros 2 milh\u00f5es de metros c\u00fabicos se mantiveram no que restou do reservat\u00f3rio. Os dados revelam que a barragem estava no limite de sua capacidade.<\/p>\n<p style=\"text-align: justify;\">Considerando as informa\u00e7\u00f5es que a Vale encaminhou ao \u00f3rg\u00e3o ambiental, o volume da lama que vazou em Brumadinho \u00e9 cerca de quatro vezes menor ao total estimado no rompimento da barragem da Samarco, ocorrido em novembro de 2015 no munic\u00edpio de Mariana (MG). Na ocasi\u00e3o, 39 milh\u00f5es de metros c\u00fabicos se dissiparam pelo meio ambiente, causando 19 mortes e destruindo comunidades. Ficaram desabrigadas fam\u00edlias dos distritos de Bento Rodrigues e Paracatu, em Mariana, e do distrito de Gesteira, na cidade de Barra Longa (MG).<\/p>\n<p style=\"text-align: justify;\"><strong>Atraso<\/strong><br \/>\nNa regi\u00e3o de Mariana, ap\u00f3s tr\u00eas anos do rompimento da barragem, os desabrigados aguardam solu\u00e7\u00e3o sobre suas casas e vivem em im\u00f3veis alugados pela Funda\u00e7\u00e3o Renova, entidade criada conforme acordo firmado em maio de 2016 entre a Samarco, suas acionistas Vale e BHP Billiton, o governo federal e os governo de Minas Gerais e do Esp\u00edrito Santo.<\/p>\n<p style=\"text-align: justify;\">Cabe \u00e0 Funda\u00e7\u00e3o Renova, com recursos das tr\u00eas mineradoras, reparar todos os danos causadas pela trag\u00e9dia, o que inclui tamb\u00e9m a reconstru\u00e7\u00e3o das comunidades.<\/p>\n<p style=\"text-align: justify;\">A conclus\u00e3o das obras de reconstru\u00e7\u00e3o das comunidades de Bento Rodrigues, Paracatu e Gesteira, que foram desvatadas na trag\u00e9dia de Mariana era prevista originalmente para este ano. No entanto, o in\u00edcio dos trabalhos atrasaram e a entrega n\u00e3o vai ocorrer antes de agosto de 2020.<\/p>\n<p style=\"text-align: justify;\">O Minist\u00e9rio P\u00fablico de Minas Gerais (MPMG) chegou a ajuizar uma a\u00e7\u00e3o civil p\u00fablica em que defende que as mineradoras devem indenizar os moradores pelos atrasos.<\/p>\n<p style=\"text-align: justify;\"><strong>Fonte<\/strong>: Ag\u00eancia Brasil<\/p>\n","protected":false},"excerpt":{"rendered":"<p>Na terceira semana ap\u00f3s a trag\u00e9dia do rompimento da barragem Mina C\u00f3rrego do Feij\u00e3o, em Brumadinho (MG), a Defesa Civil de Minas Gerais busca concluir o levantamento de quantas casas foram atingidas pelo acidente. O boletim mais recente mostra que, al\u00e9m dos 165 mortos e dos 155 desaparecidos, 138 pessoas est\u00e3o desabrigadas. Essas fam\u00edlias foram &hellip;<\/p>\n","protected":false},"author":8,"featured_media":5643,"comment_status":"open","ping_status":"open","sticky":false,"template":"","format":"standard","meta":{"content-type":"","rop_custom_images_group":[],"rop_custom_messages_group":[],"rop_publish_now":"initial","rop_publish_now_accounts":{"facebook_2648258775420054_1618374048415101":""},"rop_publish_now_history":[],"rop_publish_now_status":"pending","footnotes":"","_jetpack_memberships_contains_paid_content":false},"categories":[113,118],"tags":[2106,2039,1772],"yoast_head":"<!-- This site is optimized with the Yoast SEO plugin v22.3 - https:\/\/yoast.com\/wordpress\/plugins\/seo\/ -->\n<title>Defesa Civil conta casas atingidas em Brumadinho - Portal NPM<\/title>\n<meta name=\"robots\" content=\"index, follow, max-snippet:-1, max-image-preview:large, max-video-preview:-1\" \/>\n<link rel=\"canonical\" href=\"https:\/\/portalnpm.com\/index.php\/2019\/02\/12\/defesa-civil-conta-casas-atingidas-em-brumadinho\/\" \/>\n<meta property=\"og:locale\" content=\"pt_BR\" \/>\n<meta property=\"og:type\" content=\"article\" \/>\n<meta property=\"og:title\" content=\"Defesa Civil conta casas atingidas em Brumadinho - Portal NPM\" \/>\n<meta property=\"og:description\" content=\"Na terceira semana ap\u00f3s a trag\u00e9dia do rompimento da barragem Mina C\u00f3rrego do Feij\u00e3o, em Brumadinho (MG), a Defesa Civil de Minas Gerais busca concluir o levantamento de quantas casas foram atingidas pelo acidente. O boletim mais recente mostra que, al\u00e9m dos 165 mortos e dos 155 desaparecidos, 138 pessoas est\u00e3o desabrigadas. Essas fam\u00edlias foram &hellip;\" \/>\n<meta property=\"og:url\" content=\"https:\/\/portalnpm.com\/index.php\/2019\/02\/12\/defesa-civil-conta-casas-atingidas-em-brumadinho\/\" \/>\n<meta property=\"og:site_name\" content=\"Portal NPM\" \/>\n<meta property=\"article:published_time\" content=\"2019-02-12T22:40:06+00:00\" \/>\n<meta name=\"author\" content=\"Zenilton Lima\" \/>\n<meta name=\"twitter:card\" content=\"summary_large_image\" \/>\n<meta name=\"twitter:label1\" content=\"Escrito por\" \/>\n\t<meta name=\"twitter:data1\" content=\"Zenilton Lima\" \/>\n\t<meta name=\"twitter:label2\" content=\"Est. tempo de leitura\" \/>\n\t<meta name=\"twitter:data2\" content=\"4 minutos\" \/>\n<script type=\"application\/ld+json\" class=\"yoast-schema-graph\">{\"@context\":\"https:\/\/schema.org\",\"@graph\":[{\"@type\":\"WebPage\",\"@id\":\"https:\/\/portalnpm.com\/index.php\/2019\/02\/12\/defesa-civil-conta-casas-atingidas-em-brumadinho\/\",\"url\":\"https:\/\/portalnpm.com\/index.php\/2019\/02\/12\/defesa-civil-conta-casas-atingidas-em-brumadinho\/\",\"name\":\"Defesa Civil conta casas atingidas em Brumadinho - Portal NPM\",\"isPartOf\":{\"@id\":\"https:\/\/portalnpm.com\/#website\"},\"primaryImageOfPage\":{\"@id\":\"https:\/\/portalnpm.com\/index.php\/2019\/02\/12\/defesa-civil-conta-casas-atingidas-em-brumadinho\/#primaryimage\"},\"image\":{\"@id\":\"https:\/\/portalnpm.com\/index.php\/2019\/02\/12\/defesa-civil-conta-casas-atingidas-em-brumadinho\/#primaryimage\"},\"thumbnailUrl\":\"\",\"datePublished\":\"2019-02-12T22:40:06+00:00\",\"dateModified\":\"2019-02-12T22:40:06+00:00\",\"author\":{\"@id\":\"https:\/\/portalnpm.com\/#\/schema\/person\/35cb55186eae3f074b6783da6d35591e\"},\"breadcrumb\":{\"@id\":\"https:\/\/portalnpm.com\/index.php\/2019\/02\/12\/defesa-civil-conta-casas-atingidas-em-brumadinho\/#breadcrumb\"},\"inLanguage\":\"pt-BR\",\"potentialAction\":[{\"@type\":\"ReadAction\",\"target\":[\"https:\/\/portalnpm.com\/index.php\/2019\/02\/12\/defesa-civil-conta-casas-atingidas-em-brumadinho\/\"]}]},{\"@type\":\"ImageObject\",\"inLanguage\":\"pt-BR\",\"@id\":\"https:\/\/portalnpm.com\/index.php\/2019\/02\/12\/defesa-civil-conta-casas-atingidas-em-brumadinho\/#primaryimage\",\"url\":\"\",\"contentUrl\":\"\"},{\"@type\":\"BreadcrumbList\",\"@id\":\"https:\/\/portalnpm.com\/index.php\/2019\/02\/12\/defesa-civil-conta-casas-atingidas-em-brumadinho\/#breadcrumb\",\"itemListElement\":[{\"@type\":\"ListItem\",\"position\":1,\"name\":\"In\u00edcio\",\"item\":\"https:\/\/portalnpm.com\/\"},{\"@type\":\"ListItem\",\"position\":2,\"name\":\"Defesa Civil conta casas atingidas em Brumadinho\"}]},{\"@type\":\"WebSite\",\"@id\":\"https:\/\/portalnpm.com\/#website\",\"url\":\"https:\/\/portalnpm.com\/\",\"name\":\"Portal NPM\",\"description\":\"Not\u00edcias em Primeira M\u00e3o\",\"potentialAction\":[{\"@type\":\"SearchAction\",\"target\":{\"@type\":\"EntryPoint\",\"urlTemplate\":\"https:\/\/portalnpm.com\/?s={search_term_string}\"},\"query-input\":\"required name=search_term_string\"}],\"inLanguage\":\"pt-BR\"},{\"@type\":\"Person\",\"@id\":\"https:\/\/portalnpm.com\/#\/schema\/person\/35cb55186eae3f074b6783da6d35591e\",\"name\":\"Zenilton Lima\",\"image\":{\"@type\":\"ImageObject\",\"inLanguage\":\"pt-BR\",\"@id\":\"https:\/\/portalnpm.com\/#\/schema\/person\/image\/\",\"url\":\"https:\/\/portalnpm.com\/wp-content\/uploads\/2024\/12\/avatar_user_8_1733658137-96x96.jpeg\",\"contentUrl\":\"https:\/\/portalnpm.com\/wp-content\/uploads\/2024\/12\/avatar_user_8_1733658137-96x96.jpeg\",\"caption\":\"Zenilton Lima\"},\"url\":\"https:\/\/portalnpm.com\/index.php\/author\/zenilton\/\"}]}<\/script>\n<!-- \/ Yoast SEO plugin. -->","yoast_head_json":{"title":"Defesa Civil conta casas atingidas em Brumadinho - Portal NPM","robots":{"index":"index","follow":"follow","max-snippet":"max-snippet:-1","max-image-preview":"max-image-preview:large","max-video-preview":"max-video-preview:-1"},"canonical":"https:\/\/portalnpm.com\/index.php\/2019\/02\/12\/defesa-civil-conta-casas-atingidas-em-brumadinho\/","og_locale":"pt_BR","og_type":"article","og_title":"Defesa Civil conta casas atingidas em Brumadinho - Portal NPM","og_description":"Na terceira semana ap\u00f3s a trag\u00e9dia do rompimento da barragem Mina C\u00f3rrego do Feij\u00e3o, em Brumadinho (MG), a Defesa Civil de Minas Gerais busca concluir o levantamento de quantas casas foram atingidas pelo acidente. O boletim mais recente mostra que, al\u00e9m dos 165 mortos e dos 155 desaparecidos, 138 pessoas est\u00e3o desabrigadas. Essas fam\u00edlias foram &hellip;","og_url":"https:\/\/portalnpm.com\/index.php\/2019\/02\/12\/defesa-civil-conta-casas-atingidas-em-brumadinho\/","og_site_name":"Portal NPM","article_published_time":"2019-02-12T22:40:06+00:00","author":"Zenilton Lima","twitter_card":"summary_large_image","twitter_misc":{"Escrito por":"Zenilton Lima","Est. tempo de leitura":"4 minutos"},"schema":{"@context":"https:\/\/schema.org","@graph":[{"@type":"WebPage","@id":"https:\/\/portalnpm.com\/index.php\/2019\/02\/12\/defesa-civil-conta-casas-atingidas-em-brumadinho\/","url":"https:\/\/portalnpm.com\/index.php\/2019\/02\/12\/defesa-civil-conta-casas-atingidas-em-brumadinho\/","name":"Defesa Civil conta casas atingidas em Brumadinho - Portal NPM","isPartOf":{"@id":"https:\/\/portalnpm.com\/#website"},"primaryImageOfPage":{"@id":"https:\/\/portalnpm.com\/index.php\/2019\/02\/12\/defesa-civil-conta-casas-atingidas-em-brumadinho\/#primaryimage"},"image":{"@id":"https:\/\/portalnpm.com\/index.php\/2019\/02\/12\/defesa-civil-conta-casas-atingidas-em-brumadinho\/#primaryimage"},"thumbnailUrl":"","datePublished":"2019-02-12T22:40:06+00:00","dateModified":"2019-02-12T22:40:06+00:00","author":{"@id":"https:\/\/portalnpm.com\/#\/schema\/person\/35cb55186eae3f074b6783da6d35591e"},"breadcrumb":{"@id":"https:\/\/portalnpm.com\/index.php\/2019\/02\/12\/defesa-civil-conta-casas-atingidas-em-brumadinho\/#breadcrumb"},"inLanguage":"pt-BR","potentialAction":[{"@type":"ReadAction","target":["https:\/\/portalnpm.com\/index.php\/2019\/02\/12\/defesa-civil-conta-casas-atingidas-em-brumadinho\/"]}]},{"@type":"ImageObject","inLanguage":"pt-BR","@id":"https:\/\/portalnpm.com\/index.php\/2019\/02\/12\/defesa-civil-conta-casas-atingidas-em-brumadinho\/#primaryimage","url":"","contentUrl":""},{"@type":"BreadcrumbList","@id":"https:\/\/portalnpm.com\/index.php\/2019\/02\/12\/defesa-civil-conta-casas-atingidas-em-brumadinho\/#breadcrumb","itemListElement":[{"@type":"ListItem","position":1,"name":"In\u00edcio","item":"https:\/\/portalnpm.com\/"},{"@type":"ListItem","position":2,"name":"Defesa Civil conta casas atingidas em Brumadinho"}]},{"@type":"WebSite","@id":"https:\/\/portalnpm.com\/#website","url":"https:\/\/portalnpm.com\/","name":"Portal NPM","description":"Not\u00edcias em Primeira M\u00e3o","potentialAction":[{"@type":"SearchAction","target":{"@type":"EntryPoint","urlTemplate":"https:\/\/portalnpm.com\/?s={search_term_string}"},"query-input":"required name=search_term_string"}],"inLanguage":"pt-BR"},{"@type":"Person","@id":"https:\/\/portalnpm.com\/#\/schema\/person\/35cb55186eae3f074b6783da6d35591e","name":"Zenilton Lima","image":{"@type":"ImageObject","inLanguage":"pt-BR","@id":"https:\/\/portalnpm.com\/#\/schema\/person\/image\/","url":"https:\/\/portalnpm.com\/wp-content\/uploads\/2024\/12\/avatar_user_8_1733658137-96x96.jpeg","contentUrl":"https:\/\/portalnpm.com\/wp-content\/uploads\/2024\/12\/avatar_user_8_1733658137-96x96.jpeg","caption":"Zenilton Lima"},"url":"https:\/\/portalnpm.com\/index.php\/author\/zenilton\/"}]}},"jetpack_sharing_enabled":true,"jetpack_featured_media_url":"","_links":{"self":[{"href":"https:\/\/portalnpm.com\/index.php\/wp-json\/wp\/v2\/posts\/5642"}],"collection":[{"href":"https:\/\/portalnpm.com\/index.php\/wp-json\/wp\/v2\/posts"}],"about":[{"href":"https:\/\/portalnpm.com\/index.php\/wp-json\/wp\/v2\/types\/post"}],"author":[{"embeddable":true,"href":"https:\/\/portalnpm.com\/index.php\/wp-json\/wp\/v2\/users\/8"}],"replies":[{"embeddable":true,"href":"https:\/\/portalnpm.com\/index.php\/wp-json\/wp\/v2\/comments?post=5642"}],"version-history":[{"count":0,"href":"https:\/\/portalnpm.com\/index.php\/wp-json\/wp\/v2\/posts\/5642\/revisions"}],"wp:featuredmedia":[{"embeddable":true,"href":"https:\/\/portalnpm.com\/index.php\/wp-json\/"}],"wp:attachment":[{"href":"https:\/\/portalnpm.com\/index.php\/wp-json\/wp\/v2\/media?parent=5642"}],"wp:term":[{"taxonomy":"category","embeddable":true,"href":"https:\/\/portalnpm.com\/index.php\/wp-json\/wp\/v2\/categories?post=5642"},{"taxonomy":"post_tag","embeddable":true,"href":"https:\/\/portalnpm.com\/index.php\/wp-json\/wp\/v2\/tags?post=5642"}],"curies":[{"name":"wp","href":"https:\/\/api.w.org\/{rel}","templated":true}]}}