{"id":5645,"date":"2019-02-12T20:46:40","date_gmt":"2019-02-12T22:46:40","guid":{"rendered":"http:\/\/srv.portalnpm.com.br\/?p=5645"},"modified":"2019-02-12T20:46:40","modified_gmt":"2019-02-12T22:46:40","slug":"ex-integrantes-da-malla-100-alca-definem-nome-do-novo-projeto-forro-da-malla","status":"publish","type":"post","link":"https:\/\/portalnpm.com\/index.php\/2019\/02\/12\/ex-integrantes-da-malla-100-alca-definem-nome-do-novo-projeto-forro-da-malla\/","title":{"rendered":"Ex-integrantes da Malla 100 Al\u00e7a definem nome do novo projeto; \u201cForr\u00f3 da Malla\u201d"},"content":{"rendered":"<p style=\"text-align: justify;\">Os cantores: Marcelo Mello e Rayane Fa\u00e7anha, realizaram uma live no Instagram da vocalista, na noite deste s\u00e1bado, (09) para informar a todos os seus f\u00e3s, detalhes sobre o novo projeto musical da dupla.<\/p>\n<p style=\"text-align: justify;\">Uma das principais novidades desta nova fase, \u00e9 o ingresso do cantor James Cardoso, tamb\u00e9m ex-integrante da Malla 100 Al\u00e7a, que se junta a dupla neste novo projeto.<\/p>\n<p style=\"text-align: justify;\">O que antes seria Marcelo &amp; Rayane, agora passa a ser: Marcelo &amp; Rayane e Forr\u00f3 da Malla, o nome foi definido pelo trio, que segue com o forr\u00f3 rom\u00e2ntico e em breve trar\u00e3o outras novidades.<\/p>\n<p style=\"text-align: justify;\">Marcelo e Rayane, realizar\u00e3o hoje, os \u00faltimos shows pela Malla 100 Al\u00e7a, no qual fizeram parte por cerca de 11 anos, a partir de amanh\u00e3, os cantores passam a se dedicar integralmente ao projeto, que vir\u00e1 com o lan\u00e7amento do primeiro CD, previsto para acontecer no m\u00eas de mar\u00e7o e consequentemente, a realiza\u00e7\u00e3o dos primeiros shows.<\/p>\n<p><iframe title=\"Ex integrantes da Malla 100 Al\u00e7a definem nome do novo projeto   Forr\u00f3 da Malla\" width=\"500\" height=\"281\" src=\"https:\/\/www.youtube.com\/embed\/Nvec3jDv1Ck?feature=oembed\" frameborder=\"0\" allow=\"accelerometer; autoplay; clipboard-write; encrypted-media; gyroscope; picture-in-picture; web-share\" allowfullscreen><\/iframe><\/p>\n<p><strong>Di\u00e1rio do Forr\u00f3\/Foto: Reprodu\u00e7\u00e3o<\/strong><\/p>\n","protected":false},"excerpt":{"rendered":"<p>Os cantores: Marcelo Mello e Rayane Fa\u00e7anha, realizaram uma live no Instagram da vocalista, na noite deste s\u00e1bado, (09) para informar a todos os seus f\u00e3s, detalhes sobre o novo projeto musical da dupla. Uma das principais novidades desta nova fase, \u00e9 o ingresso do cantor James Cardoso, tamb\u00e9m ex-integrante da Malla 100 Al\u00e7a, que &hellip;<\/p>\n","protected":false},"author":8,"featured_media":5647,"comment_status":"open","ping_status":"open","sticky":false,"template":"","format":"standard","meta":{"content-type":"","rop_custom_images_group":[],"rop_custom_messages_group":[],"rop_publish_now":"initial","rop_publish_now_accounts":{"facebook_2648258775420054_1618374048415101":""},"rop_publish_now_history":[],"rop_publish_now_status":"pending","footnotes":"","_jetpack_memberships_contains_paid_content":false},"categories":[113,147],"tags":[2209,2210,2211,752],"yoast_head":"<!-- This site is optimized with the Yoast SEO plugin v22.3 - https:\/\/yoast.com\/wordpress\/plugins\/seo\/ -->\n<title>Ex-integrantes da Malla 100 Al\u00e7a definem nome do novo projeto; \u201cForr\u00f3 da Malla\u201d - Portal NPM<\/title>\n<meta name=\"robots\" content=\"index, follow, max-snippet:-1, max-image-preview:large, max-video-preview:-1\" \/>\n<link rel=\"canonical\" href=\"https:\/\/portalnpm.com\/index.php\/2019\/02\/12\/ex-integrantes-da-malla-100-alca-definem-nome-do-novo-projeto-forro-da-malla\/\" \/>\n<meta property=\"og:locale\" content=\"pt_BR\" \/>\n<meta property=\"og:type\" content=\"article\" \/>\n<meta property=\"og:title\" content=\"Ex-integrantes da Malla 100 Al\u00e7a definem nome do novo projeto; \u201cForr\u00f3 da Malla\u201d - Portal NPM\" \/>\n<meta property=\"og:description\" content=\"Os cantores: Marcelo Mello e Rayane Fa\u00e7anha, realizaram uma live no Instagram da vocalista, na noite deste s\u00e1bado, (09) para informar a todos os seus f\u00e3s, detalhes sobre o novo projeto musical da dupla. Uma das principais novidades desta nova fase, \u00e9 o ingresso do cantor James Cardoso, tamb\u00e9m ex-integrante da Malla 100 Al\u00e7a, que &hellip;\" \/>\n<meta property=\"og:url\" content=\"https:\/\/portalnpm.com\/index.php\/2019\/02\/12\/ex-integrantes-da-malla-100-alca-definem-nome-do-novo-projeto-forro-da-malla\/\" \/>\n<meta property=\"og:site_name\" content=\"Portal NPM\" \/>\n<meta property=\"article:published_time\" content=\"2019-02-12T22:46:40+00:00\" \/>\n<meta name=\"author\" content=\"Zenilton Lima\" \/>\n<meta name=\"twitter:card\" content=\"summary_large_image\" \/>\n<meta name=\"twitter:label1\" content=\"Escrito por\" \/>\n\t<meta name=\"twitter:data1\" content=\"Zenilton Lima\" \/>\n\t<meta name=\"twitter:label2\" content=\"Est. tempo de leitura\" \/>\n\t<meta name=\"twitter:data2\" content=\"1 minuto\" \/>\n<script type=\"application\/ld+json\" class=\"yoast-schema-graph\">{\"@context\":\"https:\/\/schema.org\",\"@graph\":[{\"@type\":\"WebPage\",\"@id\":\"https:\/\/portalnpm.com\/index.php\/2019\/02\/12\/ex-integrantes-da-malla-100-alca-definem-nome-do-novo-projeto-forro-da-malla\/\",\"url\":\"https:\/\/portalnpm.com\/index.php\/2019\/02\/12\/ex-integrantes-da-malla-100-alca-definem-nome-do-novo-projeto-forro-da-malla\/\",\"name\":\"Ex-integrantes da Malla 100 Al\u00e7a definem nome do novo projeto; \u201cForr\u00f3 da Malla\u201d - Portal NPM\",\"isPartOf\":{\"@id\":\"https:\/\/portalnpm.com\/#website\"},\"primaryImageOfPage\":{\"@id\":\"https:\/\/portalnpm.com\/index.php\/2019\/02\/12\/ex-integrantes-da-malla-100-alca-definem-nome-do-novo-projeto-forro-da-malla\/#primaryimage\"},\"image\":{\"@id\":\"https:\/\/portalnpm.com\/index.php\/2019\/02\/12\/ex-integrantes-da-malla-100-alca-definem-nome-do-novo-projeto-forro-da-malla\/#primaryimage\"},\"thumbnailUrl\":\"\",\"datePublished\":\"2019-02-12T22:46:40+00:00\",\"dateModified\":\"2019-02-12T22:46:40+00:00\",\"author\":{\"@id\":\"https:\/\/portalnpm.com\/#\/schema\/person\/35cb55186eae3f074b6783da6d35591e\"},\"breadcrumb\":{\"@id\":\"https:\/\/portalnpm.com\/index.php\/2019\/02\/12\/ex-integrantes-da-malla-100-alca-definem-nome-do-novo-projeto-forro-da-malla\/#breadcrumb\"},\"inLanguage\":\"pt-BR\",\"potentialAction\":[{\"@type\":\"ReadAction\",\"target\":[\"https:\/\/portalnpm.com\/index.php\/2019\/02\/12\/ex-integrantes-da-malla-100-alca-definem-nome-do-novo-projeto-forro-da-malla\/\"]}]},{\"@type\":\"ImageObject\",\"inLanguage\":\"pt-BR\",\"@id\":\"https:\/\/portalnpm.com\/index.php\/2019\/02\/12\/ex-integrantes-da-malla-100-alca-definem-nome-do-novo-projeto-forro-da-malla\/#primaryimage\",\"url\":\"\",\"contentUrl\":\"\"},{\"@type\":\"BreadcrumbList\",\"@id\":\"https:\/\/portalnpm.com\/index.php\/2019\/02\/12\/ex-integrantes-da-malla-100-alca-definem-nome-do-novo-projeto-forro-da-malla\/#breadcrumb\",\"itemListElement\":[{\"@type\":\"ListItem\",\"position\":1,\"name\":\"In\u00edcio\",\"item\":\"https:\/\/portalnpm.com\/\"},{\"@type\":\"ListItem\",\"position\":2,\"name\":\"Ex-integrantes da Malla 100 Al\u00e7a definem nome do novo projeto; \u201cForr\u00f3 da Malla\u201d\"}]},{\"@type\":\"WebSite\",\"@id\":\"https:\/\/portalnpm.com\/#website\",\"url\":\"https:\/\/portalnpm.com\/\",\"name\":\"Portal NPM\",\"description\":\"Not\u00edcias em Primeira M\u00e3o\",\"potentialAction\":[{\"@type\":\"SearchAction\",\"target\":{\"@type\":\"EntryPoint\",\"urlTemplate\":\"https:\/\/portalnpm.com\/?s={search_term_string}\"},\"query-input\":\"required name=search_term_string\"}],\"inLanguage\":\"pt-BR\"},{\"@type\":\"Person\",\"@id\":\"https:\/\/portalnpm.com\/#\/schema\/person\/35cb55186eae3f074b6783da6d35591e\",\"name\":\"Zenilton Lima\",\"image\":{\"@type\":\"ImageObject\",\"inLanguage\":\"pt-BR\",\"@id\":\"https:\/\/portalnpm.com\/#\/schema\/person\/image\/\",\"url\":\"https:\/\/portalnpm.com\/wp-content\/uploads\/2024\/12\/avatar_user_8_1733658137-96x96.jpeg\",\"contentUrl\":\"https:\/\/portalnpm.com\/wp-content\/uploads\/2024\/12\/avatar_user_8_1733658137-96x96.jpeg\",\"caption\":\"Zenilton Lima\"},\"url\":\"https:\/\/portalnpm.com\/index.php\/author\/zenilton\/\"}]}<\/script>\n<!-- \/ Yoast SEO plugin. -->","yoast_head_json":{"title":"Ex-integrantes da Malla 100 Al\u00e7a definem nome do novo projeto; \u201cForr\u00f3 da Malla\u201d - Portal NPM","robots":{"index":"index","follow":"follow","max-snippet":"max-snippet:-1","max-image-preview":"max-image-preview:large","max-video-preview":"max-video-preview:-1"},"canonical":"https:\/\/portalnpm.com\/index.php\/2019\/02\/12\/ex-integrantes-da-malla-100-alca-definem-nome-do-novo-projeto-forro-da-malla\/","og_locale":"pt_BR","og_type":"article","og_title":"Ex-integrantes da Malla 100 Al\u00e7a definem nome do novo projeto; \u201cForr\u00f3 da Malla\u201d - Portal NPM","og_description":"Os cantores: Marcelo Mello e Rayane Fa\u00e7anha, realizaram uma live no Instagram da vocalista, na noite deste s\u00e1bado, (09) para informar a todos os seus f\u00e3s, detalhes sobre o novo projeto musical da dupla. Uma das principais novidades desta nova fase, \u00e9 o ingresso do cantor James Cardoso, tamb\u00e9m ex-integrante da Malla 100 Al\u00e7a, que &hellip;","og_url":"https:\/\/portalnpm.com\/index.php\/2019\/02\/12\/ex-integrantes-da-malla-100-alca-definem-nome-do-novo-projeto-forro-da-malla\/","og_site_name":"Portal NPM","article_published_time":"2019-02-12T22:46:40+00:00","author":"Zenilton Lima","twitter_card":"summary_large_image","twitter_misc":{"Escrito por":"Zenilton Lima","Est. tempo de leitura":"1 minuto"},"schema":{"@context":"https:\/\/schema.org","@graph":[{"@type":"WebPage","@id":"https:\/\/portalnpm.com\/index.php\/2019\/02\/12\/ex-integrantes-da-malla-100-alca-definem-nome-do-novo-projeto-forro-da-malla\/","url":"https:\/\/portalnpm.com\/index.php\/2019\/02\/12\/ex-integrantes-da-malla-100-alca-definem-nome-do-novo-projeto-forro-da-malla\/","name":"Ex-integrantes da Malla 100 Al\u00e7a definem nome do novo projeto; \u201cForr\u00f3 da Malla\u201d - Portal NPM","isPartOf":{"@id":"https:\/\/portalnpm.com\/#website"},"primaryImageOfPage":{"@id":"https:\/\/portalnpm.com\/index.php\/2019\/02\/12\/ex-integrantes-da-malla-100-alca-definem-nome-do-novo-projeto-forro-da-malla\/#primaryimage"},"image":{"@id":"https:\/\/portalnpm.com\/index.php\/2019\/02\/12\/ex-integrantes-da-malla-100-alca-definem-nome-do-novo-projeto-forro-da-malla\/#primaryimage"},"thumbnailUrl":"","datePublished":"2019-02-12T22:46:40+00:00","dateModified":"2019-02-12T22:46:40+00:00","author":{"@id":"https:\/\/portalnpm.com\/#\/schema\/person\/35cb55186eae3f074b6783da6d35591e"},"breadcrumb":{"@id":"https:\/\/portalnpm.com\/index.php\/2019\/02\/12\/ex-integrantes-da-malla-100-alca-definem-nome-do-novo-projeto-forro-da-malla\/#breadcrumb"},"inLanguage":"pt-BR","potentialAction":[{"@type":"ReadAction","target":["https:\/\/portalnpm.com\/index.php\/2019\/02\/12\/ex-integrantes-da-malla-100-alca-definem-nome-do-novo-projeto-forro-da-malla\/"]}]},{"@type":"ImageObject","inLanguage":"pt-BR","@id":"https:\/\/portalnpm.com\/index.php\/2019\/02\/12\/ex-integrantes-da-malla-100-alca-definem-nome-do-novo-projeto-forro-da-malla\/#primaryimage","url":"","contentUrl":""},{"@type":"BreadcrumbList","@id":"https:\/\/portalnpm.com\/index.php\/2019\/02\/12\/ex-integrantes-da-malla-100-alca-definem-nome-do-novo-projeto-forro-da-malla\/#breadcrumb","itemListElement":[{"@type":"ListItem","position":1,"name":"In\u00edcio","item":"https:\/\/portalnpm.com\/"},{"@type":"ListItem","position":2,"name":"Ex-integrantes da Malla 100 Al\u00e7a definem nome do novo projeto; \u201cForr\u00f3 da Malla\u201d"}]},{"@type":"WebSite","@id":"https:\/\/portalnpm.com\/#website","url":"https:\/\/portalnpm.com\/","name":"Portal NPM","description":"Not\u00edcias em Primeira M\u00e3o","potentialAction":[{"@type":"SearchAction","target":{"@type":"EntryPoint","urlTemplate":"https:\/\/portalnpm.com\/?s={search_term_string}"},"query-input":"required name=search_term_string"}],"inLanguage":"pt-BR"},{"@type":"Person","@id":"https:\/\/portalnpm.com\/#\/schema\/person\/35cb55186eae3f074b6783da6d35591e","name":"Zenilton Lima","image":{"@type":"ImageObject","inLanguage":"pt-BR","@id":"https:\/\/portalnpm.com\/#\/schema\/person\/image\/","url":"https:\/\/portalnpm.com\/wp-content\/uploads\/2024\/12\/avatar_user_8_1733658137-96x96.jpeg","contentUrl":"https:\/\/portalnpm.com\/wp-content\/uploads\/2024\/12\/avatar_user_8_1733658137-96x96.jpeg","caption":"Zenilton Lima"},"url":"https:\/\/portalnpm.com\/index.php\/author\/zenilton\/"}]}},"jetpack_sharing_enabled":true,"jetpack_featured_media_url":"","_links":{"self":[{"href":"https:\/\/portalnpm.com\/index.php\/wp-json\/wp\/v2\/posts\/5645"}],"collection":[{"href":"https:\/\/portalnpm.com\/index.php\/wp-json\/wp\/v2\/posts"}],"about":[{"href":"https:\/\/portalnpm.com\/index.php\/wp-json\/wp\/v2\/types\/post"}],"author":[{"embeddable":true,"href":"https:\/\/portalnpm.com\/index.php\/wp-json\/wp\/v2\/users\/8"}],"replies":[{"embeddable":true,"href":"https:\/\/portalnpm.com\/index.php\/wp-json\/wp\/v2\/comments?post=5645"}],"version-history":[{"count":0,"href":"https:\/\/portalnpm.com\/index.php\/wp-json\/wp\/v2\/posts\/5645\/revisions"}],"wp:featuredmedia":[{"embeddable":true,"href":"https:\/\/portalnpm.com\/index.php\/wp-json\/"}],"wp:attachment":[{"href":"https:\/\/portalnpm.com\/index.php\/wp-json\/wp\/v2\/media?parent=5645"}],"wp:term":[{"taxonomy":"category","embeddable":true,"href":"https:\/\/portalnpm.com\/index.php\/wp-json\/wp\/v2\/categories?post=5645"},{"taxonomy":"post_tag","embeddable":true,"href":"https:\/\/portalnpm.com\/index.php\/wp-json\/wp\/v2\/tags?post=5645"}],"curies":[{"name":"wp","href":"https:\/\/api.w.org\/{rel}","templated":true}]}}