{"id":5648,"date":"2019-02-12T21:26:21","date_gmt":"2019-02-12T23:26:21","guid":{"rendered":"http:\/\/srv.portalnpm.com.br\/?p=5648"},"modified":"2019-02-12T21:26:21","modified_gmt":"2019-02-12T23:26:21","slug":"jovem-de-cidade-do-piaui-diagnosticada-com-cancer-precisa-de-ajuda-para-custear-tratamento","status":"publish","type":"post","link":"https:\/\/portalnpm.com\/index.php\/2019\/02\/12\/jovem-de-cidade-do-piaui-diagnosticada-com-cancer-precisa-de-ajuda-para-custear-tratamento\/","title":{"rendered":"Jovem de cidade do Piau\u00ed diagnosticada com c\u00e2ncer precisa de ajuda para custear tratamento"},"content":{"rendered":"<p style=\"text-align: justify;\">A jovem campomaiorense\u00a0Lorena Geise, de 27 anos, foi diagnosticada no ano passado com c\u00e2ncer no colo do \u00fatero (Carcinoma epiderm\u00f3ide), que \u00e9 um tipo de c\u00e2ncer agressivo e desde ent\u00e3o conta com a solidariedade para ajudar no tratamento, j\u00e1 que est\u00e1 impossibilitada de trabalhar.<\/p>\n<p style=\"text-align: justify;\">Entre os dia 10 e 20 de fevereiro, ela est\u00e1 organizando uma bazar e est\u00e1 pedindo roupas, cal\u00e7ados, acess\u00f3rios, sand\u00e1lias, bolsas, cintos, novos ou semi novos em bom estado de conserva\u00e7\u00e3o.<\/p>\n<p style=\"text-align: justify;\">As doa\u00e7\u00f5es podem ser entregues na Rua Coronel Eul\u00e1lio Filho, N\u00aa 02, Centro, mesma rua da Delegacia.<\/p>\n<p style=\"text-align: justify;\">Atrav\u00e9s das redes sociais, Lorena Geise, explicou a import\u00e2ncia da realiza\u00e7\u00e3o do bazar.<\/p>\n<p style=\"text-align: justify;\">\u201cEstamos arrecadando itens para um bazar em benef\u00edcio do meu tratamento, o dinheiro servir\u00e1 para medicamentos, passagens, alimenta\u00e7\u00e3o e etc, pois por conta do problema que venho enfrentando n\u00e3o estou conseguindo trabalhar O bazar ser\u00e1 popular com valores bem acess\u00edveis\u201d, declarou Lorena.<\/p>\n<figure id=\"attachment_5649\" aria-describedby=\"caption-attachment-5649\" style=\"width: 212px\" class=\"wp-caption alignnone\"><img fetchpriority=\"high\" decoding=\"async\" class=\"size-medium wp-image-5649\" src=\"http:\/\/portalnpm.com.br\/wp-content\/uploads\/2019\/02\/lorena-1-212x300.jpg\" alt=\"\" width=\"212\" height=\"300\" \/><figcaption id=\"caption-attachment-5649\" class=\"wp-caption-text\">Foto\u00a0divulga\u00e7\u00e3o<\/figcaption><\/figure>\n<figure id=\"attachment_5650\" aria-describedby=\"caption-attachment-5650\" style=\"width: 225px\" class=\"wp-caption alignnone\"><img decoding=\"async\" class=\"size-medium wp-image-5650\" src=\"http:\/\/portalnpm.com.br\/wp-content\/uploads\/2019\/02\/lorena-225x300.jpg\" alt=\"\" width=\"225\" height=\"300\" \/><figcaption id=\"caption-attachment-5650\" class=\"wp-caption-text\">Foto divulga\u00e7\u00e3o<\/figcaption><\/figure>\n<p><em><strong><span class=\"source\">Fonte:<\/span>\u00a0<span class=\"sourceContent\">Portal Fato<\/span><\/strong><\/em><\/p>\n","protected":false},"excerpt":{"rendered":"<p>A jovem campomaiorense\u00a0Lorena Geise, de 27 anos, foi diagnosticada no ano passado com c\u00e2ncer no colo do \u00fatero (Carcinoma epiderm\u00f3ide), que \u00e9 um tipo de c\u00e2ncer agressivo e desde ent\u00e3o conta com a solidariedade para ajudar no tratamento, j\u00e1 que est\u00e1 impossibilitada de trabalhar. Entre os dia 10 e 20 de fevereiro, ela est\u00e1 organizando &hellip;<\/p>\n","protected":false},"author":8,"featured_media":5650,"comment_status":"open","ping_status":"open","sticky":false,"template":"","format":"standard","meta":{"content-type":"","rop_custom_images_group":[],"rop_custom_messages_group":[],"rop_publish_now":"initial","rop_publish_now_accounts":{"facebook_2648258775420054_1618374048415101":""},"rop_publish_now_history":[],"rop_publish_now_status":"pending","footnotes":"","_jetpack_memberships_contains_paid_content":false},"categories":[113,109],"tags":[432,2212,172],"yoast_head":"<!-- This site is optimized with the Yoast SEO plugin v22.3 - https:\/\/yoast.com\/wordpress\/plugins\/seo\/ -->\n<title>Jovem de cidade do Piau\u00ed diagnosticada com c\u00e2ncer precisa de ajuda para custear tratamento - Portal NPM<\/title>\n<meta name=\"robots\" content=\"index, follow, max-snippet:-1, max-image-preview:large, max-video-preview:-1\" \/>\n<link rel=\"canonical\" href=\"https:\/\/portalnpm.com\/index.php\/2019\/02\/12\/jovem-de-cidade-do-piaui-diagnosticada-com-cancer-precisa-de-ajuda-para-custear-tratamento\/\" \/>\n<meta property=\"og:locale\" content=\"pt_BR\" \/>\n<meta property=\"og:type\" content=\"article\" \/>\n<meta property=\"og:title\" content=\"Jovem de cidade do Piau\u00ed diagnosticada com c\u00e2ncer precisa de ajuda para custear tratamento - Portal NPM\" \/>\n<meta property=\"og:description\" content=\"A jovem campomaiorense\u00a0Lorena Geise, de 27 anos, foi diagnosticada no ano passado com c\u00e2ncer no colo do \u00fatero (Carcinoma epiderm\u00f3ide), que \u00e9 um tipo de c\u00e2ncer agressivo e desde ent\u00e3o conta com a solidariedade para ajudar no tratamento, j\u00e1 que est\u00e1 impossibilitada de trabalhar. Entre os dia 10 e 20 de fevereiro, ela est\u00e1 organizando &hellip;\" \/>\n<meta property=\"og:url\" content=\"https:\/\/portalnpm.com\/index.php\/2019\/02\/12\/jovem-de-cidade-do-piaui-diagnosticada-com-cancer-precisa-de-ajuda-para-custear-tratamento\/\" \/>\n<meta property=\"og:site_name\" content=\"Portal NPM\" \/>\n<meta property=\"article:published_time\" content=\"2019-02-12T23:26:21+00:00\" \/>\n<meta name=\"author\" content=\"Zenilton Lima\" \/>\n<meta name=\"twitter:card\" content=\"summary_large_image\" \/>\n<meta name=\"twitter:label1\" content=\"Escrito por\" \/>\n\t<meta name=\"twitter:data1\" content=\"Zenilton Lima\" \/>\n\t<meta name=\"twitter:label2\" content=\"Est. tempo de leitura\" \/>\n\t<meta name=\"twitter:data2\" content=\"1 minuto\" \/>\n<script type=\"application\/ld+json\" class=\"yoast-schema-graph\">{\"@context\":\"https:\/\/schema.org\",\"@graph\":[{\"@type\":\"WebPage\",\"@id\":\"https:\/\/portalnpm.com\/index.php\/2019\/02\/12\/jovem-de-cidade-do-piaui-diagnosticada-com-cancer-precisa-de-ajuda-para-custear-tratamento\/\",\"url\":\"https:\/\/portalnpm.com\/index.php\/2019\/02\/12\/jovem-de-cidade-do-piaui-diagnosticada-com-cancer-precisa-de-ajuda-para-custear-tratamento\/\",\"name\":\"Jovem de cidade do Piau\u00ed diagnosticada com c\u00e2ncer precisa de ajuda para custear tratamento - Portal NPM\",\"isPartOf\":{\"@id\":\"https:\/\/portalnpm.com\/#website\"},\"primaryImageOfPage\":{\"@id\":\"https:\/\/portalnpm.com\/index.php\/2019\/02\/12\/jovem-de-cidade-do-piaui-diagnosticada-com-cancer-precisa-de-ajuda-para-custear-tratamento\/#primaryimage\"},\"image\":{\"@id\":\"https:\/\/portalnpm.com\/index.php\/2019\/02\/12\/jovem-de-cidade-do-piaui-diagnosticada-com-cancer-precisa-de-ajuda-para-custear-tratamento\/#primaryimage\"},\"thumbnailUrl\":\"\",\"datePublished\":\"2019-02-12T23:26:21+00:00\",\"dateModified\":\"2019-02-12T23:26:21+00:00\",\"author\":{\"@id\":\"https:\/\/portalnpm.com\/#\/schema\/person\/35cb55186eae3f074b6783da6d35591e\"},\"breadcrumb\":{\"@id\":\"https:\/\/portalnpm.com\/index.php\/2019\/02\/12\/jovem-de-cidade-do-piaui-diagnosticada-com-cancer-precisa-de-ajuda-para-custear-tratamento\/#breadcrumb\"},\"inLanguage\":\"pt-BR\",\"potentialAction\":[{\"@type\":\"ReadAction\",\"target\":[\"https:\/\/portalnpm.com\/index.php\/2019\/02\/12\/jovem-de-cidade-do-piaui-diagnosticada-com-cancer-precisa-de-ajuda-para-custear-tratamento\/\"]}]},{\"@type\":\"ImageObject\",\"inLanguage\":\"pt-BR\",\"@id\":\"https:\/\/portalnpm.com\/index.php\/2019\/02\/12\/jovem-de-cidade-do-piaui-diagnosticada-com-cancer-precisa-de-ajuda-para-custear-tratamento\/#primaryimage\",\"url\":\"\",\"contentUrl\":\"\"},{\"@type\":\"BreadcrumbList\",\"@id\":\"https:\/\/portalnpm.com\/index.php\/2019\/02\/12\/jovem-de-cidade-do-piaui-diagnosticada-com-cancer-precisa-de-ajuda-para-custear-tratamento\/#breadcrumb\",\"itemListElement\":[{\"@type\":\"ListItem\",\"position\":1,\"name\":\"In\u00edcio\",\"item\":\"https:\/\/portalnpm.com\/\"},{\"@type\":\"ListItem\",\"position\":2,\"name\":\"Jovem de cidade do Piau\u00ed diagnosticada com c\u00e2ncer precisa de ajuda para custear tratamento\"}]},{\"@type\":\"WebSite\",\"@id\":\"https:\/\/portalnpm.com\/#website\",\"url\":\"https:\/\/portalnpm.com\/\",\"name\":\"Portal NPM\",\"description\":\"Not\u00edcias em Primeira M\u00e3o\",\"potentialAction\":[{\"@type\":\"SearchAction\",\"target\":{\"@type\":\"EntryPoint\",\"urlTemplate\":\"https:\/\/portalnpm.com\/?s={search_term_string}\"},\"query-input\":\"required name=search_term_string\"}],\"inLanguage\":\"pt-BR\"},{\"@type\":\"Person\",\"@id\":\"https:\/\/portalnpm.com\/#\/schema\/person\/35cb55186eae3f074b6783da6d35591e\",\"name\":\"Zenilton Lima\",\"image\":{\"@type\":\"ImageObject\",\"inLanguage\":\"pt-BR\",\"@id\":\"https:\/\/portalnpm.com\/#\/schema\/person\/image\/\",\"url\":\"https:\/\/portalnpm.com\/wp-content\/uploads\/2024\/12\/avatar_user_8_1733658137-96x96.jpeg\",\"contentUrl\":\"https:\/\/portalnpm.com\/wp-content\/uploads\/2024\/12\/avatar_user_8_1733658137-96x96.jpeg\",\"caption\":\"Zenilton Lima\"},\"url\":\"https:\/\/portalnpm.com\/index.php\/author\/zenilton\/\"}]}<\/script>\n<!-- \/ Yoast SEO plugin. -->","yoast_head_json":{"title":"Jovem de cidade do Piau\u00ed diagnosticada com c\u00e2ncer precisa de ajuda para custear tratamento - Portal NPM","robots":{"index":"index","follow":"follow","max-snippet":"max-snippet:-1","max-image-preview":"max-image-preview:large","max-video-preview":"max-video-preview:-1"},"canonical":"https:\/\/portalnpm.com\/index.php\/2019\/02\/12\/jovem-de-cidade-do-piaui-diagnosticada-com-cancer-precisa-de-ajuda-para-custear-tratamento\/","og_locale":"pt_BR","og_type":"article","og_title":"Jovem de cidade do Piau\u00ed diagnosticada com c\u00e2ncer precisa de ajuda para custear tratamento - Portal NPM","og_description":"A jovem campomaiorense\u00a0Lorena Geise, de 27 anos, foi diagnosticada no ano passado com c\u00e2ncer no colo do \u00fatero (Carcinoma epiderm\u00f3ide), que \u00e9 um tipo de c\u00e2ncer agressivo e desde ent\u00e3o conta com a solidariedade para ajudar no tratamento, j\u00e1 que est\u00e1 impossibilitada de trabalhar. Entre os dia 10 e 20 de fevereiro, ela est\u00e1 organizando &hellip;","og_url":"https:\/\/portalnpm.com\/index.php\/2019\/02\/12\/jovem-de-cidade-do-piaui-diagnosticada-com-cancer-precisa-de-ajuda-para-custear-tratamento\/","og_site_name":"Portal NPM","article_published_time":"2019-02-12T23:26:21+00:00","author":"Zenilton Lima","twitter_card":"summary_large_image","twitter_misc":{"Escrito por":"Zenilton Lima","Est. tempo de leitura":"1 minuto"},"schema":{"@context":"https:\/\/schema.org","@graph":[{"@type":"WebPage","@id":"https:\/\/portalnpm.com\/index.php\/2019\/02\/12\/jovem-de-cidade-do-piaui-diagnosticada-com-cancer-precisa-de-ajuda-para-custear-tratamento\/","url":"https:\/\/portalnpm.com\/index.php\/2019\/02\/12\/jovem-de-cidade-do-piaui-diagnosticada-com-cancer-precisa-de-ajuda-para-custear-tratamento\/","name":"Jovem de cidade do Piau\u00ed diagnosticada com c\u00e2ncer precisa de ajuda para custear tratamento - Portal NPM","isPartOf":{"@id":"https:\/\/portalnpm.com\/#website"},"primaryImageOfPage":{"@id":"https:\/\/portalnpm.com\/index.php\/2019\/02\/12\/jovem-de-cidade-do-piaui-diagnosticada-com-cancer-precisa-de-ajuda-para-custear-tratamento\/#primaryimage"},"image":{"@id":"https:\/\/portalnpm.com\/index.php\/2019\/02\/12\/jovem-de-cidade-do-piaui-diagnosticada-com-cancer-precisa-de-ajuda-para-custear-tratamento\/#primaryimage"},"thumbnailUrl":"","datePublished":"2019-02-12T23:26:21+00:00","dateModified":"2019-02-12T23:26:21+00:00","author":{"@id":"https:\/\/portalnpm.com\/#\/schema\/person\/35cb55186eae3f074b6783da6d35591e"},"breadcrumb":{"@id":"https:\/\/portalnpm.com\/index.php\/2019\/02\/12\/jovem-de-cidade-do-piaui-diagnosticada-com-cancer-precisa-de-ajuda-para-custear-tratamento\/#breadcrumb"},"inLanguage":"pt-BR","potentialAction":[{"@type":"ReadAction","target":["https:\/\/portalnpm.com\/index.php\/2019\/02\/12\/jovem-de-cidade-do-piaui-diagnosticada-com-cancer-precisa-de-ajuda-para-custear-tratamento\/"]}]},{"@type":"ImageObject","inLanguage":"pt-BR","@id":"https:\/\/portalnpm.com\/index.php\/2019\/02\/12\/jovem-de-cidade-do-piaui-diagnosticada-com-cancer-precisa-de-ajuda-para-custear-tratamento\/#primaryimage","url":"","contentUrl":""},{"@type":"BreadcrumbList","@id":"https:\/\/portalnpm.com\/index.php\/2019\/02\/12\/jovem-de-cidade-do-piaui-diagnosticada-com-cancer-precisa-de-ajuda-para-custear-tratamento\/#breadcrumb","itemListElement":[{"@type":"ListItem","position":1,"name":"In\u00edcio","item":"https:\/\/portalnpm.com\/"},{"@type":"ListItem","position":2,"name":"Jovem de cidade do Piau\u00ed diagnosticada com c\u00e2ncer precisa de ajuda para custear tratamento"}]},{"@type":"WebSite","@id":"https:\/\/portalnpm.com\/#website","url":"https:\/\/portalnpm.com\/","name":"Portal NPM","description":"Not\u00edcias em Primeira M\u00e3o","potentialAction":[{"@type":"SearchAction","target":{"@type":"EntryPoint","urlTemplate":"https:\/\/portalnpm.com\/?s={search_term_string}"},"query-input":"required name=search_term_string"}],"inLanguage":"pt-BR"},{"@type":"Person","@id":"https:\/\/portalnpm.com\/#\/schema\/person\/35cb55186eae3f074b6783da6d35591e","name":"Zenilton Lima","image":{"@type":"ImageObject","inLanguage":"pt-BR","@id":"https:\/\/portalnpm.com\/#\/schema\/person\/image\/","url":"https:\/\/portalnpm.com\/wp-content\/uploads\/2024\/12\/avatar_user_8_1733658137-96x96.jpeg","contentUrl":"https:\/\/portalnpm.com\/wp-content\/uploads\/2024\/12\/avatar_user_8_1733658137-96x96.jpeg","caption":"Zenilton Lima"},"url":"https:\/\/portalnpm.com\/index.php\/author\/zenilton\/"}]}},"jetpack_sharing_enabled":true,"jetpack_featured_media_url":"","_links":{"self":[{"href":"https:\/\/portalnpm.com\/index.php\/wp-json\/wp\/v2\/posts\/5648"}],"collection":[{"href":"https:\/\/portalnpm.com\/index.php\/wp-json\/wp\/v2\/posts"}],"about":[{"href":"https:\/\/portalnpm.com\/index.php\/wp-json\/wp\/v2\/types\/post"}],"author":[{"embeddable":true,"href":"https:\/\/portalnpm.com\/index.php\/wp-json\/wp\/v2\/users\/8"}],"replies":[{"embeddable":true,"href":"https:\/\/portalnpm.com\/index.php\/wp-json\/wp\/v2\/comments?post=5648"}],"version-history":[{"count":0,"href":"https:\/\/portalnpm.com\/index.php\/wp-json\/wp\/v2\/posts\/5648\/revisions"}],"wp:featuredmedia":[{"embeddable":true,"href":"https:\/\/portalnpm.com\/index.php\/wp-json\/"}],"wp:attachment":[{"href":"https:\/\/portalnpm.com\/index.php\/wp-json\/wp\/v2\/media?parent=5648"}],"wp:term":[{"taxonomy":"category","embeddable":true,"href":"https:\/\/portalnpm.com\/index.php\/wp-json\/wp\/v2\/categories?post=5648"},{"taxonomy":"post_tag","embeddable":true,"href":"https:\/\/portalnpm.com\/index.php\/wp-json\/wp\/v2\/tags?post=5648"}],"curies":[{"name":"wp","href":"https:\/\/api.w.org\/{rel}","templated":true}]}}