{"id":56495,"date":"2020-08-15T09:45:01","date_gmt":"2020-08-15T12:45:01","guid":{"rendered":"https:\/\/portalnpm.com\/index.php\/2020\/08\/15\/picos-registra-mais-uma-morte-por-covid-19\/"},"modified":"2020-08-15T09:45:01","modified_gmt":"2020-08-15T12:45:01","slug":"picos-registra-mais-uma-morte-por-covid-19","status":"publish","type":"post","link":"https:\/\/portalnpm.com\/index.php\/2020\/08\/15\/picos-registra-mais-uma-morte-por-covid-19\/","title":{"rendered":"Picos registra mais uma morte por Covid-19"},"content":{"rendered":"<p style=\"text-align: justify;\">O n\u00famero de mortes pelo novo coronav\u00edrus segue aumentando em Picos. J\u00e1 s\u00e3o 38 vidas perdidas em decorr\u00eancia de complica\u00e7\u00f5es causadas pela doen\u00e7a com o registro de mais um \u00f3bito nesta sexta-feira (14). A v\u00edtima foi um homem de 80 anos.<\/p>\n<p style=\"text-align: justify;\">\n<p style=\"text-align: justify;\">O idoso estava internado na \u00e1rea covid do Hospital Regional Justino Luz de Picos e tinha hist\u00f3rico de doen\u00e7a neurol\u00f3gica.<\/p>\n<p style=\"text-align: justify;\"><span style=\"font-size: 20px;\"><strong>Picos chega aos 2.260 casos de Covid-19<\/strong><\/span><\/p>\n<p style=\"text-align: justify;\">Com a falta de testes para o diagn\u00f3stico da Covid-19, a cidade de Picos tem registrado um n\u00famero baixo de casos nesta semana. Cinco pessoas testaram positivo para o novo coronav\u00edrus nesta sexta-feira, chegando a um total de 2.260 casos confirmados da doen\u00e7a.<\/p>\n<p style=\"text-align: justify;\">A cidade tem 1.524 pessoas recuperadas da Covid-19 e j\u00e1 registrou 38 \u00f3bitos em decorr\u00eancia da doen\u00e7a.<\/p>\n<p style=\"text-align: justify;\"><strong>Boletim do HRJL<\/strong><\/p>\n<p style=\"text-align: justify;\">O Hospital Regional Justino Luz (HRJL) tem 31 pacientes internados na \u00e1rea covid.<\/p>\n<p style=\"text-align: justify;\">Na UTI de S\u00edndrome Respirat\u00f3ria Aguda Grave est\u00e3o internados 07 pacientes.<\/p>\n<p style=\"text-align: justify;\">\u2022Picos (01Positivo e 01 Suspeito)<\/p>\n<p style=\"text-align: justify;\">\u2022 Santa Cruz do Piau\u00ed (01 positivo)<\/p>\n<p style=\"text-align: justify;\">\u2022Geminiano (01 negativo)<\/p>\n<p style=\"text-align: justify;\">\u2022S\u00e3o Juli\u00e3o (01 negativo)<\/p>\n<p style=\"text-align: justify;\">\u2022Jaic\u00f3s (01 positivo)<\/p>\n<p style=\"text-align: justify;\">\u2022Itain\u00f3polis (01 positivo)<\/p>\n<p style=\"text-align: justify;\"><strong>Na enfermaria est\u00e3o internados 24 pacientes.<\/strong><\/p>\n<p style=\"text-align: justify;\">\u2022Picos (04 positivos, 02 suspeitos e 01 negativo)<\/p>\n<p style=\"text-align: justify;\">\u2022Francisco Santos (02 positivos)<\/p>\n<p style=\"text-align: justify;\">\u2022Bet\u00e2nia do Piau\u00ed (01 suspeito)<\/p>\n<p style=\"text-align: justify;\">\u2022Aroeiras do Itaim (01 suspeito)<\/p>\n<p style=\"text-align: justify;\">\u2022S\u00e3o Jo\u00e3o da Canabrava (01 suspeito)<\/p>\n<p style=\"text-align: justify;\">\u2022Massap\u00ea (01 positivo)<\/p>\n<p style=\"text-align: justify;\">\u2022Concei\u00e7\u00e3o do Canind\u00e9 (01 positivo)<\/p>\n<p style=\"text-align: justify;\">\u2022S\u00e3o Jos\u00e9 do Piau\u00ed (01 positivo)<\/p>\n<p style=\"text-align: justify;\">\u2022Jaic\u00f3s (01 positivo)<\/p>\n<p style=\"text-align: justify;\">\u2022Alegrete do Piau\u00ed (01 suspeito)<\/p>\n<p style=\"text-align: justify;\">\u2022Santa Cruz do Piau\u00ed (01 positivo)<\/p>\n<p style=\"text-align: justify;\">\u2022Vila Nova do Piau\u00ed (01 positivo)<\/p>\n<p style=\"text-align: justify;\">\u2022Vera Mendes (01 suspeito)<\/p>\n<p style=\"text-align: justify;\">\u2022Monsenhor Hip\u00f3lito (01 positivo)<\/p>\n<p style=\"text-align: justify;\">\u2022Valen\u00e7a (01 positivo)<\/p>\n<p style=\"text-align: justify;\">\u2022S\u00e3o Jo\u00e3o da Canabrava (01 positivo e 01 suspeito)<\/p>\n<p style=\"text-align: justify;\">*Uma paciente de Picos que \u00e9 um caso suspeito, foi transferida para Teresina.<\/p>\n<p style=\"text-align: justify;\">\u00d3bito com suspeita de coronav\u00edrus<\/p>\n<p style=\"text-align: justify;\">Um paciente, caso suspeito, 89 anos, sem relatos de comorbidades, faleceu na \u00e1rea covid do Hospital Regional. Foi colhida amostra para exame da Covid-19 e enviado pra o Laborat\u00f3rio Central do Piau\u00ed, em Teresina.<\/p>\n<p style=\"text-align: justify;\">Fonte: Riach\u00e3o Net<\/p>\n","protected":false},"excerpt":{"rendered":"<p>O n\u00famero de mortes pelo novo coronav\u00edrus segue aumentando em Picos. J\u00e1 s\u00e3o 38 vidas perdidas em decorr\u00eancia de complica\u00e7\u00f5es causadas pela doen\u00e7a com o registro de mais um \u00f3bito nesta sexta-feira (14). A v\u00edtima foi um homem de 80 anos. O idoso estava internado na \u00e1rea covid do Hospital Regional Justino Luz de Picos &hellip;<\/p>\n","protected":false},"author":2,"featured_media":56496,"comment_status":"open","ping_status":"open","sticky":false,"template":"","format":"standard","meta":{"content-type":"","rop_custom_images_group":[],"rop_custom_messages_group":[],"rop_publish_now":"initial","rop_publish_now_accounts":{"facebook_2648258775420054_1618374048415101":""},"rop_publish_now_history":[],"rop_publish_now_status":"pending","footnotes":"","_jetpack_memberships_contains_paid_content":false},"categories":[109,127],"tags":[1113,662,5746],"yoast_head":"<!-- This site is optimized with the Yoast SEO plugin v22.3 - https:\/\/yoast.com\/wordpress\/plugins\/seo\/ -->\n<title>Picos registra mais uma morte por Covid-19<\/title>\n<meta name=\"robots\" content=\"index, follow, max-snippet:-1, max-image-preview:large, max-video-preview:-1\" \/>\n<link rel=\"canonical\" href=\"https:\/\/portalnpm.com\/index.php\/2020\/08\/15\/picos-registra-mais-uma-morte-por-covid-19\/\" \/>\n<meta property=\"og:locale\" content=\"pt_BR\" \/>\n<meta property=\"og:type\" content=\"article\" \/>\n<meta property=\"og:title\" content=\"Picos registra mais uma morte por Covid-19\" \/>\n<meta property=\"og:description\" content=\"O n\u00famero de mortes pelo novo coronav\u00edrus segue aumentando em Picos. J\u00e1 s\u00e3o 38 vidas perdidas em decorr\u00eancia de complica\u00e7\u00f5es causadas pela doen\u00e7a com o registro de mais um \u00f3bito nesta sexta-feira (14). A v\u00edtima foi um homem de 80 anos. O idoso estava internado na \u00e1rea covid do Hospital Regional Justino Luz de Picos &hellip;\" \/>\n<meta property=\"og:url\" content=\"https:\/\/portalnpm.com\/index.php\/2020\/08\/15\/picos-registra-mais-uma-morte-por-covid-19\/\" \/>\n<meta property=\"og:site_name\" content=\"Portal NPM\" \/>\n<meta property=\"article:published_time\" content=\"2020-08-15T12:45:01+00:00\" \/>\n<meta property=\"og:image\" content=\"https:\/\/portalnpm.com\/wp-content\/uploads\/2024\/01\/117366801_622877218270722_8346770340498911377_n.jpg\" \/>\n\t<meta property=\"og:image:width\" content=\"765\" \/>\n\t<meta property=\"og:image:height\" content=\"510\" \/>\n\t<meta property=\"og:image:type\" content=\"image\/jpeg\" \/>\n<meta name=\"author\" content=\"Genival Barbosa\" \/>\n<meta name=\"twitter:card\" content=\"summary_large_image\" \/>\n<meta name=\"twitter:label1\" content=\"Escrito por\" \/>\n\t<meta name=\"twitter:data1\" content=\"Genival Barbosa\" \/>\n\t<meta name=\"twitter:label2\" content=\"Est. tempo de leitura\" \/>\n\t<meta name=\"twitter:data2\" content=\"2 minutos\" \/>\n<script type=\"application\/ld+json\" class=\"yoast-schema-graph\">{\"@context\":\"https:\/\/schema.org\",\"@graph\":[{\"@type\":\"WebPage\",\"@id\":\"https:\/\/portalnpm.com\/index.php\/2020\/08\/15\/picos-registra-mais-uma-morte-por-covid-19\/\",\"url\":\"https:\/\/portalnpm.com\/index.php\/2020\/08\/15\/picos-registra-mais-uma-morte-por-covid-19\/\",\"name\":\"Picos registra mais uma morte por Covid-19\",\"isPartOf\":{\"@id\":\"https:\/\/portalnpm.com\/#website\"},\"primaryImageOfPage\":{\"@id\":\"https:\/\/portalnpm.com\/index.php\/2020\/08\/15\/picos-registra-mais-uma-morte-por-covid-19\/#primaryimage\"},\"image\":{\"@id\":\"https:\/\/portalnpm.com\/index.php\/2020\/08\/15\/picos-registra-mais-uma-morte-por-covid-19\/#primaryimage\"},\"thumbnailUrl\":\"https:\/\/portalnpm.com\/wp-content\/uploads\/2024\/01\/117366801_622877218270722_8346770340498911377_n.jpg\",\"datePublished\":\"2020-08-15T12:45:01+00:00\",\"dateModified\":\"2020-08-15T12:45:01+00:00\",\"author\":{\"@id\":\"https:\/\/portalnpm.com\/#\/schema\/person\/49313e563cfdefcc167f1ee4c017c294\"},\"breadcrumb\":{\"@id\":\"https:\/\/portalnpm.com\/index.php\/2020\/08\/15\/picos-registra-mais-uma-morte-por-covid-19\/#breadcrumb\"},\"inLanguage\":\"pt-BR\",\"potentialAction\":[{\"@type\":\"ReadAction\",\"target\":[\"https:\/\/portalnpm.com\/index.php\/2020\/08\/15\/picos-registra-mais-uma-morte-por-covid-19\/\"]}]},{\"@type\":\"ImageObject\",\"inLanguage\":\"pt-BR\",\"@id\":\"https:\/\/portalnpm.com\/index.php\/2020\/08\/15\/picos-registra-mais-uma-morte-por-covid-19\/#primaryimage\",\"url\":\"https:\/\/portalnpm.com\/wp-content\/uploads\/2024\/01\/117366801_622877218270722_8346770340498911377_n.jpg\",\"contentUrl\":\"https:\/\/portalnpm.com\/wp-content\/uploads\/2024\/01\/117366801_622877218270722_8346770340498911377_n.jpg\",\"width\":765,\"height\":510},{\"@type\":\"BreadcrumbList\",\"@id\":\"https:\/\/portalnpm.com\/index.php\/2020\/08\/15\/picos-registra-mais-uma-morte-por-covid-19\/#breadcrumb\",\"itemListElement\":[{\"@type\":\"ListItem\",\"position\":1,\"name\":\"In\u00edcio\",\"item\":\"https:\/\/portalnpm.com\/\"},{\"@type\":\"ListItem\",\"position\":2,\"name\":\"Picos registra mais uma morte por Covid-19\"}]},{\"@type\":\"WebSite\",\"@id\":\"https:\/\/portalnpm.com\/#website\",\"url\":\"https:\/\/portalnpm.com\/\",\"name\":\"Portal NPM\",\"description\":\"Not\u00edcias em Primeira M\u00e3o\",\"potentialAction\":[{\"@type\":\"SearchAction\",\"target\":{\"@type\":\"EntryPoint\",\"urlTemplate\":\"https:\/\/portalnpm.com\/?s={search_term_string}\"},\"query-input\":\"required name=search_term_string\"}],\"inLanguage\":\"pt-BR\"},{\"@type\":\"Person\",\"@id\":\"https:\/\/portalnpm.com\/#\/schema\/person\/49313e563cfdefcc167f1ee4c017c294\",\"name\":\"Genival Barbosa\",\"image\":{\"@type\":\"ImageObject\",\"inLanguage\":\"pt-BR\",\"@id\":\"https:\/\/portalnpm.com\/#\/schema\/person\/image\/\",\"url\":\"https:\/\/portalnpm.com\/wp-content\/uploads\/2024\/02\/avatar_user_2_1707743258-96x96.jpeg\",\"contentUrl\":\"https:\/\/portalnpm.com\/wp-content\/uploads\/2024\/02\/avatar_user_2_1707743258-96x96.jpeg\",\"caption\":\"Genival Barbosa\"},\"url\":\"https:\/\/portalnpm.com\/index.php\/author\/genival\/\"}]}<\/script>\n<!-- \/ Yoast SEO plugin. -->","yoast_head_json":{"title":"Picos registra mais uma morte por Covid-19","robots":{"index":"index","follow":"follow","max-snippet":"max-snippet:-1","max-image-preview":"max-image-preview:large","max-video-preview":"max-video-preview:-1"},"canonical":"https:\/\/portalnpm.com\/index.php\/2020\/08\/15\/picos-registra-mais-uma-morte-por-covid-19\/","og_locale":"pt_BR","og_type":"article","og_title":"Picos registra mais uma morte por Covid-19","og_description":"O n\u00famero de mortes pelo novo coronav\u00edrus segue aumentando em Picos. J\u00e1 s\u00e3o 38 vidas perdidas em decorr\u00eancia de complica\u00e7\u00f5es causadas pela doen\u00e7a com o registro de mais um \u00f3bito nesta sexta-feira (14). A v\u00edtima foi um homem de 80 anos. O idoso estava internado na \u00e1rea covid do Hospital Regional Justino Luz de Picos &hellip;","og_url":"https:\/\/portalnpm.com\/index.php\/2020\/08\/15\/picos-registra-mais-uma-morte-por-covid-19\/","og_site_name":"Portal NPM","article_published_time":"2020-08-15T12:45:01+00:00","og_image":[{"width":765,"height":510,"url":"https:\/\/portalnpm.com\/wp-content\/uploads\/2024\/01\/117366801_622877218270722_8346770340498911377_n.jpg","type":"image\/jpeg"}],"author":"Genival Barbosa","twitter_card":"summary_large_image","twitter_misc":{"Escrito por":"Genival Barbosa","Est. tempo de leitura":"2 minutos"},"schema":{"@context":"https:\/\/schema.org","@graph":[{"@type":"WebPage","@id":"https:\/\/portalnpm.com\/index.php\/2020\/08\/15\/picos-registra-mais-uma-morte-por-covid-19\/","url":"https:\/\/portalnpm.com\/index.php\/2020\/08\/15\/picos-registra-mais-uma-morte-por-covid-19\/","name":"Picos registra mais uma morte por Covid-19","isPartOf":{"@id":"https:\/\/portalnpm.com\/#website"},"primaryImageOfPage":{"@id":"https:\/\/portalnpm.com\/index.php\/2020\/08\/15\/picos-registra-mais-uma-morte-por-covid-19\/#primaryimage"},"image":{"@id":"https:\/\/portalnpm.com\/index.php\/2020\/08\/15\/picos-registra-mais-uma-morte-por-covid-19\/#primaryimage"},"thumbnailUrl":"https:\/\/portalnpm.com\/wp-content\/uploads\/2024\/01\/117366801_622877218270722_8346770340498911377_n.jpg","datePublished":"2020-08-15T12:45:01+00:00","dateModified":"2020-08-15T12:45:01+00:00","author":{"@id":"https:\/\/portalnpm.com\/#\/schema\/person\/49313e563cfdefcc167f1ee4c017c294"},"breadcrumb":{"@id":"https:\/\/portalnpm.com\/index.php\/2020\/08\/15\/picos-registra-mais-uma-morte-por-covid-19\/#breadcrumb"},"inLanguage":"pt-BR","potentialAction":[{"@type":"ReadAction","target":["https:\/\/portalnpm.com\/index.php\/2020\/08\/15\/picos-registra-mais-uma-morte-por-covid-19\/"]}]},{"@type":"ImageObject","inLanguage":"pt-BR","@id":"https:\/\/portalnpm.com\/index.php\/2020\/08\/15\/picos-registra-mais-uma-morte-por-covid-19\/#primaryimage","url":"https:\/\/portalnpm.com\/wp-content\/uploads\/2024\/01\/117366801_622877218270722_8346770340498911377_n.jpg","contentUrl":"https:\/\/portalnpm.com\/wp-content\/uploads\/2024\/01\/117366801_622877218270722_8346770340498911377_n.jpg","width":765,"height":510},{"@type":"BreadcrumbList","@id":"https:\/\/portalnpm.com\/index.php\/2020\/08\/15\/picos-registra-mais-uma-morte-por-covid-19\/#breadcrumb","itemListElement":[{"@type":"ListItem","position":1,"name":"In\u00edcio","item":"https:\/\/portalnpm.com\/"},{"@type":"ListItem","position":2,"name":"Picos registra mais uma morte por Covid-19"}]},{"@type":"WebSite","@id":"https:\/\/portalnpm.com\/#website","url":"https:\/\/portalnpm.com\/","name":"Portal NPM","description":"Not\u00edcias em Primeira M\u00e3o","potentialAction":[{"@type":"SearchAction","target":{"@type":"EntryPoint","urlTemplate":"https:\/\/portalnpm.com\/?s={search_term_string}"},"query-input":"required name=search_term_string"}],"inLanguage":"pt-BR"},{"@type":"Person","@id":"https:\/\/portalnpm.com\/#\/schema\/person\/49313e563cfdefcc167f1ee4c017c294","name":"Genival Barbosa","image":{"@type":"ImageObject","inLanguage":"pt-BR","@id":"https:\/\/portalnpm.com\/#\/schema\/person\/image\/","url":"https:\/\/portalnpm.com\/wp-content\/uploads\/2024\/02\/avatar_user_2_1707743258-96x96.jpeg","contentUrl":"https:\/\/portalnpm.com\/wp-content\/uploads\/2024\/02\/avatar_user_2_1707743258-96x96.jpeg","caption":"Genival Barbosa"},"url":"https:\/\/portalnpm.com\/index.php\/author\/genival\/"}]}},"jetpack_sharing_enabled":true,"jetpack_featured_media_url":"https:\/\/portalnpm.com\/wp-content\/uploads\/2024\/01\/117366801_622877218270722_8346770340498911377_n.jpg","_links":{"self":[{"href":"https:\/\/portalnpm.com\/index.php\/wp-json\/wp\/v2\/posts\/56495"}],"collection":[{"href":"https:\/\/portalnpm.com\/index.php\/wp-json\/wp\/v2\/posts"}],"about":[{"href":"https:\/\/portalnpm.com\/index.php\/wp-json\/wp\/v2\/types\/post"}],"author":[{"embeddable":true,"href":"https:\/\/portalnpm.com\/index.php\/wp-json\/wp\/v2\/users\/2"}],"replies":[{"embeddable":true,"href":"https:\/\/portalnpm.com\/index.php\/wp-json\/wp\/v2\/comments?post=56495"}],"version-history":[{"count":0,"href":"https:\/\/portalnpm.com\/index.php\/wp-json\/wp\/v2\/posts\/56495\/revisions"}],"wp:featuredmedia":[{"embeddable":true,"href":"https:\/\/portalnpm.com\/index.php\/wp-json\/wp\/v2\/media\/56496"}],"wp:attachment":[{"href":"https:\/\/portalnpm.com\/index.php\/wp-json\/wp\/v2\/media?parent=56495"}],"wp:term":[{"taxonomy":"category","embeddable":true,"href":"https:\/\/portalnpm.com\/index.php\/wp-json\/wp\/v2\/categories?post=56495"},{"taxonomy":"post_tag","embeddable":true,"href":"https:\/\/portalnpm.com\/index.php\/wp-json\/wp\/v2\/tags?post=56495"}],"curies":[{"name":"wp","href":"https:\/\/api.w.org\/{rel}","templated":true}]}}