{"id":56501,"date":"2020-08-15T09:59:12","date_gmt":"2020-08-15T12:59:12","guid":{"rendered":"https:\/\/portalnpm.com\/index.php\/2020\/08\/15\/partido-estara-unido-em-2022-diz-senador-ciro-nogueira\/"},"modified":"2020-08-15T09:59:12","modified_gmt":"2020-08-15T12:59:12","slug":"partido-estara-unido-em-2022-diz-senador-ciro-nogueira","status":"publish","type":"post","link":"https:\/\/portalnpm.com\/index.php\/2020\/08\/15\/partido-estara-unido-em-2022-diz-senador-ciro-nogueira\/","title":{"rendered":"\u201cPartido estar\u00e1 unido em 2022\u201d, diz Senador Ciro Nogueira"},"content":{"rendered":"<p style=\"text-align: justify;\">O senador Ciro Nogueira, presidente nacional do Progressistas, afirmou nesta sexta-feira (14) ao Pol\u00edtica Din\u00e2mica que o partido estar\u00e1 unido nas elei\u00e7\u00f5es de 2022 no Piau\u00ed. Para Ciro, o fato da maioria dos deputados do partido ter ficado com o governador Wellington Dias (PT) ap\u00f3s o rompimento entre os dois, n\u00e3o vai impedir que todos estejam com ele em 2022.<\/p>\n<p style=\"text-align: justify;\">\n<p style=\"text-align: justify;\">A afirma\u00e7\u00e3o do senador se deu a partir de um questionamento sobre a situa\u00e7\u00e3o da cidade de S\u00e3o Raimundo Nonato. L\u00e1, a prefeita Carmelita Castro \u00e9 do Progressistas. O marido da prefeita, deputado estadual H\u00e9lio Isa\u00edas, e a irm\u00e3 dela, deputada federal Margarete Coelho, ambos do partido de Ciro, decidiram ficar com o Wellington e n\u00e3o v\u00e3o com o senador para a oposi\u00e7\u00e3o.<\/p>\n<p style=\"text-align: justify;\">Mesmo com marido e irm\u00e3 no governo de Wellington, Ciro garante que a prefeita ter\u00e1 apoio dele na sua campanha de reelei\u00e7\u00e3o. \u201cA prefeita Carmelita ter\u00e1 nosso total apoio\u201d, disse.<\/p>\n<p style=\"text-align: justify;\">Questionado se confia em ter o apoio de H\u00e9lio, Margarete e Carmelita nas elei\u00e7\u00f5es de 2022, mesmo eles tendo preferido ficar agora com Wellington, Ciro respondeu que o Progressistas estar\u00e1 unido na pr\u00f3xima elei\u00e7\u00e3o estadual, quando a legenda ter\u00e1 candidato a governador.<\/p>\n<p style=\"text-align: justify;\">\u201cEm 22 o partido estar\u00e1 unido\u201d, resumiu o senador.<\/p>\n<p style=\"text-align: justify;\">Ciro pretende fazer oposi\u00e7\u00e3o ao governo de Wellington Dias, mas n\u00e3o vai impor restri\u00e7\u00f5es para deputados do partido que optaram por permanecer alojados no governo estadual. O senador confia que quando a gest\u00e3o de Wellington estiver perto do fim todos os progressistas que hoje desfrutam da m\u00e1quina do governo v\u00e3o abandonar o governador.<\/p>\n<p style=\"text-align: justify;\">Fonte: Pol\u00edtica Din\u00e2mica<\/p>\n","protected":false},"excerpt":{"rendered":"<p>O senador Ciro Nogueira, presidente nacional do Progressistas, afirmou nesta sexta-feira (14) ao Pol\u00edtica Din\u00e2mica que o partido estar\u00e1 unido nas elei\u00e7\u00f5es de 2022 no Piau\u00ed. Para Ciro, o fato da maioria dos deputados do partido ter ficado com o governador Wellington Dias (PT) ap\u00f3s o rompimento entre os dois, n\u00e3o vai impedir que todos &hellip;<\/p>\n","protected":false},"author":2,"featured_media":55973,"comment_status":"open","ping_status":"open","sticky":false,"template":"","format":"standard","meta":{"content-type":"","rop_custom_images_group":[],"rop_custom_messages_group":[],"rop_publish_now":"initial","rop_publish_now_accounts":{"facebook_2648258775420054_1618374048415101":""},"rop_publish_now_history":[],"rop_publish_now_status":"pending","footnotes":"","_jetpack_memberships_contains_paid_content":false},"categories":[130],"tags":[535,880,5749,424,5750],"yoast_head":"<!-- This site is optimized with the Yoast SEO plugin v22.3 - https:\/\/yoast.com\/wordpress\/plugins\/seo\/ -->\n<title>\u201cPartido estar\u00e1 unido em 2022\u201d, diz Senador Ciro Nogueira<\/title>\n<meta name=\"robots\" content=\"index, follow, max-snippet:-1, max-image-preview:large, max-video-preview:-1\" \/>\n<link rel=\"canonical\" href=\"https:\/\/portalnpm.com\/index.php\/2020\/08\/15\/partido-estara-unido-em-2022-diz-senador-ciro-nogueira\/\" \/>\n<meta property=\"og:locale\" content=\"pt_BR\" \/>\n<meta property=\"og:type\" content=\"article\" \/>\n<meta property=\"og:title\" content=\"\u201cPartido estar\u00e1 unido em 2022\u201d, diz Senador Ciro Nogueira\" \/>\n<meta property=\"og:description\" content=\"O senador Ciro Nogueira, presidente nacional do Progressistas, afirmou nesta sexta-feira (14) ao Pol\u00edtica Din\u00e2mica que o partido estar\u00e1 unido nas elei\u00e7\u00f5es de 2022 no Piau\u00ed. Para Ciro, o fato da maioria dos deputados do partido ter ficado com o governador Wellington Dias (PT) ap\u00f3s o rompimento entre os dois, n\u00e3o vai impedir que todos &hellip;\" \/>\n<meta property=\"og:url\" content=\"https:\/\/portalnpm.com\/index.php\/2020\/08\/15\/partido-estara-unido-em-2022-diz-senador-ciro-nogueira\/\" \/>\n<meta property=\"og:site_name\" content=\"Portal NPM\" \/>\n<meta property=\"article:published_time\" content=\"2020-08-15T12:59:12+00:00\" \/>\n<meta property=\"og:image\" content=\"https:\/\/portalnpm.com\/wp-content\/uploads\/2024\/01\/ciro-nogueira.jpg\" \/>\n\t<meta property=\"og:image:width\" content=\"768\" \/>\n\t<meta property=\"og:image:height\" content=\"511\" \/>\n\t<meta property=\"og:image:type\" content=\"image\/jpeg\" \/>\n<meta name=\"author\" content=\"Genival Barbosa\" \/>\n<meta name=\"twitter:card\" content=\"summary_large_image\" \/>\n<meta name=\"twitter:label1\" content=\"Escrito por\" \/>\n\t<meta name=\"twitter:data1\" content=\"Genival Barbosa\" \/>\n\t<meta name=\"twitter:label2\" content=\"Est. tempo de leitura\" \/>\n\t<meta name=\"twitter:data2\" content=\"1 minuto\" \/>\n<script type=\"application\/ld+json\" class=\"yoast-schema-graph\">{\"@context\":\"https:\/\/schema.org\",\"@graph\":[{\"@type\":\"WebPage\",\"@id\":\"https:\/\/portalnpm.com\/index.php\/2020\/08\/15\/partido-estara-unido-em-2022-diz-senador-ciro-nogueira\/\",\"url\":\"https:\/\/portalnpm.com\/index.php\/2020\/08\/15\/partido-estara-unido-em-2022-diz-senador-ciro-nogueira\/\",\"name\":\"\u201cPartido estar\u00e1 unido em 2022\u201d, diz Senador Ciro Nogueira\",\"isPartOf\":{\"@id\":\"https:\/\/portalnpm.com\/#website\"},\"primaryImageOfPage\":{\"@id\":\"https:\/\/portalnpm.com\/index.php\/2020\/08\/15\/partido-estara-unido-em-2022-diz-senador-ciro-nogueira\/#primaryimage\"},\"image\":{\"@id\":\"https:\/\/portalnpm.com\/index.php\/2020\/08\/15\/partido-estara-unido-em-2022-diz-senador-ciro-nogueira\/#primaryimage\"},\"thumbnailUrl\":\"https:\/\/portalnpm.com\/wp-content\/uploads\/2024\/01\/ciro-nogueira.jpg\",\"datePublished\":\"2020-08-15T12:59:12+00:00\",\"dateModified\":\"2020-08-15T12:59:12+00:00\",\"author\":{\"@id\":\"https:\/\/portalnpm.com\/#\/schema\/person\/49313e563cfdefcc167f1ee4c017c294\"},\"breadcrumb\":{\"@id\":\"https:\/\/portalnpm.com\/index.php\/2020\/08\/15\/partido-estara-unido-em-2022-diz-senador-ciro-nogueira\/#breadcrumb\"},\"inLanguage\":\"pt-BR\",\"potentialAction\":[{\"@type\":\"ReadAction\",\"target\":[\"https:\/\/portalnpm.com\/index.php\/2020\/08\/15\/partido-estara-unido-em-2022-diz-senador-ciro-nogueira\/\"]}]},{\"@type\":\"ImageObject\",\"inLanguage\":\"pt-BR\",\"@id\":\"https:\/\/portalnpm.com\/index.php\/2020\/08\/15\/partido-estara-unido-em-2022-diz-senador-ciro-nogueira\/#primaryimage\",\"url\":\"https:\/\/portalnpm.com\/wp-content\/uploads\/2024\/01\/ciro-nogueira.jpg\",\"contentUrl\":\"https:\/\/portalnpm.com\/wp-content\/uploads\/2024\/01\/ciro-nogueira.jpg\",\"width\":768,\"height\":511},{\"@type\":\"BreadcrumbList\",\"@id\":\"https:\/\/portalnpm.com\/index.php\/2020\/08\/15\/partido-estara-unido-em-2022-diz-senador-ciro-nogueira\/#breadcrumb\",\"itemListElement\":[{\"@type\":\"ListItem\",\"position\":1,\"name\":\"In\u00edcio\",\"item\":\"https:\/\/portalnpm.com\/\"},{\"@type\":\"ListItem\",\"position\":2,\"name\":\"\u201cPartido estar\u00e1 unido em 2022\u201d, diz Senador Ciro Nogueira\"}]},{\"@type\":\"WebSite\",\"@id\":\"https:\/\/portalnpm.com\/#website\",\"url\":\"https:\/\/portalnpm.com\/\",\"name\":\"Portal NPM\",\"description\":\"Not\u00edcias em Primeira M\u00e3o\",\"potentialAction\":[{\"@type\":\"SearchAction\",\"target\":{\"@type\":\"EntryPoint\",\"urlTemplate\":\"https:\/\/portalnpm.com\/?s={search_term_string}\"},\"query-input\":\"required name=search_term_string\"}],\"inLanguage\":\"pt-BR\"},{\"@type\":\"Person\",\"@id\":\"https:\/\/portalnpm.com\/#\/schema\/person\/49313e563cfdefcc167f1ee4c017c294\",\"name\":\"Genival Barbosa\",\"image\":{\"@type\":\"ImageObject\",\"inLanguage\":\"pt-BR\",\"@id\":\"https:\/\/portalnpm.com\/#\/schema\/person\/image\/\",\"url\":\"https:\/\/portalnpm.com\/wp-content\/uploads\/2024\/02\/avatar_user_2_1707743258-96x96.jpeg\",\"contentUrl\":\"https:\/\/portalnpm.com\/wp-content\/uploads\/2024\/02\/avatar_user_2_1707743258-96x96.jpeg\",\"caption\":\"Genival Barbosa\"},\"url\":\"https:\/\/portalnpm.com\/index.php\/author\/genival\/\"}]}<\/script>\n<!-- \/ Yoast SEO plugin. -->","yoast_head_json":{"title":"\u201cPartido estar\u00e1 unido em 2022\u201d, diz Senador Ciro Nogueira","robots":{"index":"index","follow":"follow","max-snippet":"max-snippet:-1","max-image-preview":"max-image-preview:large","max-video-preview":"max-video-preview:-1"},"canonical":"https:\/\/portalnpm.com\/index.php\/2020\/08\/15\/partido-estara-unido-em-2022-diz-senador-ciro-nogueira\/","og_locale":"pt_BR","og_type":"article","og_title":"\u201cPartido estar\u00e1 unido em 2022\u201d, diz Senador Ciro Nogueira","og_description":"O senador Ciro Nogueira, presidente nacional do Progressistas, afirmou nesta sexta-feira (14) ao Pol\u00edtica Din\u00e2mica que o partido estar\u00e1 unido nas elei\u00e7\u00f5es de 2022 no Piau\u00ed. Para Ciro, o fato da maioria dos deputados do partido ter ficado com o governador Wellington Dias (PT) ap\u00f3s o rompimento entre os dois, n\u00e3o vai impedir que todos &hellip;","og_url":"https:\/\/portalnpm.com\/index.php\/2020\/08\/15\/partido-estara-unido-em-2022-diz-senador-ciro-nogueira\/","og_site_name":"Portal NPM","article_published_time":"2020-08-15T12:59:12+00:00","og_image":[{"width":768,"height":511,"url":"https:\/\/portalnpm.com\/wp-content\/uploads\/2024\/01\/ciro-nogueira.jpg","type":"image\/jpeg"}],"author":"Genival Barbosa","twitter_card":"summary_large_image","twitter_misc":{"Escrito por":"Genival Barbosa","Est. tempo de leitura":"1 minuto"},"schema":{"@context":"https:\/\/schema.org","@graph":[{"@type":"WebPage","@id":"https:\/\/portalnpm.com\/index.php\/2020\/08\/15\/partido-estara-unido-em-2022-diz-senador-ciro-nogueira\/","url":"https:\/\/portalnpm.com\/index.php\/2020\/08\/15\/partido-estara-unido-em-2022-diz-senador-ciro-nogueira\/","name":"\u201cPartido estar\u00e1 unido em 2022\u201d, diz Senador Ciro Nogueira","isPartOf":{"@id":"https:\/\/portalnpm.com\/#website"},"primaryImageOfPage":{"@id":"https:\/\/portalnpm.com\/index.php\/2020\/08\/15\/partido-estara-unido-em-2022-diz-senador-ciro-nogueira\/#primaryimage"},"image":{"@id":"https:\/\/portalnpm.com\/index.php\/2020\/08\/15\/partido-estara-unido-em-2022-diz-senador-ciro-nogueira\/#primaryimage"},"thumbnailUrl":"https:\/\/portalnpm.com\/wp-content\/uploads\/2024\/01\/ciro-nogueira.jpg","datePublished":"2020-08-15T12:59:12+00:00","dateModified":"2020-08-15T12:59:12+00:00","author":{"@id":"https:\/\/portalnpm.com\/#\/schema\/person\/49313e563cfdefcc167f1ee4c017c294"},"breadcrumb":{"@id":"https:\/\/portalnpm.com\/index.php\/2020\/08\/15\/partido-estara-unido-em-2022-diz-senador-ciro-nogueira\/#breadcrumb"},"inLanguage":"pt-BR","potentialAction":[{"@type":"ReadAction","target":["https:\/\/portalnpm.com\/index.php\/2020\/08\/15\/partido-estara-unido-em-2022-diz-senador-ciro-nogueira\/"]}]},{"@type":"ImageObject","inLanguage":"pt-BR","@id":"https:\/\/portalnpm.com\/index.php\/2020\/08\/15\/partido-estara-unido-em-2022-diz-senador-ciro-nogueira\/#primaryimage","url":"https:\/\/portalnpm.com\/wp-content\/uploads\/2024\/01\/ciro-nogueira.jpg","contentUrl":"https:\/\/portalnpm.com\/wp-content\/uploads\/2024\/01\/ciro-nogueira.jpg","width":768,"height":511},{"@type":"BreadcrumbList","@id":"https:\/\/portalnpm.com\/index.php\/2020\/08\/15\/partido-estara-unido-em-2022-diz-senador-ciro-nogueira\/#breadcrumb","itemListElement":[{"@type":"ListItem","position":1,"name":"In\u00edcio","item":"https:\/\/portalnpm.com\/"},{"@type":"ListItem","position":2,"name":"\u201cPartido estar\u00e1 unido em 2022\u201d, diz Senador Ciro Nogueira"}]},{"@type":"WebSite","@id":"https:\/\/portalnpm.com\/#website","url":"https:\/\/portalnpm.com\/","name":"Portal NPM","description":"Not\u00edcias em Primeira M\u00e3o","potentialAction":[{"@type":"SearchAction","target":{"@type":"EntryPoint","urlTemplate":"https:\/\/portalnpm.com\/?s={search_term_string}"},"query-input":"required name=search_term_string"}],"inLanguage":"pt-BR"},{"@type":"Person","@id":"https:\/\/portalnpm.com\/#\/schema\/person\/49313e563cfdefcc167f1ee4c017c294","name":"Genival Barbosa","image":{"@type":"ImageObject","inLanguage":"pt-BR","@id":"https:\/\/portalnpm.com\/#\/schema\/person\/image\/","url":"https:\/\/portalnpm.com\/wp-content\/uploads\/2024\/02\/avatar_user_2_1707743258-96x96.jpeg","contentUrl":"https:\/\/portalnpm.com\/wp-content\/uploads\/2024\/02\/avatar_user_2_1707743258-96x96.jpeg","caption":"Genival Barbosa"},"url":"https:\/\/portalnpm.com\/index.php\/author\/genival\/"}]}},"jetpack_sharing_enabled":true,"jetpack_featured_media_url":"https:\/\/portalnpm.com\/wp-content\/uploads\/2024\/01\/ciro-nogueira.jpg","_links":{"self":[{"href":"https:\/\/portalnpm.com\/index.php\/wp-json\/wp\/v2\/posts\/56501"}],"collection":[{"href":"https:\/\/portalnpm.com\/index.php\/wp-json\/wp\/v2\/posts"}],"about":[{"href":"https:\/\/portalnpm.com\/index.php\/wp-json\/wp\/v2\/types\/post"}],"author":[{"embeddable":true,"href":"https:\/\/portalnpm.com\/index.php\/wp-json\/wp\/v2\/users\/2"}],"replies":[{"embeddable":true,"href":"https:\/\/portalnpm.com\/index.php\/wp-json\/wp\/v2\/comments?post=56501"}],"version-history":[{"count":0,"href":"https:\/\/portalnpm.com\/index.php\/wp-json\/wp\/v2\/posts\/56501\/revisions"}],"wp:featuredmedia":[{"embeddable":true,"href":"https:\/\/portalnpm.com\/index.php\/wp-json\/wp\/v2\/media\/55973"}],"wp:attachment":[{"href":"https:\/\/portalnpm.com\/index.php\/wp-json\/wp\/v2\/media?parent=56501"}],"wp:term":[{"taxonomy":"category","embeddable":true,"href":"https:\/\/portalnpm.com\/index.php\/wp-json\/wp\/v2\/categories?post=56501"},{"taxonomy":"post_tag","embeddable":true,"href":"https:\/\/portalnpm.com\/index.php\/wp-json\/wp\/v2\/tags?post=56501"}],"curies":[{"name":"wp","href":"https:\/\/api.w.org\/{rel}","templated":true}]}}