{"id":5652,"date":"2019-02-12T22:23:09","date_gmt":"2019-02-13T00:23:09","guid":{"rendered":"http:\/\/srv.portalnpm.com.br\/?p=5652"},"modified":"2019-02-12T22:23:09","modified_gmt":"2019-02-13T00:23:09","slug":"prefeito-confirma-tres-atracoes-para-o-aniversario-de-alegrete-do-piaui","status":"publish","type":"post","link":"https:\/\/portalnpm.com\/index.php\/2019\/02\/12\/prefeito-confirma-tres-atracoes-para-o-aniversario-de-alegrete-do-piaui\/","title":{"rendered":"Prefeito confirma tr\u00eas atra\u00e7\u00f5es para o anivers\u00e1rio de Alegrete do Piau\u00ed"},"content":{"rendered":"<p style=\"text-align: justify;\">Tr\u00eas atra\u00e7\u00f5es musicais est\u00e3o confirmadas para as comemora\u00e7\u00f5es de anivers\u00e1rio dos 27 anos de emancipa\u00e7\u00e3o pol\u00edtica de Alegrete do Piau\u00ed.<\/p>\n<p style=\"text-align: justify;\">Desejo de Menina, Gatinha Manhosa e Solteir\u00f5es do Forr\u00f3 s\u00e3o as atra\u00e7\u00f5es musicais confirmadas para comemora\u00e7\u00f5es alusivas ao vig\u00e9simo s\u00e9timo anivers\u00e1rio.<\/p>\n<p style=\"text-align: justify;\">As atra\u00e7\u00f5es foram confirmadas pelo prefeito, M\u00e1rcio Willian Maia Alencar, o Marcinho (PT), na tarde desta sexta-feira, 08.<\/p>\n<p style=\"text-align: justify;\">O evento \u00e9 promovido pela Prefeitura Municipal de Alegrete do Piau\u00ed com o apoio do deputado estadual Fernando Monteiro e do deputado estadual Georgiano Neto. Al\u00e9m do apoio do supervisor de ensino e l\u00edder pol\u00edtico Manoel Z\u00e9 Pedro, do presidente da C\u00e2mara Municipal, Const\u00e2ncio Ramos e, tamb\u00e9m da C\u00e2mara de Vereadores de Alegrete do Piau\u00ed.<\/p>\n<p style=\"text-align: justify;\">Emancipada em 29 de abril de 1992, a cidade de Alegrete do Piau\u00ed est\u00e1 localizada h\u00e1 400 km da capital Teresina e comemora, no m\u00eas de abril, neste ano 27 anos de emancipa\u00e7\u00e3o pol\u00edtica.<\/p>\n<p style=\"text-align: justify;\">Em breve ser\u00e1 divulgada a programa\u00e7\u00e3o completa do anivers\u00e1rio de Alegrete do Piau\u00ed. Aguarde mais informa\u00e7\u00f5es!<\/p>\n<p><strong>Fonte<\/strong>: Cidades na Net<\/p>\n","protected":false},"excerpt":{"rendered":"<p>Tr\u00eas atra\u00e7\u00f5es musicais est\u00e3o confirmadas para as comemora\u00e7\u00f5es de anivers\u00e1rio dos 27 anos de emancipa\u00e7\u00e3o pol\u00edtica de Alegrete do Piau\u00ed. Desejo de Menina, Gatinha Manhosa e Solteir\u00f5es do Forr\u00f3 s\u00e3o as atra\u00e7\u00f5es musicais confirmadas para comemora\u00e7\u00f5es alusivas ao vig\u00e9simo s\u00e9timo anivers\u00e1rio. As atra\u00e7\u00f5es foram confirmadas pelo prefeito, M\u00e1rcio Willian Maia Alencar, o Marcinho (PT), na &hellip;<\/p>\n","protected":false},"author":8,"featured_media":5653,"comment_status":"open","ping_status":"open","sticky":false,"template":"","format":"standard","meta":{"content-type":"","rop_custom_images_group":[],"rop_custom_messages_group":[],"rop_publish_now":"initial","rop_publish_now_accounts":{"facebook_2648258775420054_1618374048415101":""},"rop_publish_now_history":[],"rop_publish_now_status":"pending","footnotes":"","_jetpack_memberships_contains_paid_content":false},"categories":[110,113,109],"tags":[116,437,864,135],"yoast_head":"<!-- This site is optimized with the Yoast SEO plugin v22.3 - https:\/\/yoast.com\/wordpress\/plugins\/seo\/ -->\n<title>Prefeito confirma tr\u00eas atra\u00e7\u00f5es para o anivers\u00e1rio de Alegrete do Piau\u00ed - Portal NPM<\/title>\n<meta name=\"robots\" content=\"index, follow, max-snippet:-1, max-image-preview:large, max-video-preview:-1\" \/>\n<link rel=\"canonical\" href=\"https:\/\/portalnpm.com\/index.php\/2019\/02\/12\/prefeito-confirma-tres-atracoes-para-o-aniversario-de-alegrete-do-piaui\/\" \/>\n<meta property=\"og:locale\" content=\"pt_BR\" \/>\n<meta property=\"og:type\" content=\"article\" \/>\n<meta property=\"og:title\" content=\"Prefeito confirma tr\u00eas atra\u00e7\u00f5es para o anivers\u00e1rio de Alegrete do Piau\u00ed - Portal NPM\" \/>\n<meta property=\"og:description\" content=\"Tr\u00eas atra\u00e7\u00f5es musicais est\u00e3o confirmadas para as comemora\u00e7\u00f5es de anivers\u00e1rio dos 27 anos de emancipa\u00e7\u00e3o pol\u00edtica de Alegrete do Piau\u00ed. Desejo de Menina, Gatinha Manhosa e Solteir\u00f5es do Forr\u00f3 s\u00e3o as atra\u00e7\u00f5es musicais confirmadas para comemora\u00e7\u00f5es alusivas ao vig\u00e9simo s\u00e9timo anivers\u00e1rio. As atra\u00e7\u00f5es foram confirmadas pelo prefeito, M\u00e1rcio Willian Maia Alencar, o Marcinho (PT), na &hellip;\" \/>\n<meta property=\"og:url\" content=\"https:\/\/portalnpm.com\/index.php\/2019\/02\/12\/prefeito-confirma-tres-atracoes-para-o-aniversario-de-alegrete-do-piaui\/\" \/>\n<meta property=\"og:site_name\" content=\"Portal NPM\" \/>\n<meta property=\"article:published_time\" content=\"2019-02-13T00:23:09+00:00\" \/>\n<meta name=\"author\" content=\"Zenilton Lima\" \/>\n<meta name=\"twitter:card\" content=\"summary_large_image\" \/>\n<meta name=\"twitter:label1\" content=\"Escrito por\" \/>\n\t<meta name=\"twitter:data1\" content=\"Zenilton Lima\" \/>\n\t<meta name=\"twitter:label2\" content=\"Est. tempo de leitura\" \/>\n\t<meta name=\"twitter:data2\" content=\"1 minuto\" \/>\n<script type=\"application\/ld+json\" class=\"yoast-schema-graph\">{\"@context\":\"https:\/\/schema.org\",\"@graph\":[{\"@type\":\"WebPage\",\"@id\":\"https:\/\/portalnpm.com\/index.php\/2019\/02\/12\/prefeito-confirma-tres-atracoes-para-o-aniversario-de-alegrete-do-piaui\/\",\"url\":\"https:\/\/portalnpm.com\/index.php\/2019\/02\/12\/prefeito-confirma-tres-atracoes-para-o-aniversario-de-alegrete-do-piaui\/\",\"name\":\"Prefeito confirma tr\u00eas atra\u00e7\u00f5es para o anivers\u00e1rio de Alegrete do Piau\u00ed - Portal NPM\",\"isPartOf\":{\"@id\":\"https:\/\/portalnpm.com\/#website\"},\"primaryImageOfPage\":{\"@id\":\"https:\/\/portalnpm.com\/index.php\/2019\/02\/12\/prefeito-confirma-tres-atracoes-para-o-aniversario-de-alegrete-do-piaui\/#primaryimage\"},\"image\":{\"@id\":\"https:\/\/portalnpm.com\/index.php\/2019\/02\/12\/prefeito-confirma-tres-atracoes-para-o-aniversario-de-alegrete-do-piaui\/#primaryimage\"},\"thumbnailUrl\":\"\",\"datePublished\":\"2019-02-13T00:23:09+00:00\",\"dateModified\":\"2019-02-13T00:23:09+00:00\",\"author\":{\"@id\":\"https:\/\/portalnpm.com\/#\/schema\/person\/35cb55186eae3f074b6783da6d35591e\"},\"breadcrumb\":{\"@id\":\"https:\/\/portalnpm.com\/index.php\/2019\/02\/12\/prefeito-confirma-tres-atracoes-para-o-aniversario-de-alegrete-do-piaui\/#breadcrumb\"},\"inLanguage\":\"pt-BR\",\"potentialAction\":[{\"@type\":\"ReadAction\",\"target\":[\"https:\/\/portalnpm.com\/index.php\/2019\/02\/12\/prefeito-confirma-tres-atracoes-para-o-aniversario-de-alegrete-do-piaui\/\"]}]},{\"@type\":\"ImageObject\",\"inLanguage\":\"pt-BR\",\"@id\":\"https:\/\/portalnpm.com\/index.php\/2019\/02\/12\/prefeito-confirma-tres-atracoes-para-o-aniversario-de-alegrete-do-piaui\/#primaryimage\",\"url\":\"\",\"contentUrl\":\"\"},{\"@type\":\"BreadcrumbList\",\"@id\":\"https:\/\/portalnpm.com\/index.php\/2019\/02\/12\/prefeito-confirma-tres-atracoes-para-o-aniversario-de-alegrete-do-piaui\/#breadcrumb\",\"itemListElement\":[{\"@type\":\"ListItem\",\"position\":1,\"name\":\"In\u00edcio\",\"item\":\"https:\/\/portalnpm.com\/\"},{\"@type\":\"ListItem\",\"position\":2,\"name\":\"Prefeito confirma tr\u00eas atra\u00e7\u00f5es para o anivers\u00e1rio de Alegrete do Piau\u00ed\"}]},{\"@type\":\"WebSite\",\"@id\":\"https:\/\/portalnpm.com\/#website\",\"url\":\"https:\/\/portalnpm.com\/\",\"name\":\"Portal NPM\",\"description\":\"Not\u00edcias em Primeira M\u00e3o\",\"potentialAction\":[{\"@type\":\"SearchAction\",\"target\":{\"@type\":\"EntryPoint\",\"urlTemplate\":\"https:\/\/portalnpm.com\/?s={search_term_string}\"},\"query-input\":\"required name=search_term_string\"}],\"inLanguage\":\"pt-BR\"},{\"@type\":\"Person\",\"@id\":\"https:\/\/portalnpm.com\/#\/schema\/person\/35cb55186eae3f074b6783da6d35591e\",\"name\":\"Zenilton Lima\",\"image\":{\"@type\":\"ImageObject\",\"inLanguage\":\"pt-BR\",\"@id\":\"https:\/\/portalnpm.com\/#\/schema\/person\/image\/\",\"url\":\"https:\/\/portalnpm.com\/wp-content\/uploads\/2024\/12\/avatar_user_8_1733658137-96x96.jpeg\",\"contentUrl\":\"https:\/\/portalnpm.com\/wp-content\/uploads\/2024\/12\/avatar_user_8_1733658137-96x96.jpeg\",\"caption\":\"Zenilton Lima\"},\"url\":\"https:\/\/portalnpm.com\/index.php\/author\/zenilton\/\"}]}<\/script>\n<!-- \/ Yoast SEO plugin. -->","yoast_head_json":{"title":"Prefeito confirma tr\u00eas atra\u00e7\u00f5es para o anivers\u00e1rio de Alegrete do Piau\u00ed - Portal NPM","robots":{"index":"index","follow":"follow","max-snippet":"max-snippet:-1","max-image-preview":"max-image-preview:large","max-video-preview":"max-video-preview:-1"},"canonical":"https:\/\/portalnpm.com\/index.php\/2019\/02\/12\/prefeito-confirma-tres-atracoes-para-o-aniversario-de-alegrete-do-piaui\/","og_locale":"pt_BR","og_type":"article","og_title":"Prefeito confirma tr\u00eas atra\u00e7\u00f5es para o anivers\u00e1rio de Alegrete do Piau\u00ed - Portal NPM","og_description":"Tr\u00eas atra\u00e7\u00f5es musicais est\u00e3o confirmadas para as comemora\u00e7\u00f5es de anivers\u00e1rio dos 27 anos de emancipa\u00e7\u00e3o pol\u00edtica de Alegrete do Piau\u00ed. Desejo de Menina, Gatinha Manhosa e Solteir\u00f5es do Forr\u00f3 s\u00e3o as atra\u00e7\u00f5es musicais confirmadas para comemora\u00e7\u00f5es alusivas ao vig\u00e9simo s\u00e9timo anivers\u00e1rio. As atra\u00e7\u00f5es foram confirmadas pelo prefeito, M\u00e1rcio Willian Maia Alencar, o Marcinho (PT), na &hellip;","og_url":"https:\/\/portalnpm.com\/index.php\/2019\/02\/12\/prefeito-confirma-tres-atracoes-para-o-aniversario-de-alegrete-do-piaui\/","og_site_name":"Portal NPM","article_published_time":"2019-02-13T00:23:09+00:00","author":"Zenilton Lima","twitter_card":"summary_large_image","twitter_misc":{"Escrito por":"Zenilton Lima","Est. tempo de leitura":"1 minuto"},"schema":{"@context":"https:\/\/schema.org","@graph":[{"@type":"WebPage","@id":"https:\/\/portalnpm.com\/index.php\/2019\/02\/12\/prefeito-confirma-tres-atracoes-para-o-aniversario-de-alegrete-do-piaui\/","url":"https:\/\/portalnpm.com\/index.php\/2019\/02\/12\/prefeito-confirma-tres-atracoes-para-o-aniversario-de-alegrete-do-piaui\/","name":"Prefeito confirma tr\u00eas atra\u00e7\u00f5es para o anivers\u00e1rio de Alegrete do Piau\u00ed - Portal NPM","isPartOf":{"@id":"https:\/\/portalnpm.com\/#website"},"primaryImageOfPage":{"@id":"https:\/\/portalnpm.com\/index.php\/2019\/02\/12\/prefeito-confirma-tres-atracoes-para-o-aniversario-de-alegrete-do-piaui\/#primaryimage"},"image":{"@id":"https:\/\/portalnpm.com\/index.php\/2019\/02\/12\/prefeito-confirma-tres-atracoes-para-o-aniversario-de-alegrete-do-piaui\/#primaryimage"},"thumbnailUrl":"","datePublished":"2019-02-13T00:23:09+00:00","dateModified":"2019-02-13T00:23:09+00:00","author":{"@id":"https:\/\/portalnpm.com\/#\/schema\/person\/35cb55186eae3f074b6783da6d35591e"},"breadcrumb":{"@id":"https:\/\/portalnpm.com\/index.php\/2019\/02\/12\/prefeito-confirma-tres-atracoes-para-o-aniversario-de-alegrete-do-piaui\/#breadcrumb"},"inLanguage":"pt-BR","potentialAction":[{"@type":"ReadAction","target":["https:\/\/portalnpm.com\/index.php\/2019\/02\/12\/prefeito-confirma-tres-atracoes-para-o-aniversario-de-alegrete-do-piaui\/"]}]},{"@type":"ImageObject","inLanguage":"pt-BR","@id":"https:\/\/portalnpm.com\/index.php\/2019\/02\/12\/prefeito-confirma-tres-atracoes-para-o-aniversario-de-alegrete-do-piaui\/#primaryimage","url":"","contentUrl":""},{"@type":"BreadcrumbList","@id":"https:\/\/portalnpm.com\/index.php\/2019\/02\/12\/prefeito-confirma-tres-atracoes-para-o-aniversario-de-alegrete-do-piaui\/#breadcrumb","itemListElement":[{"@type":"ListItem","position":1,"name":"In\u00edcio","item":"https:\/\/portalnpm.com\/"},{"@type":"ListItem","position":2,"name":"Prefeito confirma tr\u00eas atra\u00e7\u00f5es para o anivers\u00e1rio de Alegrete do Piau\u00ed"}]},{"@type":"WebSite","@id":"https:\/\/portalnpm.com\/#website","url":"https:\/\/portalnpm.com\/","name":"Portal NPM","description":"Not\u00edcias em Primeira M\u00e3o","potentialAction":[{"@type":"SearchAction","target":{"@type":"EntryPoint","urlTemplate":"https:\/\/portalnpm.com\/?s={search_term_string}"},"query-input":"required name=search_term_string"}],"inLanguage":"pt-BR"},{"@type":"Person","@id":"https:\/\/portalnpm.com\/#\/schema\/person\/35cb55186eae3f074b6783da6d35591e","name":"Zenilton Lima","image":{"@type":"ImageObject","inLanguage":"pt-BR","@id":"https:\/\/portalnpm.com\/#\/schema\/person\/image\/","url":"https:\/\/portalnpm.com\/wp-content\/uploads\/2024\/12\/avatar_user_8_1733658137-96x96.jpeg","contentUrl":"https:\/\/portalnpm.com\/wp-content\/uploads\/2024\/12\/avatar_user_8_1733658137-96x96.jpeg","caption":"Zenilton Lima"},"url":"https:\/\/portalnpm.com\/index.php\/author\/zenilton\/"}]}},"jetpack_sharing_enabled":true,"jetpack_featured_media_url":"","_links":{"self":[{"href":"https:\/\/portalnpm.com\/index.php\/wp-json\/wp\/v2\/posts\/5652"}],"collection":[{"href":"https:\/\/portalnpm.com\/index.php\/wp-json\/wp\/v2\/posts"}],"about":[{"href":"https:\/\/portalnpm.com\/index.php\/wp-json\/wp\/v2\/types\/post"}],"author":[{"embeddable":true,"href":"https:\/\/portalnpm.com\/index.php\/wp-json\/wp\/v2\/users\/8"}],"replies":[{"embeddable":true,"href":"https:\/\/portalnpm.com\/index.php\/wp-json\/wp\/v2\/comments?post=5652"}],"version-history":[{"count":0,"href":"https:\/\/portalnpm.com\/index.php\/wp-json\/wp\/v2\/posts\/5652\/revisions"}],"wp:featuredmedia":[{"embeddable":true,"href":"https:\/\/portalnpm.com\/index.php\/wp-json\/"}],"wp:attachment":[{"href":"https:\/\/portalnpm.com\/index.php\/wp-json\/wp\/v2\/media?parent=5652"}],"wp:term":[{"taxonomy":"category","embeddable":true,"href":"https:\/\/portalnpm.com\/index.php\/wp-json\/wp\/v2\/categories?post=5652"},{"taxonomy":"post_tag","embeddable":true,"href":"https:\/\/portalnpm.com\/index.php\/wp-json\/wp\/v2\/tags?post=5652"}],"curies":[{"name":"wp","href":"https:\/\/api.w.org\/{rel}","templated":true}]}}