{"id":56547,"date":"2020-08-16T16:56:56","date_gmt":"2020-08-16T19:56:56","guid":{"rendered":"https:\/\/portalnpm.com\/index.php\/2020\/08\/16\/michelle-bolsonaro-revela-que-esta-curada-da-covid-19\/"},"modified":"2020-08-16T16:56:56","modified_gmt":"2020-08-16T19:56:56","slug":"michelle-bolsonaro-revela-que-esta-curada-da-covid-19","status":"publish","type":"post","link":"https:\/\/portalnpm.com\/index.php\/2020\/08\/16\/michelle-bolsonaro-revela-que-esta-curada-da-covid-19\/","title":{"rendered":"Michelle Bolsonaro revela que est\u00e1 curada da Covid-19"},"content":{"rendered":"<p style=\"text-align: justify;\">Michelle Bolsonaro utilizou as redes sociais para anunciar que est\u00e1 curada do novo coronav\u00edrus. A primeira-dama publicou uma imagem de um novo exame para covid-19.<\/p>\n<p style=\"text-align: justify;\">\n<p style=\"text-align: justify;\">&#8220;Exame negativo. Obrigado pelas ora\u00e7\u00f5es e por todas as manifesta\u00e7\u00f5es de carinho&#8221;, escreveu.<\/p>\n<p style=\"text-align: justify;\">Michelle foi diagnosticada com a doen\u00e7a no \u00faltimo dia 30 de julho, cinco dias ap\u00f3s Jair Bolsonaro anunciar que estava curado.<\/p>\n<p style=\"text-align: justify;\">Na quarta-feira, Maria Aparecida Firmo, av\u00f3 materna da primeira-dama, morreu aos 80 anos, v\u00edtima do coronav\u00edrus, ap\u00f3s um m\u00eas internada em um hospital p\u00fablico no Distrito Federal.<\/p>\n<p style=\"text-align: justify;\">Jair Renan, filho do presidente, tamb\u00e9m testou positivo para a covid-19. A informa\u00e7\u00e3o foi divulgada por Ana Cristina Valle, m\u00e3e do menino, na \u00faltima sexta-feira<\/p>\n<p style=\"text-align: justify;\">Fonte: Terra<\/p>\n","protected":false},"excerpt":{"rendered":"<p>Michelle Bolsonaro utilizou as redes sociais para anunciar que est\u00e1 curada do novo coronav\u00edrus. A primeira-dama publicou uma imagem de um novo exame para covid-19. &#8220;Exame negativo. Obrigado pelas ora\u00e7\u00f5es e por todas as manifesta\u00e7\u00f5es de carinho&#8221;, escreveu. Michelle foi diagnosticada com a doen\u00e7a no \u00faltimo dia 30 de julho, cinco dias ap\u00f3s Jair Bolsonaro &hellip;<\/p>\n","protected":false},"author":2,"featured_media":56548,"comment_status":"open","ping_status":"open","sticky":false,"template":"","format":"standard","meta":{"content-type":"","rop_custom_images_group":[],"rop_custom_messages_group":[],"rop_publish_now":"initial","rop_publish_now_accounts":{"facebook_2648258775420054_1618374048415101":""},"rop_publish_now_history":[],"rop_publish_now_status":"pending","footnotes":"","_jetpack_memberships_contains_paid_content":false},"categories":[125],"tags":[1113,3988,5694,1556],"yoast_head":"<!-- This site is optimized with the Yoast SEO plugin v22.3 - https:\/\/yoast.com\/wordpress\/plugins\/seo\/ -->\n<title>Michelle Bolsonaro revela que est\u00e1 curada da Covid-19<\/title>\n<meta name=\"robots\" content=\"index, follow, max-snippet:-1, max-image-preview:large, max-video-preview:-1\" \/>\n<link rel=\"canonical\" href=\"https:\/\/portalnpm.com\/index.php\/2020\/08\/16\/michelle-bolsonaro-revela-que-esta-curada-da-covid-19\/\" \/>\n<meta property=\"og:locale\" content=\"pt_BR\" \/>\n<meta property=\"og:type\" content=\"article\" \/>\n<meta property=\"og:title\" content=\"Michelle Bolsonaro revela que est\u00e1 curada da Covid-19\" \/>\n<meta property=\"og:description\" content=\"Michelle Bolsonaro utilizou as redes sociais para anunciar que est\u00e1 curada do novo coronav\u00edrus. A primeira-dama publicou uma imagem de um novo exame para covid-19. &#8220;Exame negativo. Obrigado pelas ora\u00e7\u00f5es e por todas as manifesta\u00e7\u00f5es de carinho&#8221;, escreveu. Michelle foi diagnosticada com a doen\u00e7a no \u00faltimo dia 30 de julho, cinco dias ap\u00f3s Jair Bolsonaro &hellip;\" \/>\n<meta property=\"og:url\" content=\"https:\/\/portalnpm.com\/index.php\/2020\/08\/16\/michelle-bolsonaro-revela-que-esta-curada-da-covid-19\/\" \/>\n<meta property=\"og:site_name\" content=\"Portal NPM\" \/>\n<meta property=\"article:published_time\" content=\"2020-08-16T19:56:56+00:00\" \/>\n<meta property=\"og:image\" content=\"https:\/\/portalnpm.com\/wp-content\/uploads\/2024\/01\/2020-08-12T220336Z_1_LYNXNPEG7B1Q9_RTROPTP_4_HEALTH-CORONAVIRUS-BRAZIL.jpeg\" \/>\n\t<meta property=\"og:image:width\" content=\"320\" \/>\n\t<meta property=\"og:image:height\" content=\"213\" \/>\n\t<meta property=\"og:image:type\" content=\"image\/jpeg\" \/>\n<meta name=\"author\" content=\"Genival Barbosa\" \/>\n<meta name=\"twitter:card\" content=\"summary_large_image\" \/>\n<meta name=\"twitter:label1\" content=\"Escrito por\" \/>\n\t<meta name=\"twitter:data1\" content=\"Genival Barbosa\" \/>\n\t<meta name=\"twitter:label2\" content=\"Est. tempo de leitura\" \/>\n\t<meta name=\"twitter:data2\" content=\"1 minuto\" \/>\n<script type=\"application\/ld+json\" class=\"yoast-schema-graph\">{\"@context\":\"https:\/\/schema.org\",\"@graph\":[{\"@type\":\"WebPage\",\"@id\":\"https:\/\/portalnpm.com\/index.php\/2020\/08\/16\/michelle-bolsonaro-revela-que-esta-curada-da-covid-19\/\",\"url\":\"https:\/\/portalnpm.com\/index.php\/2020\/08\/16\/michelle-bolsonaro-revela-que-esta-curada-da-covid-19\/\",\"name\":\"Michelle Bolsonaro revela que est\u00e1 curada da Covid-19\",\"isPartOf\":{\"@id\":\"https:\/\/portalnpm.com\/#website\"},\"primaryImageOfPage\":{\"@id\":\"https:\/\/portalnpm.com\/index.php\/2020\/08\/16\/michelle-bolsonaro-revela-que-esta-curada-da-covid-19\/#primaryimage\"},\"image\":{\"@id\":\"https:\/\/portalnpm.com\/index.php\/2020\/08\/16\/michelle-bolsonaro-revela-que-esta-curada-da-covid-19\/#primaryimage\"},\"thumbnailUrl\":\"https:\/\/portalnpm.com\/wp-content\/uploads\/2024\/01\/2020-08-12T220336Z_1_LYNXNPEG7B1Q9_RTROPTP_4_HEALTH-CORONAVIRUS-BRAZIL.jpeg\",\"datePublished\":\"2020-08-16T19:56:56+00:00\",\"dateModified\":\"2020-08-16T19:56:56+00:00\",\"author\":{\"@id\":\"https:\/\/portalnpm.com\/#\/schema\/person\/49313e563cfdefcc167f1ee4c017c294\"},\"breadcrumb\":{\"@id\":\"https:\/\/portalnpm.com\/index.php\/2020\/08\/16\/michelle-bolsonaro-revela-que-esta-curada-da-covid-19\/#breadcrumb\"},\"inLanguage\":\"pt-BR\",\"potentialAction\":[{\"@type\":\"ReadAction\",\"target\":[\"https:\/\/portalnpm.com\/index.php\/2020\/08\/16\/michelle-bolsonaro-revela-que-esta-curada-da-covid-19\/\"]}]},{\"@type\":\"ImageObject\",\"inLanguage\":\"pt-BR\",\"@id\":\"https:\/\/portalnpm.com\/index.php\/2020\/08\/16\/michelle-bolsonaro-revela-que-esta-curada-da-covid-19\/#primaryimage\",\"url\":\"https:\/\/portalnpm.com\/wp-content\/uploads\/2024\/01\/2020-08-12T220336Z_1_LYNXNPEG7B1Q9_RTROPTP_4_HEALTH-CORONAVIRUS-BRAZIL.jpeg\",\"contentUrl\":\"https:\/\/portalnpm.com\/wp-content\/uploads\/2024\/01\/2020-08-12T220336Z_1_LYNXNPEG7B1Q9_RTROPTP_4_HEALTH-CORONAVIRUS-BRAZIL.jpeg\",\"width\":320,\"height\":213},{\"@type\":\"BreadcrumbList\",\"@id\":\"https:\/\/portalnpm.com\/index.php\/2020\/08\/16\/michelle-bolsonaro-revela-que-esta-curada-da-covid-19\/#breadcrumb\",\"itemListElement\":[{\"@type\":\"ListItem\",\"position\":1,\"name\":\"In\u00edcio\",\"item\":\"https:\/\/portalnpm.com\/\"},{\"@type\":\"ListItem\",\"position\":2,\"name\":\"Michelle Bolsonaro revela que est\u00e1 curada da Covid-19\"}]},{\"@type\":\"WebSite\",\"@id\":\"https:\/\/portalnpm.com\/#website\",\"url\":\"https:\/\/portalnpm.com\/\",\"name\":\"Portal NPM\",\"description\":\"Not\u00edcias em Primeira M\u00e3o\",\"potentialAction\":[{\"@type\":\"SearchAction\",\"target\":{\"@type\":\"EntryPoint\",\"urlTemplate\":\"https:\/\/portalnpm.com\/?s={search_term_string}\"},\"query-input\":\"required name=search_term_string\"}],\"inLanguage\":\"pt-BR\"},{\"@type\":\"Person\",\"@id\":\"https:\/\/portalnpm.com\/#\/schema\/person\/49313e563cfdefcc167f1ee4c017c294\",\"name\":\"Genival Barbosa\",\"image\":{\"@type\":\"ImageObject\",\"inLanguage\":\"pt-BR\",\"@id\":\"https:\/\/portalnpm.com\/#\/schema\/person\/image\/\",\"url\":\"https:\/\/portalnpm.com\/wp-content\/uploads\/2024\/02\/avatar_user_2_1707743258-96x96.jpeg\",\"contentUrl\":\"https:\/\/portalnpm.com\/wp-content\/uploads\/2024\/02\/avatar_user_2_1707743258-96x96.jpeg\",\"caption\":\"Genival Barbosa\"},\"url\":\"https:\/\/portalnpm.com\/index.php\/author\/genival\/\"}]}<\/script>\n<!-- \/ Yoast SEO plugin. -->","yoast_head_json":{"title":"Michelle Bolsonaro revela que est\u00e1 curada da Covid-19","robots":{"index":"index","follow":"follow","max-snippet":"max-snippet:-1","max-image-preview":"max-image-preview:large","max-video-preview":"max-video-preview:-1"},"canonical":"https:\/\/portalnpm.com\/index.php\/2020\/08\/16\/michelle-bolsonaro-revela-que-esta-curada-da-covid-19\/","og_locale":"pt_BR","og_type":"article","og_title":"Michelle Bolsonaro revela que est\u00e1 curada da Covid-19","og_description":"Michelle Bolsonaro utilizou as redes sociais para anunciar que est\u00e1 curada do novo coronav\u00edrus. A primeira-dama publicou uma imagem de um novo exame para covid-19. &#8220;Exame negativo. Obrigado pelas ora\u00e7\u00f5es e por todas as manifesta\u00e7\u00f5es de carinho&#8221;, escreveu. Michelle foi diagnosticada com a doen\u00e7a no \u00faltimo dia 30 de julho, cinco dias ap\u00f3s Jair Bolsonaro &hellip;","og_url":"https:\/\/portalnpm.com\/index.php\/2020\/08\/16\/michelle-bolsonaro-revela-que-esta-curada-da-covid-19\/","og_site_name":"Portal NPM","article_published_time":"2020-08-16T19:56:56+00:00","og_image":[{"width":320,"height":213,"url":"https:\/\/portalnpm.com\/wp-content\/uploads\/2024\/01\/2020-08-12T220336Z_1_LYNXNPEG7B1Q9_RTROPTP_4_HEALTH-CORONAVIRUS-BRAZIL.jpeg","type":"image\/jpeg"}],"author":"Genival Barbosa","twitter_card":"summary_large_image","twitter_misc":{"Escrito por":"Genival Barbosa","Est. tempo de leitura":"1 minuto"},"schema":{"@context":"https:\/\/schema.org","@graph":[{"@type":"WebPage","@id":"https:\/\/portalnpm.com\/index.php\/2020\/08\/16\/michelle-bolsonaro-revela-que-esta-curada-da-covid-19\/","url":"https:\/\/portalnpm.com\/index.php\/2020\/08\/16\/michelle-bolsonaro-revela-que-esta-curada-da-covid-19\/","name":"Michelle Bolsonaro revela que est\u00e1 curada da Covid-19","isPartOf":{"@id":"https:\/\/portalnpm.com\/#website"},"primaryImageOfPage":{"@id":"https:\/\/portalnpm.com\/index.php\/2020\/08\/16\/michelle-bolsonaro-revela-que-esta-curada-da-covid-19\/#primaryimage"},"image":{"@id":"https:\/\/portalnpm.com\/index.php\/2020\/08\/16\/michelle-bolsonaro-revela-que-esta-curada-da-covid-19\/#primaryimage"},"thumbnailUrl":"https:\/\/portalnpm.com\/wp-content\/uploads\/2024\/01\/2020-08-12T220336Z_1_LYNXNPEG7B1Q9_RTROPTP_4_HEALTH-CORONAVIRUS-BRAZIL.jpeg","datePublished":"2020-08-16T19:56:56+00:00","dateModified":"2020-08-16T19:56:56+00:00","author":{"@id":"https:\/\/portalnpm.com\/#\/schema\/person\/49313e563cfdefcc167f1ee4c017c294"},"breadcrumb":{"@id":"https:\/\/portalnpm.com\/index.php\/2020\/08\/16\/michelle-bolsonaro-revela-que-esta-curada-da-covid-19\/#breadcrumb"},"inLanguage":"pt-BR","potentialAction":[{"@type":"ReadAction","target":["https:\/\/portalnpm.com\/index.php\/2020\/08\/16\/michelle-bolsonaro-revela-que-esta-curada-da-covid-19\/"]}]},{"@type":"ImageObject","inLanguage":"pt-BR","@id":"https:\/\/portalnpm.com\/index.php\/2020\/08\/16\/michelle-bolsonaro-revela-que-esta-curada-da-covid-19\/#primaryimage","url":"https:\/\/portalnpm.com\/wp-content\/uploads\/2024\/01\/2020-08-12T220336Z_1_LYNXNPEG7B1Q9_RTROPTP_4_HEALTH-CORONAVIRUS-BRAZIL.jpeg","contentUrl":"https:\/\/portalnpm.com\/wp-content\/uploads\/2024\/01\/2020-08-12T220336Z_1_LYNXNPEG7B1Q9_RTROPTP_4_HEALTH-CORONAVIRUS-BRAZIL.jpeg","width":320,"height":213},{"@type":"BreadcrumbList","@id":"https:\/\/portalnpm.com\/index.php\/2020\/08\/16\/michelle-bolsonaro-revela-que-esta-curada-da-covid-19\/#breadcrumb","itemListElement":[{"@type":"ListItem","position":1,"name":"In\u00edcio","item":"https:\/\/portalnpm.com\/"},{"@type":"ListItem","position":2,"name":"Michelle Bolsonaro revela que est\u00e1 curada da Covid-19"}]},{"@type":"WebSite","@id":"https:\/\/portalnpm.com\/#website","url":"https:\/\/portalnpm.com\/","name":"Portal NPM","description":"Not\u00edcias em Primeira M\u00e3o","potentialAction":[{"@type":"SearchAction","target":{"@type":"EntryPoint","urlTemplate":"https:\/\/portalnpm.com\/?s={search_term_string}"},"query-input":"required name=search_term_string"}],"inLanguage":"pt-BR"},{"@type":"Person","@id":"https:\/\/portalnpm.com\/#\/schema\/person\/49313e563cfdefcc167f1ee4c017c294","name":"Genival Barbosa","image":{"@type":"ImageObject","inLanguage":"pt-BR","@id":"https:\/\/portalnpm.com\/#\/schema\/person\/image\/","url":"https:\/\/portalnpm.com\/wp-content\/uploads\/2024\/02\/avatar_user_2_1707743258-96x96.jpeg","contentUrl":"https:\/\/portalnpm.com\/wp-content\/uploads\/2024\/02\/avatar_user_2_1707743258-96x96.jpeg","caption":"Genival Barbosa"},"url":"https:\/\/portalnpm.com\/index.php\/author\/genival\/"}]}},"jetpack_sharing_enabled":true,"jetpack_featured_media_url":"https:\/\/portalnpm.com\/wp-content\/uploads\/2024\/01\/2020-08-12T220336Z_1_LYNXNPEG7B1Q9_RTROPTP_4_HEALTH-CORONAVIRUS-BRAZIL.jpeg","_links":{"self":[{"href":"https:\/\/portalnpm.com\/index.php\/wp-json\/wp\/v2\/posts\/56547"}],"collection":[{"href":"https:\/\/portalnpm.com\/index.php\/wp-json\/wp\/v2\/posts"}],"about":[{"href":"https:\/\/portalnpm.com\/index.php\/wp-json\/wp\/v2\/types\/post"}],"author":[{"embeddable":true,"href":"https:\/\/portalnpm.com\/index.php\/wp-json\/wp\/v2\/users\/2"}],"replies":[{"embeddable":true,"href":"https:\/\/portalnpm.com\/index.php\/wp-json\/wp\/v2\/comments?post=56547"}],"version-history":[{"count":0,"href":"https:\/\/portalnpm.com\/index.php\/wp-json\/wp\/v2\/posts\/56547\/revisions"}],"wp:featuredmedia":[{"embeddable":true,"href":"https:\/\/portalnpm.com\/index.php\/wp-json\/wp\/v2\/media\/56548"}],"wp:attachment":[{"href":"https:\/\/portalnpm.com\/index.php\/wp-json\/wp\/v2\/media?parent=56547"}],"wp:term":[{"taxonomy":"category","embeddable":true,"href":"https:\/\/portalnpm.com\/index.php\/wp-json\/wp\/v2\/categories?post=56547"},{"taxonomy":"post_tag","embeddable":true,"href":"https:\/\/portalnpm.com\/index.php\/wp-json\/wp\/v2\/tags?post=56547"}],"curies":[{"name":"wp","href":"https:\/\/api.w.org\/{rel}","templated":true}]}}