{"id":56790,"date":"2020-08-22T19:09:41","date_gmt":"2020-08-22T22:09:41","guid":{"rendered":"https:\/\/portalnpm.com\/index.php\/2020\/08\/22\/simaria-testa-positivo-para-covid-19-dificil-nao-abracar-meus-filhos\/"},"modified":"2020-08-22T19:09:41","modified_gmt":"2020-08-22T22:09:41","slug":"simaria-testa-positivo-para-covid-19-dificil-nao-abracar-meus-filhos","status":"publish","type":"post","link":"https:\/\/portalnpm.com\/index.php\/2020\/08\/22\/simaria-testa-positivo-para-covid-19-dificil-nao-abracar-meus-filhos\/","title":{"rendered":"Simaria testa positivo para Covid-19: &#8220;Dif\u00edcil n\u00e3o abra\u00e7ar meus filhos&#8221;"},"content":{"rendered":"<p style=\"text-align: justify;\">Simaria Mendes, dupla e irm\u00e3 de Simone, testou positvo para o coronav\u00edrus depois de realizar exames nesta sexta-feira (21) junto com seus dois filhos e o marido. A not\u00edcia foi revelada pela assessoria de imprensa da cantora e alertou que, apesar da conviv\u00eancia em fam\u00edlia, ela foi a \u00fanica a ter resultado positivo.<\/p>\n<p style=\"text-align: justify;\">\n<p style=\"text-align: justify;\">&#8220;Nesta \u00faltima sexta feira (21), Simaria Mendes testou positivo para a Covid-19 ap\u00f3s realizar o exame juntamente com seus filhos e marido, que testaram negativo. A fam\u00edlia tinha uma viagem programada para a Espanha, onde tem casa, e, por seguran\u00e7a e exig\u00eancia do pa\u00eds, realizaram o exame antes da viagem&#8221;, esclereceu.<\/p>\n<p style=\"text-align: justify;\">A nota oficial ainda explicou que a artista est\u00e1 totalmente assintom\u00e1tica, sendo acompanhada pelo m\u00e9dico David Uip e seguindo os devidos protocolos de isolamento na sua casa em Alphaville, regi\u00e3o metropolitana de S\u00e3o Paulo.<\/p>\n<p style=\"text-align: justify;\">\u201cMe sinto bem, sem nenhum sintoma, por\u00e9m o mais dif\u00edcil est\u00e1 sendo ficar isolada dos meus filhos sem poder abra\u00e7\u00e1-los\u201d, lamentou a sertaneja.<\/p>\n<p style=\"text-align: justify;\">Simaria \u00e9 m\u00e3e de Giovanna, de 9 anos, e Pawel, de 3, frutos do relacionamento com o espanhol Vicente Escrig.<\/p>\n<p style=\"text-align: justify;\">Fonte: Meio Norte<\/p>\n","protected":false},"excerpt":{"rendered":"<p>Simaria Mendes, dupla e irm\u00e3 de Simone, testou positvo para o coronav\u00edrus depois de realizar exames nesta sexta-feira (21) junto com seus dois filhos e o marido. A not\u00edcia foi revelada pela assessoria de imprensa da cantora e alertou que, apesar da conviv\u00eancia em fam\u00edlia, ela foi a \u00fanica a ter resultado positivo. &#8220;Nesta \u00faltima &hellip;<\/p>\n","protected":false},"author":2,"featured_media":56791,"comment_status":"open","ping_status":"open","sticky":false,"template":"","format":"standard","meta":{"content-type":"","rop_custom_images_group":[],"rop_custom_messages_group":[],"rop_publish_now":"initial","rop_publish_now_accounts":{"facebook_2648258775420054_1618374048415101":""},"rop_publish_now_history":[],"rop_publish_now_status":"pending","footnotes":"","_jetpack_memberships_contains_paid_content":false},"categories":[147],"tags":[1113,852,1538,5920],"yoast_head":"<!-- This site is optimized with the Yoast SEO plugin v22.3 - https:\/\/yoast.com\/wordpress\/plugins\/seo\/ -->\n<title>Simaria testa positivo para Covid-19: &quot;Dif\u00edcil n\u00e3o abra\u00e7ar meus filhos&quot;<\/title>\n<meta name=\"robots\" content=\"index, follow, max-snippet:-1, max-image-preview:large, max-video-preview:-1\" \/>\n<link rel=\"canonical\" href=\"https:\/\/portalnpm.com\/index.php\/2020\/08\/22\/simaria-testa-positivo-para-covid-19-dificil-nao-abracar-meus-filhos\/\" \/>\n<meta property=\"og:locale\" content=\"pt_BR\" \/>\n<meta property=\"og:type\" content=\"article\" \/>\n<meta property=\"og:title\" content=\"Simaria testa positivo para Covid-19: &quot;Dif\u00edcil n\u00e3o abra\u00e7ar meus filhos&quot;\" \/>\n<meta property=\"og:description\" content=\"Simaria Mendes, dupla e irm\u00e3 de Simone, testou positvo para o coronav\u00edrus depois de realizar exames nesta sexta-feira (21) junto com seus dois filhos e o marido. A not\u00edcia foi revelada pela assessoria de imprensa da cantora e alertou que, apesar da conviv\u00eancia em fam\u00edlia, ela foi a \u00fanica a ter resultado positivo. &#8220;Nesta \u00faltima &hellip;\" \/>\n<meta property=\"og:url\" content=\"https:\/\/portalnpm.com\/index.php\/2020\/08\/22\/simaria-testa-positivo-para-covid-19-dificil-nao-abracar-meus-filhos\/\" \/>\n<meta property=\"og:site_name\" content=\"Portal NPM\" \/>\n<meta property=\"article:published_time\" content=\"2020-08-22T22:09:41+00:00\" \/>\n<meta property=\"og:image\" content=\"https:\/\/portalnpm.com\/wp-content\/uploads\/2024\/01\/3d19d39d-ef55-4b9c-83df-75305d52863a-bab59542-5d45-4007-8c0c-0088d317faf0.jpg\" \/>\n\t<meta property=\"og:image:width\" content=\"1080\" \/>\n\t<meta property=\"og:image:height\" content=\"1350\" \/>\n\t<meta property=\"og:image:type\" content=\"image\/jpeg\" \/>\n<meta name=\"author\" content=\"Genival Barbosa\" \/>\n<meta name=\"twitter:card\" content=\"summary_large_image\" \/>\n<meta name=\"twitter:label1\" content=\"Escrito por\" \/>\n\t<meta name=\"twitter:data1\" content=\"Genival Barbosa\" \/>\n\t<meta name=\"twitter:label2\" content=\"Est. tempo de leitura\" \/>\n\t<meta name=\"twitter:data2\" content=\"1 minuto\" \/>\n<script type=\"application\/ld+json\" class=\"yoast-schema-graph\">{\"@context\":\"https:\/\/schema.org\",\"@graph\":[{\"@type\":\"WebPage\",\"@id\":\"https:\/\/portalnpm.com\/index.php\/2020\/08\/22\/simaria-testa-positivo-para-covid-19-dificil-nao-abracar-meus-filhos\/\",\"url\":\"https:\/\/portalnpm.com\/index.php\/2020\/08\/22\/simaria-testa-positivo-para-covid-19-dificil-nao-abracar-meus-filhos\/\",\"name\":\"Simaria testa positivo para Covid-19: \\\"Dif\u00edcil n\u00e3o abra\u00e7ar meus filhos\\\"\",\"isPartOf\":{\"@id\":\"https:\/\/portalnpm.com\/#website\"},\"primaryImageOfPage\":{\"@id\":\"https:\/\/portalnpm.com\/index.php\/2020\/08\/22\/simaria-testa-positivo-para-covid-19-dificil-nao-abracar-meus-filhos\/#primaryimage\"},\"image\":{\"@id\":\"https:\/\/portalnpm.com\/index.php\/2020\/08\/22\/simaria-testa-positivo-para-covid-19-dificil-nao-abracar-meus-filhos\/#primaryimage\"},\"thumbnailUrl\":\"https:\/\/portalnpm.com\/wp-content\/uploads\/2024\/01\/3d19d39d-ef55-4b9c-83df-75305d52863a-bab59542-5d45-4007-8c0c-0088d317faf0.jpg\",\"datePublished\":\"2020-08-22T22:09:41+00:00\",\"dateModified\":\"2020-08-22T22:09:41+00:00\",\"author\":{\"@id\":\"https:\/\/portalnpm.com\/#\/schema\/person\/49313e563cfdefcc167f1ee4c017c294\"},\"breadcrumb\":{\"@id\":\"https:\/\/portalnpm.com\/index.php\/2020\/08\/22\/simaria-testa-positivo-para-covid-19-dificil-nao-abracar-meus-filhos\/#breadcrumb\"},\"inLanguage\":\"pt-BR\",\"potentialAction\":[{\"@type\":\"ReadAction\",\"target\":[\"https:\/\/portalnpm.com\/index.php\/2020\/08\/22\/simaria-testa-positivo-para-covid-19-dificil-nao-abracar-meus-filhos\/\"]}]},{\"@type\":\"ImageObject\",\"inLanguage\":\"pt-BR\",\"@id\":\"https:\/\/portalnpm.com\/index.php\/2020\/08\/22\/simaria-testa-positivo-para-covid-19-dificil-nao-abracar-meus-filhos\/#primaryimage\",\"url\":\"https:\/\/portalnpm.com\/wp-content\/uploads\/2024\/01\/3d19d39d-ef55-4b9c-83df-75305d52863a-bab59542-5d45-4007-8c0c-0088d317faf0.jpg\",\"contentUrl\":\"https:\/\/portalnpm.com\/wp-content\/uploads\/2024\/01\/3d19d39d-ef55-4b9c-83df-75305d52863a-bab59542-5d45-4007-8c0c-0088d317faf0.jpg\",\"width\":1080,\"height\":1350},{\"@type\":\"BreadcrumbList\",\"@id\":\"https:\/\/portalnpm.com\/index.php\/2020\/08\/22\/simaria-testa-positivo-para-covid-19-dificil-nao-abracar-meus-filhos\/#breadcrumb\",\"itemListElement\":[{\"@type\":\"ListItem\",\"position\":1,\"name\":\"In\u00edcio\",\"item\":\"https:\/\/portalnpm.com\/\"},{\"@type\":\"ListItem\",\"position\":2,\"name\":\"Simaria testa positivo para Covid-19: &#8220;Dif\u00edcil n\u00e3o abra\u00e7ar meus filhos&#8221;\"}]},{\"@type\":\"WebSite\",\"@id\":\"https:\/\/portalnpm.com\/#website\",\"url\":\"https:\/\/portalnpm.com\/\",\"name\":\"Portal NPM\",\"description\":\"Not\u00edcias em Primeira M\u00e3o\",\"potentialAction\":[{\"@type\":\"SearchAction\",\"target\":{\"@type\":\"EntryPoint\",\"urlTemplate\":\"https:\/\/portalnpm.com\/?s={search_term_string}\"},\"query-input\":\"required name=search_term_string\"}],\"inLanguage\":\"pt-BR\"},{\"@type\":\"Person\",\"@id\":\"https:\/\/portalnpm.com\/#\/schema\/person\/49313e563cfdefcc167f1ee4c017c294\",\"name\":\"Genival Barbosa\",\"image\":{\"@type\":\"ImageObject\",\"inLanguage\":\"pt-BR\",\"@id\":\"https:\/\/portalnpm.com\/#\/schema\/person\/image\/\",\"url\":\"https:\/\/portalnpm.com\/wp-content\/uploads\/2024\/02\/avatar_user_2_1707743258-96x96.jpeg\",\"contentUrl\":\"https:\/\/portalnpm.com\/wp-content\/uploads\/2024\/02\/avatar_user_2_1707743258-96x96.jpeg\",\"caption\":\"Genival Barbosa\"},\"url\":\"https:\/\/portalnpm.com\/index.php\/author\/genival\/\"}]}<\/script>\n<!-- \/ Yoast SEO plugin. -->","yoast_head_json":{"title":"Simaria testa positivo para Covid-19: \"Dif\u00edcil n\u00e3o abra\u00e7ar meus filhos\"","robots":{"index":"index","follow":"follow","max-snippet":"max-snippet:-1","max-image-preview":"max-image-preview:large","max-video-preview":"max-video-preview:-1"},"canonical":"https:\/\/portalnpm.com\/index.php\/2020\/08\/22\/simaria-testa-positivo-para-covid-19-dificil-nao-abracar-meus-filhos\/","og_locale":"pt_BR","og_type":"article","og_title":"Simaria testa positivo para Covid-19: \"Dif\u00edcil n\u00e3o abra\u00e7ar meus filhos\"","og_description":"Simaria Mendes, dupla e irm\u00e3 de Simone, testou positvo para o coronav\u00edrus depois de realizar exames nesta sexta-feira (21) junto com seus dois filhos e o marido. A not\u00edcia foi revelada pela assessoria de imprensa da cantora e alertou que, apesar da conviv\u00eancia em fam\u00edlia, ela foi a \u00fanica a ter resultado positivo. &#8220;Nesta \u00faltima &hellip;","og_url":"https:\/\/portalnpm.com\/index.php\/2020\/08\/22\/simaria-testa-positivo-para-covid-19-dificil-nao-abracar-meus-filhos\/","og_site_name":"Portal NPM","article_published_time":"2020-08-22T22:09:41+00:00","og_image":[{"width":1080,"height":1350,"url":"https:\/\/portalnpm.com\/wp-content\/uploads\/2024\/01\/3d19d39d-ef55-4b9c-83df-75305d52863a-bab59542-5d45-4007-8c0c-0088d317faf0.jpg","type":"image\/jpeg"}],"author":"Genival Barbosa","twitter_card":"summary_large_image","twitter_misc":{"Escrito por":"Genival Barbosa","Est. tempo de leitura":"1 minuto"},"schema":{"@context":"https:\/\/schema.org","@graph":[{"@type":"WebPage","@id":"https:\/\/portalnpm.com\/index.php\/2020\/08\/22\/simaria-testa-positivo-para-covid-19-dificil-nao-abracar-meus-filhos\/","url":"https:\/\/portalnpm.com\/index.php\/2020\/08\/22\/simaria-testa-positivo-para-covid-19-dificil-nao-abracar-meus-filhos\/","name":"Simaria testa positivo para Covid-19: \"Dif\u00edcil n\u00e3o abra\u00e7ar meus filhos\"","isPartOf":{"@id":"https:\/\/portalnpm.com\/#website"},"primaryImageOfPage":{"@id":"https:\/\/portalnpm.com\/index.php\/2020\/08\/22\/simaria-testa-positivo-para-covid-19-dificil-nao-abracar-meus-filhos\/#primaryimage"},"image":{"@id":"https:\/\/portalnpm.com\/index.php\/2020\/08\/22\/simaria-testa-positivo-para-covid-19-dificil-nao-abracar-meus-filhos\/#primaryimage"},"thumbnailUrl":"https:\/\/portalnpm.com\/wp-content\/uploads\/2024\/01\/3d19d39d-ef55-4b9c-83df-75305d52863a-bab59542-5d45-4007-8c0c-0088d317faf0.jpg","datePublished":"2020-08-22T22:09:41+00:00","dateModified":"2020-08-22T22:09:41+00:00","author":{"@id":"https:\/\/portalnpm.com\/#\/schema\/person\/49313e563cfdefcc167f1ee4c017c294"},"breadcrumb":{"@id":"https:\/\/portalnpm.com\/index.php\/2020\/08\/22\/simaria-testa-positivo-para-covid-19-dificil-nao-abracar-meus-filhos\/#breadcrumb"},"inLanguage":"pt-BR","potentialAction":[{"@type":"ReadAction","target":["https:\/\/portalnpm.com\/index.php\/2020\/08\/22\/simaria-testa-positivo-para-covid-19-dificil-nao-abracar-meus-filhos\/"]}]},{"@type":"ImageObject","inLanguage":"pt-BR","@id":"https:\/\/portalnpm.com\/index.php\/2020\/08\/22\/simaria-testa-positivo-para-covid-19-dificil-nao-abracar-meus-filhos\/#primaryimage","url":"https:\/\/portalnpm.com\/wp-content\/uploads\/2024\/01\/3d19d39d-ef55-4b9c-83df-75305d52863a-bab59542-5d45-4007-8c0c-0088d317faf0.jpg","contentUrl":"https:\/\/portalnpm.com\/wp-content\/uploads\/2024\/01\/3d19d39d-ef55-4b9c-83df-75305d52863a-bab59542-5d45-4007-8c0c-0088d317faf0.jpg","width":1080,"height":1350},{"@type":"BreadcrumbList","@id":"https:\/\/portalnpm.com\/index.php\/2020\/08\/22\/simaria-testa-positivo-para-covid-19-dificil-nao-abracar-meus-filhos\/#breadcrumb","itemListElement":[{"@type":"ListItem","position":1,"name":"In\u00edcio","item":"https:\/\/portalnpm.com\/"},{"@type":"ListItem","position":2,"name":"Simaria testa positivo para Covid-19: &#8220;Dif\u00edcil n\u00e3o abra\u00e7ar meus filhos&#8221;"}]},{"@type":"WebSite","@id":"https:\/\/portalnpm.com\/#website","url":"https:\/\/portalnpm.com\/","name":"Portal NPM","description":"Not\u00edcias em Primeira M\u00e3o","potentialAction":[{"@type":"SearchAction","target":{"@type":"EntryPoint","urlTemplate":"https:\/\/portalnpm.com\/?s={search_term_string}"},"query-input":"required name=search_term_string"}],"inLanguage":"pt-BR"},{"@type":"Person","@id":"https:\/\/portalnpm.com\/#\/schema\/person\/49313e563cfdefcc167f1ee4c017c294","name":"Genival Barbosa","image":{"@type":"ImageObject","inLanguage":"pt-BR","@id":"https:\/\/portalnpm.com\/#\/schema\/person\/image\/","url":"https:\/\/portalnpm.com\/wp-content\/uploads\/2024\/02\/avatar_user_2_1707743258-96x96.jpeg","contentUrl":"https:\/\/portalnpm.com\/wp-content\/uploads\/2024\/02\/avatar_user_2_1707743258-96x96.jpeg","caption":"Genival Barbosa"},"url":"https:\/\/portalnpm.com\/index.php\/author\/genival\/"}]}},"jetpack_sharing_enabled":true,"jetpack_featured_media_url":"https:\/\/portalnpm.com\/wp-content\/uploads\/2024\/01\/3d19d39d-ef55-4b9c-83df-75305d52863a-bab59542-5d45-4007-8c0c-0088d317faf0.jpg","_links":{"self":[{"href":"https:\/\/portalnpm.com\/index.php\/wp-json\/wp\/v2\/posts\/56790"}],"collection":[{"href":"https:\/\/portalnpm.com\/index.php\/wp-json\/wp\/v2\/posts"}],"about":[{"href":"https:\/\/portalnpm.com\/index.php\/wp-json\/wp\/v2\/types\/post"}],"author":[{"embeddable":true,"href":"https:\/\/portalnpm.com\/index.php\/wp-json\/wp\/v2\/users\/2"}],"replies":[{"embeddable":true,"href":"https:\/\/portalnpm.com\/index.php\/wp-json\/wp\/v2\/comments?post=56790"}],"version-history":[{"count":0,"href":"https:\/\/portalnpm.com\/index.php\/wp-json\/wp\/v2\/posts\/56790\/revisions"}],"wp:featuredmedia":[{"embeddable":true,"href":"https:\/\/portalnpm.com\/index.php\/wp-json\/wp\/v2\/media\/56791"}],"wp:attachment":[{"href":"https:\/\/portalnpm.com\/index.php\/wp-json\/wp\/v2\/media?parent=56790"}],"wp:term":[{"taxonomy":"category","embeddable":true,"href":"https:\/\/portalnpm.com\/index.php\/wp-json\/wp\/v2\/categories?post=56790"},{"taxonomy":"post_tag","embeddable":true,"href":"https:\/\/portalnpm.com\/index.php\/wp-json\/wp\/v2\/tags?post=56790"}],"curies":[{"name":"wp","href":"https:\/\/api.w.org\/{rel}","templated":true}]}}