{"id":56826,"date":"2020-08-23T11:20:46","date_gmt":"2020-08-23T14:20:46","guid":{"rendered":"https:\/\/portalnpm.com\/index.php\/2020\/08\/23\/francisco-macedo-registra-primeiro-obito-pelo-covid-19\/"},"modified":"2020-08-23T11:20:46","modified_gmt":"2020-08-23T14:20:46","slug":"francisco-macedo-registra-primeiro-obito-pelo-covid-19","status":"publish","type":"post","link":"https:\/\/portalnpm.com\/index.php\/2020\/08\/23\/francisco-macedo-registra-primeiro-obito-pelo-covid-19\/","title":{"rendered":"Francisco Macedo registra primeiro \u00f3bito pelo Covid-19"},"content":{"rendered":"<p style=\"text-align: justify;\">O munic\u00edpio de Francisco Macedo, situado na regi\u00e3o sudeste do Estado \u2013 distante cerca de 412 km da capital Teresina, registrou na noite deste s\u00e1bado, 22, o primeiro \u00f3bito por Covid-19.<\/p>\n<p style=\"text-align: justify;\">\n<p style=\"text-align: justify;\">A informa\u00e7\u00e3o foi confirmada atrav\u00e9s do boletim do Hospital Regional Justino Luz, em Picos, onde a paciente estava internada.<\/p>\n<p style=\"text-align: justify;\">O primeiro \u00f3bito registrado na cidade de Francisco Macedo causado pelo Covid-19, trata-se de uma mulher de 94 anos, a mesma sofria de comorbidades por hipertens\u00e3o.<\/p>\n<p style=\"text-align: justify;\">Boletim<\/p>\n<p style=\"text-align: justify;\">O boletim contabiliza 75 casos confirmados, 249 notificados, 17 em investiga\u00e7\u00e3o, 157 descartados, 39 recuperados e 01 \u00f3bito. O n\u00famero de testes soma o total de 297.<\/p>\n<p style=\"text-align: justify;\"><em><strong>Fonte: Info Newss<\/strong><\/em><\/p>\n","protected":false},"excerpt":{"rendered":"<p>O munic\u00edpio de Francisco Macedo, situado na regi\u00e3o sudeste do Estado \u2013 distante cerca de 412 km da capital Teresina, registrou na noite deste s\u00e1bado, 22, o primeiro \u00f3bito por Covid-19. A informa\u00e7\u00e3o foi confirmada atrav\u00e9s do boletim do Hospital Regional Justino Luz, em Picos, onde a paciente estava internada. O primeiro \u00f3bito registrado na &hellip;<\/p>\n","protected":false},"author":2,"featured_media":56827,"comment_status":"open","ping_status":"open","sticky":false,"template":"","format":"standard","meta":{"content-type":"","rop_custom_images_group":[],"rop_custom_messages_group":[],"rop_publish_now":"initial","rop_publish_now_accounts":{"facebook_2648258775420054_1618374048415101":""},"rop_publish_now_history":[],"rop_publish_now_status":"pending","footnotes":"","_jetpack_memberships_contains_paid_content":false},"categories":[113,502,109],"tags":[1113,1006,5932,540],"yoast_head":"<!-- This site is optimized with the Yoast SEO plugin v22.3 - https:\/\/yoast.com\/wordpress\/plugins\/seo\/ -->\n<title>Francisco Macedo registra primeiro \u00f3bito pelo Covid-19<\/title>\n<meta name=\"robots\" content=\"index, follow, max-snippet:-1, max-image-preview:large, max-video-preview:-1\" \/>\n<link rel=\"canonical\" href=\"https:\/\/portalnpm.com\/index.php\/2020\/08\/23\/francisco-macedo-registra-primeiro-obito-pelo-covid-19\/\" \/>\n<meta property=\"og:locale\" content=\"pt_BR\" \/>\n<meta property=\"og:type\" content=\"article\" \/>\n<meta property=\"og:title\" content=\"Francisco Macedo registra primeiro \u00f3bito pelo Covid-19\" \/>\n<meta property=\"og:description\" content=\"O munic\u00edpio de Francisco Macedo, situado na regi\u00e3o sudeste do Estado \u2013 distante cerca de 412 km da capital Teresina, registrou na noite deste s\u00e1bado, 22, o primeiro \u00f3bito por Covid-19. A informa\u00e7\u00e3o foi confirmada atrav\u00e9s do boletim do Hospital Regional Justino Luz, em Picos, onde a paciente estava internada. O primeiro \u00f3bito registrado na &hellip;\" \/>\n<meta property=\"og:url\" content=\"https:\/\/portalnpm.com\/index.php\/2020\/08\/23\/francisco-macedo-registra-primeiro-obito-pelo-covid-19\/\" \/>\n<meta property=\"og:site_name\" content=\"Portal NPM\" \/>\n<meta property=\"article:published_time\" content=\"2020-08-23T14:20:46+00:00\" \/>\n<meta property=\"og:image\" content=\"https:\/\/portalnpm.com\/wp-content\/uploads\/2024\/01\/Pacientes-com-Covid-19-coronavirus.jpg\" \/>\n\t<meta property=\"og:image:width\" content=\"660\" \/>\n\t<meta property=\"og:image:height\" content=\"330\" \/>\n\t<meta property=\"og:image:type\" content=\"image\/jpeg\" \/>\n<meta name=\"author\" content=\"Genival Barbosa\" \/>\n<meta name=\"twitter:card\" content=\"summary_large_image\" \/>\n<meta name=\"twitter:label1\" content=\"Escrito por\" \/>\n\t<meta name=\"twitter:data1\" content=\"Genival Barbosa\" \/>\n\t<meta name=\"twitter:label2\" content=\"Est. tempo de leitura\" \/>\n\t<meta name=\"twitter:data2\" content=\"1 minuto\" \/>\n<script type=\"application\/ld+json\" class=\"yoast-schema-graph\">{\"@context\":\"https:\/\/schema.org\",\"@graph\":[{\"@type\":\"WebPage\",\"@id\":\"https:\/\/portalnpm.com\/index.php\/2020\/08\/23\/francisco-macedo-registra-primeiro-obito-pelo-covid-19\/\",\"url\":\"https:\/\/portalnpm.com\/index.php\/2020\/08\/23\/francisco-macedo-registra-primeiro-obito-pelo-covid-19\/\",\"name\":\"Francisco Macedo registra primeiro \u00f3bito pelo Covid-19\",\"isPartOf\":{\"@id\":\"https:\/\/portalnpm.com\/#website\"},\"primaryImageOfPage\":{\"@id\":\"https:\/\/portalnpm.com\/index.php\/2020\/08\/23\/francisco-macedo-registra-primeiro-obito-pelo-covid-19\/#primaryimage\"},\"image\":{\"@id\":\"https:\/\/portalnpm.com\/index.php\/2020\/08\/23\/francisco-macedo-registra-primeiro-obito-pelo-covid-19\/#primaryimage\"},\"thumbnailUrl\":\"https:\/\/portalnpm.com\/wp-content\/uploads\/2024\/01\/Pacientes-com-Covid-19-coronavirus.jpg\",\"datePublished\":\"2020-08-23T14:20:46+00:00\",\"dateModified\":\"2020-08-23T14:20:46+00:00\",\"author\":{\"@id\":\"https:\/\/portalnpm.com\/#\/schema\/person\/49313e563cfdefcc167f1ee4c017c294\"},\"breadcrumb\":{\"@id\":\"https:\/\/portalnpm.com\/index.php\/2020\/08\/23\/francisco-macedo-registra-primeiro-obito-pelo-covid-19\/#breadcrumb\"},\"inLanguage\":\"pt-BR\",\"potentialAction\":[{\"@type\":\"ReadAction\",\"target\":[\"https:\/\/portalnpm.com\/index.php\/2020\/08\/23\/francisco-macedo-registra-primeiro-obito-pelo-covid-19\/\"]}]},{\"@type\":\"ImageObject\",\"inLanguage\":\"pt-BR\",\"@id\":\"https:\/\/portalnpm.com\/index.php\/2020\/08\/23\/francisco-macedo-registra-primeiro-obito-pelo-covid-19\/#primaryimage\",\"url\":\"https:\/\/portalnpm.com\/wp-content\/uploads\/2024\/01\/Pacientes-com-Covid-19-coronavirus.jpg\",\"contentUrl\":\"https:\/\/portalnpm.com\/wp-content\/uploads\/2024\/01\/Pacientes-com-Covid-19-coronavirus.jpg\",\"width\":660,\"height\":330},{\"@type\":\"BreadcrumbList\",\"@id\":\"https:\/\/portalnpm.com\/index.php\/2020\/08\/23\/francisco-macedo-registra-primeiro-obito-pelo-covid-19\/#breadcrumb\",\"itemListElement\":[{\"@type\":\"ListItem\",\"position\":1,\"name\":\"In\u00edcio\",\"item\":\"https:\/\/portalnpm.com\/\"},{\"@type\":\"ListItem\",\"position\":2,\"name\":\"Francisco Macedo registra primeiro \u00f3bito pelo Covid-19\"}]},{\"@type\":\"WebSite\",\"@id\":\"https:\/\/portalnpm.com\/#website\",\"url\":\"https:\/\/portalnpm.com\/\",\"name\":\"Portal NPM\",\"description\":\"Not\u00edcias em Primeira M\u00e3o\",\"potentialAction\":[{\"@type\":\"SearchAction\",\"target\":{\"@type\":\"EntryPoint\",\"urlTemplate\":\"https:\/\/portalnpm.com\/?s={search_term_string}\"},\"query-input\":\"required name=search_term_string\"}],\"inLanguage\":\"pt-BR\"},{\"@type\":\"Person\",\"@id\":\"https:\/\/portalnpm.com\/#\/schema\/person\/49313e563cfdefcc167f1ee4c017c294\",\"name\":\"Genival Barbosa\",\"image\":{\"@type\":\"ImageObject\",\"inLanguage\":\"pt-BR\",\"@id\":\"https:\/\/portalnpm.com\/#\/schema\/person\/image\/\",\"url\":\"https:\/\/portalnpm.com\/wp-content\/uploads\/2024\/02\/avatar_user_2_1707743258-96x96.jpeg\",\"contentUrl\":\"https:\/\/portalnpm.com\/wp-content\/uploads\/2024\/02\/avatar_user_2_1707743258-96x96.jpeg\",\"caption\":\"Genival Barbosa\"},\"url\":\"https:\/\/portalnpm.com\/index.php\/author\/genival\/\"}]}<\/script>\n<!-- \/ Yoast SEO plugin. -->","yoast_head_json":{"title":"Francisco Macedo registra primeiro \u00f3bito pelo Covid-19","robots":{"index":"index","follow":"follow","max-snippet":"max-snippet:-1","max-image-preview":"max-image-preview:large","max-video-preview":"max-video-preview:-1"},"canonical":"https:\/\/portalnpm.com\/index.php\/2020\/08\/23\/francisco-macedo-registra-primeiro-obito-pelo-covid-19\/","og_locale":"pt_BR","og_type":"article","og_title":"Francisco Macedo registra primeiro \u00f3bito pelo Covid-19","og_description":"O munic\u00edpio de Francisco Macedo, situado na regi\u00e3o sudeste do Estado \u2013 distante cerca de 412 km da capital Teresina, registrou na noite deste s\u00e1bado, 22, o primeiro \u00f3bito por Covid-19. A informa\u00e7\u00e3o foi confirmada atrav\u00e9s do boletim do Hospital Regional Justino Luz, em Picos, onde a paciente estava internada. O primeiro \u00f3bito registrado na &hellip;","og_url":"https:\/\/portalnpm.com\/index.php\/2020\/08\/23\/francisco-macedo-registra-primeiro-obito-pelo-covid-19\/","og_site_name":"Portal NPM","article_published_time":"2020-08-23T14:20:46+00:00","og_image":[{"width":660,"height":330,"url":"https:\/\/portalnpm.com\/wp-content\/uploads\/2024\/01\/Pacientes-com-Covid-19-coronavirus.jpg","type":"image\/jpeg"}],"author":"Genival Barbosa","twitter_card":"summary_large_image","twitter_misc":{"Escrito por":"Genival Barbosa","Est. tempo de leitura":"1 minuto"},"schema":{"@context":"https:\/\/schema.org","@graph":[{"@type":"WebPage","@id":"https:\/\/portalnpm.com\/index.php\/2020\/08\/23\/francisco-macedo-registra-primeiro-obito-pelo-covid-19\/","url":"https:\/\/portalnpm.com\/index.php\/2020\/08\/23\/francisco-macedo-registra-primeiro-obito-pelo-covid-19\/","name":"Francisco Macedo registra primeiro \u00f3bito pelo Covid-19","isPartOf":{"@id":"https:\/\/portalnpm.com\/#website"},"primaryImageOfPage":{"@id":"https:\/\/portalnpm.com\/index.php\/2020\/08\/23\/francisco-macedo-registra-primeiro-obito-pelo-covid-19\/#primaryimage"},"image":{"@id":"https:\/\/portalnpm.com\/index.php\/2020\/08\/23\/francisco-macedo-registra-primeiro-obito-pelo-covid-19\/#primaryimage"},"thumbnailUrl":"https:\/\/portalnpm.com\/wp-content\/uploads\/2024\/01\/Pacientes-com-Covid-19-coronavirus.jpg","datePublished":"2020-08-23T14:20:46+00:00","dateModified":"2020-08-23T14:20:46+00:00","author":{"@id":"https:\/\/portalnpm.com\/#\/schema\/person\/49313e563cfdefcc167f1ee4c017c294"},"breadcrumb":{"@id":"https:\/\/portalnpm.com\/index.php\/2020\/08\/23\/francisco-macedo-registra-primeiro-obito-pelo-covid-19\/#breadcrumb"},"inLanguage":"pt-BR","potentialAction":[{"@type":"ReadAction","target":["https:\/\/portalnpm.com\/index.php\/2020\/08\/23\/francisco-macedo-registra-primeiro-obito-pelo-covid-19\/"]}]},{"@type":"ImageObject","inLanguage":"pt-BR","@id":"https:\/\/portalnpm.com\/index.php\/2020\/08\/23\/francisco-macedo-registra-primeiro-obito-pelo-covid-19\/#primaryimage","url":"https:\/\/portalnpm.com\/wp-content\/uploads\/2024\/01\/Pacientes-com-Covid-19-coronavirus.jpg","contentUrl":"https:\/\/portalnpm.com\/wp-content\/uploads\/2024\/01\/Pacientes-com-Covid-19-coronavirus.jpg","width":660,"height":330},{"@type":"BreadcrumbList","@id":"https:\/\/portalnpm.com\/index.php\/2020\/08\/23\/francisco-macedo-registra-primeiro-obito-pelo-covid-19\/#breadcrumb","itemListElement":[{"@type":"ListItem","position":1,"name":"In\u00edcio","item":"https:\/\/portalnpm.com\/"},{"@type":"ListItem","position":2,"name":"Francisco Macedo registra primeiro \u00f3bito pelo Covid-19"}]},{"@type":"WebSite","@id":"https:\/\/portalnpm.com\/#website","url":"https:\/\/portalnpm.com\/","name":"Portal NPM","description":"Not\u00edcias em Primeira M\u00e3o","potentialAction":[{"@type":"SearchAction","target":{"@type":"EntryPoint","urlTemplate":"https:\/\/portalnpm.com\/?s={search_term_string}"},"query-input":"required name=search_term_string"}],"inLanguage":"pt-BR"},{"@type":"Person","@id":"https:\/\/portalnpm.com\/#\/schema\/person\/49313e563cfdefcc167f1ee4c017c294","name":"Genival Barbosa","image":{"@type":"ImageObject","inLanguage":"pt-BR","@id":"https:\/\/portalnpm.com\/#\/schema\/person\/image\/","url":"https:\/\/portalnpm.com\/wp-content\/uploads\/2024\/02\/avatar_user_2_1707743258-96x96.jpeg","contentUrl":"https:\/\/portalnpm.com\/wp-content\/uploads\/2024\/02\/avatar_user_2_1707743258-96x96.jpeg","caption":"Genival Barbosa"},"url":"https:\/\/portalnpm.com\/index.php\/author\/genival\/"}]}},"jetpack_sharing_enabled":true,"jetpack_featured_media_url":"https:\/\/portalnpm.com\/wp-content\/uploads\/2024\/01\/Pacientes-com-Covid-19-coronavirus.jpg","_links":{"self":[{"href":"https:\/\/portalnpm.com\/index.php\/wp-json\/wp\/v2\/posts\/56826"}],"collection":[{"href":"https:\/\/portalnpm.com\/index.php\/wp-json\/wp\/v2\/posts"}],"about":[{"href":"https:\/\/portalnpm.com\/index.php\/wp-json\/wp\/v2\/types\/post"}],"author":[{"embeddable":true,"href":"https:\/\/portalnpm.com\/index.php\/wp-json\/wp\/v2\/users\/2"}],"replies":[{"embeddable":true,"href":"https:\/\/portalnpm.com\/index.php\/wp-json\/wp\/v2\/comments?post=56826"}],"version-history":[{"count":0,"href":"https:\/\/portalnpm.com\/index.php\/wp-json\/wp\/v2\/posts\/56826\/revisions"}],"wp:featuredmedia":[{"embeddable":true,"href":"https:\/\/portalnpm.com\/index.php\/wp-json\/wp\/v2\/media\/56827"}],"wp:attachment":[{"href":"https:\/\/portalnpm.com\/index.php\/wp-json\/wp\/v2\/media?parent=56826"}],"wp:term":[{"taxonomy":"category","embeddable":true,"href":"https:\/\/portalnpm.com\/index.php\/wp-json\/wp\/v2\/categories?post=56826"},{"taxonomy":"post_tag","embeddable":true,"href":"https:\/\/portalnpm.com\/index.php\/wp-json\/wp\/v2\/tags?post=56826"}],"curies":[{"name":"wp","href":"https:\/\/api.w.org\/{rel}","templated":true}]}}