{"id":5684,"date":"2019-02-14T14:29:43","date_gmt":"2019-02-14T16:29:43","guid":{"rendered":"http:\/\/srv.portalnpm.com.br\/?p=5684"},"modified":"2019-02-14T14:29:43","modified_gmt":"2019-02-14T16:29:43","slug":"sindicato-e-patroes-entram-em-acordo-e-piso-salarial-dos-comerciarios-de-picos-e-definido","status":"publish","type":"post","link":"https:\/\/portalnpm.com\/index.php\/2019\/02\/14\/sindicato-e-patroes-entram-em-acordo-e-piso-salarial-dos-comerciarios-de-picos-e-definido\/","title":{"rendered":"Sindicato e patr\u00f5es entram em acordo e piso salarial dos comerci\u00e1rios de Picos \u00e9 definido"},"content":{"rendered":"<p style=\"text-align: justify;\">Depois de quase dois meses de negocia\u00e7\u00f5es chegou ao fim no in\u00edcio da tarde desta quarta-feira, 13, o impasse entre o Sindicato dos Trabalhadores no Com\u00e9rcio e Servi\u00e7os de Picos (SINTRACS) e a classe patronal. Em raz\u00e3o disso, foi conclu\u00edda a conven\u00e7\u00e3o coletiva e definido o novo sal\u00e1rio dos trabalhadores.<\/p>\n<p style=\"text-align: justify;\">Como ap\u00f3s v\u00e1rias reuni\u00f5es as duas partes n\u00e3o chegaram a um acordo, foi necess\u00e1ria a interfer\u00eancia da Superintend\u00eancia Regional do Trabalho e Emprego, com sede em Teresina.<\/p>\n<p style=\"text-align: justify;\">Nesta quarta-feira, 13, em reuni\u00e3o conduzida pela mediadora Maria do Socorro Queiroz, empregados e patr\u00f5es chegaram a um acordo e finalmente, depois de quase dois meses de impasse, ficou definido o novo piso salarial dos comerci\u00e1rios de Picos.<\/p>\n<p style=\"text-align: justify;\">Na reuni\u00e3o de media\u00e7\u00e3o o SINTRACS foi representado pelo advogado, Giovani Madeira Martins Moura, e pela Secret\u00e1ria, Eliana Maria de Sousa Barros, e os patr\u00f5es pelos dirigentes do Sindilojas.<\/p>\n<p style=\"text-align: justify;\">Segundo a ata da reuni\u00e3o de media\u00e7\u00e3o assinada pelos representantes da classe patronal e pelo SINTRACS, o piso salarial dos comerci\u00e1rios de Picos ficou definido da seguinte forma:<\/p>\n<p style=\"text-align: justify;\">\u2013 R$ 1.095,00 para o setor lojista;<\/p>\n<p style=\"text-align: justify;\">\u2013 R$ 1.172,82 para o setor de farm\u00e1cia e;<\/p>\n<p style=\"text-align: justify;\">\u2013 R$ 1.130,27 para o setor de supermercados.<\/p>\n<p style=\"text-align: justify;\"><strong>Impasse<\/strong><\/p>\n<p style=\"text-align: justify;\">Nesse per\u00edodo que antecedeu ao acordo, as duas partes endureceram o tom das negocia\u00e7\u00f5es e chegaram a emitir pelo menos tr\u00eas comunicados aos seus associados falando do impasse.<\/p>\n<p style=\"text-align: justify;\">Num desses comunicados os patr\u00f5es chegaram a anunciar que o piso dos comerci\u00e1rios de Picos seria de R$ 1.091,20, reajuste de 3,43%. Subiram a proposta para R$ 1.095,00 e os trabalhadores concordaram, fechando a conven\u00e7\u00e3o coletiva nesta quarta-feira, 13.<\/p>\n<p style=\"text-align: justify;\"><strong>Fonte: Jornal de Picos<\/strong> <strong>(JP online)<\/strong><\/p>\n","protected":false},"excerpt":{"rendered":"<p>Depois de quase dois meses de negocia\u00e7\u00f5es chegou ao fim no in\u00edcio da tarde desta quarta-feira, 13, o impasse entre o Sindicato dos Trabalhadores no Com\u00e9rcio e Servi\u00e7os de Picos (SINTRACS) e a classe patronal. Em raz\u00e3o disso, foi conclu\u00edda a conven\u00e7\u00e3o coletiva e definido o novo sal\u00e1rio dos trabalhadores. Como ap\u00f3s v\u00e1rias reuni\u00f5es as &hellip;<\/p>\n","protected":false},"author":4,"featured_media":5685,"comment_status":"open","ping_status":"open","sticky":false,"template":"","format":"standard","meta":{"content-type":"","rop_custom_images_group":[],"rop_custom_messages_group":[],"rop_publish_now":"initial","rop_publish_now_accounts":{"facebook_2648258775420054_1618374048415101":""},"rop_publish_now_history":[],"rop_publish_now_status":"pending","footnotes":"","_jetpack_memberships_contains_paid_content":false},"categories":[113,109,127],"tags":[2069,2225,2226,2227,1856],"yoast_head":"<!-- This site is optimized with the Yoast SEO plugin v22.3 - https:\/\/yoast.com\/wordpress\/plugins\/seo\/ -->\n<title>Sindicato e patr\u00f5es entram em acordo e piso salarial dos comerci\u00e1rios de Picos \u00e9 definido - Portal NPM<\/title>\n<meta name=\"robots\" content=\"index, follow, max-snippet:-1, max-image-preview:large, max-video-preview:-1\" \/>\n<link rel=\"canonical\" href=\"https:\/\/portalnpm.com\/index.php\/2019\/02\/14\/sindicato-e-patroes-entram-em-acordo-e-piso-salarial-dos-comerciarios-de-picos-e-definido\/\" \/>\n<meta property=\"og:locale\" content=\"pt_BR\" \/>\n<meta property=\"og:type\" content=\"article\" \/>\n<meta property=\"og:title\" content=\"Sindicato e patr\u00f5es entram em acordo e piso salarial dos comerci\u00e1rios de Picos \u00e9 definido - Portal NPM\" \/>\n<meta property=\"og:description\" content=\"Depois de quase dois meses de negocia\u00e7\u00f5es chegou ao fim no in\u00edcio da tarde desta quarta-feira, 13, o impasse entre o Sindicato dos Trabalhadores no Com\u00e9rcio e Servi\u00e7os de Picos (SINTRACS) e a classe patronal. Em raz\u00e3o disso, foi conclu\u00edda a conven\u00e7\u00e3o coletiva e definido o novo sal\u00e1rio dos trabalhadores. Como ap\u00f3s v\u00e1rias reuni\u00f5es as &hellip;\" \/>\n<meta property=\"og:url\" content=\"https:\/\/portalnpm.com\/index.php\/2019\/02\/14\/sindicato-e-patroes-entram-em-acordo-e-piso-salarial-dos-comerciarios-de-picos-e-definido\/\" \/>\n<meta property=\"og:site_name\" content=\"Portal NPM\" \/>\n<meta property=\"article:published_time\" content=\"2019-02-14T16:29:43+00:00\" \/>\n<meta name=\"author\" content=\"Reda\u00e7\u00e3o\" \/>\n<meta name=\"twitter:card\" content=\"summary_large_image\" \/>\n<meta name=\"twitter:label1\" content=\"Escrito por\" \/>\n\t<meta name=\"twitter:data1\" content=\"Reda\u00e7\u00e3o\" \/>\n\t<meta name=\"twitter:label2\" content=\"Est. tempo de leitura\" \/>\n\t<meta name=\"twitter:data2\" content=\"1 minuto\" \/>\n<script type=\"application\/ld+json\" class=\"yoast-schema-graph\">{\"@context\":\"https:\/\/schema.org\",\"@graph\":[{\"@type\":\"WebPage\",\"@id\":\"https:\/\/portalnpm.com\/index.php\/2019\/02\/14\/sindicato-e-patroes-entram-em-acordo-e-piso-salarial-dos-comerciarios-de-picos-e-definido\/\",\"url\":\"https:\/\/portalnpm.com\/index.php\/2019\/02\/14\/sindicato-e-patroes-entram-em-acordo-e-piso-salarial-dos-comerciarios-de-picos-e-definido\/\",\"name\":\"Sindicato e patr\u00f5es entram em acordo e piso salarial dos comerci\u00e1rios de Picos \u00e9 definido - Portal NPM\",\"isPartOf\":{\"@id\":\"https:\/\/portalnpm.com\/#website\"},\"primaryImageOfPage\":{\"@id\":\"https:\/\/portalnpm.com\/index.php\/2019\/02\/14\/sindicato-e-patroes-entram-em-acordo-e-piso-salarial-dos-comerciarios-de-picos-e-definido\/#primaryimage\"},\"image\":{\"@id\":\"https:\/\/portalnpm.com\/index.php\/2019\/02\/14\/sindicato-e-patroes-entram-em-acordo-e-piso-salarial-dos-comerciarios-de-picos-e-definido\/#primaryimage\"},\"thumbnailUrl\":\"\",\"datePublished\":\"2019-02-14T16:29:43+00:00\",\"dateModified\":\"2019-02-14T16:29:43+00:00\",\"author\":{\"@id\":\"https:\/\/portalnpm.com\/#\/schema\/person\/0b5f230ec96cee25504fa328e7f2b733\"},\"breadcrumb\":{\"@id\":\"https:\/\/portalnpm.com\/index.php\/2019\/02\/14\/sindicato-e-patroes-entram-em-acordo-e-piso-salarial-dos-comerciarios-de-picos-e-definido\/#breadcrumb\"},\"inLanguage\":\"pt-BR\",\"potentialAction\":[{\"@type\":\"ReadAction\",\"target\":[\"https:\/\/portalnpm.com\/index.php\/2019\/02\/14\/sindicato-e-patroes-entram-em-acordo-e-piso-salarial-dos-comerciarios-de-picos-e-definido\/\"]}]},{\"@type\":\"ImageObject\",\"inLanguage\":\"pt-BR\",\"@id\":\"https:\/\/portalnpm.com\/index.php\/2019\/02\/14\/sindicato-e-patroes-entram-em-acordo-e-piso-salarial-dos-comerciarios-de-picos-e-definido\/#primaryimage\",\"url\":\"\",\"contentUrl\":\"\"},{\"@type\":\"BreadcrumbList\",\"@id\":\"https:\/\/portalnpm.com\/index.php\/2019\/02\/14\/sindicato-e-patroes-entram-em-acordo-e-piso-salarial-dos-comerciarios-de-picos-e-definido\/#breadcrumb\",\"itemListElement\":[{\"@type\":\"ListItem\",\"position\":1,\"name\":\"In\u00edcio\",\"item\":\"https:\/\/portalnpm.com\/\"},{\"@type\":\"ListItem\",\"position\":2,\"name\":\"Sindicato e patr\u00f5es entram em acordo e piso salarial dos comerci\u00e1rios de Picos \u00e9 definido\"}]},{\"@type\":\"WebSite\",\"@id\":\"https:\/\/portalnpm.com\/#website\",\"url\":\"https:\/\/portalnpm.com\/\",\"name\":\"Portal NPM\",\"description\":\"Not\u00edcias em Primeira M\u00e3o\",\"potentialAction\":[{\"@type\":\"SearchAction\",\"target\":{\"@type\":\"EntryPoint\",\"urlTemplate\":\"https:\/\/portalnpm.com\/?s={search_term_string}\"},\"query-input\":\"required name=search_term_string\"}],\"inLanguage\":\"pt-BR\"},{\"@type\":\"Person\",\"@id\":\"https:\/\/portalnpm.com\/#\/schema\/person\/0b5f230ec96cee25504fa328e7f2b733\",\"name\":\"Reda\u00e7\u00e3o\",\"image\":{\"@type\":\"ImageObject\",\"inLanguage\":\"pt-BR\",\"@id\":\"https:\/\/portalnpm.com\/#\/schema\/person\/image\/\",\"url\":\"https:\/\/portalnpm.com\/wp-content\/uploads\/2024\/03\/avatar_user_4_1710097212-96x96.png\",\"contentUrl\":\"https:\/\/portalnpm.com\/wp-content\/uploads\/2024\/03\/avatar_user_4_1710097212-96x96.png\",\"caption\":\"Reda\u00e7\u00e3o\"},\"url\":\"https:\/\/portalnpm.com\/index.php\/author\/redacao\/\"}]}<\/script>\n<!-- \/ Yoast SEO plugin. -->","yoast_head_json":{"title":"Sindicato e patr\u00f5es entram em acordo e piso salarial dos comerci\u00e1rios de Picos \u00e9 definido - Portal NPM","robots":{"index":"index","follow":"follow","max-snippet":"max-snippet:-1","max-image-preview":"max-image-preview:large","max-video-preview":"max-video-preview:-1"},"canonical":"https:\/\/portalnpm.com\/index.php\/2019\/02\/14\/sindicato-e-patroes-entram-em-acordo-e-piso-salarial-dos-comerciarios-de-picos-e-definido\/","og_locale":"pt_BR","og_type":"article","og_title":"Sindicato e patr\u00f5es entram em acordo e piso salarial dos comerci\u00e1rios de Picos \u00e9 definido - Portal NPM","og_description":"Depois de quase dois meses de negocia\u00e7\u00f5es chegou ao fim no in\u00edcio da tarde desta quarta-feira, 13, o impasse entre o Sindicato dos Trabalhadores no Com\u00e9rcio e Servi\u00e7os de Picos (SINTRACS) e a classe patronal. Em raz\u00e3o disso, foi conclu\u00edda a conven\u00e7\u00e3o coletiva e definido o novo sal\u00e1rio dos trabalhadores. Como ap\u00f3s v\u00e1rias reuni\u00f5es as &hellip;","og_url":"https:\/\/portalnpm.com\/index.php\/2019\/02\/14\/sindicato-e-patroes-entram-em-acordo-e-piso-salarial-dos-comerciarios-de-picos-e-definido\/","og_site_name":"Portal NPM","article_published_time":"2019-02-14T16:29:43+00:00","author":"Reda\u00e7\u00e3o","twitter_card":"summary_large_image","twitter_misc":{"Escrito por":"Reda\u00e7\u00e3o","Est. tempo de leitura":"1 minuto"},"schema":{"@context":"https:\/\/schema.org","@graph":[{"@type":"WebPage","@id":"https:\/\/portalnpm.com\/index.php\/2019\/02\/14\/sindicato-e-patroes-entram-em-acordo-e-piso-salarial-dos-comerciarios-de-picos-e-definido\/","url":"https:\/\/portalnpm.com\/index.php\/2019\/02\/14\/sindicato-e-patroes-entram-em-acordo-e-piso-salarial-dos-comerciarios-de-picos-e-definido\/","name":"Sindicato e patr\u00f5es entram em acordo e piso salarial dos comerci\u00e1rios de Picos \u00e9 definido - Portal NPM","isPartOf":{"@id":"https:\/\/portalnpm.com\/#website"},"primaryImageOfPage":{"@id":"https:\/\/portalnpm.com\/index.php\/2019\/02\/14\/sindicato-e-patroes-entram-em-acordo-e-piso-salarial-dos-comerciarios-de-picos-e-definido\/#primaryimage"},"image":{"@id":"https:\/\/portalnpm.com\/index.php\/2019\/02\/14\/sindicato-e-patroes-entram-em-acordo-e-piso-salarial-dos-comerciarios-de-picos-e-definido\/#primaryimage"},"thumbnailUrl":"","datePublished":"2019-02-14T16:29:43+00:00","dateModified":"2019-02-14T16:29:43+00:00","author":{"@id":"https:\/\/portalnpm.com\/#\/schema\/person\/0b5f230ec96cee25504fa328e7f2b733"},"breadcrumb":{"@id":"https:\/\/portalnpm.com\/index.php\/2019\/02\/14\/sindicato-e-patroes-entram-em-acordo-e-piso-salarial-dos-comerciarios-de-picos-e-definido\/#breadcrumb"},"inLanguage":"pt-BR","potentialAction":[{"@type":"ReadAction","target":["https:\/\/portalnpm.com\/index.php\/2019\/02\/14\/sindicato-e-patroes-entram-em-acordo-e-piso-salarial-dos-comerciarios-de-picos-e-definido\/"]}]},{"@type":"ImageObject","inLanguage":"pt-BR","@id":"https:\/\/portalnpm.com\/index.php\/2019\/02\/14\/sindicato-e-patroes-entram-em-acordo-e-piso-salarial-dos-comerciarios-de-picos-e-definido\/#primaryimage","url":"","contentUrl":""},{"@type":"BreadcrumbList","@id":"https:\/\/portalnpm.com\/index.php\/2019\/02\/14\/sindicato-e-patroes-entram-em-acordo-e-piso-salarial-dos-comerciarios-de-picos-e-definido\/#breadcrumb","itemListElement":[{"@type":"ListItem","position":1,"name":"In\u00edcio","item":"https:\/\/portalnpm.com\/"},{"@type":"ListItem","position":2,"name":"Sindicato e patr\u00f5es entram em acordo e piso salarial dos comerci\u00e1rios de Picos \u00e9 definido"}]},{"@type":"WebSite","@id":"https:\/\/portalnpm.com\/#website","url":"https:\/\/portalnpm.com\/","name":"Portal NPM","description":"Not\u00edcias em Primeira M\u00e3o","potentialAction":[{"@type":"SearchAction","target":{"@type":"EntryPoint","urlTemplate":"https:\/\/portalnpm.com\/?s={search_term_string}"},"query-input":"required name=search_term_string"}],"inLanguage":"pt-BR"},{"@type":"Person","@id":"https:\/\/portalnpm.com\/#\/schema\/person\/0b5f230ec96cee25504fa328e7f2b733","name":"Reda\u00e7\u00e3o","image":{"@type":"ImageObject","inLanguage":"pt-BR","@id":"https:\/\/portalnpm.com\/#\/schema\/person\/image\/","url":"https:\/\/portalnpm.com\/wp-content\/uploads\/2024\/03\/avatar_user_4_1710097212-96x96.png","contentUrl":"https:\/\/portalnpm.com\/wp-content\/uploads\/2024\/03\/avatar_user_4_1710097212-96x96.png","caption":"Reda\u00e7\u00e3o"},"url":"https:\/\/portalnpm.com\/index.php\/author\/redacao\/"}]}},"jetpack_sharing_enabled":true,"jetpack_featured_media_url":"","_links":{"self":[{"href":"https:\/\/portalnpm.com\/index.php\/wp-json\/wp\/v2\/posts\/5684"}],"collection":[{"href":"https:\/\/portalnpm.com\/index.php\/wp-json\/wp\/v2\/posts"}],"about":[{"href":"https:\/\/portalnpm.com\/index.php\/wp-json\/wp\/v2\/types\/post"}],"author":[{"embeddable":true,"href":"https:\/\/portalnpm.com\/index.php\/wp-json\/wp\/v2\/users\/4"}],"replies":[{"embeddable":true,"href":"https:\/\/portalnpm.com\/index.php\/wp-json\/wp\/v2\/comments?post=5684"}],"version-history":[{"count":0,"href":"https:\/\/portalnpm.com\/index.php\/wp-json\/wp\/v2\/posts\/5684\/revisions"}],"wp:featuredmedia":[{"embeddable":true,"href":"https:\/\/portalnpm.com\/index.php\/wp-json\/"}],"wp:attachment":[{"href":"https:\/\/portalnpm.com\/index.php\/wp-json\/wp\/v2\/media?parent=5684"}],"wp:term":[{"taxonomy":"category","embeddable":true,"href":"https:\/\/portalnpm.com\/index.php\/wp-json\/wp\/v2\/categories?post=5684"},{"taxonomy":"post_tag","embeddable":true,"href":"https:\/\/portalnpm.com\/index.php\/wp-json\/wp\/v2\/tags?post=5684"}],"curies":[{"name":"wp","href":"https:\/\/api.w.org\/{rel}","templated":true}]}}