{"id":5695,"date":"2019-02-14T16:29:04","date_gmt":"2019-02-14T18:29:04","guid":{"rendered":"http:\/\/srv.portalnpm.com.br\/?p=5695"},"modified":"2019-02-14T16:29:04","modified_gmt":"2019-02-14T18:29:04","slug":"em-alegrete-do-piaui-lider-politico-manoel-filho-anuncia-pre-candidatura-a-prefeito-pela-oposicao-nas-eleicoes-de-2020","status":"publish","type":"post","link":"https:\/\/portalnpm.com\/index.php\/2019\/02\/14\/em-alegrete-do-piaui-lider-politico-manoel-filho-anuncia-pre-candidatura-a-prefeito-pela-oposicao-nas-eleicoes-de-2020\/","title":{"rendered":"Em Alegrete do Piau\u00ed, l\u00edder pol\u00edtico Manoel Filho anuncia pr\u00e9-candidatura a prefeito pela oposi\u00e7\u00e3o nas elei\u00e7\u00f5es de 2020"},"content":{"rendered":"<blockquote><p>A informa\u00e7\u00e3o obtida com exclusividade pelo\u00a0<a href=\"http:\/\/portalnpm.com.br\">Portal NPM<\/a> foi confirmada por Manoel Filho<\/p><\/blockquote>\n<figure id=\"attachment_5696\" aria-describedby=\"caption-attachment-5696\" style=\"width: 268px\" class=\"wp-caption alignnone\"><img fetchpriority=\"high\" decoding=\"async\" class=\"size-medium wp-image-5696\" src=\"http:\/\/portalnpm.com.br\/wp-content\/uploads\/2019\/02\/IMG-20190214-WA0083-268x300.jpg\" alt=\"\" width=\"268\" height=\"300\" \/><figcaption id=\"caption-attachment-5696\" class=\"wp-caption-text\">L\u00edder pol\u00edtico e ex-vereador Manoel Filho<\/figcaption><\/figure>\n<p style=\"text-align: justify;\">O l\u00edder pol\u00edtico e ex-vereador, Manoel Filho (PRTB), \u00e9 o nome\u00a0 confirmado no tabuleiro do pr\u00f3ximo embate eleitoral pelo campo oposicionista em Alegrete do Piau\u00ed, cidade que fica a 379 quil\u00f4metros de dist\u00e2ncia da capital Teresina. Segundo ele, amigos o convidaram a lan\u00e7ar seu nome como pr\u00e9-candidato a prefeito no pr\u00f3ximo pleito e ele aceitou. \u201cSou pol\u00edtico e pol\u00edtico n\u00e3o pode fugir \u00e0 luta. Estou dentro.\u201d Confirmou.<\/p>\n<p style=\"text-align: justify;\">Manoel Filho \u00e9 atualmente o principal l\u00edder da oposi\u00e7\u00e3o no munic\u00edpio, apesar de ainda filiado no PRTB, o mesmo deve se filiar no Solidariedade, partido que filiou recentemente a deputada federal Marina Santos, apoiada pelo ex-vereador em Alegrete nas elei\u00e7\u00f5es de 2018.<\/p>\n<p style=\"text-align: justify;\">A pr\u00e9-candidatura de Manoel Filho tem repercutido na pequena cidade, inclusive descartando uma suposta elei\u00e7\u00e3o \u00fanica. O seu grupo \u00e9 formado pela vice-prefeita, Hermilinda Gomes e pelo vereador Seu Manel, al\u00e9m de outros in\u00fameros amigos que acreditam no seu potencial pol\u00edtico. Amigos mais pr\u00f3ximos confirmam que ele ser\u00e1 um divisor de \u00e1guas na pol\u00edtica alegretense, pelo fato de ser um dos homens mais fortes no cen\u00e1rio pol\u00edtico local e por ter sido chamado pelo povo para disputar o executivo municipal.<\/p>\n<p style=\"text-align: justify;\">O ex-vereador declarou que seu grupo ir\u00e1 trabalhar em prol de um novo projeto para Alegrete do Piau\u00ed.<br \/>\n\u201cFaltando pouco menos de dois anos para as elei\u00e7\u00f5es de 2020, nosso projeto agora ser\u00e1 firmar bases e apoios para trabalharmos em prol de um projeto novo para mudarmos a hist\u00f3ria do quadro em que se encontra a nossa querida cidade\u201d, disse o pr\u00e9-candidato.<\/p>\n<p style=\"text-align: justify;\">Vereador na legislativa de 2009-2012, Manoel Filho foi decisivo nas vit\u00f3rias das elei\u00e7\u00f5es de 2012 e 2016, em ambas o vice partiu da sua indica\u00e7\u00e3o.<\/p>\n<p><strong>Reda\u00e7\u00e3o do Portal NPM<\/strong><\/p>\n","protected":false},"excerpt":{"rendered":"<p>A informa\u00e7\u00e3o obtida com exclusividade pelo\u00a0Portal NPM foi confirmada por Manoel Filho O l\u00edder pol\u00edtico e ex-vereador, Manoel Filho (PRTB), \u00e9 o nome\u00a0 confirmado no tabuleiro do pr\u00f3ximo embate eleitoral pelo campo oposicionista em Alegrete do Piau\u00ed, cidade que fica a 379 quil\u00f4metros de dist\u00e2ncia da capital Teresina. Segundo ele, amigos o convidaram a lan\u00e7ar &hellip;<\/p>\n","protected":false},"author":4,"featured_media":5698,"comment_status":"open","ping_status":"open","sticky":false,"template":"","format":"standard","meta":{"content-type":"","rop_custom_images_group":[],"rop_custom_messages_group":[],"rop_publish_now":"initial","rop_publish_now_accounts":{"facebook_2648258775420054_1618374048415101":""},"rop_publish_now_history":[],"rop_publish_now_status":"pending","footnotes":"","_jetpack_memberships_contains_paid_content":false},"categories":[110,113,130],"tags":[111,539,176],"yoast_head":"<!-- This site is optimized with the Yoast SEO plugin v22.3 - https:\/\/yoast.com\/wordpress\/plugins\/seo\/ -->\n<title>Em Alegrete do Piau\u00ed, l\u00edder pol\u00edtico Manoel Filho anuncia pr\u00e9-candidatura a prefeito pela oposi\u00e7\u00e3o nas elei\u00e7\u00f5es de 2020 - Portal NPM<\/title>\n<meta name=\"robots\" content=\"index, follow, max-snippet:-1, max-image-preview:large, max-video-preview:-1\" \/>\n<link rel=\"canonical\" href=\"https:\/\/portalnpm.com\/index.php\/2019\/02\/14\/em-alegrete-do-piaui-lider-politico-manoel-filho-anuncia-pre-candidatura-a-prefeito-pela-oposicao-nas-eleicoes-de-2020\/\" \/>\n<meta property=\"og:locale\" content=\"pt_BR\" \/>\n<meta property=\"og:type\" content=\"article\" \/>\n<meta property=\"og:title\" content=\"Em Alegrete do Piau\u00ed, l\u00edder pol\u00edtico Manoel Filho anuncia pr\u00e9-candidatura a prefeito pela oposi\u00e7\u00e3o nas elei\u00e7\u00f5es de 2020 - Portal NPM\" \/>\n<meta property=\"og:description\" content=\"A informa\u00e7\u00e3o obtida com exclusividade pelo\u00a0Portal NPM foi confirmada por Manoel Filho O l\u00edder pol\u00edtico e ex-vereador, Manoel Filho (PRTB), \u00e9 o nome\u00a0 confirmado no tabuleiro do pr\u00f3ximo embate eleitoral pelo campo oposicionista em Alegrete do Piau\u00ed, cidade que fica a 379 quil\u00f4metros de dist\u00e2ncia da capital Teresina. Segundo ele, amigos o convidaram a lan\u00e7ar &hellip;\" \/>\n<meta property=\"og:url\" content=\"https:\/\/portalnpm.com\/index.php\/2019\/02\/14\/em-alegrete-do-piaui-lider-politico-manoel-filho-anuncia-pre-candidatura-a-prefeito-pela-oposicao-nas-eleicoes-de-2020\/\" \/>\n<meta property=\"og:site_name\" content=\"Portal NPM\" \/>\n<meta property=\"article:published_time\" content=\"2019-02-14T18:29:04+00:00\" \/>\n<meta name=\"author\" content=\"Reda\u00e7\u00e3o\" \/>\n<meta name=\"twitter:card\" content=\"summary_large_image\" \/>\n<meta name=\"twitter:label1\" content=\"Escrito por\" \/>\n\t<meta name=\"twitter:data1\" content=\"Reda\u00e7\u00e3o\" \/>\n\t<meta name=\"twitter:label2\" content=\"Est. tempo de leitura\" \/>\n\t<meta name=\"twitter:data2\" content=\"2 minutos\" \/>\n<script type=\"application\/ld+json\" class=\"yoast-schema-graph\">{\"@context\":\"https:\/\/schema.org\",\"@graph\":[{\"@type\":\"WebPage\",\"@id\":\"https:\/\/portalnpm.com\/index.php\/2019\/02\/14\/em-alegrete-do-piaui-lider-politico-manoel-filho-anuncia-pre-candidatura-a-prefeito-pela-oposicao-nas-eleicoes-de-2020\/\",\"url\":\"https:\/\/portalnpm.com\/index.php\/2019\/02\/14\/em-alegrete-do-piaui-lider-politico-manoel-filho-anuncia-pre-candidatura-a-prefeito-pela-oposicao-nas-eleicoes-de-2020\/\",\"name\":\"Em Alegrete do Piau\u00ed, l\u00edder pol\u00edtico Manoel Filho anuncia pr\u00e9-candidatura a prefeito pela oposi\u00e7\u00e3o nas elei\u00e7\u00f5es de 2020 - Portal NPM\",\"isPartOf\":{\"@id\":\"https:\/\/portalnpm.com\/#website\"},\"primaryImageOfPage\":{\"@id\":\"https:\/\/portalnpm.com\/index.php\/2019\/02\/14\/em-alegrete-do-piaui-lider-politico-manoel-filho-anuncia-pre-candidatura-a-prefeito-pela-oposicao-nas-eleicoes-de-2020\/#primaryimage\"},\"image\":{\"@id\":\"https:\/\/portalnpm.com\/index.php\/2019\/02\/14\/em-alegrete-do-piaui-lider-politico-manoel-filho-anuncia-pre-candidatura-a-prefeito-pela-oposicao-nas-eleicoes-de-2020\/#primaryimage\"},\"thumbnailUrl\":\"\",\"datePublished\":\"2019-02-14T18:29:04+00:00\",\"dateModified\":\"2019-02-14T18:29:04+00:00\",\"author\":{\"@id\":\"https:\/\/portalnpm.com\/#\/schema\/person\/0b5f230ec96cee25504fa328e7f2b733\"},\"breadcrumb\":{\"@id\":\"https:\/\/portalnpm.com\/index.php\/2019\/02\/14\/em-alegrete-do-piaui-lider-politico-manoel-filho-anuncia-pre-candidatura-a-prefeito-pela-oposicao-nas-eleicoes-de-2020\/#breadcrumb\"},\"inLanguage\":\"pt-BR\",\"potentialAction\":[{\"@type\":\"ReadAction\",\"target\":[\"https:\/\/portalnpm.com\/index.php\/2019\/02\/14\/em-alegrete-do-piaui-lider-politico-manoel-filho-anuncia-pre-candidatura-a-prefeito-pela-oposicao-nas-eleicoes-de-2020\/\"]}]},{\"@type\":\"ImageObject\",\"inLanguage\":\"pt-BR\",\"@id\":\"https:\/\/portalnpm.com\/index.php\/2019\/02\/14\/em-alegrete-do-piaui-lider-politico-manoel-filho-anuncia-pre-candidatura-a-prefeito-pela-oposicao-nas-eleicoes-de-2020\/#primaryimage\",\"url\":\"\",\"contentUrl\":\"\"},{\"@type\":\"BreadcrumbList\",\"@id\":\"https:\/\/portalnpm.com\/index.php\/2019\/02\/14\/em-alegrete-do-piaui-lider-politico-manoel-filho-anuncia-pre-candidatura-a-prefeito-pela-oposicao-nas-eleicoes-de-2020\/#breadcrumb\",\"itemListElement\":[{\"@type\":\"ListItem\",\"position\":1,\"name\":\"In\u00edcio\",\"item\":\"https:\/\/portalnpm.com\/\"},{\"@type\":\"ListItem\",\"position\":2,\"name\":\"Em Alegrete do Piau\u00ed, l\u00edder pol\u00edtico Manoel Filho anuncia pr\u00e9-candidatura a prefeito pela oposi\u00e7\u00e3o nas elei\u00e7\u00f5es de 2020\"}]},{\"@type\":\"WebSite\",\"@id\":\"https:\/\/portalnpm.com\/#website\",\"url\":\"https:\/\/portalnpm.com\/\",\"name\":\"Portal NPM\",\"description\":\"Not\u00edcias em Primeira M\u00e3o\",\"potentialAction\":[{\"@type\":\"SearchAction\",\"target\":{\"@type\":\"EntryPoint\",\"urlTemplate\":\"https:\/\/portalnpm.com\/?s={search_term_string}\"},\"query-input\":\"required name=search_term_string\"}],\"inLanguage\":\"pt-BR\"},{\"@type\":\"Person\",\"@id\":\"https:\/\/portalnpm.com\/#\/schema\/person\/0b5f230ec96cee25504fa328e7f2b733\",\"name\":\"Reda\u00e7\u00e3o\",\"image\":{\"@type\":\"ImageObject\",\"inLanguage\":\"pt-BR\",\"@id\":\"https:\/\/portalnpm.com\/#\/schema\/person\/image\/\",\"url\":\"https:\/\/portalnpm.com\/wp-content\/uploads\/2024\/03\/avatar_user_4_1710097212-96x96.png\",\"contentUrl\":\"https:\/\/portalnpm.com\/wp-content\/uploads\/2024\/03\/avatar_user_4_1710097212-96x96.png\",\"caption\":\"Reda\u00e7\u00e3o\"},\"url\":\"https:\/\/portalnpm.com\/index.php\/author\/redacao\/\"}]}<\/script>\n<!-- \/ Yoast SEO plugin. -->","yoast_head_json":{"title":"Em Alegrete do Piau\u00ed, l\u00edder pol\u00edtico Manoel Filho anuncia pr\u00e9-candidatura a prefeito pela oposi\u00e7\u00e3o nas elei\u00e7\u00f5es de 2020 - Portal NPM","robots":{"index":"index","follow":"follow","max-snippet":"max-snippet:-1","max-image-preview":"max-image-preview:large","max-video-preview":"max-video-preview:-1"},"canonical":"https:\/\/portalnpm.com\/index.php\/2019\/02\/14\/em-alegrete-do-piaui-lider-politico-manoel-filho-anuncia-pre-candidatura-a-prefeito-pela-oposicao-nas-eleicoes-de-2020\/","og_locale":"pt_BR","og_type":"article","og_title":"Em Alegrete do Piau\u00ed, l\u00edder pol\u00edtico Manoel Filho anuncia pr\u00e9-candidatura a prefeito pela oposi\u00e7\u00e3o nas elei\u00e7\u00f5es de 2020 - Portal NPM","og_description":"A informa\u00e7\u00e3o obtida com exclusividade pelo\u00a0Portal NPM foi confirmada por Manoel Filho O l\u00edder pol\u00edtico e ex-vereador, Manoel Filho (PRTB), \u00e9 o nome\u00a0 confirmado no tabuleiro do pr\u00f3ximo embate eleitoral pelo campo oposicionista em Alegrete do Piau\u00ed, cidade que fica a 379 quil\u00f4metros de dist\u00e2ncia da capital Teresina. Segundo ele, amigos o convidaram a lan\u00e7ar &hellip;","og_url":"https:\/\/portalnpm.com\/index.php\/2019\/02\/14\/em-alegrete-do-piaui-lider-politico-manoel-filho-anuncia-pre-candidatura-a-prefeito-pela-oposicao-nas-eleicoes-de-2020\/","og_site_name":"Portal NPM","article_published_time":"2019-02-14T18:29:04+00:00","author":"Reda\u00e7\u00e3o","twitter_card":"summary_large_image","twitter_misc":{"Escrito por":"Reda\u00e7\u00e3o","Est. tempo de leitura":"2 minutos"},"schema":{"@context":"https:\/\/schema.org","@graph":[{"@type":"WebPage","@id":"https:\/\/portalnpm.com\/index.php\/2019\/02\/14\/em-alegrete-do-piaui-lider-politico-manoel-filho-anuncia-pre-candidatura-a-prefeito-pela-oposicao-nas-eleicoes-de-2020\/","url":"https:\/\/portalnpm.com\/index.php\/2019\/02\/14\/em-alegrete-do-piaui-lider-politico-manoel-filho-anuncia-pre-candidatura-a-prefeito-pela-oposicao-nas-eleicoes-de-2020\/","name":"Em Alegrete do Piau\u00ed, l\u00edder pol\u00edtico Manoel Filho anuncia pr\u00e9-candidatura a prefeito pela oposi\u00e7\u00e3o nas elei\u00e7\u00f5es de 2020 - Portal NPM","isPartOf":{"@id":"https:\/\/portalnpm.com\/#website"},"primaryImageOfPage":{"@id":"https:\/\/portalnpm.com\/index.php\/2019\/02\/14\/em-alegrete-do-piaui-lider-politico-manoel-filho-anuncia-pre-candidatura-a-prefeito-pela-oposicao-nas-eleicoes-de-2020\/#primaryimage"},"image":{"@id":"https:\/\/portalnpm.com\/index.php\/2019\/02\/14\/em-alegrete-do-piaui-lider-politico-manoel-filho-anuncia-pre-candidatura-a-prefeito-pela-oposicao-nas-eleicoes-de-2020\/#primaryimage"},"thumbnailUrl":"","datePublished":"2019-02-14T18:29:04+00:00","dateModified":"2019-02-14T18:29:04+00:00","author":{"@id":"https:\/\/portalnpm.com\/#\/schema\/person\/0b5f230ec96cee25504fa328e7f2b733"},"breadcrumb":{"@id":"https:\/\/portalnpm.com\/index.php\/2019\/02\/14\/em-alegrete-do-piaui-lider-politico-manoel-filho-anuncia-pre-candidatura-a-prefeito-pela-oposicao-nas-eleicoes-de-2020\/#breadcrumb"},"inLanguage":"pt-BR","potentialAction":[{"@type":"ReadAction","target":["https:\/\/portalnpm.com\/index.php\/2019\/02\/14\/em-alegrete-do-piaui-lider-politico-manoel-filho-anuncia-pre-candidatura-a-prefeito-pela-oposicao-nas-eleicoes-de-2020\/"]}]},{"@type":"ImageObject","inLanguage":"pt-BR","@id":"https:\/\/portalnpm.com\/index.php\/2019\/02\/14\/em-alegrete-do-piaui-lider-politico-manoel-filho-anuncia-pre-candidatura-a-prefeito-pela-oposicao-nas-eleicoes-de-2020\/#primaryimage","url":"","contentUrl":""},{"@type":"BreadcrumbList","@id":"https:\/\/portalnpm.com\/index.php\/2019\/02\/14\/em-alegrete-do-piaui-lider-politico-manoel-filho-anuncia-pre-candidatura-a-prefeito-pela-oposicao-nas-eleicoes-de-2020\/#breadcrumb","itemListElement":[{"@type":"ListItem","position":1,"name":"In\u00edcio","item":"https:\/\/portalnpm.com\/"},{"@type":"ListItem","position":2,"name":"Em Alegrete do Piau\u00ed, l\u00edder pol\u00edtico Manoel Filho anuncia pr\u00e9-candidatura a prefeito pela oposi\u00e7\u00e3o nas elei\u00e7\u00f5es de 2020"}]},{"@type":"WebSite","@id":"https:\/\/portalnpm.com\/#website","url":"https:\/\/portalnpm.com\/","name":"Portal NPM","description":"Not\u00edcias em Primeira M\u00e3o","potentialAction":[{"@type":"SearchAction","target":{"@type":"EntryPoint","urlTemplate":"https:\/\/portalnpm.com\/?s={search_term_string}"},"query-input":"required name=search_term_string"}],"inLanguage":"pt-BR"},{"@type":"Person","@id":"https:\/\/portalnpm.com\/#\/schema\/person\/0b5f230ec96cee25504fa328e7f2b733","name":"Reda\u00e7\u00e3o","image":{"@type":"ImageObject","inLanguage":"pt-BR","@id":"https:\/\/portalnpm.com\/#\/schema\/person\/image\/","url":"https:\/\/portalnpm.com\/wp-content\/uploads\/2024\/03\/avatar_user_4_1710097212-96x96.png","contentUrl":"https:\/\/portalnpm.com\/wp-content\/uploads\/2024\/03\/avatar_user_4_1710097212-96x96.png","caption":"Reda\u00e7\u00e3o"},"url":"https:\/\/portalnpm.com\/index.php\/author\/redacao\/"}]}},"jetpack_sharing_enabled":true,"jetpack_featured_media_url":"","_links":{"self":[{"href":"https:\/\/portalnpm.com\/index.php\/wp-json\/wp\/v2\/posts\/5695"}],"collection":[{"href":"https:\/\/portalnpm.com\/index.php\/wp-json\/wp\/v2\/posts"}],"about":[{"href":"https:\/\/portalnpm.com\/index.php\/wp-json\/wp\/v2\/types\/post"}],"author":[{"embeddable":true,"href":"https:\/\/portalnpm.com\/index.php\/wp-json\/wp\/v2\/users\/4"}],"replies":[{"embeddable":true,"href":"https:\/\/portalnpm.com\/index.php\/wp-json\/wp\/v2\/comments?post=5695"}],"version-history":[{"count":0,"href":"https:\/\/portalnpm.com\/index.php\/wp-json\/wp\/v2\/posts\/5695\/revisions"}],"wp:featuredmedia":[{"embeddable":true,"href":"https:\/\/portalnpm.com\/index.php\/wp-json\/"}],"wp:attachment":[{"href":"https:\/\/portalnpm.com\/index.php\/wp-json\/wp\/v2\/media?parent=5695"}],"wp:term":[{"taxonomy":"category","embeddable":true,"href":"https:\/\/portalnpm.com\/index.php\/wp-json\/wp\/v2\/categories?post=5695"},{"taxonomy":"post_tag","embeddable":true,"href":"https:\/\/portalnpm.com\/index.php\/wp-json\/wp\/v2\/tags?post=5695"}],"curies":[{"name":"wp","href":"https:\/\/api.w.org\/{rel}","templated":true}]}}