{"id":57002,"date":"2020-08-24T20:07:01","date_gmt":"2020-08-24T23:07:01","guid":{"rendered":"https:\/\/portalnpm.com\/index.php\/2020\/08\/24\/apos-dias-de-espera-corinthians-oficializa-a-contratacao-de-otero\/"},"modified":"2020-08-24T20:07:01","modified_gmt":"2020-08-24T23:07:01","slug":"apos-dias-de-espera-corinthians-oficializa-a-contratacao-de-otero","status":"publish","type":"post","link":"https:\/\/portalnpm.com\/index.php\/2020\/08\/24\/apos-dias-de-espera-corinthians-oficializa-a-contratacao-de-otero\/","title":{"rendered":"Ap\u00f3s dias de espera, Corinthians oficializa a contrata\u00e7\u00e3o de Otero"},"content":{"rendered":"<p style=\"text-align: justify;\">Acabou a espera do torcedor! O Corinthians anunciou nesta segunda-feira (24) a contrata\u00e7\u00e3o de Romulo Otero por empr\u00e9stimo de um ano junto ao Atl\u00e9tico-MG. O jogador, que j\u00e1 est\u00e1 aos cuidados do clube desde a \u00faltima quarta-feira, assinou contrato nesta tarde e foi oficializado pelo Tim\u00e3o.<\/p>\n<p style=\"text-align: justify;\">\n<p style=\"text-align: justify;\">Aos 27 anos, o venezuelano chega ao Alvinegro com status de especialista em bolas paradas e como mais uma pe\u00e7a para o meio-campo de Tiago Nunes. Desde 2016 no Galo, ele estava sem espa\u00e7o com o t\u00e9cnico Jorge Sampaoli e virou uma oportunidade interessante de mercado para o Corinthians, neste ano de empr\u00e9stimo arcar\u00e1 somente com o sal\u00e1rio integral do atleta.<\/p>\n<p style=\"text-align: justify;\">A demora para a assinatura do contrato e para o an\u00fancio oficial se deu por conta de ajustes contratuais entre as partes, j\u00e1 que o v\u00ednculo de Otero com os mineiros se encerra ao mesmo tempo que o empr\u00e9stimo, ou seja, em julho de 2021 o meia ficaria livre para assinar com qualquer clube. Dessa forma, o Tim\u00e3o fixar\u00e1 termos para a contrata\u00e7\u00e3o em definitivo, enquanto o Atl\u00e9tico-MG ficar\u00e1 com um percentual de uma poss\u00edvel venda futura.<\/p>\n<p style=\"text-align: justify;\">Para anunciar a contrata\u00e7\u00e3o de Otero, o Corinthians fez uma s\u00e9rie de brincadeiras em seu perfil oficial no Twitter. Como uma postagem de Scorpion (personagem do game Mortal Kombat), apelido do venezuelano, al\u00e9m da tradicional sirene do Parque S\u00e3o Jorge e a chegada de mais um &#8220;pa\u00eds&#8221; sul-americano ao elenco, que j\u00e1 tem uruguaio, chileno, argentino e colombiano.<\/p>\n<p style=\"text-align: justify;\">&#8211; Sempre quis jogar no Corinthians. N\u00e3o vejo a hora de poder entrar em campo com essa camisa e poder ajudar &#8211; disse o atleta ap\u00f3s a assinatura do v\u00ednculo.<\/p>\n<p style=\"text-align: justify;\">Otero chegou em S\u00e3o Paulo na \u00faltima quarta-feira para fazer exames e desde o \u00faltimo final de semana treina com o grupo do Tim\u00e3o. Mas somente nesta segunda-feira ele concluiu os tr\u00e2mites para ser anunciado. J\u00e1 nesta ter\u00e7a-feira, \u00e0s 14h30, ele ser\u00e1 apresentado de forma virtual como novo jogador do Tim\u00e3o e logo em seguida conceder\u00e1 entrevista coletiva aos jornalistas.<\/p>\n<p style=\"text-align: justify;\">Se aparecer no BID at\u00e9 esta ter\u00e7a-feira, a expectativa \u00e9 de que ele j\u00e1 possa ficar \u00e0 disposi\u00e7\u00e3o do t\u00e9cnico Tiago Nunes para enfrentar o Fortaleza, nesta quarta-feira, \u00e0s 21h30, na Arena, pela quinta rodada do Brasileir\u00e3o 2020.<\/p>\n<p style=\"text-align: justify;\">Fonte: O Lance<\/p>\n","protected":false},"excerpt":{"rendered":"<p>Acabou a espera do torcedor! O Corinthians anunciou nesta segunda-feira (24) a contrata\u00e7\u00e3o de Romulo Otero por empr\u00e9stimo de um ano junto ao Atl\u00e9tico-MG. O jogador, que j\u00e1 est\u00e1 aos cuidados do clube desde a \u00faltima quarta-feira, assinou contrato nesta tarde e foi oficializado pelo Tim\u00e3o. Aos 27 anos, o venezuelano chega ao Alvinegro com &hellip;<\/p>\n","protected":false},"author":2,"featured_media":57003,"comment_status":"open","ping_status":"open","sticky":false,"template":"","format":"standard","meta":{"content-type":"","rop_custom_images_group":[],"rop_custom_messages_group":[],"rop_publish_now":"initial","rop_publish_now_accounts":{"facebook_2648258775420054_1618374048415101":""},"rop_publish_now_history":[],"rop_publish_now_status":"pending","footnotes":"","_jetpack_memberships_contains_paid_content":false},"categories":[108],"tags":[4682,169,4621,5966],"yoast_head":"<!-- This site is optimized with the Yoast SEO plugin v22.3 - https:\/\/yoast.com\/wordpress\/plugins\/seo\/ -->\n<title>Ap\u00f3s dias de espera, Corinthians oficializa a contrata\u00e7\u00e3o de Otero<\/title>\n<meta name=\"robots\" content=\"index, follow, max-snippet:-1, max-image-preview:large, max-video-preview:-1\" \/>\n<link rel=\"canonical\" href=\"https:\/\/portalnpm.com\/index.php\/2020\/08\/24\/apos-dias-de-espera-corinthians-oficializa-a-contratacao-de-otero\/\" \/>\n<meta property=\"og:locale\" content=\"pt_BR\" \/>\n<meta property=\"og:type\" content=\"article\" \/>\n<meta property=\"og:title\" content=\"Ap\u00f3s dias de espera, Corinthians oficializa a contrata\u00e7\u00e3o de Otero\" \/>\n<meta property=\"og:description\" content=\"Acabou a espera do torcedor! O Corinthians anunciou nesta segunda-feira (24) a contrata\u00e7\u00e3o de Romulo Otero por empr\u00e9stimo de um ano junto ao Atl\u00e9tico-MG. O jogador, que j\u00e1 est\u00e1 aos cuidados do clube desde a \u00faltima quarta-feira, assinou contrato nesta tarde e foi oficializado pelo Tim\u00e3o. Aos 27 anos, o venezuelano chega ao Alvinegro com &hellip;\" \/>\n<meta property=\"og:url\" content=\"https:\/\/portalnpm.com\/index.php\/2020\/08\/24\/apos-dias-de-espera-corinthians-oficializa-a-contratacao-de-otero\/\" \/>\n<meta property=\"og:site_name\" content=\"Portal NPM\" \/>\n<meta property=\"article:published_time\" content=\"2020-08-24T23:07:01+00:00\" \/>\n<meta property=\"og:image\" content=\"https:\/\/portalnpm.com\/wp-content\/uploads\/2024\/01\/lance-24082020183853985-1.jpeg\" \/>\n\t<meta property=\"og:image:width\" content=\"660\" \/>\n\t<meta property=\"og:image:height\" content=\"360\" \/>\n\t<meta property=\"og:image:type\" content=\"image\/jpeg\" \/>\n<meta name=\"author\" content=\"Genival Barbosa\" \/>\n<meta name=\"twitter:card\" content=\"summary_large_image\" \/>\n<meta name=\"twitter:label1\" content=\"Escrito por\" \/>\n\t<meta name=\"twitter:data1\" content=\"Genival Barbosa\" \/>\n\t<meta name=\"twitter:label2\" content=\"Est. tempo de leitura\" \/>\n\t<meta name=\"twitter:data2\" content=\"2 minutos\" \/>\n<script type=\"application\/ld+json\" class=\"yoast-schema-graph\">{\"@context\":\"https:\/\/schema.org\",\"@graph\":[{\"@type\":\"WebPage\",\"@id\":\"https:\/\/portalnpm.com\/index.php\/2020\/08\/24\/apos-dias-de-espera-corinthians-oficializa-a-contratacao-de-otero\/\",\"url\":\"https:\/\/portalnpm.com\/index.php\/2020\/08\/24\/apos-dias-de-espera-corinthians-oficializa-a-contratacao-de-otero\/\",\"name\":\"Ap\u00f3s dias de espera, Corinthians oficializa a contrata\u00e7\u00e3o de Otero\",\"isPartOf\":{\"@id\":\"https:\/\/portalnpm.com\/#website\"},\"primaryImageOfPage\":{\"@id\":\"https:\/\/portalnpm.com\/index.php\/2020\/08\/24\/apos-dias-de-espera-corinthians-oficializa-a-contratacao-de-otero\/#primaryimage\"},\"image\":{\"@id\":\"https:\/\/portalnpm.com\/index.php\/2020\/08\/24\/apos-dias-de-espera-corinthians-oficializa-a-contratacao-de-otero\/#primaryimage\"},\"thumbnailUrl\":\"https:\/\/portalnpm.com\/wp-content\/uploads\/2024\/01\/lance-24082020183853985-1.jpeg\",\"datePublished\":\"2020-08-24T23:07:01+00:00\",\"dateModified\":\"2020-08-24T23:07:01+00:00\",\"author\":{\"@id\":\"https:\/\/portalnpm.com\/#\/schema\/person\/49313e563cfdefcc167f1ee4c017c294\"},\"breadcrumb\":{\"@id\":\"https:\/\/portalnpm.com\/index.php\/2020\/08\/24\/apos-dias-de-espera-corinthians-oficializa-a-contratacao-de-otero\/#breadcrumb\"},\"inLanguage\":\"pt-BR\",\"potentialAction\":[{\"@type\":\"ReadAction\",\"target\":[\"https:\/\/portalnpm.com\/index.php\/2020\/08\/24\/apos-dias-de-espera-corinthians-oficializa-a-contratacao-de-otero\/\"]}]},{\"@type\":\"ImageObject\",\"inLanguage\":\"pt-BR\",\"@id\":\"https:\/\/portalnpm.com\/index.php\/2020\/08\/24\/apos-dias-de-espera-corinthians-oficializa-a-contratacao-de-otero\/#primaryimage\",\"url\":\"https:\/\/portalnpm.com\/wp-content\/uploads\/2024\/01\/lance-24082020183853985-1.jpeg\",\"contentUrl\":\"https:\/\/portalnpm.com\/wp-content\/uploads\/2024\/01\/lance-24082020183853985-1.jpeg\",\"width\":660,\"height\":360},{\"@type\":\"BreadcrumbList\",\"@id\":\"https:\/\/portalnpm.com\/index.php\/2020\/08\/24\/apos-dias-de-espera-corinthians-oficializa-a-contratacao-de-otero\/#breadcrumb\",\"itemListElement\":[{\"@type\":\"ListItem\",\"position\":1,\"name\":\"In\u00edcio\",\"item\":\"https:\/\/portalnpm.com\/\"},{\"@type\":\"ListItem\",\"position\":2,\"name\":\"Ap\u00f3s dias de espera, Corinthians oficializa a contrata\u00e7\u00e3o de Otero\"}]},{\"@type\":\"WebSite\",\"@id\":\"https:\/\/portalnpm.com\/#website\",\"url\":\"https:\/\/portalnpm.com\/\",\"name\":\"Portal NPM\",\"description\":\"Not\u00edcias em Primeira M\u00e3o\",\"potentialAction\":[{\"@type\":\"SearchAction\",\"target\":{\"@type\":\"EntryPoint\",\"urlTemplate\":\"https:\/\/portalnpm.com\/?s={search_term_string}\"},\"query-input\":\"required name=search_term_string\"}],\"inLanguage\":\"pt-BR\"},{\"@type\":\"Person\",\"@id\":\"https:\/\/portalnpm.com\/#\/schema\/person\/49313e563cfdefcc167f1ee4c017c294\",\"name\":\"Genival Barbosa\",\"image\":{\"@type\":\"ImageObject\",\"inLanguage\":\"pt-BR\",\"@id\":\"https:\/\/portalnpm.com\/#\/schema\/person\/image\/\",\"url\":\"https:\/\/portalnpm.com\/wp-content\/uploads\/2024\/02\/avatar_user_2_1707743258-96x96.jpeg\",\"contentUrl\":\"https:\/\/portalnpm.com\/wp-content\/uploads\/2024\/02\/avatar_user_2_1707743258-96x96.jpeg\",\"caption\":\"Genival Barbosa\"},\"url\":\"https:\/\/portalnpm.com\/index.php\/author\/genival\/\"}]}<\/script>\n<!-- \/ Yoast SEO plugin. -->","yoast_head_json":{"title":"Ap\u00f3s dias de espera, Corinthians oficializa a contrata\u00e7\u00e3o de Otero","robots":{"index":"index","follow":"follow","max-snippet":"max-snippet:-1","max-image-preview":"max-image-preview:large","max-video-preview":"max-video-preview:-1"},"canonical":"https:\/\/portalnpm.com\/index.php\/2020\/08\/24\/apos-dias-de-espera-corinthians-oficializa-a-contratacao-de-otero\/","og_locale":"pt_BR","og_type":"article","og_title":"Ap\u00f3s dias de espera, Corinthians oficializa a contrata\u00e7\u00e3o de Otero","og_description":"Acabou a espera do torcedor! O Corinthians anunciou nesta segunda-feira (24) a contrata\u00e7\u00e3o de Romulo Otero por empr\u00e9stimo de um ano junto ao Atl\u00e9tico-MG. O jogador, que j\u00e1 est\u00e1 aos cuidados do clube desde a \u00faltima quarta-feira, assinou contrato nesta tarde e foi oficializado pelo Tim\u00e3o. Aos 27 anos, o venezuelano chega ao Alvinegro com &hellip;","og_url":"https:\/\/portalnpm.com\/index.php\/2020\/08\/24\/apos-dias-de-espera-corinthians-oficializa-a-contratacao-de-otero\/","og_site_name":"Portal NPM","article_published_time":"2020-08-24T23:07:01+00:00","og_image":[{"width":660,"height":360,"url":"https:\/\/portalnpm.com\/wp-content\/uploads\/2024\/01\/lance-24082020183853985-1.jpeg","type":"image\/jpeg"}],"author":"Genival Barbosa","twitter_card":"summary_large_image","twitter_misc":{"Escrito por":"Genival Barbosa","Est. tempo de leitura":"2 minutos"},"schema":{"@context":"https:\/\/schema.org","@graph":[{"@type":"WebPage","@id":"https:\/\/portalnpm.com\/index.php\/2020\/08\/24\/apos-dias-de-espera-corinthians-oficializa-a-contratacao-de-otero\/","url":"https:\/\/portalnpm.com\/index.php\/2020\/08\/24\/apos-dias-de-espera-corinthians-oficializa-a-contratacao-de-otero\/","name":"Ap\u00f3s dias de espera, Corinthians oficializa a contrata\u00e7\u00e3o de Otero","isPartOf":{"@id":"https:\/\/portalnpm.com\/#website"},"primaryImageOfPage":{"@id":"https:\/\/portalnpm.com\/index.php\/2020\/08\/24\/apos-dias-de-espera-corinthians-oficializa-a-contratacao-de-otero\/#primaryimage"},"image":{"@id":"https:\/\/portalnpm.com\/index.php\/2020\/08\/24\/apos-dias-de-espera-corinthians-oficializa-a-contratacao-de-otero\/#primaryimage"},"thumbnailUrl":"https:\/\/portalnpm.com\/wp-content\/uploads\/2024\/01\/lance-24082020183853985-1.jpeg","datePublished":"2020-08-24T23:07:01+00:00","dateModified":"2020-08-24T23:07:01+00:00","author":{"@id":"https:\/\/portalnpm.com\/#\/schema\/person\/49313e563cfdefcc167f1ee4c017c294"},"breadcrumb":{"@id":"https:\/\/portalnpm.com\/index.php\/2020\/08\/24\/apos-dias-de-espera-corinthians-oficializa-a-contratacao-de-otero\/#breadcrumb"},"inLanguage":"pt-BR","potentialAction":[{"@type":"ReadAction","target":["https:\/\/portalnpm.com\/index.php\/2020\/08\/24\/apos-dias-de-espera-corinthians-oficializa-a-contratacao-de-otero\/"]}]},{"@type":"ImageObject","inLanguage":"pt-BR","@id":"https:\/\/portalnpm.com\/index.php\/2020\/08\/24\/apos-dias-de-espera-corinthians-oficializa-a-contratacao-de-otero\/#primaryimage","url":"https:\/\/portalnpm.com\/wp-content\/uploads\/2024\/01\/lance-24082020183853985-1.jpeg","contentUrl":"https:\/\/portalnpm.com\/wp-content\/uploads\/2024\/01\/lance-24082020183853985-1.jpeg","width":660,"height":360},{"@type":"BreadcrumbList","@id":"https:\/\/portalnpm.com\/index.php\/2020\/08\/24\/apos-dias-de-espera-corinthians-oficializa-a-contratacao-de-otero\/#breadcrumb","itemListElement":[{"@type":"ListItem","position":1,"name":"In\u00edcio","item":"https:\/\/portalnpm.com\/"},{"@type":"ListItem","position":2,"name":"Ap\u00f3s dias de espera, Corinthians oficializa a contrata\u00e7\u00e3o de Otero"}]},{"@type":"WebSite","@id":"https:\/\/portalnpm.com\/#website","url":"https:\/\/portalnpm.com\/","name":"Portal NPM","description":"Not\u00edcias em Primeira M\u00e3o","potentialAction":[{"@type":"SearchAction","target":{"@type":"EntryPoint","urlTemplate":"https:\/\/portalnpm.com\/?s={search_term_string}"},"query-input":"required name=search_term_string"}],"inLanguage":"pt-BR"},{"@type":"Person","@id":"https:\/\/portalnpm.com\/#\/schema\/person\/49313e563cfdefcc167f1ee4c017c294","name":"Genival Barbosa","image":{"@type":"ImageObject","inLanguage":"pt-BR","@id":"https:\/\/portalnpm.com\/#\/schema\/person\/image\/","url":"https:\/\/portalnpm.com\/wp-content\/uploads\/2024\/02\/avatar_user_2_1707743258-96x96.jpeg","contentUrl":"https:\/\/portalnpm.com\/wp-content\/uploads\/2024\/02\/avatar_user_2_1707743258-96x96.jpeg","caption":"Genival Barbosa"},"url":"https:\/\/portalnpm.com\/index.php\/author\/genival\/"}]}},"jetpack_sharing_enabled":true,"jetpack_featured_media_url":"https:\/\/portalnpm.com\/wp-content\/uploads\/2024\/01\/lance-24082020183853985-1.jpeg","_links":{"self":[{"href":"https:\/\/portalnpm.com\/index.php\/wp-json\/wp\/v2\/posts\/57002"}],"collection":[{"href":"https:\/\/portalnpm.com\/index.php\/wp-json\/wp\/v2\/posts"}],"about":[{"href":"https:\/\/portalnpm.com\/index.php\/wp-json\/wp\/v2\/types\/post"}],"author":[{"embeddable":true,"href":"https:\/\/portalnpm.com\/index.php\/wp-json\/wp\/v2\/users\/2"}],"replies":[{"embeddable":true,"href":"https:\/\/portalnpm.com\/index.php\/wp-json\/wp\/v2\/comments?post=57002"}],"version-history":[{"count":0,"href":"https:\/\/portalnpm.com\/index.php\/wp-json\/wp\/v2\/posts\/57002\/revisions"}],"wp:featuredmedia":[{"embeddable":true,"href":"https:\/\/portalnpm.com\/index.php\/wp-json\/wp\/v2\/media\/57003"}],"wp:attachment":[{"href":"https:\/\/portalnpm.com\/index.php\/wp-json\/wp\/v2\/media?parent=57002"}],"wp:term":[{"taxonomy":"category","embeddable":true,"href":"https:\/\/portalnpm.com\/index.php\/wp-json\/wp\/v2\/categories?post=57002"},{"taxonomy":"post_tag","embeddable":true,"href":"https:\/\/portalnpm.com\/index.php\/wp-json\/wp\/v2\/tags?post=57002"}],"curies":[{"name":"wp","href":"https:\/\/api.w.org\/{rel}","templated":true}]}}