{"id":57017,"date":"2020-08-26T15:39:33","date_gmt":"2020-08-26T18:39:33","guid":{"rendered":"https:\/\/portalnpm.com\/index.php\/2020\/08\/26\/confira-o-novo-calendario-de-pagamentos-do-auxilio-emergencial\/"},"modified":"2020-08-26T15:39:33","modified_gmt":"2020-08-26T18:39:33","slug":"confira-o-novo-calendario-de-pagamentos-do-auxilio-emergencial","status":"publish","type":"post","link":"https:\/\/portalnpm.com\/index.php\/2020\/08\/26\/confira-o-novo-calendario-de-pagamentos-do-auxilio-emergencial\/","title":{"rendered":"Confira o novo calend\u00e1rio de pagamentos do aux\u00edlio emergencial"},"content":{"rendered":"<p style=\"text-align: justify;\">O Minist\u00e9rio da Cidadania divulgou nesta quarta-feira (26), em publica\u00e7\u00e3o no Di\u00e1rio Oficial, mais um calend\u00e1rio de pagamentos do Aux\u00edlio Emergencial.<\/p>\n<p style=\"text-align: justify;\">\n<p style=\"text-align: justify;\">Os valores ser\u00e3o pagos inicialmente por meio de poupan\u00e7a social digital, estando dispon\u00edveis apenas para pagamento de contas, de boletos e realiza\u00e7\u00e3o de compras por meio do cart\u00e3o de d\u00e9bito virtual. Os recursos ser\u00e3o liberados para transfer\u00eancias em uma data posterior (veja nos calend\u00e1rios abaixo).<\/p>\n<p style=\"text-align: justify;\">Segundo o decreto publicado no Di\u00e1rio Oficial, caso o trabalhador tenha indicado uma conta j\u00e1 existente ao fazer o cadastro, nas datas em que forem liberados os saques e transfer\u00eancias, os recursos ainda existentes na poupan\u00e7a social digital ser\u00e3o transferidos automaticamente.<\/p>\n<p style=\"text-align: justify;\"><span style=\"font-size: 20px;\"><em><strong>O novo calend\u00e1rio contempla trabalhadores:<\/strong><\/em><\/span><\/p>\n<p style=\"text-align: justify;\">\u2013 que tenham se cadastrado nas ag\u00eancias dos Correios entre os dias 8 de junho e 2 de julho;<\/p>\n<p style=\"text-align: justify;\">\u2013 que tenham feito a contesta\u00e7\u00e3o dos pedidos entre os dias 3 de julho e 16 de agosto, e tenham sido considerados eleg\u00edveis;<\/p>\n<p style=\"text-align: justify;\">\u2013 que tenham recebido a primeira parcela em meses anteriores, mas tenham tido o pagamento reavaliado em agosto de 2020.<\/p>\n<p style=\"text-align: justify;\"><span style=\"font-size: 20px;\"><em><strong>Calend\u00e1rios de pagamento<\/strong><\/em><\/span><\/p>\n<p style=\"text-align: justify;\">\u2013 Para o p\u00fablico inscrito nas ag\u00eancias dos Correios entre 8 de junho e 2 de julho, os pagamentos ser\u00e3o feitos em poupan\u00e7a social digital:<\/p>\n<p style=\"text-align: justify;\">Primeira parcela: de 28 de agosto a 30 de setembro, com saques liberados de 19 de setembro a 27 de outubro<\/p>\n<p style=\"text-align: justify;\">Segunda e terceira parcelas: de 9 de outubro a 13 de novembro, com saques liberados de 29 de outubro a 19 de novembro<\/p>\n<p style=\"text-align: justify;\">Quarta e quinta parcelas: de 16 de novembro a 30 de novembro, com saques liberados de 26 de novembro a 15 de dezembro.<\/p>\n<p style=\"text-align: justify;\">\u2013 Para trabalhadores que tenham feito a contesta\u00e7\u00e3o entre os dias 3 de julho e 16 de agosto:<\/p>\n<p style=\"text-align: justify;\">Primeira parcela: de 28 de agosto a 30 de setembro, com saques liberados de 19 de setembro a 27 de outubro<\/p>\n<p style=\"text-align: justify;\">Segunda e terceira parcelas: de 9 de outubro a 13 de novembro, com saques liberados de 29 de outubro a 19 de novembro<\/p>\n<p style=\"text-align: justify;\">Quarta e quinta parcelas: de 16 de novembro a 30 de novembro, com saques liberados de 26 de novembro a 15 de dezembro<\/p>\n<p style=\"text-align: justify;\">\u2013 Para os trabalhadores que tenham recebido a primeira parcela em meses anteriores e o pagamento suspenso em agosto:<\/p>\n<p style=\"text-align: justify;\">Todas as parcelas restantes: de 28 de agosto a 30 de setembro, com saques liberados de 19 de setembro a 27 de outubro<\/p>\n<p style=\"text-align: justify;\">Fonte: Meio Norte<\/p>\n","protected":false},"excerpt":{"rendered":"<p>O Minist\u00e9rio da Cidadania divulgou nesta quarta-feira (26), em publica\u00e7\u00e3o no Di\u00e1rio Oficial, mais um calend\u00e1rio de pagamentos do Aux\u00edlio Emergencial. Os valores ser\u00e3o pagos inicialmente por meio de poupan\u00e7a social digital, estando dispon\u00edveis apenas para pagamento de contas, de boletos e realiza\u00e7\u00e3o de compras por meio do cart\u00e3o de d\u00e9bito virtual. Os recursos ser\u00e3o &hellip;<\/p>\n","protected":false},"author":2,"featured_media":24850,"comment_status":"open","ping_status":"open","sticky":false,"template":"","format":"standard","meta":{"content-type":"","rop_custom_images_group":[],"rop_custom_messages_group":[],"rop_publish_now":"initial","rop_publish_now_accounts":{"facebook_2648258775420054_1618374048415101":""},"rop_publish_now_history":[],"rop_publish_now_status":"pending","footnotes":"","_jetpack_memberships_contains_paid_content":false},"categories":[113,414],"tags":[3975,386,4344],"yoast_head":"<!-- This site is optimized with the Yoast SEO plugin v22.3 - https:\/\/yoast.com\/wordpress\/plugins\/seo\/ -->\n<title>Confira o novo calend\u00e1rio de pagamentos do aux\u00edlio emergencial<\/title>\n<meta name=\"robots\" content=\"index, follow, max-snippet:-1, max-image-preview:large, max-video-preview:-1\" \/>\n<link rel=\"canonical\" href=\"https:\/\/portalnpm.com\/index.php\/2020\/08\/26\/confira-o-novo-calendario-de-pagamentos-do-auxilio-emergencial\/\" \/>\n<meta property=\"og:locale\" content=\"pt_BR\" \/>\n<meta property=\"og:type\" content=\"article\" \/>\n<meta property=\"og:title\" content=\"Confira o novo calend\u00e1rio de pagamentos do aux\u00edlio emergencial\" \/>\n<meta property=\"og:description\" content=\"O Minist\u00e9rio da Cidadania divulgou nesta quarta-feira (26), em publica\u00e7\u00e3o no Di\u00e1rio Oficial, mais um calend\u00e1rio de pagamentos do Aux\u00edlio Emergencial. Os valores ser\u00e3o pagos inicialmente por meio de poupan\u00e7a social digital, estando dispon\u00edveis apenas para pagamento de contas, de boletos e realiza\u00e7\u00e3o de compras por meio do cart\u00e3o de d\u00e9bito virtual. Os recursos ser\u00e3o &hellip;\" \/>\n<meta property=\"og:url\" content=\"https:\/\/portalnpm.com\/index.php\/2020\/08\/26\/confira-o-novo-calendario-de-pagamentos-do-auxilio-emergencial\/\" \/>\n<meta property=\"og:site_name\" content=\"Portal NPM\" \/>\n<meta property=\"article:published_time\" content=\"2020-08-26T18:39:33+00:00\" \/>\n<meta name=\"author\" content=\"Genival Barbosa\" \/>\n<meta name=\"twitter:card\" content=\"summary_large_image\" \/>\n<meta name=\"twitter:label1\" content=\"Escrito por\" \/>\n\t<meta name=\"twitter:data1\" content=\"Genival Barbosa\" \/>\n\t<meta name=\"twitter:label2\" content=\"Est. tempo de leitura\" \/>\n\t<meta name=\"twitter:data2\" content=\"2 minutos\" \/>\n<script type=\"application\/ld+json\" class=\"yoast-schema-graph\">{\"@context\":\"https:\/\/schema.org\",\"@graph\":[{\"@type\":\"WebPage\",\"@id\":\"https:\/\/portalnpm.com\/index.php\/2020\/08\/26\/confira-o-novo-calendario-de-pagamentos-do-auxilio-emergencial\/\",\"url\":\"https:\/\/portalnpm.com\/index.php\/2020\/08\/26\/confira-o-novo-calendario-de-pagamentos-do-auxilio-emergencial\/\",\"name\":\"Confira o novo calend\u00e1rio de pagamentos do aux\u00edlio emergencial\",\"isPartOf\":{\"@id\":\"https:\/\/portalnpm.com\/#website\"},\"primaryImageOfPage\":{\"@id\":\"https:\/\/portalnpm.com\/index.php\/2020\/08\/26\/confira-o-novo-calendario-de-pagamentos-do-auxilio-emergencial\/#primaryimage\"},\"image\":{\"@id\":\"https:\/\/portalnpm.com\/index.php\/2020\/08\/26\/confira-o-novo-calendario-de-pagamentos-do-auxilio-emergencial\/#primaryimage\"},\"thumbnailUrl\":\"\",\"datePublished\":\"2020-08-26T18:39:33+00:00\",\"dateModified\":\"2020-08-26T18:39:33+00:00\",\"author\":{\"@id\":\"https:\/\/portalnpm.com\/#\/schema\/person\/49313e563cfdefcc167f1ee4c017c294\"},\"breadcrumb\":{\"@id\":\"https:\/\/portalnpm.com\/index.php\/2020\/08\/26\/confira-o-novo-calendario-de-pagamentos-do-auxilio-emergencial\/#breadcrumb\"},\"inLanguage\":\"pt-BR\",\"potentialAction\":[{\"@type\":\"ReadAction\",\"target\":[\"https:\/\/portalnpm.com\/index.php\/2020\/08\/26\/confira-o-novo-calendario-de-pagamentos-do-auxilio-emergencial\/\"]}]},{\"@type\":\"ImageObject\",\"inLanguage\":\"pt-BR\",\"@id\":\"https:\/\/portalnpm.com\/index.php\/2020\/08\/26\/confira-o-novo-calendario-de-pagamentos-do-auxilio-emergencial\/#primaryimage\",\"url\":\"\",\"contentUrl\":\"\"},{\"@type\":\"BreadcrumbList\",\"@id\":\"https:\/\/portalnpm.com\/index.php\/2020\/08\/26\/confira-o-novo-calendario-de-pagamentos-do-auxilio-emergencial\/#breadcrumb\",\"itemListElement\":[{\"@type\":\"ListItem\",\"position\":1,\"name\":\"In\u00edcio\",\"item\":\"https:\/\/portalnpm.com\/\"},{\"@type\":\"ListItem\",\"position\":2,\"name\":\"Confira o novo calend\u00e1rio de pagamentos do aux\u00edlio emergencial\"}]},{\"@type\":\"WebSite\",\"@id\":\"https:\/\/portalnpm.com\/#website\",\"url\":\"https:\/\/portalnpm.com\/\",\"name\":\"Portal NPM\",\"description\":\"Not\u00edcias em Primeira M\u00e3o\",\"potentialAction\":[{\"@type\":\"SearchAction\",\"target\":{\"@type\":\"EntryPoint\",\"urlTemplate\":\"https:\/\/portalnpm.com\/?s={search_term_string}\"},\"query-input\":\"required name=search_term_string\"}],\"inLanguage\":\"pt-BR\"},{\"@type\":\"Person\",\"@id\":\"https:\/\/portalnpm.com\/#\/schema\/person\/49313e563cfdefcc167f1ee4c017c294\",\"name\":\"Genival Barbosa\",\"image\":{\"@type\":\"ImageObject\",\"inLanguage\":\"pt-BR\",\"@id\":\"https:\/\/portalnpm.com\/#\/schema\/person\/image\/\",\"url\":\"https:\/\/portalnpm.com\/wp-content\/uploads\/2024\/02\/avatar_user_2_1707743258-96x96.jpeg\",\"contentUrl\":\"https:\/\/portalnpm.com\/wp-content\/uploads\/2024\/02\/avatar_user_2_1707743258-96x96.jpeg\",\"caption\":\"Genival Barbosa\"},\"url\":\"https:\/\/portalnpm.com\/index.php\/author\/genival\/\"}]}<\/script>\n<!-- \/ Yoast SEO plugin. -->","yoast_head_json":{"title":"Confira o novo calend\u00e1rio de pagamentos do aux\u00edlio emergencial","robots":{"index":"index","follow":"follow","max-snippet":"max-snippet:-1","max-image-preview":"max-image-preview:large","max-video-preview":"max-video-preview:-1"},"canonical":"https:\/\/portalnpm.com\/index.php\/2020\/08\/26\/confira-o-novo-calendario-de-pagamentos-do-auxilio-emergencial\/","og_locale":"pt_BR","og_type":"article","og_title":"Confira o novo calend\u00e1rio de pagamentos do aux\u00edlio emergencial","og_description":"O Minist\u00e9rio da Cidadania divulgou nesta quarta-feira (26), em publica\u00e7\u00e3o no Di\u00e1rio Oficial, mais um calend\u00e1rio de pagamentos do Aux\u00edlio Emergencial. Os valores ser\u00e3o pagos inicialmente por meio de poupan\u00e7a social digital, estando dispon\u00edveis apenas para pagamento de contas, de boletos e realiza\u00e7\u00e3o de compras por meio do cart\u00e3o de d\u00e9bito virtual. Os recursos ser\u00e3o &hellip;","og_url":"https:\/\/portalnpm.com\/index.php\/2020\/08\/26\/confira-o-novo-calendario-de-pagamentos-do-auxilio-emergencial\/","og_site_name":"Portal NPM","article_published_time":"2020-08-26T18:39:33+00:00","author":"Genival Barbosa","twitter_card":"summary_large_image","twitter_misc":{"Escrito por":"Genival Barbosa","Est. tempo de leitura":"2 minutos"},"schema":{"@context":"https:\/\/schema.org","@graph":[{"@type":"WebPage","@id":"https:\/\/portalnpm.com\/index.php\/2020\/08\/26\/confira-o-novo-calendario-de-pagamentos-do-auxilio-emergencial\/","url":"https:\/\/portalnpm.com\/index.php\/2020\/08\/26\/confira-o-novo-calendario-de-pagamentos-do-auxilio-emergencial\/","name":"Confira o novo calend\u00e1rio de pagamentos do aux\u00edlio emergencial","isPartOf":{"@id":"https:\/\/portalnpm.com\/#website"},"primaryImageOfPage":{"@id":"https:\/\/portalnpm.com\/index.php\/2020\/08\/26\/confira-o-novo-calendario-de-pagamentos-do-auxilio-emergencial\/#primaryimage"},"image":{"@id":"https:\/\/portalnpm.com\/index.php\/2020\/08\/26\/confira-o-novo-calendario-de-pagamentos-do-auxilio-emergencial\/#primaryimage"},"thumbnailUrl":"","datePublished":"2020-08-26T18:39:33+00:00","dateModified":"2020-08-26T18:39:33+00:00","author":{"@id":"https:\/\/portalnpm.com\/#\/schema\/person\/49313e563cfdefcc167f1ee4c017c294"},"breadcrumb":{"@id":"https:\/\/portalnpm.com\/index.php\/2020\/08\/26\/confira-o-novo-calendario-de-pagamentos-do-auxilio-emergencial\/#breadcrumb"},"inLanguage":"pt-BR","potentialAction":[{"@type":"ReadAction","target":["https:\/\/portalnpm.com\/index.php\/2020\/08\/26\/confira-o-novo-calendario-de-pagamentos-do-auxilio-emergencial\/"]}]},{"@type":"ImageObject","inLanguage":"pt-BR","@id":"https:\/\/portalnpm.com\/index.php\/2020\/08\/26\/confira-o-novo-calendario-de-pagamentos-do-auxilio-emergencial\/#primaryimage","url":"","contentUrl":""},{"@type":"BreadcrumbList","@id":"https:\/\/portalnpm.com\/index.php\/2020\/08\/26\/confira-o-novo-calendario-de-pagamentos-do-auxilio-emergencial\/#breadcrumb","itemListElement":[{"@type":"ListItem","position":1,"name":"In\u00edcio","item":"https:\/\/portalnpm.com\/"},{"@type":"ListItem","position":2,"name":"Confira o novo calend\u00e1rio de pagamentos do aux\u00edlio emergencial"}]},{"@type":"WebSite","@id":"https:\/\/portalnpm.com\/#website","url":"https:\/\/portalnpm.com\/","name":"Portal NPM","description":"Not\u00edcias em Primeira M\u00e3o","potentialAction":[{"@type":"SearchAction","target":{"@type":"EntryPoint","urlTemplate":"https:\/\/portalnpm.com\/?s={search_term_string}"},"query-input":"required name=search_term_string"}],"inLanguage":"pt-BR"},{"@type":"Person","@id":"https:\/\/portalnpm.com\/#\/schema\/person\/49313e563cfdefcc167f1ee4c017c294","name":"Genival Barbosa","image":{"@type":"ImageObject","inLanguage":"pt-BR","@id":"https:\/\/portalnpm.com\/#\/schema\/person\/image\/","url":"https:\/\/portalnpm.com\/wp-content\/uploads\/2024\/02\/avatar_user_2_1707743258-96x96.jpeg","contentUrl":"https:\/\/portalnpm.com\/wp-content\/uploads\/2024\/02\/avatar_user_2_1707743258-96x96.jpeg","caption":"Genival Barbosa"},"url":"https:\/\/portalnpm.com\/index.php\/author\/genival\/"}]}},"jetpack_sharing_enabled":true,"jetpack_featured_media_url":"","_links":{"self":[{"href":"https:\/\/portalnpm.com\/index.php\/wp-json\/wp\/v2\/posts\/57017"}],"collection":[{"href":"https:\/\/portalnpm.com\/index.php\/wp-json\/wp\/v2\/posts"}],"about":[{"href":"https:\/\/portalnpm.com\/index.php\/wp-json\/wp\/v2\/types\/post"}],"author":[{"embeddable":true,"href":"https:\/\/portalnpm.com\/index.php\/wp-json\/wp\/v2\/users\/2"}],"replies":[{"embeddable":true,"href":"https:\/\/portalnpm.com\/index.php\/wp-json\/wp\/v2\/comments?post=57017"}],"version-history":[{"count":0,"href":"https:\/\/portalnpm.com\/index.php\/wp-json\/wp\/v2\/posts\/57017\/revisions"}],"wp:featuredmedia":[{"embeddable":true,"href":"https:\/\/portalnpm.com\/index.php\/wp-json\/"}],"wp:attachment":[{"href":"https:\/\/portalnpm.com\/index.php\/wp-json\/wp\/v2\/media?parent=57017"}],"wp:term":[{"taxonomy":"category","embeddable":true,"href":"https:\/\/portalnpm.com\/index.php\/wp-json\/wp\/v2\/categories?post=57017"},{"taxonomy":"post_tag","embeddable":true,"href":"https:\/\/portalnpm.com\/index.php\/wp-json\/wp\/v2\/tags?post=57017"}],"curies":[{"name":"wp","href":"https:\/\/api.w.org\/{rel}","templated":true}]}}