{"id":57060,"date":"2020-08-29T08:15:35","date_gmt":"2020-08-29T11:15:35","guid":{"rendered":"https:\/\/portalnpm.com\/index.php\/2020\/08\/29\/wesley-safadao-testa-positivo-para-covid-19-cantor-cancelou-live-e-participacao-em-programa\/"},"modified":"2020-08-29T08:15:35","modified_gmt":"2020-08-29T11:15:35","slug":"wesley-safadao-testa-positivo-para-covid-19-cantor-cancelou-live-e-participacao-em-programa","status":"publish","type":"post","link":"https:\/\/portalnpm.com\/index.php\/2020\/08\/29\/wesley-safadao-testa-positivo-para-covid-19-cantor-cancelou-live-e-participacao-em-programa\/","title":{"rendered":"Wesley Safad\u00e3o testa positivo para Covid-19; cantor cancelou live e participa\u00e7\u00e3o em programa"},"content":{"rendered":"<p style=\"text-align: justify;\">O cantor Wesley Safad\u00e3o afirmou em seu Instagram que testou positivo para Covid-19. O forrozeiro est\u00e1 assintom\u00e1tico. &#8220;Estou me sentindo super bem&#8221;, disse nos &#8220;stories&#8221; do aplicativo.<\/p>\n<p style=\"text-align: justify;\">\n<p style=\"text-align: justify;\">Por conta do diagn\u00f3stico, Safad\u00e3o n\u00e3o poder\u00e1 participar do Doming\u00e3o do Faust\u00e3o, onde faria apresenta\u00e7\u00e3o no domingo (30). Al\u00e9m disso, ele cancelou a live que faria neste s\u00e1bado (29), ao lado de Bruno e Marrone.<\/p>\n<p style=\"text-align: justify;\">&#8220;Eu fiz os testes seguindo todos os protocolos. Gra\u00e7as a Deus t\u00f4 me sentindo super bem, n\u00e3o estou sentindo nada. Agora \u00e9 me cuidar, me proteger e proteger as pessoas que convivem comigo&#8221;, afirmou.<\/p>\n<p style=\"text-align: justify;\">De acordo com a equipe dele, Safad\u00e3o est\u00e1 em Fortaleza, onde mora, e passa bem. Ele est\u00e1 assintom\u00e1tico e vai realizar um segundo exame (contraprova) para confirmar a presen\u00e7a do v\u00edrus em seu organismo.<\/p>\n<p style=\"text-align: justify;\"><span style=\"font-size: 16px;\"><em><strong>Rotina de Safad\u00e3o em dois lugares no Cear\u00e1<\/strong><\/em><\/span><\/p>\n<p style=\"text-align: justify;\">Desde o in\u00edcio da pandemia do coronav\u00edrus, no m\u00eas mar\u00e7o deste ano, o cearense vive a rotina entre Aquiraz (CE) e o Haras WS, na cidade de Aracoiaba (CE). Nos Stories do Instagram, ele mostra a rela\u00e7\u00e3o com os filhos em momentos de lazer.<\/p>\n<p style=\"text-align: justify;\">Na semana passada, o cantor aproveitou alguns dias de folga com a esposa Thyane Dantas em um hotel de luxo em Jericoacoara. Na rede social, ele chegou a postar fotos na praia e em um jantar rom\u00e2ntico.<\/p>\n<p style=\"text-align: justify;\">Fonte: Di\u00e1rio do Nordeste<\/p>\n","protected":false},"excerpt":{"rendered":"<p>O cantor Wesley Safad\u00e3o afirmou em seu Instagram que testou positivo para Covid-19. O forrozeiro est\u00e1 assintom\u00e1tico. &#8220;Estou me sentindo super bem&#8221;, disse nos &#8220;stories&#8221; do aplicativo. Por conta do diagn\u00f3stico, Safad\u00e3o n\u00e3o poder\u00e1 participar do Doming\u00e3o do Faust\u00e3o, onde faria apresenta\u00e7\u00e3o no domingo (30). Al\u00e9m disso, ele cancelou a live que faria neste s\u00e1bado &hellip;<\/p>\n","protected":false},"author":2,"featured_media":2601,"comment_status":"open","ping_status":"open","sticky":false,"template":"","format":"standard","meta":{"content-type":"","rop_custom_images_group":[],"rop_custom_messages_group":[],"rop_publish_now":"initial","rop_publish_now_accounts":{"facebook_2648258775420054_1618374048415101":""},"rop_publish_now_history":[],"rop_publish_now_status":"pending","footnotes":"","_jetpack_memberships_contains_paid_content":false},"categories":[113,147],"tags":[1113,1538,4457,4080],"yoast_head":"<!-- This site is optimized with the Yoast SEO plugin v22.3 - https:\/\/yoast.com\/wordpress\/plugins\/seo\/ -->\n<title>Wesley Safad\u00e3o testa positivo para Covid-19; cantor cancelou live e participa\u00e7\u00e3o em programa<\/title>\n<meta name=\"robots\" content=\"index, follow, max-snippet:-1, max-image-preview:large, max-video-preview:-1\" \/>\n<link rel=\"canonical\" href=\"https:\/\/portalnpm.com\/index.php\/2020\/08\/29\/wesley-safadao-testa-positivo-para-covid-19-cantor-cancelou-live-e-participacao-em-programa\/\" \/>\n<meta property=\"og:locale\" content=\"pt_BR\" \/>\n<meta property=\"og:type\" content=\"article\" \/>\n<meta property=\"og:title\" content=\"Wesley Safad\u00e3o testa positivo para Covid-19; cantor cancelou live e participa\u00e7\u00e3o em programa\" \/>\n<meta property=\"og:description\" content=\"O cantor Wesley Safad\u00e3o afirmou em seu Instagram que testou positivo para Covid-19. O forrozeiro est\u00e1 assintom\u00e1tico. &#8220;Estou me sentindo super bem&#8221;, disse nos &#8220;stories&#8221; do aplicativo. Por conta do diagn\u00f3stico, Safad\u00e3o n\u00e3o poder\u00e1 participar do Doming\u00e3o do Faust\u00e3o, onde faria apresenta\u00e7\u00e3o no domingo (30). Al\u00e9m disso, ele cancelou a live que faria neste s\u00e1bado &hellip;\" \/>\n<meta property=\"og:url\" content=\"https:\/\/portalnpm.com\/index.php\/2020\/08\/29\/wesley-safadao-testa-positivo-para-covid-19-cantor-cancelou-live-e-participacao-em-programa\/\" \/>\n<meta property=\"og:site_name\" content=\"Portal NPM\" \/>\n<meta property=\"article:published_time\" content=\"2020-08-29T11:15:35+00:00\" \/>\n<meta property=\"og:image\" content=\"https:\/\/portalnpm.com\/wp-content\/uploads\/2018\/11\/foto.jpg\" \/>\n\t<meta property=\"og:image:width\" content=\"800\" \/>\n\t<meta property=\"og:image:height\" content=\"600\" \/>\n\t<meta property=\"og:image:type\" content=\"image\/jpeg\" \/>\n<meta name=\"author\" content=\"Genival Barbosa\" \/>\n<meta name=\"twitter:card\" content=\"summary_large_image\" \/>\n<meta name=\"twitter:label1\" content=\"Escrito por\" \/>\n\t<meta name=\"twitter:data1\" content=\"Genival Barbosa\" \/>\n\t<meta name=\"twitter:label2\" content=\"Est. tempo de leitura\" \/>\n\t<meta name=\"twitter:data2\" content=\"1 minuto\" \/>\n<script type=\"application\/ld+json\" class=\"yoast-schema-graph\">{\"@context\":\"https:\/\/schema.org\",\"@graph\":[{\"@type\":\"WebPage\",\"@id\":\"https:\/\/portalnpm.com\/index.php\/2020\/08\/29\/wesley-safadao-testa-positivo-para-covid-19-cantor-cancelou-live-e-participacao-em-programa\/\",\"url\":\"https:\/\/portalnpm.com\/index.php\/2020\/08\/29\/wesley-safadao-testa-positivo-para-covid-19-cantor-cancelou-live-e-participacao-em-programa\/\",\"name\":\"Wesley Safad\u00e3o testa positivo para Covid-19; cantor cancelou live e participa\u00e7\u00e3o em programa\",\"isPartOf\":{\"@id\":\"https:\/\/portalnpm.com\/#website\"},\"primaryImageOfPage\":{\"@id\":\"https:\/\/portalnpm.com\/index.php\/2020\/08\/29\/wesley-safadao-testa-positivo-para-covid-19-cantor-cancelou-live-e-participacao-em-programa\/#primaryimage\"},\"image\":{\"@id\":\"https:\/\/portalnpm.com\/index.php\/2020\/08\/29\/wesley-safadao-testa-positivo-para-covid-19-cantor-cancelou-live-e-participacao-em-programa\/#primaryimage\"},\"thumbnailUrl\":\"https:\/\/portalnpm.com\/wp-content\/uploads\/2018\/11\/foto.jpg\",\"datePublished\":\"2020-08-29T11:15:35+00:00\",\"dateModified\":\"2020-08-29T11:15:35+00:00\",\"author\":{\"@id\":\"https:\/\/portalnpm.com\/#\/schema\/person\/49313e563cfdefcc167f1ee4c017c294\"},\"breadcrumb\":{\"@id\":\"https:\/\/portalnpm.com\/index.php\/2020\/08\/29\/wesley-safadao-testa-positivo-para-covid-19-cantor-cancelou-live-e-participacao-em-programa\/#breadcrumb\"},\"inLanguage\":\"pt-BR\",\"potentialAction\":[{\"@type\":\"ReadAction\",\"target\":[\"https:\/\/portalnpm.com\/index.php\/2020\/08\/29\/wesley-safadao-testa-positivo-para-covid-19-cantor-cancelou-live-e-participacao-em-programa\/\"]}]},{\"@type\":\"ImageObject\",\"inLanguage\":\"pt-BR\",\"@id\":\"https:\/\/portalnpm.com\/index.php\/2020\/08\/29\/wesley-safadao-testa-positivo-para-covid-19-cantor-cancelou-live-e-participacao-em-programa\/#primaryimage\",\"url\":\"https:\/\/portalnpm.com\/wp-content\/uploads\/2018\/11\/foto.jpg\",\"contentUrl\":\"https:\/\/portalnpm.com\/wp-content\/uploads\/2018\/11\/foto.jpg\",\"width\":800,\"height\":600},{\"@type\":\"BreadcrumbList\",\"@id\":\"https:\/\/portalnpm.com\/index.php\/2020\/08\/29\/wesley-safadao-testa-positivo-para-covid-19-cantor-cancelou-live-e-participacao-em-programa\/#breadcrumb\",\"itemListElement\":[{\"@type\":\"ListItem\",\"position\":1,\"name\":\"In\u00edcio\",\"item\":\"https:\/\/portalnpm.com\/\"},{\"@type\":\"ListItem\",\"position\":2,\"name\":\"Wesley Safad\u00e3o testa positivo para Covid-19; cantor cancelou live e participa\u00e7\u00e3o em programa\"}]},{\"@type\":\"WebSite\",\"@id\":\"https:\/\/portalnpm.com\/#website\",\"url\":\"https:\/\/portalnpm.com\/\",\"name\":\"Portal NPM\",\"description\":\"Not\u00edcias em Primeira M\u00e3o\",\"potentialAction\":[{\"@type\":\"SearchAction\",\"target\":{\"@type\":\"EntryPoint\",\"urlTemplate\":\"https:\/\/portalnpm.com\/?s={search_term_string}\"},\"query-input\":\"required name=search_term_string\"}],\"inLanguage\":\"pt-BR\"},{\"@type\":\"Person\",\"@id\":\"https:\/\/portalnpm.com\/#\/schema\/person\/49313e563cfdefcc167f1ee4c017c294\",\"name\":\"Genival Barbosa\",\"image\":{\"@type\":\"ImageObject\",\"inLanguage\":\"pt-BR\",\"@id\":\"https:\/\/portalnpm.com\/#\/schema\/person\/image\/\",\"url\":\"https:\/\/portalnpm.com\/wp-content\/uploads\/2024\/02\/avatar_user_2_1707743258-96x96.jpeg\",\"contentUrl\":\"https:\/\/portalnpm.com\/wp-content\/uploads\/2024\/02\/avatar_user_2_1707743258-96x96.jpeg\",\"caption\":\"Genival Barbosa\"},\"url\":\"https:\/\/portalnpm.com\/index.php\/author\/genival\/\"}]}<\/script>\n<!-- \/ Yoast SEO plugin. -->","yoast_head_json":{"title":"Wesley Safad\u00e3o testa positivo para Covid-19; cantor cancelou live e participa\u00e7\u00e3o em programa","robots":{"index":"index","follow":"follow","max-snippet":"max-snippet:-1","max-image-preview":"max-image-preview:large","max-video-preview":"max-video-preview:-1"},"canonical":"https:\/\/portalnpm.com\/index.php\/2020\/08\/29\/wesley-safadao-testa-positivo-para-covid-19-cantor-cancelou-live-e-participacao-em-programa\/","og_locale":"pt_BR","og_type":"article","og_title":"Wesley Safad\u00e3o testa positivo para Covid-19; cantor cancelou live e participa\u00e7\u00e3o em programa","og_description":"O cantor Wesley Safad\u00e3o afirmou em seu Instagram que testou positivo para Covid-19. O forrozeiro est\u00e1 assintom\u00e1tico. &#8220;Estou me sentindo super bem&#8221;, disse nos &#8220;stories&#8221; do aplicativo. Por conta do diagn\u00f3stico, Safad\u00e3o n\u00e3o poder\u00e1 participar do Doming\u00e3o do Faust\u00e3o, onde faria apresenta\u00e7\u00e3o no domingo (30). Al\u00e9m disso, ele cancelou a live que faria neste s\u00e1bado &hellip;","og_url":"https:\/\/portalnpm.com\/index.php\/2020\/08\/29\/wesley-safadao-testa-positivo-para-covid-19-cantor-cancelou-live-e-participacao-em-programa\/","og_site_name":"Portal NPM","article_published_time":"2020-08-29T11:15:35+00:00","og_image":[{"width":800,"height":600,"url":"https:\/\/portalnpm.com\/wp-content\/uploads\/2018\/11\/foto.jpg","type":"image\/jpeg"}],"author":"Genival Barbosa","twitter_card":"summary_large_image","twitter_misc":{"Escrito por":"Genival Barbosa","Est. tempo de leitura":"1 minuto"},"schema":{"@context":"https:\/\/schema.org","@graph":[{"@type":"WebPage","@id":"https:\/\/portalnpm.com\/index.php\/2020\/08\/29\/wesley-safadao-testa-positivo-para-covid-19-cantor-cancelou-live-e-participacao-em-programa\/","url":"https:\/\/portalnpm.com\/index.php\/2020\/08\/29\/wesley-safadao-testa-positivo-para-covid-19-cantor-cancelou-live-e-participacao-em-programa\/","name":"Wesley Safad\u00e3o testa positivo para Covid-19; cantor cancelou live e participa\u00e7\u00e3o em programa","isPartOf":{"@id":"https:\/\/portalnpm.com\/#website"},"primaryImageOfPage":{"@id":"https:\/\/portalnpm.com\/index.php\/2020\/08\/29\/wesley-safadao-testa-positivo-para-covid-19-cantor-cancelou-live-e-participacao-em-programa\/#primaryimage"},"image":{"@id":"https:\/\/portalnpm.com\/index.php\/2020\/08\/29\/wesley-safadao-testa-positivo-para-covid-19-cantor-cancelou-live-e-participacao-em-programa\/#primaryimage"},"thumbnailUrl":"https:\/\/portalnpm.com\/wp-content\/uploads\/2018\/11\/foto.jpg","datePublished":"2020-08-29T11:15:35+00:00","dateModified":"2020-08-29T11:15:35+00:00","author":{"@id":"https:\/\/portalnpm.com\/#\/schema\/person\/49313e563cfdefcc167f1ee4c017c294"},"breadcrumb":{"@id":"https:\/\/portalnpm.com\/index.php\/2020\/08\/29\/wesley-safadao-testa-positivo-para-covid-19-cantor-cancelou-live-e-participacao-em-programa\/#breadcrumb"},"inLanguage":"pt-BR","potentialAction":[{"@type":"ReadAction","target":["https:\/\/portalnpm.com\/index.php\/2020\/08\/29\/wesley-safadao-testa-positivo-para-covid-19-cantor-cancelou-live-e-participacao-em-programa\/"]}]},{"@type":"ImageObject","inLanguage":"pt-BR","@id":"https:\/\/portalnpm.com\/index.php\/2020\/08\/29\/wesley-safadao-testa-positivo-para-covid-19-cantor-cancelou-live-e-participacao-em-programa\/#primaryimage","url":"https:\/\/portalnpm.com\/wp-content\/uploads\/2018\/11\/foto.jpg","contentUrl":"https:\/\/portalnpm.com\/wp-content\/uploads\/2018\/11\/foto.jpg","width":800,"height":600},{"@type":"BreadcrumbList","@id":"https:\/\/portalnpm.com\/index.php\/2020\/08\/29\/wesley-safadao-testa-positivo-para-covid-19-cantor-cancelou-live-e-participacao-em-programa\/#breadcrumb","itemListElement":[{"@type":"ListItem","position":1,"name":"In\u00edcio","item":"https:\/\/portalnpm.com\/"},{"@type":"ListItem","position":2,"name":"Wesley Safad\u00e3o testa positivo para Covid-19; cantor cancelou live e participa\u00e7\u00e3o em programa"}]},{"@type":"WebSite","@id":"https:\/\/portalnpm.com\/#website","url":"https:\/\/portalnpm.com\/","name":"Portal NPM","description":"Not\u00edcias em Primeira M\u00e3o","potentialAction":[{"@type":"SearchAction","target":{"@type":"EntryPoint","urlTemplate":"https:\/\/portalnpm.com\/?s={search_term_string}"},"query-input":"required name=search_term_string"}],"inLanguage":"pt-BR"},{"@type":"Person","@id":"https:\/\/portalnpm.com\/#\/schema\/person\/49313e563cfdefcc167f1ee4c017c294","name":"Genival Barbosa","image":{"@type":"ImageObject","inLanguage":"pt-BR","@id":"https:\/\/portalnpm.com\/#\/schema\/person\/image\/","url":"https:\/\/portalnpm.com\/wp-content\/uploads\/2024\/02\/avatar_user_2_1707743258-96x96.jpeg","contentUrl":"https:\/\/portalnpm.com\/wp-content\/uploads\/2024\/02\/avatar_user_2_1707743258-96x96.jpeg","caption":"Genival Barbosa"},"url":"https:\/\/portalnpm.com\/index.php\/author\/genival\/"}]}},"jetpack_sharing_enabled":true,"jetpack_featured_media_url":"https:\/\/portalnpm.com\/wp-content\/uploads\/2018\/11\/foto.jpg","_links":{"self":[{"href":"https:\/\/portalnpm.com\/index.php\/wp-json\/wp\/v2\/posts\/57060"}],"collection":[{"href":"https:\/\/portalnpm.com\/index.php\/wp-json\/wp\/v2\/posts"}],"about":[{"href":"https:\/\/portalnpm.com\/index.php\/wp-json\/wp\/v2\/types\/post"}],"author":[{"embeddable":true,"href":"https:\/\/portalnpm.com\/index.php\/wp-json\/wp\/v2\/users\/2"}],"replies":[{"embeddable":true,"href":"https:\/\/portalnpm.com\/index.php\/wp-json\/wp\/v2\/comments?post=57060"}],"version-history":[{"count":0,"href":"https:\/\/portalnpm.com\/index.php\/wp-json\/wp\/v2\/posts\/57060\/revisions"}],"wp:featuredmedia":[{"embeddable":true,"href":"https:\/\/portalnpm.com\/index.php\/wp-json\/wp\/v2\/media\/2601"}],"wp:attachment":[{"href":"https:\/\/portalnpm.com\/index.php\/wp-json\/wp\/v2\/media?parent=57060"}],"wp:term":[{"taxonomy":"category","embeddable":true,"href":"https:\/\/portalnpm.com\/index.php\/wp-json\/wp\/v2\/categories?post=57060"},{"taxonomy":"post_tag","embeddable":true,"href":"https:\/\/portalnpm.com\/index.php\/wp-json\/wp\/v2\/tags?post=57060"}],"curies":[{"name":"wp","href":"https:\/\/api.w.org\/{rel}","templated":true}]}}