{"id":57077,"date":"2020-08-29T09:41:28","date_gmt":"2020-08-29T12:41:28","guid":{"rendered":"https:\/\/portalnpm.com\/index.php\/2020\/08\/29\/jogador-piauiense-assina-contrato-com-o-pato-futsal-do-parana\/"},"modified":"2020-08-29T09:41:28","modified_gmt":"2020-08-29T12:41:28","slug":"jogador-piauiense-assina-contrato-com-o-pato-futsal-do-parana","status":"publish","type":"post","link":"https:\/\/portalnpm.com\/index.php\/2020\/08\/29\/jogador-piauiense-assina-contrato-com-o-pato-futsal-do-parana\/","title":{"rendered":"Jogador piauiense assina contrato com o Pato Futsal do Paran\u00e1"},"content":{"rendered":"<p style=\"text-align: justify;\">O piauiense natural de Valen\u00e7a, Tannais Rocha de Santana, mais conhecido como Valen\u00e7a, \u00e9 o novo refor\u00e7o da equipe do Pato Futsal para a sequ\u00eancia da temporada 2020. O experiente jogador estava no Am\u00e9rica, de Tapera (RS), e tem como principal caracter\u00edstica a finaliza\u00e7\u00e3o.<\/p>\n<p style=\"text-align: justify;\">\n<p style=\"text-align: justify;\">Valen\u00e7a j\u00e1 vinha treinando com o elenco do Pato Futsal nas \u00faltimas semanas. No Paran\u00e1, Valen\u00e7a j\u00e1 atuou na Copagril, de Marechal C\u00e2ndido Rondon, em 2012 e 2015. Ele tamb\u00e9m vestiu a camisa de equipes como GM (SP), S\u00e3o Paulo (SP), Palmeiras (SP), Seara (SC), John Deere (RS), Zaragoza (ESP), Benicarlo (ESP), Krona Joinville (SC), Jaragu\u00e1 Futsal (SC) e Conc\u00f3rdia (SC), al\u00e9m do Am\u00e9rica (RS).<\/p>\n<p style=\"text-align: justify;\">Nas primeiras palavras como jogador do Pato Futsal, Valen\u00e7a enalteceu a for\u00e7a do elenco e da torcida. &#8220;Ser\u00e1 uma estreia diferente sem a presen\u00e7a da torcida, mas j\u00e1 pude sentir a energia positiva do torcedor pato-branquense na cidade, que de uma forma ou de outra sempre apoia todos do elenco. Estou me sentindo muito bem e motivado para ajudar os companheiros. O grupo \u00e9 muito forte e a responsabilidade \u00e9 grande&#8221;, disse.<\/p>\n<p style=\"text-align: justify;\">O Pato Futsal \u00e9 Bicampe\u00e3o da Liga Nacional de Futsal, Campe\u00e3o da Ta\u00e7a Brasil de Clubes, da Liga Sul de Futsal e da S\u00e9rie Ouro do Paranaense de Futsal. A equipe \u00e9 apontada entre as melhores do mundo, sendo eleita pela UMBRO Futsal Awards, tradicional pr\u00eamio tamb\u00e9m conhecido como Futsal Planet. Boa sorte ao valenciano nessa nova empreitada.<\/p>\n<p style=\"text-align: justify;\">Fonte: Pato Futsal\/Portal V1<\/p>\n","protected":false},"excerpt":{"rendered":"<p>O piauiense natural de Valen\u00e7a, Tannais Rocha de Santana, mais conhecido como Valen\u00e7a, \u00e9 o novo refor\u00e7o da equipe do Pato Futsal para a sequ\u00eancia da temporada 2020. O experiente jogador estava no Am\u00e9rica, de Tapera (RS), e tem como principal caracter\u00edstica a finaliza\u00e7\u00e3o. Valen\u00e7a j\u00e1 vinha treinando com o elenco do Pato Futsal nas &hellip;<\/p>\n","protected":false},"author":2,"featured_media":57078,"comment_status":"open","ping_status":"open","sticky":false,"template":"","format":"standard","meta":{"content-type":"","rop_custom_images_group":[],"rop_custom_messages_group":[],"rop_publish_now":"initial","rop_publish_now_accounts":{"facebook_2648258775420054_1618374048415101":""},"rop_publish_now_history":[],"rop_publish_now_status":"pending","footnotes":"","_jetpack_memberships_contains_paid_content":false},"categories":[108],"tags":[2056,2563,6035,698,6036],"yoast_head":"<!-- This site is optimized with the Yoast SEO plugin v22.3 - https:\/\/yoast.com\/wordpress\/plugins\/seo\/ -->\n<title>Jogador piauiense assina contrato com o Pato Futsal do Paran\u00e1<\/title>\n<meta name=\"robots\" content=\"index, follow, max-snippet:-1, max-image-preview:large, max-video-preview:-1\" \/>\n<link rel=\"canonical\" href=\"https:\/\/portalnpm.com\/index.php\/2020\/08\/29\/jogador-piauiense-assina-contrato-com-o-pato-futsal-do-parana\/\" \/>\n<meta property=\"og:locale\" content=\"pt_BR\" \/>\n<meta property=\"og:type\" content=\"article\" \/>\n<meta property=\"og:title\" content=\"Jogador piauiense assina contrato com o Pato Futsal do Paran\u00e1\" \/>\n<meta property=\"og:description\" content=\"O piauiense natural de Valen\u00e7a, Tannais Rocha de Santana, mais conhecido como Valen\u00e7a, \u00e9 o novo refor\u00e7o da equipe do Pato Futsal para a sequ\u00eancia da temporada 2020. O experiente jogador estava no Am\u00e9rica, de Tapera (RS), e tem como principal caracter\u00edstica a finaliza\u00e7\u00e3o. Valen\u00e7a j\u00e1 vinha treinando com o elenco do Pato Futsal nas &hellip;\" \/>\n<meta property=\"og:url\" content=\"https:\/\/portalnpm.com\/index.php\/2020\/08\/29\/jogador-piauiense-assina-contrato-com-o-pato-futsal-do-parana\/\" \/>\n<meta property=\"og:site_name\" content=\"Portal NPM\" \/>\n<meta property=\"article:published_time\" content=\"2020-08-29T12:41:28+00:00\" \/>\n<meta property=\"og:image\" content=\"https:\/\/portalnpm.com\/wp-content\/uploads\/2024\/01\/19-08-20-pato-futsal-foto-mauricio-moreira-9-copy_1598369451.jpg\" \/>\n\t<meta property=\"og:image:width\" content=\"640\" \/>\n\t<meta property=\"og:image:height\" content=\"456\" \/>\n\t<meta property=\"og:image:type\" content=\"image\/jpeg\" \/>\n<meta name=\"author\" content=\"Genival Barbosa\" \/>\n<meta name=\"twitter:card\" content=\"summary_large_image\" \/>\n<meta name=\"twitter:label1\" content=\"Escrito por\" \/>\n\t<meta name=\"twitter:data1\" content=\"Genival Barbosa\" \/>\n\t<meta name=\"twitter:label2\" content=\"Est. tempo de leitura\" \/>\n\t<meta name=\"twitter:data2\" content=\"1 minuto\" \/>\n<script type=\"application\/ld+json\" class=\"yoast-schema-graph\">{\"@context\":\"https:\/\/schema.org\",\"@graph\":[{\"@type\":\"WebPage\",\"@id\":\"https:\/\/portalnpm.com\/index.php\/2020\/08\/29\/jogador-piauiense-assina-contrato-com-o-pato-futsal-do-parana\/\",\"url\":\"https:\/\/portalnpm.com\/index.php\/2020\/08\/29\/jogador-piauiense-assina-contrato-com-o-pato-futsal-do-parana\/\",\"name\":\"Jogador piauiense assina contrato com o Pato Futsal do Paran\u00e1\",\"isPartOf\":{\"@id\":\"https:\/\/portalnpm.com\/#website\"},\"primaryImageOfPage\":{\"@id\":\"https:\/\/portalnpm.com\/index.php\/2020\/08\/29\/jogador-piauiense-assina-contrato-com-o-pato-futsal-do-parana\/#primaryimage\"},\"image\":{\"@id\":\"https:\/\/portalnpm.com\/index.php\/2020\/08\/29\/jogador-piauiense-assina-contrato-com-o-pato-futsal-do-parana\/#primaryimage\"},\"thumbnailUrl\":\"https:\/\/portalnpm.com\/wp-content\/uploads\/2024\/01\/19-08-20-pato-futsal-foto-mauricio-moreira-9-copy_1598369451.jpg\",\"datePublished\":\"2020-08-29T12:41:28+00:00\",\"dateModified\":\"2020-08-29T12:41:28+00:00\",\"author\":{\"@id\":\"https:\/\/portalnpm.com\/#\/schema\/person\/49313e563cfdefcc167f1ee4c017c294\"},\"breadcrumb\":{\"@id\":\"https:\/\/portalnpm.com\/index.php\/2020\/08\/29\/jogador-piauiense-assina-contrato-com-o-pato-futsal-do-parana\/#breadcrumb\"},\"inLanguage\":\"pt-BR\",\"potentialAction\":[{\"@type\":\"ReadAction\",\"target\":[\"https:\/\/portalnpm.com\/index.php\/2020\/08\/29\/jogador-piauiense-assina-contrato-com-o-pato-futsal-do-parana\/\"]}]},{\"@type\":\"ImageObject\",\"inLanguage\":\"pt-BR\",\"@id\":\"https:\/\/portalnpm.com\/index.php\/2020\/08\/29\/jogador-piauiense-assina-contrato-com-o-pato-futsal-do-parana\/#primaryimage\",\"url\":\"https:\/\/portalnpm.com\/wp-content\/uploads\/2024\/01\/19-08-20-pato-futsal-foto-mauricio-moreira-9-copy_1598369451.jpg\",\"contentUrl\":\"https:\/\/portalnpm.com\/wp-content\/uploads\/2024\/01\/19-08-20-pato-futsal-foto-mauricio-moreira-9-copy_1598369451.jpg\",\"width\":640,\"height\":456},{\"@type\":\"BreadcrumbList\",\"@id\":\"https:\/\/portalnpm.com\/index.php\/2020\/08\/29\/jogador-piauiense-assina-contrato-com-o-pato-futsal-do-parana\/#breadcrumb\",\"itemListElement\":[{\"@type\":\"ListItem\",\"position\":1,\"name\":\"In\u00edcio\",\"item\":\"https:\/\/portalnpm.com\/\"},{\"@type\":\"ListItem\",\"position\":2,\"name\":\"Jogador piauiense assina contrato com o Pato Futsal do Paran\u00e1\"}]},{\"@type\":\"WebSite\",\"@id\":\"https:\/\/portalnpm.com\/#website\",\"url\":\"https:\/\/portalnpm.com\/\",\"name\":\"Portal NPM\",\"description\":\"Not\u00edcias em Primeira M\u00e3o\",\"potentialAction\":[{\"@type\":\"SearchAction\",\"target\":{\"@type\":\"EntryPoint\",\"urlTemplate\":\"https:\/\/portalnpm.com\/?s={search_term_string}\"},\"query-input\":\"required name=search_term_string\"}],\"inLanguage\":\"pt-BR\"},{\"@type\":\"Person\",\"@id\":\"https:\/\/portalnpm.com\/#\/schema\/person\/49313e563cfdefcc167f1ee4c017c294\",\"name\":\"Genival Barbosa\",\"image\":{\"@type\":\"ImageObject\",\"inLanguage\":\"pt-BR\",\"@id\":\"https:\/\/portalnpm.com\/#\/schema\/person\/image\/\",\"url\":\"https:\/\/portalnpm.com\/wp-content\/uploads\/2024\/02\/avatar_user_2_1707743258-96x96.jpeg\",\"contentUrl\":\"https:\/\/portalnpm.com\/wp-content\/uploads\/2024\/02\/avatar_user_2_1707743258-96x96.jpeg\",\"caption\":\"Genival Barbosa\"},\"url\":\"https:\/\/portalnpm.com\/index.php\/author\/genival\/\"}]}<\/script>\n<!-- \/ Yoast SEO plugin. -->","yoast_head_json":{"title":"Jogador piauiense assina contrato com o Pato Futsal do Paran\u00e1","robots":{"index":"index","follow":"follow","max-snippet":"max-snippet:-1","max-image-preview":"max-image-preview:large","max-video-preview":"max-video-preview:-1"},"canonical":"https:\/\/portalnpm.com\/index.php\/2020\/08\/29\/jogador-piauiense-assina-contrato-com-o-pato-futsal-do-parana\/","og_locale":"pt_BR","og_type":"article","og_title":"Jogador piauiense assina contrato com o Pato Futsal do Paran\u00e1","og_description":"O piauiense natural de Valen\u00e7a, Tannais Rocha de Santana, mais conhecido como Valen\u00e7a, \u00e9 o novo refor\u00e7o da equipe do Pato Futsal para a sequ\u00eancia da temporada 2020. O experiente jogador estava no Am\u00e9rica, de Tapera (RS), e tem como principal caracter\u00edstica a finaliza\u00e7\u00e3o. Valen\u00e7a j\u00e1 vinha treinando com o elenco do Pato Futsal nas &hellip;","og_url":"https:\/\/portalnpm.com\/index.php\/2020\/08\/29\/jogador-piauiense-assina-contrato-com-o-pato-futsal-do-parana\/","og_site_name":"Portal NPM","article_published_time":"2020-08-29T12:41:28+00:00","og_image":[{"width":640,"height":456,"url":"https:\/\/portalnpm.com\/wp-content\/uploads\/2024\/01\/19-08-20-pato-futsal-foto-mauricio-moreira-9-copy_1598369451.jpg","type":"image\/jpeg"}],"author":"Genival Barbosa","twitter_card":"summary_large_image","twitter_misc":{"Escrito por":"Genival Barbosa","Est. tempo de leitura":"1 minuto"},"schema":{"@context":"https:\/\/schema.org","@graph":[{"@type":"WebPage","@id":"https:\/\/portalnpm.com\/index.php\/2020\/08\/29\/jogador-piauiense-assina-contrato-com-o-pato-futsal-do-parana\/","url":"https:\/\/portalnpm.com\/index.php\/2020\/08\/29\/jogador-piauiense-assina-contrato-com-o-pato-futsal-do-parana\/","name":"Jogador piauiense assina contrato com o Pato Futsal do Paran\u00e1","isPartOf":{"@id":"https:\/\/portalnpm.com\/#website"},"primaryImageOfPage":{"@id":"https:\/\/portalnpm.com\/index.php\/2020\/08\/29\/jogador-piauiense-assina-contrato-com-o-pato-futsal-do-parana\/#primaryimage"},"image":{"@id":"https:\/\/portalnpm.com\/index.php\/2020\/08\/29\/jogador-piauiense-assina-contrato-com-o-pato-futsal-do-parana\/#primaryimage"},"thumbnailUrl":"https:\/\/portalnpm.com\/wp-content\/uploads\/2024\/01\/19-08-20-pato-futsal-foto-mauricio-moreira-9-copy_1598369451.jpg","datePublished":"2020-08-29T12:41:28+00:00","dateModified":"2020-08-29T12:41:28+00:00","author":{"@id":"https:\/\/portalnpm.com\/#\/schema\/person\/49313e563cfdefcc167f1ee4c017c294"},"breadcrumb":{"@id":"https:\/\/portalnpm.com\/index.php\/2020\/08\/29\/jogador-piauiense-assina-contrato-com-o-pato-futsal-do-parana\/#breadcrumb"},"inLanguage":"pt-BR","potentialAction":[{"@type":"ReadAction","target":["https:\/\/portalnpm.com\/index.php\/2020\/08\/29\/jogador-piauiense-assina-contrato-com-o-pato-futsal-do-parana\/"]}]},{"@type":"ImageObject","inLanguage":"pt-BR","@id":"https:\/\/portalnpm.com\/index.php\/2020\/08\/29\/jogador-piauiense-assina-contrato-com-o-pato-futsal-do-parana\/#primaryimage","url":"https:\/\/portalnpm.com\/wp-content\/uploads\/2024\/01\/19-08-20-pato-futsal-foto-mauricio-moreira-9-copy_1598369451.jpg","contentUrl":"https:\/\/portalnpm.com\/wp-content\/uploads\/2024\/01\/19-08-20-pato-futsal-foto-mauricio-moreira-9-copy_1598369451.jpg","width":640,"height":456},{"@type":"BreadcrumbList","@id":"https:\/\/portalnpm.com\/index.php\/2020\/08\/29\/jogador-piauiense-assina-contrato-com-o-pato-futsal-do-parana\/#breadcrumb","itemListElement":[{"@type":"ListItem","position":1,"name":"In\u00edcio","item":"https:\/\/portalnpm.com\/"},{"@type":"ListItem","position":2,"name":"Jogador piauiense assina contrato com o Pato Futsal do Paran\u00e1"}]},{"@type":"WebSite","@id":"https:\/\/portalnpm.com\/#website","url":"https:\/\/portalnpm.com\/","name":"Portal NPM","description":"Not\u00edcias em Primeira M\u00e3o","potentialAction":[{"@type":"SearchAction","target":{"@type":"EntryPoint","urlTemplate":"https:\/\/portalnpm.com\/?s={search_term_string}"},"query-input":"required name=search_term_string"}],"inLanguage":"pt-BR"},{"@type":"Person","@id":"https:\/\/portalnpm.com\/#\/schema\/person\/49313e563cfdefcc167f1ee4c017c294","name":"Genival Barbosa","image":{"@type":"ImageObject","inLanguage":"pt-BR","@id":"https:\/\/portalnpm.com\/#\/schema\/person\/image\/","url":"https:\/\/portalnpm.com\/wp-content\/uploads\/2024\/02\/avatar_user_2_1707743258-96x96.jpeg","contentUrl":"https:\/\/portalnpm.com\/wp-content\/uploads\/2024\/02\/avatar_user_2_1707743258-96x96.jpeg","caption":"Genival Barbosa"},"url":"https:\/\/portalnpm.com\/index.php\/author\/genival\/"}]}},"jetpack_sharing_enabled":true,"jetpack_featured_media_url":"https:\/\/portalnpm.com\/wp-content\/uploads\/2024\/01\/19-08-20-pato-futsal-foto-mauricio-moreira-9-copy_1598369451.jpg","_links":{"self":[{"href":"https:\/\/portalnpm.com\/index.php\/wp-json\/wp\/v2\/posts\/57077"}],"collection":[{"href":"https:\/\/portalnpm.com\/index.php\/wp-json\/wp\/v2\/posts"}],"about":[{"href":"https:\/\/portalnpm.com\/index.php\/wp-json\/wp\/v2\/types\/post"}],"author":[{"embeddable":true,"href":"https:\/\/portalnpm.com\/index.php\/wp-json\/wp\/v2\/users\/2"}],"replies":[{"embeddable":true,"href":"https:\/\/portalnpm.com\/index.php\/wp-json\/wp\/v2\/comments?post=57077"}],"version-history":[{"count":0,"href":"https:\/\/portalnpm.com\/index.php\/wp-json\/wp\/v2\/posts\/57077\/revisions"}],"wp:featuredmedia":[{"embeddable":true,"href":"https:\/\/portalnpm.com\/index.php\/wp-json\/wp\/v2\/media\/57078"}],"wp:attachment":[{"href":"https:\/\/portalnpm.com\/index.php\/wp-json\/wp\/v2\/media?parent=57077"}],"wp:term":[{"taxonomy":"category","embeddable":true,"href":"https:\/\/portalnpm.com\/index.php\/wp-json\/wp\/v2\/categories?post=57077"},{"taxonomy":"post_tag","embeddable":true,"href":"https:\/\/portalnpm.com\/index.php\/wp-json\/wp\/v2\/tags?post=57077"}],"curies":[{"name":"wp","href":"https:\/\/api.w.org\/{rel}","templated":true}]}}