{"id":57170,"date":"2020-08-30T13:43:27","date_gmt":"2020-08-30T16:43:27","guid":{"rendered":"https:\/\/portalnpm.com\/index.php\/2020\/08\/30\/duas-pessoas-morrem-apos-terem-carro-esmagado-por-pa-eolica-transportada-por-carreta\/"},"modified":"2024-01-15T20:52:44","modified_gmt":"2024-01-15T23:52:44","slug":"duas-pessoas-morrem-apos-terem-carro-esmagado-por-pa-eolica-transportada-por-carreta","status":"publish","type":"post","link":"https:\/\/portalnpm.com\/index.php\/2020\/08\/30\/duas-pessoas-morrem-apos-terem-carro-esmagado-por-pa-eolica-transportada-por-carreta\/","title":{"rendered":"Duas pessoas morrem ap\u00f3s terem carro esmagado por p\u00e1 e\u00f3lica transportada por carreta"},"content":{"rendered":"<p><p style=\"text-align: justify;\">Um acidente entre um carro e uma carreta que fazia o transporte de uma h&eacute;lice e&oacute;lica deixou duas pessoas mortas ap&oacute;s o ve&iacute;culo de passeio ser esmagado pelo equipamento no quil&ocirc;metro 47, da BR-020, no munic&iacute;pio de Parambu, na manh&atilde; deste domingo (30).<\/p>\n<p style=\"text-align: justify;\">\n<p style=\"text-align: justify;\">Conforme a Pol&iacute;cia Rodovi&aacute;ria Federal (PRF), o acidente aconteceu na localidade de Pau Preto, em uma ponte sobre o Rio Pui&uacute;. N&atilde;o h&aacute; informa&ccedil;&otilde;es sobre as causas do acidente, por&eacute;m a carreta chegou a sair da pista e a h&eacute;lice ficou no meio da rodovia, causando a interdi&ccedil;&atilde;o total do trecho para o tr&aacute;fego de ve&iacute;culos.<\/p>\n<p style=\"text-align: justify;\">De acordo com o comandante da 3&ordf; Companhia do 3&ordm; Batalh&atilde;o de Bombeiro Militar (3&ordf;Cia\/3&ordm;BBM) de Tau&aacute;, o tenente-coronel Marcos Gomes, agentes est&atilde;o no local trabalhando no resgate dos corpos das v&iacute;timas, que n&atilde;o foram identificadas.<\/p>\n<p style=\"text-align: justify;\">Confira as imagens do acidente:<\/p>\n<p style=\"text-align: justify;\"><img fetchpriority=\"high\" decoding=\"async\" class=\"alignnone size-medium wp-image-25049\" src=\"\" alt=\"\" width=\"768\" height=\"1024\"> <img decoding=\"async\" class=\"alignnone size-medium wp-image-25050\" src=\"https:\/\/portalnpm.com\/wp-content\/uploads\/2024\/01\/t2-1-768x1024-1.jpg\" alt=\"\" width=\"768\" height=\"1024\"> <img decoding=\"async\" class=\"alignnone size-medium wp-image-25051\" src=\"\" alt=\"\" width=\"768\" height=\"1024\"><br \/>\nCom informa&ccedil;&otilde;es do Di&aacute;rio do Nordeste<\/p>\n<p style=\"text-align: justify;\">Imagens: WhatsApp<\/p><\/p>\n","protected":false},"excerpt":{"rendered":"<p>Um acidente entre um carro e uma carreta que fazia o transporte de uma h&eacute;lice e&oacute;lica deixou duas pessoas mortas ap&oacute;s o ve&iacute;culo de passeio ser esmagado pelo equipamento no quil&ocirc;metro 47, da BR-020, no munic&iacute;pio de Parambu, na manh&atilde; deste domingo (30). Conforme a Pol&iacute;cia Rodovi&aacute;ria Federal (PRF), o acidente aconteceu na localidade de &hellip;<\/p>\n","protected":false},"author":2,"featured_media":25048,"comment_status":"open","ping_status":"open","sticky":false,"template":"","format":"standard","meta":{"content-type":"","rop_custom_images_group":[],"rop_custom_messages_group":[],"rop_publish_now":"initial","rop_publish_now_accounts":{"facebook_2648258775420054_1618374048415101":""},"rop_publish_now_history":[],"rop_publish_now_status":"pending","footnotes":"","_jetpack_memberships_contains_paid_content":false},"categories":[113,125],"tags":[871,1534,4316,6074,497,6075,6076,6077],"yoast_head":"<!-- This site is optimized with the Yoast SEO plugin v22.3 - https:\/\/yoast.com\/wordpress\/plugins\/seo\/ -->\n<title>Duas pessoas morrem ap\u00f3s terem carro esmagado por p\u00e1 e\u00f3lica transportada por carreta<\/title>\n<meta name=\"robots\" content=\"index, follow, max-snippet:-1, max-image-preview:large, max-video-preview:-1\" \/>\n<link rel=\"canonical\" href=\"https:\/\/portalnpm.com\/index.php\/2020\/08\/30\/duas-pessoas-morrem-apos-terem-carro-esmagado-por-pa-eolica-transportada-por-carreta\/\" \/>\n<meta property=\"og:locale\" content=\"pt_BR\" \/>\n<meta property=\"og:type\" content=\"article\" \/>\n<meta property=\"og:title\" content=\"Duas pessoas morrem ap\u00f3s terem carro esmagado por p\u00e1 e\u00f3lica transportada por carreta\" \/>\n<meta property=\"og:description\" content=\"Um acidente entre um carro e uma carreta que fazia o transporte de uma h&eacute;lice e&oacute;lica deixou duas pessoas mortas ap&oacute;s o ve&iacute;culo de passeio ser esmagado pelo equipamento no quil&ocirc;metro 47, da BR-020, no munic&iacute;pio de Parambu, na manh&atilde; deste domingo (30). Conforme a Pol&iacute;cia Rodovi&aacute;ria Federal (PRF), o acidente aconteceu na localidade de &hellip;\" \/>\n<meta property=\"og:url\" content=\"https:\/\/portalnpm.com\/index.php\/2020\/08\/30\/duas-pessoas-morrem-apos-terem-carro-esmagado-por-pa-eolica-transportada-por-carreta\/\" \/>\n<meta property=\"og:site_name\" content=\"Portal NPM\" \/>\n<meta property=\"article:published_time\" content=\"2020-08-30T16:43:27+00:00\" \/>\n<meta property=\"article:modified_time\" content=\"2024-01-15T23:52:44+00:00\" \/>\n<meta name=\"author\" content=\"Genival Barbosa\" \/>\n<meta name=\"twitter:card\" content=\"summary_large_image\" \/>\n<meta name=\"twitter:label1\" content=\"Escrito por\" \/>\n\t<meta name=\"twitter:data1\" content=\"Genival Barbosa\" \/>\n\t<meta name=\"twitter:label2\" content=\"Est. tempo de leitura\" \/>\n\t<meta name=\"twitter:data2\" content=\"1 minuto\" \/>\n<script type=\"application\/ld+json\" class=\"yoast-schema-graph\">{\"@context\":\"https:\/\/schema.org\",\"@graph\":[{\"@type\":\"WebPage\",\"@id\":\"https:\/\/portalnpm.com\/index.php\/2020\/08\/30\/duas-pessoas-morrem-apos-terem-carro-esmagado-por-pa-eolica-transportada-por-carreta\/\",\"url\":\"https:\/\/portalnpm.com\/index.php\/2020\/08\/30\/duas-pessoas-morrem-apos-terem-carro-esmagado-por-pa-eolica-transportada-por-carreta\/\",\"name\":\"Duas pessoas morrem ap\u00f3s terem carro esmagado por p\u00e1 e\u00f3lica transportada por carreta\",\"isPartOf\":{\"@id\":\"https:\/\/portalnpm.com\/#website\"},\"primaryImageOfPage\":{\"@id\":\"https:\/\/portalnpm.com\/index.php\/2020\/08\/30\/duas-pessoas-morrem-apos-terem-carro-esmagado-por-pa-eolica-transportada-por-carreta\/#primaryimage\"},\"image\":{\"@id\":\"https:\/\/portalnpm.com\/index.php\/2020\/08\/30\/duas-pessoas-morrem-apos-terem-carro-esmagado-por-pa-eolica-transportada-por-carreta\/#primaryimage\"},\"thumbnailUrl\":\"\",\"datePublished\":\"2020-08-30T16:43:27+00:00\",\"dateModified\":\"2024-01-15T23:52:44+00:00\",\"author\":{\"@id\":\"https:\/\/portalnpm.com\/#\/schema\/person\/49313e563cfdefcc167f1ee4c017c294\"},\"breadcrumb\":{\"@id\":\"https:\/\/portalnpm.com\/index.php\/2020\/08\/30\/duas-pessoas-morrem-apos-terem-carro-esmagado-por-pa-eolica-transportada-por-carreta\/#breadcrumb\"},\"inLanguage\":\"pt-BR\",\"potentialAction\":[{\"@type\":\"ReadAction\",\"target\":[\"https:\/\/portalnpm.com\/index.php\/2020\/08\/30\/duas-pessoas-morrem-apos-terem-carro-esmagado-por-pa-eolica-transportada-por-carreta\/\"]}]},{\"@type\":\"ImageObject\",\"inLanguage\":\"pt-BR\",\"@id\":\"https:\/\/portalnpm.com\/index.php\/2020\/08\/30\/duas-pessoas-morrem-apos-terem-carro-esmagado-por-pa-eolica-transportada-por-carreta\/#primaryimage\",\"url\":\"\",\"contentUrl\":\"\"},{\"@type\":\"BreadcrumbList\",\"@id\":\"https:\/\/portalnpm.com\/index.php\/2020\/08\/30\/duas-pessoas-morrem-apos-terem-carro-esmagado-por-pa-eolica-transportada-por-carreta\/#breadcrumb\",\"itemListElement\":[{\"@type\":\"ListItem\",\"position\":1,\"name\":\"In\u00edcio\",\"item\":\"https:\/\/portalnpm.com\/\"},{\"@type\":\"ListItem\",\"position\":2,\"name\":\"Duas pessoas morrem ap\u00f3s terem carro esmagado por p\u00e1 e\u00f3lica transportada por carreta\"}]},{\"@type\":\"WebSite\",\"@id\":\"https:\/\/portalnpm.com\/#website\",\"url\":\"https:\/\/portalnpm.com\/\",\"name\":\"Portal NPM\",\"description\":\"Not\u00edcias em Primeira M\u00e3o\",\"potentialAction\":[{\"@type\":\"SearchAction\",\"target\":{\"@type\":\"EntryPoint\",\"urlTemplate\":\"https:\/\/portalnpm.com\/?s={search_term_string}\"},\"query-input\":\"required name=search_term_string\"}],\"inLanguage\":\"pt-BR\"},{\"@type\":\"Person\",\"@id\":\"https:\/\/portalnpm.com\/#\/schema\/person\/49313e563cfdefcc167f1ee4c017c294\",\"name\":\"Genival Barbosa\",\"image\":{\"@type\":\"ImageObject\",\"inLanguage\":\"pt-BR\",\"@id\":\"https:\/\/portalnpm.com\/#\/schema\/person\/image\/\",\"url\":\"https:\/\/portalnpm.com\/wp-content\/uploads\/2024\/02\/avatar_user_2_1707743258-96x96.jpeg\",\"contentUrl\":\"https:\/\/portalnpm.com\/wp-content\/uploads\/2024\/02\/avatar_user_2_1707743258-96x96.jpeg\",\"caption\":\"Genival Barbosa\"},\"url\":\"https:\/\/portalnpm.com\/index.php\/author\/genival\/\"}]}<\/script>\n<!-- \/ Yoast SEO plugin. -->","yoast_head_json":{"title":"Duas pessoas morrem ap\u00f3s terem carro esmagado por p\u00e1 e\u00f3lica transportada por carreta","robots":{"index":"index","follow":"follow","max-snippet":"max-snippet:-1","max-image-preview":"max-image-preview:large","max-video-preview":"max-video-preview:-1"},"canonical":"https:\/\/portalnpm.com\/index.php\/2020\/08\/30\/duas-pessoas-morrem-apos-terem-carro-esmagado-por-pa-eolica-transportada-por-carreta\/","og_locale":"pt_BR","og_type":"article","og_title":"Duas pessoas morrem ap\u00f3s terem carro esmagado por p\u00e1 e\u00f3lica transportada por carreta","og_description":"Um acidente entre um carro e uma carreta que fazia o transporte de uma h&eacute;lice e&oacute;lica deixou duas pessoas mortas ap&oacute;s o ve&iacute;culo de passeio ser esmagado pelo equipamento no quil&ocirc;metro 47, da BR-020, no munic&iacute;pio de Parambu, na manh&atilde; deste domingo (30). Conforme a Pol&iacute;cia Rodovi&aacute;ria Federal (PRF), o acidente aconteceu na localidade de &hellip;","og_url":"https:\/\/portalnpm.com\/index.php\/2020\/08\/30\/duas-pessoas-morrem-apos-terem-carro-esmagado-por-pa-eolica-transportada-por-carreta\/","og_site_name":"Portal NPM","article_published_time":"2020-08-30T16:43:27+00:00","article_modified_time":"2024-01-15T23:52:44+00:00","author":"Genival Barbosa","twitter_card":"summary_large_image","twitter_misc":{"Escrito por":"Genival Barbosa","Est. tempo de leitura":"1 minuto"},"schema":{"@context":"https:\/\/schema.org","@graph":[{"@type":"WebPage","@id":"https:\/\/portalnpm.com\/index.php\/2020\/08\/30\/duas-pessoas-morrem-apos-terem-carro-esmagado-por-pa-eolica-transportada-por-carreta\/","url":"https:\/\/portalnpm.com\/index.php\/2020\/08\/30\/duas-pessoas-morrem-apos-terem-carro-esmagado-por-pa-eolica-transportada-por-carreta\/","name":"Duas pessoas morrem ap\u00f3s terem carro esmagado por p\u00e1 e\u00f3lica transportada por carreta","isPartOf":{"@id":"https:\/\/portalnpm.com\/#website"},"primaryImageOfPage":{"@id":"https:\/\/portalnpm.com\/index.php\/2020\/08\/30\/duas-pessoas-morrem-apos-terem-carro-esmagado-por-pa-eolica-transportada-por-carreta\/#primaryimage"},"image":{"@id":"https:\/\/portalnpm.com\/index.php\/2020\/08\/30\/duas-pessoas-morrem-apos-terem-carro-esmagado-por-pa-eolica-transportada-por-carreta\/#primaryimage"},"thumbnailUrl":"","datePublished":"2020-08-30T16:43:27+00:00","dateModified":"2024-01-15T23:52:44+00:00","author":{"@id":"https:\/\/portalnpm.com\/#\/schema\/person\/49313e563cfdefcc167f1ee4c017c294"},"breadcrumb":{"@id":"https:\/\/portalnpm.com\/index.php\/2020\/08\/30\/duas-pessoas-morrem-apos-terem-carro-esmagado-por-pa-eolica-transportada-por-carreta\/#breadcrumb"},"inLanguage":"pt-BR","potentialAction":[{"@type":"ReadAction","target":["https:\/\/portalnpm.com\/index.php\/2020\/08\/30\/duas-pessoas-morrem-apos-terem-carro-esmagado-por-pa-eolica-transportada-por-carreta\/"]}]},{"@type":"ImageObject","inLanguage":"pt-BR","@id":"https:\/\/portalnpm.com\/index.php\/2020\/08\/30\/duas-pessoas-morrem-apos-terem-carro-esmagado-por-pa-eolica-transportada-por-carreta\/#primaryimage","url":"","contentUrl":""},{"@type":"BreadcrumbList","@id":"https:\/\/portalnpm.com\/index.php\/2020\/08\/30\/duas-pessoas-morrem-apos-terem-carro-esmagado-por-pa-eolica-transportada-por-carreta\/#breadcrumb","itemListElement":[{"@type":"ListItem","position":1,"name":"In\u00edcio","item":"https:\/\/portalnpm.com\/"},{"@type":"ListItem","position":2,"name":"Duas pessoas morrem ap\u00f3s terem carro esmagado por p\u00e1 e\u00f3lica transportada por carreta"}]},{"@type":"WebSite","@id":"https:\/\/portalnpm.com\/#website","url":"https:\/\/portalnpm.com\/","name":"Portal NPM","description":"Not\u00edcias em Primeira M\u00e3o","potentialAction":[{"@type":"SearchAction","target":{"@type":"EntryPoint","urlTemplate":"https:\/\/portalnpm.com\/?s={search_term_string}"},"query-input":"required name=search_term_string"}],"inLanguage":"pt-BR"},{"@type":"Person","@id":"https:\/\/portalnpm.com\/#\/schema\/person\/49313e563cfdefcc167f1ee4c017c294","name":"Genival Barbosa","image":{"@type":"ImageObject","inLanguage":"pt-BR","@id":"https:\/\/portalnpm.com\/#\/schema\/person\/image\/","url":"https:\/\/portalnpm.com\/wp-content\/uploads\/2024\/02\/avatar_user_2_1707743258-96x96.jpeg","contentUrl":"https:\/\/portalnpm.com\/wp-content\/uploads\/2024\/02\/avatar_user_2_1707743258-96x96.jpeg","caption":"Genival Barbosa"},"url":"https:\/\/portalnpm.com\/index.php\/author\/genival\/"}]}},"jetpack_sharing_enabled":true,"jetpack_featured_media_url":"","_links":{"self":[{"href":"https:\/\/portalnpm.com\/index.php\/wp-json\/wp\/v2\/posts\/57170"}],"collection":[{"href":"https:\/\/portalnpm.com\/index.php\/wp-json\/wp\/v2\/posts"}],"about":[{"href":"https:\/\/portalnpm.com\/index.php\/wp-json\/wp\/v2\/types\/post"}],"author":[{"embeddable":true,"href":"https:\/\/portalnpm.com\/index.php\/wp-json\/wp\/v2\/users\/2"}],"replies":[{"embeddable":true,"href":"https:\/\/portalnpm.com\/index.php\/wp-json\/wp\/v2\/comments?post=57170"}],"version-history":[{"count":1,"href":"https:\/\/portalnpm.com\/index.php\/wp-json\/wp\/v2\/posts\/57170\/revisions"}],"predecessor-version":[{"id":57172,"href":"https:\/\/portalnpm.com\/index.php\/wp-json\/wp\/v2\/posts\/57170\/revisions\/57172"}],"wp:featuredmedia":[{"embeddable":true,"href":"https:\/\/portalnpm.com\/index.php\/wp-json\/"}],"wp:attachment":[{"href":"https:\/\/portalnpm.com\/index.php\/wp-json\/wp\/v2\/media?parent=57170"}],"wp:term":[{"taxonomy":"category","embeddable":true,"href":"https:\/\/portalnpm.com\/index.php\/wp-json\/wp\/v2\/categories?post=57170"},{"taxonomy":"post_tag","embeddable":true,"href":"https:\/\/portalnpm.com\/index.php\/wp-json\/wp\/v2\/tags?post=57170"}],"curies":[{"name":"wp","href":"https:\/\/api.w.org\/{rel}","templated":true}]}}