{"id":57252,"date":"2020-09-01T16:24:10","date_gmt":"2020-09-01T19:24:10","guid":{"rendered":"https:\/\/portalnpm.com\/index.php\/2020\/09\/01\/deltan-dallagnol-deixa-comando-da-forca-tarefa-da-lava-jato-no-parana\/"},"modified":"2020-09-01T16:24:10","modified_gmt":"2020-09-01T19:24:10","slug":"deltan-dallagnol-deixa-comando-da-forca-tarefa-da-lava-jato-no-parana","status":"publish","type":"post","link":"https:\/\/portalnpm.com\/index.php\/2020\/09\/01\/deltan-dallagnol-deixa-comando-da-forca-tarefa-da-lava-jato-no-parana\/","title":{"rendered":"Deltan Dallagnol deixa comando da for\u00e7a-tarefa da Lava Jato no Paran\u00e1"},"content":{"rendered":"<p style=\"text-align: justify;\">A for\u00e7a-tarefa do Minist\u00e9rio P\u00fablico Federal do Paran\u00e1 (MPF-PR) comunicou, nesta ter\u00e7a-feira (1\u00ba), a sa\u00edda de Deltan Dallagnol da coordena\u00e7\u00e3o do grupo. Por meio de nota, foi dito que o procurador vai deixar o cargo \u201cpara se dedicar a quest\u00f5es de sa\u00fade em sua fam\u00edlia\u201d. Ele ficou por seis anos na fun\u00e7\u00e3o. Alessandro Jos\u00e9 Fernandes de Oliveira \u00e9 quem assume o lugar dele.<\/p>\n<p style=\"text-align: justify;\">\n<p style=\"text-align: justify;\">Por meio do perfil do Twitter, Dallagnol confirmou a sa\u00edda. &#8220;\u00c9 verdade que estou de sa\u00edda da coordena\u00e7\u00e3o da Lava Jato. \u00c9 uma decis\u00e3o dif\u00edcil, mas o certo a fazer por minha fam\u00edlia. Continuarei a lutar contra a corrup\u00e7\u00e3o como procurador e como cidad\u00e3o. A Lava Jato tem muito a fazer e precisa do seu e meu apoio&#8221;, escreveu.<\/p>\n<p style=\"text-align: justify;\">Na nota da for\u00e7a-tarefa (veja a \u00edntegra abaixo), \u00e9 dito que a lideran\u00e7a exercida por ele \u201cfoi fundamental para todos os resultados que a opera\u00e7\u00e3o Lava Jato alcan\u00e7ou, e os valores que inspirou certamente continuar\u00e3o a nortear a atua\u00e7\u00e3o dos demais membros da for\u00e7a-tarefa, que prosseguem no caso\u201d.<\/p>\n<p style=\"text-align: justify;\">\u201cOs integrantes da for\u00e7a-tarefa da Lava Jato no Paran\u00e1 agradecem Deltan Dallagnol pela imensa contribui\u00e7\u00e3o prestada ao combate \u00e0 corrup\u00e7\u00e3o e se solidarizam com o seu momento pessoal, ao tempo em que expressam apoio e confian\u00e7a a Alessandro Oliveira. Os trabalhos na for\u00e7a-tarefa prosseguir\u00e3o da mesma forma como nos \u00faltimos anos\u201d, diz trecho do comunicado.<\/p>\n<p style=\"text-align: justify;\">O novo coordenador (veja a \u00edntegra abaixo) tem experi\u00eancia no combate ao crime organizado, e \u00e9 o membro mais antigo na Procuradoria do Paran\u00e1 a manifestar interesse e disponibilidade para coordenar os trabalhos do caso. Com a troca, Deltan, que solicitou um per\u00edodo de 15 dias para auxiliar na transi\u00e7\u00e3o, deve assumir o of\u00edcio de Alessandro.<\/p>\n<p style=\"text-align: justify;\"><span style=\"font-size: 16px;\"><em><strong>Veja nota da for\u00e7a-tarefa na \u00edntegra<\/strong><\/em><\/span><\/p>\n<p style=\"text-align: justify;\"><em>&#8220;Ap\u00f3s 6 anos \u00e0 frente da Lava Jato no Paran\u00e1, o procurador da Rep\u00fablica Deltan Dallagnol est\u00e1 se desligando da for\u00e7a-tarefa para se dedicar a quest\u00f5es de sa\u00fade em sua fam\u00edlia. Por todo esse per\u00edodo, enquanto Coordenador dos trabalhos, Deltan desempenhou com retid\u00e3o, denodo, esmero e abnega\u00e7\u00e3o suas fun\u00e7\u00f5es, reunindo raras qualidades t\u00e9cnicas e pessoais.<\/em><\/p>\n<p><em>A lideran\u00e7a exercida foi fundamental para todos os resultados que a opera\u00e7\u00e3o Lava Jato alcan\u00e7ou, e os valores que inspirou certamente continuar\u00e3o a nortear a atua\u00e7\u00e3o dos demais membros da for\u00e7a-tarefa, que prosseguem no caso.<\/em><\/p>\n<p><em>Com a sa\u00edda anunciada, o procurador da Rep\u00fablica no Paran\u00e1 Alessandro Jos\u00e9 Fernandes de Oliveira deve assumir as fun\u00e7\u00f5es antes exercidas por Deltan Dallganol, passando a titularizar, por meio de permuta, o of\u00edcio a que distribu\u00eddas investiga\u00e7\u00f5es da Lava Jato no Paran\u00e1.<\/em><\/p>\n<p><em>Alessandro, com reconhecida experi\u00eancia no combate ao crime organizado, \u00e9 membro com maior antiguidade na Procuradoria da Rep\u00fablica do Paran\u00e1 a manifestar interesse e disponibilidade para coordenar os trabalhos no of\u00edcio a que vinculado o caso. Com a troca, Deltan, que solicitou um per\u00edodo de 15 dias para auxiliar na transi\u00e7\u00e3o, deve assumir o of\u00edcio de Alessandro.<\/em><\/p>\n<p><em>Os integrantes da for\u00e7a-tarefa da Lava Jato no Paran\u00e1 agradecem Deltan Dallagnol pela imensa contribui\u00e7\u00e3o prestada ao combate \u00e0 corrup\u00e7\u00e3o e se solidarizam com o seu momento pessoal, ao tempo em que expressam apoio e confian\u00e7a a Alessandro Oliveira. Os trabalhos na for\u00e7a-tarefa prosseguir\u00e3o da mesma forma como nos \u00faltimos anos.&#8221;<\/em><\/p>\n<p><span style=\"font-size: 16px;\"><em><strong>Perfil do novo coordenador<\/strong><\/em><\/span><\/p>\n<p style=\"text-align: justify;\">Alessandro Jos\u00e9 Fernandes de Oliveira \u00e9 procurador da Rep\u00fablica desde 2004, e atua no Paran\u00e1 desde 2012. Ele tem experi\u00eancia no combate ao crime organizado, corrup\u00e7\u00e3o e lavagem de dinheiro, integrando o grupo de trabalho da Lava Jato na Procuradoria Geral da Rep\u00fablica (PGR) desde janeiro de 2018.<\/p>\n<p style=\"text-align: justify;\">Enquanto membro do Minist\u00e9rio P\u00fablico Federal (MPF), o procurador foi conselheiro do Conselho Penitenci\u00e1rio do Estado do Paran\u00e1 (2011-2013), coordenador da Rede de Controle da Gest\u00e3o P\u00fablica no Estado do Paran\u00e1 (2012-2016) e Procurador Regional Eleitoral no Estado do Paran\u00e1 (2013-2017). Integra, ainda, os grupos de trabalho Medidas Cautelares Reais, da 2\u00aa e 5\u00aa C\u00e2maras de Coordena\u00e7\u00e3o e Revis\u00e3o (Criminal e Combate \u00e0 Corrup\u00e7\u00e3o, respectivamente).<\/p>\n<p style=\"text-align: justify;\">Fonte: O Tempo<\/p>\n","protected":false},"excerpt":{"rendered":"<p>A for\u00e7a-tarefa do Minist\u00e9rio P\u00fablico Federal do Paran\u00e1 (MPF-PR) comunicou, nesta ter\u00e7a-feira (1\u00ba), a sa\u00edda de Deltan Dallagnol da coordena\u00e7\u00e3o do grupo. Por meio de nota, foi dito que o procurador vai deixar o cargo \u201cpara se dedicar a quest\u00f5es de sa\u00fade em sua fam\u00edlia\u201d. Ele ficou por seis anos na fun\u00e7\u00e3o. Alessandro Jos\u00e9 Fernandes &hellip;<\/p>\n","protected":false},"author":2,"featured_media":50562,"comment_status":"open","ping_status":"open","sticky":false,"template":"","format":"standard","meta":{"content-type":"","rop_custom_images_group":[],"rop_custom_messages_group":[],"rop_publish_now":"initial","rop_publish_now_accounts":{"facebook_2648258775420054_1618374048415101":""},"rop_publish_now_history":[],"rop_publish_now_status":"pending","footnotes":"","_jetpack_memberships_contains_paid_content":false},"categories":[125],"tags":[6103,6104,2434,2435],"yoast_head":"<!-- This site is optimized with the Yoast SEO plugin v22.3 - https:\/\/yoast.com\/wordpress\/plugins\/seo\/ -->\n<title>Deltan Dallagnol deixa comando da for\u00e7a-tarefa da Lava Jato no Paran\u00e1<\/title>\n<meta name=\"robots\" content=\"index, follow, max-snippet:-1, max-image-preview:large, max-video-preview:-1\" \/>\n<link rel=\"canonical\" href=\"https:\/\/portalnpm.com\/index.php\/2020\/09\/01\/deltan-dallagnol-deixa-comando-da-forca-tarefa-da-lava-jato-no-parana\/\" \/>\n<meta property=\"og:locale\" content=\"pt_BR\" \/>\n<meta property=\"og:type\" content=\"article\" \/>\n<meta property=\"og:title\" content=\"Deltan Dallagnol deixa comando da for\u00e7a-tarefa da Lava Jato no Paran\u00e1\" \/>\n<meta property=\"og:description\" content=\"A for\u00e7a-tarefa do Minist\u00e9rio P\u00fablico Federal do Paran\u00e1 (MPF-PR) comunicou, nesta ter\u00e7a-feira (1\u00ba), a sa\u00edda de Deltan Dallagnol da coordena\u00e7\u00e3o do grupo. Por meio de nota, foi dito que o procurador vai deixar o cargo \u201cpara se dedicar a quest\u00f5es de sa\u00fade em sua fam\u00edlia\u201d. Ele ficou por seis anos na fun\u00e7\u00e3o. Alessandro Jos\u00e9 Fernandes &hellip;\" \/>\n<meta property=\"og:url\" content=\"https:\/\/portalnpm.com\/index.php\/2020\/09\/01\/deltan-dallagnol-deixa-comando-da-forca-tarefa-da-lava-jato-no-parana\/\" \/>\n<meta property=\"og:site_name\" content=\"Portal NPM\" \/>\n<meta property=\"article:published_time\" content=\"2020-09-01T19:24:10+00:00\" \/>\n<meta property=\"og:image\" content=\"https:\/\/portalnpm.com\/wp-content\/uploads\/2023\/12\/image-39.png\" \/>\n\t<meta property=\"og:image:width\" content=\"576\" \/>\n\t<meta property=\"og:image:height\" content=\"1024\" \/>\n\t<meta property=\"og:image:type\" content=\"image\/png\" \/>\n<meta name=\"author\" content=\"Genival Barbosa\" \/>\n<meta name=\"twitter:card\" content=\"summary_large_image\" \/>\n<meta name=\"twitter:label1\" content=\"Escrito por\" \/>\n\t<meta name=\"twitter:data1\" content=\"Genival Barbosa\" \/>\n\t<meta name=\"twitter:label2\" content=\"Est. tempo de leitura\" \/>\n\t<meta name=\"twitter:data2\" content=\"4 minutos\" \/>\n<script type=\"application\/ld+json\" class=\"yoast-schema-graph\">{\"@context\":\"https:\/\/schema.org\",\"@graph\":[{\"@type\":\"WebPage\",\"@id\":\"https:\/\/portalnpm.com\/index.php\/2020\/09\/01\/deltan-dallagnol-deixa-comando-da-forca-tarefa-da-lava-jato-no-parana\/\",\"url\":\"https:\/\/portalnpm.com\/index.php\/2020\/09\/01\/deltan-dallagnol-deixa-comando-da-forca-tarefa-da-lava-jato-no-parana\/\",\"name\":\"Deltan Dallagnol deixa comando da for\u00e7a-tarefa da Lava Jato no Paran\u00e1\",\"isPartOf\":{\"@id\":\"https:\/\/portalnpm.com\/#website\"},\"primaryImageOfPage\":{\"@id\":\"https:\/\/portalnpm.com\/index.php\/2020\/09\/01\/deltan-dallagnol-deixa-comando-da-forca-tarefa-da-lava-jato-no-parana\/#primaryimage\"},\"image\":{\"@id\":\"https:\/\/portalnpm.com\/index.php\/2020\/09\/01\/deltan-dallagnol-deixa-comando-da-forca-tarefa-da-lava-jato-no-parana\/#primaryimage\"},\"thumbnailUrl\":\"https:\/\/portalnpm.com\/wp-content\/uploads\/2023\/12\/image-39.png\",\"datePublished\":\"2020-09-01T19:24:10+00:00\",\"dateModified\":\"2020-09-01T19:24:10+00:00\",\"author\":{\"@id\":\"https:\/\/portalnpm.com\/#\/schema\/person\/49313e563cfdefcc167f1ee4c017c294\"},\"breadcrumb\":{\"@id\":\"https:\/\/portalnpm.com\/index.php\/2020\/09\/01\/deltan-dallagnol-deixa-comando-da-forca-tarefa-da-lava-jato-no-parana\/#breadcrumb\"},\"inLanguage\":\"pt-BR\",\"potentialAction\":[{\"@type\":\"ReadAction\",\"target\":[\"https:\/\/portalnpm.com\/index.php\/2020\/09\/01\/deltan-dallagnol-deixa-comando-da-forca-tarefa-da-lava-jato-no-parana\/\"]}]},{\"@type\":\"ImageObject\",\"inLanguage\":\"pt-BR\",\"@id\":\"https:\/\/portalnpm.com\/index.php\/2020\/09\/01\/deltan-dallagnol-deixa-comando-da-forca-tarefa-da-lava-jato-no-parana\/#primaryimage\",\"url\":\"https:\/\/portalnpm.com\/wp-content\/uploads\/2023\/12\/image-39.png\",\"contentUrl\":\"https:\/\/portalnpm.com\/wp-content\/uploads\/2023\/12\/image-39.png\",\"width\":576,\"height\":1024},{\"@type\":\"BreadcrumbList\",\"@id\":\"https:\/\/portalnpm.com\/index.php\/2020\/09\/01\/deltan-dallagnol-deixa-comando-da-forca-tarefa-da-lava-jato-no-parana\/#breadcrumb\",\"itemListElement\":[{\"@type\":\"ListItem\",\"position\":1,\"name\":\"In\u00edcio\",\"item\":\"https:\/\/portalnpm.com\/\"},{\"@type\":\"ListItem\",\"position\":2,\"name\":\"Deltan Dallagnol deixa comando da for\u00e7a-tarefa da Lava Jato no Paran\u00e1\"}]},{\"@type\":\"WebSite\",\"@id\":\"https:\/\/portalnpm.com\/#website\",\"url\":\"https:\/\/portalnpm.com\/\",\"name\":\"Portal NPM\",\"description\":\"Not\u00edcias em Primeira M\u00e3o\",\"potentialAction\":[{\"@type\":\"SearchAction\",\"target\":{\"@type\":\"EntryPoint\",\"urlTemplate\":\"https:\/\/portalnpm.com\/?s={search_term_string}\"},\"query-input\":\"required name=search_term_string\"}],\"inLanguage\":\"pt-BR\"},{\"@type\":\"Person\",\"@id\":\"https:\/\/portalnpm.com\/#\/schema\/person\/49313e563cfdefcc167f1ee4c017c294\",\"name\":\"Genival Barbosa\",\"image\":{\"@type\":\"ImageObject\",\"inLanguage\":\"pt-BR\",\"@id\":\"https:\/\/portalnpm.com\/#\/schema\/person\/image\/\",\"url\":\"https:\/\/portalnpm.com\/wp-content\/uploads\/2024\/02\/avatar_user_2_1707743258-96x96.jpeg\",\"contentUrl\":\"https:\/\/portalnpm.com\/wp-content\/uploads\/2024\/02\/avatar_user_2_1707743258-96x96.jpeg\",\"caption\":\"Genival Barbosa\"},\"url\":\"https:\/\/portalnpm.com\/index.php\/author\/genival\/\"}]}<\/script>\n<!-- \/ Yoast SEO plugin. -->","yoast_head_json":{"title":"Deltan Dallagnol deixa comando da for\u00e7a-tarefa da Lava Jato no Paran\u00e1","robots":{"index":"index","follow":"follow","max-snippet":"max-snippet:-1","max-image-preview":"max-image-preview:large","max-video-preview":"max-video-preview:-1"},"canonical":"https:\/\/portalnpm.com\/index.php\/2020\/09\/01\/deltan-dallagnol-deixa-comando-da-forca-tarefa-da-lava-jato-no-parana\/","og_locale":"pt_BR","og_type":"article","og_title":"Deltan Dallagnol deixa comando da for\u00e7a-tarefa da Lava Jato no Paran\u00e1","og_description":"A for\u00e7a-tarefa do Minist\u00e9rio P\u00fablico Federal do Paran\u00e1 (MPF-PR) comunicou, nesta ter\u00e7a-feira (1\u00ba), a sa\u00edda de Deltan Dallagnol da coordena\u00e7\u00e3o do grupo. Por meio de nota, foi dito que o procurador vai deixar o cargo \u201cpara se dedicar a quest\u00f5es de sa\u00fade em sua fam\u00edlia\u201d. Ele ficou por seis anos na fun\u00e7\u00e3o. Alessandro Jos\u00e9 Fernandes &hellip;","og_url":"https:\/\/portalnpm.com\/index.php\/2020\/09\/01\/deltan-dallagnol-deixa-comando-da-forca-tarefa-da-lava-jato-no-parana\/","og_site_name":"Portal NPM","article_published_time":"2020-09-01T19:24:10+00:00","og_image":[{"width":576,"height":1024,"url":"https:\/\/portalnpm.com\/wp-content\/uploads\/2023\/12\/image-39.png","type":"image\/png"}],"author":"Genival Barbosa","twitter_card":"summary_large_image","twitter_misc":{"Escrito por":"Genival Barbosa","Est. tempo de leitura":"4 minutos"},"schema":{"@context":"https:\/\/schema.org","@graph":[{"@type":"WebPage","@id":"https:\/\/portalnpm.com\/index.php\/2020\/09\/01\/deltan-dallagnol-deixa-comando-da-forca-tarefa-da-lava-jato-no-parana\/","url":"https:\/\/portalnpm.com\/index.php\/2020\/09\/01\/deltan-dallagnol-deixa-comando-da-forca-tarefa-da-lava-jato-no-parana\/","name":"Deltan Dallagnol deixa comando da for\u00e7a-tarefa da Lava Jato no Paran\u00e1","isPartOf":{"@id":"https:\/\/portalnpm.com\/#website"},"primaryImageOfPage":{"@id":"https:\/\/portalnpm.com\/index.php\/2020\/09\/01\/deltan-dallagnol-deixa-comando-da-forca-tarefa-da-lava-jato-no-parana\/#primaryimage"},"image":{"@id":"https:\/\/portalnpm.com\/index.php\/2020\/09\/01\/deltan-dallagnol-deixa-comando-da-forca-tarefa-da-lava-jato-no-parana\/#primaryimage"},"thumbnailUrl":"https:\/\/portalnpm.com\/wp-content\/uploads\/2023\/12\/image-39.png","datePublished":"2020-09-01T19:24:10+00:00","dateModified":"2020-09-01T19:24:10+00:00","author":{"@id":"https:\/\/portalnpm.com\/#\/schema\/person\/49313e563cfdefcc167f1ee4c017c294"},"breadcrumb":{"@id":"https:\/\/portalnpm.com\/index.php\/2020\/09\/01\/deltan-dallagnol-deixa-comando-da-forca-tarefa-da-lava-jato-no-parana\/#breadcrumb"},"inLanguage":"pt-BR","potentialAction":[{"@type":"ReadAction","target":["https:\/\/portalnpm.com\/index.php\/2020\/09\/01\/deltan-dallagnol-deixa-comando-da-forca-tarefa-da-lava-jato-no-parana\/"]}]},{"@type":"ImageObject","inLanguage":"pt-BR","@id":"https:\/\/portalnpm.com\/index.php\/2020\/09\/01\/deltan-dallagnol-deixa-comando-da-forca-tarefa-da-lava-jato-no-parana\/#primaryimage","url":"https:\/\/portalnpm.com\/wp-content\/uploads\/2023\/12\/image-39.png","contentUrl":"https:\/\/portalnpm.com\/wp-content\/uploads\/2023\/12\/image-39.png","width":576,"height":1024},{"@type":"BreadcrumbList","@id":"https:\/\/portalnpm.com\/index.php\/2020\/09\/01\/deltan-dallagnol-deixa-comando-da-forca-tarefa-da-lava-jato-no-parana\/#breadcrumb","itemListElement":[{"@type":"ListItem","position":1,"name":"In\u00edcio","item":"https:\/\/portalnpm.com\/"},{"@type":"ListItem","position":2,"name":"Deltan Dallagnol deixa comando da for\u00e7a-tarefa da Lava Jato no Paran\u00e1"}]},{"@type":"WebSite","@id":"https:\/\/portalnpm.com\/#website","url":"https:\/\/portalnpm.com\/","name":"Portal NPM","description":"Not\u00edcias em Primeira M\u00e3o","potentialAction":[{"@type":"SearchAction","target":{"@type":"EntryPoint","urlTemplate":"https:\/\/portalnpm.com\/?s={search_term_string}"},"query-input":"required name=search_term_string"}],"inLanguage":"pt-BR"},{"@type":"Person","@id":"https:\/\/portalnpm.com\/#\/schema\/person\/49313e563cfdefcc167f1ee4c017c294","name":"Genival Barbosa","image":{"@type":"ImageObject","inLanguage":"pt-BR","@id":"https:\/\/portalnpm.com\/#\/schema\/person\/image\/","url":"https:\/\/portalnpm.com\/wp-content\/uploads\/2024\/02\/avatar_user_2_1707743258-96x96.jpeg","contentUrl":"https:\/\/portalnpm.com\/wp-content\/uploads\/2024\/02\/avatar_user_2_1707743258-96x96.jpeg","caption":"Genival Barbosa"},"url":"https:\/\/portalnpm.com\/index.php\/author\/genival\/"}]}},"jetpack_sharing_enabled":true,"jetpack_featured_media_url":"https:\/\/portalnpm.com\/wp-content\/uploads\/2023\/12\/image-39.png","_links":{"self":[{"href":"https:\/\/portalnpm.com\/index.php\/wp-json\/wp\/v2\/posts\/57252"}],"collection":[{"href":"https:\/\/portalnpm.com\/index.php\/wp-json\/wp\/v2\/posts"}],"about":[{"href":"https:\/\/portalnpm.com\/index.php\/wp-json\/wp\/v2\/types\/post"}],"author":[{"embeddable":true,"href":"https:\/\/portalnpm.com\/index.php\/wp-json\/wp\/v2\/users\/2"}],"replies":[{"embeddable":true,"href":"https:\/\/portalnpm.com\/index.php\/wp-json\/wp\/v2\/comments?post=57252"}],"version-history":[{"count":0,"href":"https:\/\/portalnpm.com\/index.php\/wp-json\/wp\/v2\/posts\/57252\/revisions"}],"wp:featuredmedia":[{"embeddable":true,"href":"https:\/\/portalnpm.com\/index.php\/wp-json\/wp\/v2\/media\/50562"}],"wp:attachment":[{"href":"https:\/\/portalnpm.com\/index.php\/wp-json\/wp\/v2\/media?parent=57252"}],"wp:term":[{"taxonomy":"category","embeddable":true,"href":"https:\/\/portalnpm.com\/index.php\/wp-json\/wp\/v2\/categories?post=57252"},{"taxonomy":"post_tag","embeddable":true,"href":"https:\/\/portalnpm.com\/index.php\/wp-json\/wp\/v2\/tags?post=57252"}],"curies":[{"name":"wp","href":"https:\/\/api.w.org\/{rel}","templated":true}]}}