{"id":57304,"date":"2020-09-01T20:47:53","date_gmt":"2020-09-01T23:47:53","guid":{"rendered":"https:\/\/portalnpm.com\/index.php\/2020\/09\/01\/presidente-jair-bolsonaro-fara-cirurgia-para-retirada-de-calculo-renal\/"},"modified":"2020-09-01T20:47:53","modified_gmt":"2020-09-01T23:47:53","slug":"presidente-jair-bolsonaro-fara-cirurgia-para-retirada-de-calculo-renal","status":"publish","type":"post","link":"https:\/\/portalnpm.com\/index.php\/2020\/09\/01\/presidente-jair-bolsonaro-fara-cirurgia-para-retirada-de-calculo-renal\/","title":{"rendered":"PRESIDENTE Jair Bolsonaro far\u00e1 cirurgia para retirada de c\u00e1lculo renal"},"content":{"rendered":"<p style=\"text-align: justify;\">Na segunda-feira, 31 de agodto, o presidente Jair Bolsonaro compareceu, \u00e0s 18h, ao departamento m\u00e9dico do Pal\u00e1cio do Planalto e foi submetido a uma ultrassonografia. Ele foi diagnosticado com c\u00e1lculo renal.<\/p>\n<p>\u00a0<\/p>\n<p style=\"text-align: justify;\">\u00c0 CNN, o presidente afirmou que o c\u00e1lculo est\u00e1 um pouco maior que um gr\u00e3o de feij\u00e3o e que far\u00e1 uma cirurgia para retir\u00e1-lo em setembro.<\/p>\n<p style=\"text-align: justify;\">\u201cSenti um inc\u00f4modo e fui fazer o exame. Mas estou bem. Isso \u00e9 coisa da idade\u201d, afirmou.<\/p>\n<p style=\"text-align: justify;\">No dia 6 de julho, a CNN divulgou que o presidente apresentava sintomas da Covid-19. Jair Bolsonaro afirmou que estava com febre de 38 graus, 96% de oxigena\u00e7\u00e3o, e disse que havia iniciado o tratamento com hidrocloroquina e azitromicina. No dia seguinte, o presidente divulgou que o exame deu positivo.<\/p>\n<p style=\"text-align: justify;\">Jair Bolsonaro permaneceu 19 dias em isolamemento no Pal\u00e1cio da Alvorada. Refez o exame mais duas vezes e testou negativo no dia 25 de julho.<\/p>\n<p style=\"text-align: justify;\">Portal Novos Tempos \u2013 Fonte: CNN<\/p>\n","protected":false},"excerpt":{"rendered":"<p>Na segunda-feira, 31 de agodto, o presidente Jair Bolsonaro compareceu, \u00e0s 18h, ao departamento m\u00e9dico do Pal\u00e1cio do Planalto e foi submetido a uma ultrassonografia. Ele foi diagnosticado com c\u00e1lculo renal. \u00a0 \u00c0 CNN, o presidente afirmou que o c\u00e1lculo est\u00e1 um pouco maior que um gr\u00e3o de feij\u00e3o e que far\u00e1 uma cirurgia para &hellip;<\/p>\n","protected":false},"author":8,"featured_media":25228,"comment_status":"open","ping_status":"open","sticky":false,"template":"","format":"standard","meta":{"content-type":"","rop_custom_images_group":[],"rop_custom_messages_group":[],"rop_publish_now":"initial","rop_publish_now_accounts":{"facebook_2648258775420054_1618374048415101":""},"rop_publish_now_history":[],"rop_publish_now_status":"pending","footnotes":"","_jetpack_memberships_contains_paid_content":false},"categories":[125,118],"tags":[6119,487,702],"yoast_head":"<!-- This site is optimized with the Yoast SEO plugin v22.3 - https:\/\/yoast.com\/wordpress\/plugins\/seo\/ -->\n<title>PRESIDENTE Jair Bolsonaro far\u00e1 cirurgia para retirada de c\u00e1lculo renal<\/title>\n<meta name=\"robots\" content=\"index, follow, max-snippet:-1, max-image-preview:large, max-video-preview:-1\" \/>\n<link rel=\"canonical\" href=\"https:\/\/portalnpm.com\/index.php\/2020\/09\/01\/presidente-jair-bolsonaro-fara-cirurgia-para-retirada-de-calculo-renal\/\" \/>\n<meta property=\"og:locale\" content=\"pt_BR\" \/>\n<meta property=\"og:type\" content=\"article\" \/>\n<meta property=\"og:title\" content=\"PRESIDENTE Jair Bolsonaro far\u00e1 cirurgia para retirada de c\u00e1lculo renal\" \/>\n<meta property=\"og:description\" content=\"Na segunda-feira, 31 de agodto, o presidente Jair Bolsonaro compareceu, \u00e0s 18h, ao departamento m\u00e9dico do Pal\u00e1cio do Planalto e foi submetido a uma ultrassonografia. Ele foi diagnosticado com c\u00e1lculo renal. \u00a0 \u00c0 CNN, o presidente afirmou que o c\u00e1lculo est\u00e1 um pouco maior que um gr\u00e3o de feij\u00e3o e que far\u00e1 uma cirurgia para &hellip;\" \/>\n<meta property=\"og:url\" content=\"https:\/\/portalnpm.com\/index.php\/2020\/09\/01\/presidente-jair-bolsonaro-fara-cirurgia-para-retirada-de-calculo-renal\/\" \/>\n<meta property=\"og:site_name\" content=\"Portal NPM\" \/>\n<meta property=\"article:published_time\" content=\"2020-09-01T23:47:53+00:00\" \/>\n<meta name=\"author\" content=\"Zenilton Lima\" \/>\n<meta name=\"twitter:card\" content=\"summary_large_image\" \/>\n<meta name=\"twitter:label1\" content=\"Escrito por\" \/>\n\t<meta name=\"twitter:data1\" content=\"Zenilton Lima\" \/>\n\t<meta name=\"twitter:label2\" content=\"Est. tempo de leitura\" \/>\n\t<meta name=\"twitter:data2\" content=\"1 minuto\" \/>\n<script type=\"application\/ld+json\" class=\"yoast-schema-graph\">{\"@context\":\"https:\/\/schema.org\",\"@graph\":[{\"@type\":\"WebPage\",\"@id\":\"https:\/\/portalnpm.com\/index.php\/2020\/09\/01\/presidente-jair-bolsonaro-fara-cirurgia-para-retirada-de-calculo-renal\/\",\"url\":\"https:\/\/portalnpm.com\/index.php\/2020\/09\/01\/presidente-jair-bolsonaro-fara-cirurgia-para-retirada-de-calculo-renal\/\",\"name\":\"PRESIDENTE Jair Bolsonaro far\u00e1 cirurgia para retirada de c\u00e1lculo renal\",\"isPartOf\":{\"@id\":\"https:\/\/portalnpm.com\/#website\"},\"primaryImageOfPage\":{\"@id\":\"https:\/\/portalnpm.com\/index.php\/2020\/09\/01\/presidente-jair-bolsonaro-fara-cirurgia-para-retirada-de-calculo-renal\/#primaryimage\"},\"image\":{\"@id\":\"https:\/\/portalnpm.com\/index.php\/2020\/09\/01\/presidente-jair-bolsonaro-fara-cirurgia-para-retirada-de-calculo-renal\/#primaryimage\"},\"thumbnailUrl\":\"\",\"datePublished\":\"2020-09-01T23:47:53+00:00\",\"dateModified\":\"2020-09-01T23:47:53+00:00\",\"author\":{\"@id\":\"https:\/\/portalnpm.com\/#\/schema\/person\/35cb55186eae3f074b6783da6d35591e\"},\"breadcrumb\":{\"@id\":\"https:\/\/portalnpm.com\/index.php\/2020\/09\/01\/presidente-jair-bolsonaro-fara-cirurgia-para-retirada-de-calculo-renal\/#breadcrumb\"},\"inLanguage\":\"pt-BR\",\"potentialAction\":[{\"@type\":\"ReadAction\",\"target\":[\"https:\/\/portalnpm.com\/index.php\/2020\/09\/01\/presidente-jair-bolsonaro-fara-cirurgia-para-retirada-de-calculo-renal\/\"]}]},{\"@type\":\"ImageObject\",\"inLanguage\":\"pt-BR\",\"@id\":\"https:\/\/portalnpm.com\/index.php\/2020\/09\/01\/presidente-jair-bolsonaro-fara-cirurgia-para-retirada-de-calculo-renal\/#primaryimage\",\"url\":\"\",\"contentUrl\":\"\"},{\"@type\":\"BreadcrumbList\",\"@id\":\"https:\/\/portalnpm.com\/index.php\/2020\/09\/01\/presidente-jair-bolsonaro-fara-cirurgia-para-retirada-de-calculo-renal\/#breadcrumb\",\"itemListElement\":[{\"@type\":\"ListItem\",\"position\":1,\"name\":\"In\u00edcio\",\"item\":\"https:\/\/portalnpm.com\/\"},{\"@type\":\"ListItem\",\"position\":2,\"name\":\"PRESIDENTE Jair Bolsonaro far\u00e1 cirurgia para retirada de c\u00e1lculo renal\"}]},{\"@type\":\"WebSite\",\"@id\":\"https:\/\/portalnpm.com\/#website\",\"url\":\"https:\/\/portalnpm.com\/\",\"name\":\"Portal NPM\",\"description\":\"Not\u00edcias em Primeira M\u00e3o\",\"potentialAction\":[{\"@type\":\"SearchAction\",\"target\":{\"@type\":\"EntryPoint\",\"urlTemplate\":\"https:\/\/portalnpm.com\/?s={search_term_string}\"},\"query-input\":\"required name=search_term_string\"}],\"inLanguage\":\"pt-BR\"},{\"@type\":\"Person\",\"@id\":\"https:\/\/portalnpm.com\/#\/schema\/person\/35cb55186eae3f074b6783da6d35591e\",\"name\":\"Zenilton Lima\",\"image\":{\"@type\":\"ImageObject\",\"inLanguage\":\"pt-BR\",\"@id\":\"https:\/\/portalnpm.com\/#\/schema\/person\/image\/\",\"url\":\"https:\/\/portalnpm.com\/wp-content\/uploads\/2024\/12\/avatar_user_8_1733658137-96x96.jpeg\",\"contentUrl\":\"https:\/\/portalnpm.com\/wp-content\/uploads\/2024\/12\/avatar_user_8_1733658137-96x96.jpeg\",\"caption\":\"Zenilton Lima\"},\"url\":\"https:\/\/portalnpm.com\/index.php\/author\/zenilton\/\"}]}<\/script>\n<!-- \/ Yoast SEO plugin. -->","yoast_head_json":{"title":"PRESIDENTE Jair Bolsonaro far\u00e1 cirurgia para retirada de c\u00e1lculo renal","robots":{"index":"index","follow":"follow","max-snippet":"max-snippet:-1","max-image-preview":"max-image-preview:large","max-video-preview":"max-video-preview:-1"},"canonical":"https:\/\/portalnpm.com\/index.php\/2020\/09\/01\/presidente-jair-bolsonaro-fara-cirurgia-para-retirada-de-calculo-renal\/","og_locale":"pt_BR","og_type":"article","og_title":"PRESIDENTE Jair Bolsonaro far\u00e1 cirurgia para retirada de c\u00e1lculo renal","og_description":"Na segunda-feira, 31 de agodto, o presidente Jair Bolsonaro compareceu, \u00e0s 18h, ao departamento m\u00e9dico do Pal\u00e1cio do Planalto e foi submetido a uma ultrassonografia. Ele foi diagnosticado com c\u00e1lculo renal. \u00a0 \u00c0 CNN, o presidente afirmou que o c\u00e1lculo est\u00e1 um pouco maior que um gr\u00e3o de feij\u00e3o e que far\u00e1 uma cirurgia para &hellip;","og_url":"https:\/\/portalnpm.com\/index.php\/2020\/09\/01\/presidente-jair-bolsonaro-fara-cirurgia-para-retirada-de-calculo-renal\/","og_site_name":"Portal NPM","article_published_time":"2020-09-01T23:47:53+00:00","author":"Zenilton Lima","twitter_card":"summary_large_image","twitter_misc":{"Escrito por":"Zenilton Lima","Est. tempo de leitura":"1 minuto"},"schema":{"@context":"https:\/\/schema.org","@graph":[{"@type":"WebPage","@id":"https:\/\/portalnpm.com\/index.php\/2020\/09\/01\/presidente-jair-bolsonaro-fara-cirurgia-para-retirada-de-calculo-renal\/","url":"https:\/\/portalnpm.com\/index.php\/2020\/09\/01\/presidente-jair-bolsonaro-fara-cirurgia-para-retirada-de-calculo-renal\/","name":"PRESIDENTE Jair Bolsonaro far\u00e1 cirurgia para retirada de c\u00e1lculo renal","isPartOf":{"@id":"https:\/\/portalnpm.com\/#website"},"primaryImageOfPage":{"@id":"https:\/\/portalnpm.com\/index.php\/2020\/09\/01\/presidente-jair-bolsonaro-fara-cirurgia-para-retirada-de-calculo-renal\/#primaryimage"},"image":{"@id":"https:\/\/portalnpm.com\/index.php\/2020\/09\/01\/presidente-jair-bolsonaro-fara-cirurgia-para-retirada-de-calculo-renal\/#primaryimage"},"thumbnailUrl":"","datePublished":"2020-09-01T23:47:53+00:00","dateModified":"2020-09-01T23:47:53+00:00","author":{"@id":"https:\/\/portalnpm.com\/#\/schema\/person\/35cb55186eae3f074b6783da6d35591e"},"breadcrumb":{"@id":"https:\/\/portalnpm.com\/index.php\/2020\/09\/01\/presidente-jair-bolsonaro-fara-cirurgia-para-retirada-de-calculo-renal\/#breadcrumb"},"inLanguage":"pt-BR","potentialAction":[{"@type":"ReadAction","target":["https:\/\/portalnpm.com\/index.php\/2020\/09\/01\/presidente-jair-bolsonaro-fara-cirurgia-para-retirada-de-calculo-renal\/"]}]},{"@type":"ImageObject","inLanguage":"pt-BR","@id":"https:\/\/portalnpm.com\/index.php\/2020\/09\/01\/presidente-jair-bolsonaro-fara-cirurgia-para-retirada-de-calculo-renal\/#primaryimage","url":"","contentUrl":""},{"@type":"BreadcrumbList","@id":"https:\/\/portalnpm.com\/index.php\/2020\/09\/01\/presidente-jair-bolsonaro-fara-cirurgia-para-retirada-de-calculo-renal\/#breadcrumb","itemListElement":[{"@type":"ListItem","position":1,"name":"In\u00edcio","item":"https:\/\/portalnpm.com\/"},{"@type":"ListItem","position":2,"name":"PRESIDENTE Jair Bolsonaro far\u00e1 cirurgia para retirada de c\u00e1lculo renal"}]},{"@type":"WebSite","@id":"https:\/\/portalnpm.com\/#website","url":"https:\/\/portalnpm.com\/","name":"Portal NPM","description":"Not\u00edcias em Primeira M\u00e3o","potentialAction":[{"@type":"SearchAction","target":{"@type":"EntryPoint","urlTemplate":"https:\/\/portalnpm.com\/?s={search_term_string}"},"query-input":"required name=search_term_string"}],"inLanguage":"pt-BR"},{"@type":"Person","@id":"https:\/\/portalnpm.com\/#\/schema\/person\/35cb55186eae3f074b6783da6d35591e","name":"Zenilton Lima","image":{"@type":"ImageObject","inLanguage":"pt-BR","@id":"https:\/\/portalnpm.com\/#\/schema\/person\/image\/","url":"https:\/\/portalnpm.com\/wp-content\/uploads\/2024\/12\/avatar_user_8_1733658137-96x96.jpeg","contentUrl":"https:\/\/portalnpm.com\/wp-content\/uploads\/2024\/12\/avatar_user_8_1733658137-96x96.jpeg","caption":"Zenilton Lima"},"url":"https:\/\/portalnpm.com\/index.php\/author\/zenilton\/"}]}},"jetpack_sharing_enabled":true,"jetpack_featured_media_url":"","_links":{"self":[{"href":"https:\/\/portalnpm.com\/index.php\/wp-json\/wp\/v2\/posts\/57304"}],"collection":[{"href":"https:\/\/portalnpm.com\/index.php\/wp-json\/wp\/v2\/posts"}],"about":[{"href":"https:\/\/portalnpm.com\/index.php\/wp-json\/wp\/v2\/types\/post"}],"author":[{"embeddable":true,"href":"https:\/\/portalnpm.com\/index.php\/wp-json\/wp\/v2\/users\/8"}],"replies":[{"embeddable":true,"href":"https:\/\/portalnpm.com\/index.php\/wp-json\/wp\/v2\/comments?post=57304"}],"version-history":[{"count":0,"href":"https:\/\/portalnpm.com\/index.php\/wp-json\/wp\/v2\/posts\/57304\/revisions"}],"wp:featuredmedia":[{"embeddable":true,"href":"https:\/\/portalnpm.com\/index.php\/wp-json\/"}],"wp:attachment":[{"href":"https:\/\/portalnpm.com\/index.php\/wp-json\/wp\/v2\/media?parent=57304"}],"wp:term":[{"taxonomy":"category","embeddable":true,"href":"https:\/\/portalnpm.com\/index.php\/wp-json\/wp\/v2\/categories?post=57304"},{"taxonomy":"post_tag","embeddable":true,"href":"https:\/\/portalnpm.com\/index.php\/wp-json\/wp\/v2\/tags?post=57304"}],"curies":[{"name":"wp","href":"https:\/\/api.w.org\/{rel}","templated":true}]}}