{"id":57318,"date":"2020-09-02T15:28:39","date_gmt":"2020-09-02T18:28:39","guid":{"rendered":"https:\/\/portalnpm.com\/index.php\/2020\/09\/02\/sargento-do-3-bec-de-picos-morre-vitima-da-covid-19\/"},"modified":"2020-09-02T15:28:39","modified_gmt":"2020-09-02T18:28:39","slug":"sargento-do-3-bec-de-picos-morre-vitima-da-covid-19","status":"publish","type":"post","link":"https:\/\/portalnpm.com\/index.php\/2020\/09\/02\/sargento-do-3-bec-de-picos-morre-vitima-da-covid-19\/","title":{"rendered":"Sargento do 3\u00b0 BEC de Picos morre v\u00edtima da Covid-19"},"content":{"rendered":"<p class=\"texto-justificado\" style=\"text-align: justify;\">O 2\u00b0 sargento Paulo Cesar de Carvalho Braz, do Ex\u00e9rcito Brasileiro, morreu nessa segunda-feira (31) em decorr\u00eancia de complica\u00e7\u00f5es respirat\u00f3rias, causadas pela Covid-19. Ele foi a primeira v\u00edtima da doen\u00e7a no 3\u00b0 Batalh\u00e3o de Engenharia de Constru\u00e7\u00e3o (BEC), em Picos.<\/p>\n<p style=\"text-align: justify;\">\n<p class=\"texto-justificado\" style=\"text-align: justify;\">O sargento estava internado em um hospital particular de\u00a0Teresina\u00a0desde o dia 13 de agosto, quando precisou ser entubado em virtude do agravamento do seu quadro cl\u00ednico e veio a \u00f3bito ap\u00f3s uma parada cardiorrespirat\u00f3ria.<\/p>\n<p class=\"texto-justificado\" style=\"text-align: justify;\">Em nota divulgada nas redes sociais, o 3\u00b0 BEC lamentou a morte do sargento e solidariza com a fam\u00edlia e amigos.<\/p>\n<h2 style=\"text-align: justify;\"><strong>Nota de pesar<\/strong><\/h2>\n<p class=\"texto-justificado\" style=\"text-align: justify;\"><em>O 3\u00ba Batalh\u00e3o de Engenharia de Constru\u00e7\u00e3o \u201cBATALH\u00c3O VISCONDE DA PARNA\u00cdBA\u201d, com muito pesar, lamenta informar o falecimento do 2\u00ba Sargento Eng PAULO C\u00c9SAR DE CARVALHO BRAZ, ocorrido no dia 31 de agosto de 2020, na cidade de Teresina-PI.<\/em><\/p>\n<p class=\"texto-justificado\" style=\"text-align: justify;\"><em>O 2\u00b0 Sgt Paulo C\u00e9sar foi hospitalizado no dia 13 de agosto, com diagn\u00f3stico de COVID-19, sendo intubado em virtude do agravamento do seu quadro cl\u00ednico. E vindo a falecer, por parada cardiorrespirat\u00f3ria, \u00e0s 10h35min do dia 31, sendo a primeira v\u00edtima fatal da doen\u00e7a no 3\u00ba BEC.<\/em><\/p>\n<p style=\"text-align: justify;\"><strong>Fonte: Riach\u00e3o Net<\/strong><\/p>\n","protected":false},"excerpt":{"rendered":"<p>O 2\u00b0 sargento Paulo Cesar de Carvalho Braz, do Ex\u00e9rcito Brasileiro, morreu nessa segunda-feira (31) em decorr\u00eancia de complica\u00e7\u00f5es respirat\u00f3rias, causadas pela Covid-19. Ele foi a primeira v\u00edtima da doen\u00e7a no 3\u00b0 Batalh\u00e3o de Engenharia de Constru\u00e7\u00e3o (BEC), em Picos. O sargento estava internado em um hospital particular de\u00a0Teresina\u00a0desde o dia 13 de agosto, quando &hellip;<\/p>\n","protected":false},"author":8,"featured_media":57319,"comment_status":"open","ping_status":"open","sticky":false,"template":"","format":"standard","meta":{"content-type":"","rop_custom_images_group":[],"rop_custom_messages_group":[],"rop_publish_now":"initial","rop_publish_now_accounts":{"facebook_2648258775420054_1618374048415101":""},"rop_publish_now_history":[],"rop_publish_now_status":"pending","footnotes":"","_jetpack_memberships_contains_paid_content":false},"categories":[127],"tags":[6134,128,2283],"yoast_head":"<!-- This site is optimized with the Yoast SEO plugin v22.3 - https:\/\/yoast.com\/wordpress\/plugins\/seo\/ -->\n<title>Sargento do 3\u00b0 BEC de Picos morre v\u00edtima da Covid-19<\/title>\n<meta name=\"robots\" content=\"index, follow, max-snippet:-1, max-image-preview:large, max-video-preview:-1\" \/>\n<link rel=\"canonical\" href=\"https:\/\/portalnpm.com\/index.php\/2020\/09\/02\/sargento-do-3-bec-de-picos-morre-vitima-da-covid-19\/\" \/>\n<meta property=\"og:locale\" content=\"pt_BR\" \/>\n<meta property=\"og:type\" content=\"article\" \/>\n<meta property=\"og:title\" content=\"Sargento do 3\u00b0 BEC de Picos morre v\u00edtima da Covid-19\" \/>\n<meta property=\"og:description\" content=\"O 2\u00b0 sargento Paulo Cesar de Carvalho Braz, do Ex\u00e9rcito Brasileiro, morreu nessa segunda-feira (31) em decorr\u00eancia de complica\u00e7\u00f5es respirat\u00f3rias, causadas pela Covid-19. Ele foi a primeira v\u00edtima da doen\u00e7a no 3\u00b0 Batalh\u00e3o de Engenharia de Constru\u00e7\u00e3o (BEC), em Picos. O sargento estava internado em um hospital particular de\u00a0Teresina\u00a0desde o dia 13 de agosto, quando &hellip;\" \/>\n<meta property=\"og:url\" content=\"https:\/\/portalnpm.com\/index.php\/2020\/09\/02\/sargento-do-3-bec-de-picos-morre-vitima-da-covid-19\/\" \/>\n<meta property=\"og:site_name\" content=\"Portal NPM\" \/>\n<meta property=\"article:published_time\" content=\"2020-09-02T18:28:39+00:00\" \/>\n<meta property=\"og:image\" content=\"https:\/\/portalnpm.com\/wp-content\/uploads\/2024\/01\/sargento.jpg\" \/>\n\t<meta property=\"og:image:width\" content=\"984\" \/>\n\t<meta property=\"og:image:height\" content=\"780\" \/>\n\t<meta property=\"og:image:type\" content=\"image\/jpeg\" \/>\n<meta name=\"author\" content=\"Zenilton Lima\" \/>\n<meta name=\"twitter:card\" content=\"summary_large_image\" \/>\n<meta name=\"twitter:label1\" content=\"Escrito por\" \/>\n\t<meta name=\"twitter:data1\" content=\"Zenilton Lima\" \/>\n\t<meta name=\"twitter:label2\" content=\"Est. tempo de leitura\" \/>\n\t<meta name=\"twitter:data2\" content=\"1 minuto\" \/>\n<script type=\"application\/ld+json\" class=\"yoast-schema-graph\">{\"@context\":\"https:\/\/schema.org\",\"@graph\":[{\"@type\":\"WebPage\",\"@id\":\"https:\/\/portalnpm.com\/index.php\/2020\/09\/02\/sargento-do-3-bec-de-picos-morre-vitima-da-covid-19\/\",\"url\":\"https:\/\/portalnpm.com\/index.php\/2020\/09\/02\/sargento-do-3-bec-de-picos-morre-vitima-da-covid-19\/\",\"name\":\"Sargento do 3\u00b0 BEC de Picos morre v\u00edtima da Covid-19\",\"isPartOf\":{\"@id\":\"https:\/\/portalnpm.com\/#website\"},\"primaryImageOfPage\":{\"@id\":\"https:\/\/portalnpm.com\/index.php\/2020\/09\/02\/sargento-do-3-bec-de-picos-morre-vitima-da-covid-19\/#primaryimage\"},\"image\":{\"@id\":\"https:\/\/portalnpm.com\/index.php\/2020\/09\/02\/sargento-do-3-bec-de-picos-morre-vitima-da-covid-19\/#primaryimage\"},\"thumbnailUrl\":\"https:\/\/portalnpm.com\/wp-content\/uploads\/2024\/01\/sargento.jpg\",\"datePublished\":\"2020-09-02T18:28:39+00:00\",\"dateModified\":\"2020-09-02T18:28:39+00:00\",\"author\":{\"@id\":\"https:\/\/portalnpm.com\/#\/schema\/person\/35cb55186eae3f074b6783da6d35591e\"},\"breadcrumb\":{\"@id\":\"https:\/\/portalnpm.com\/index.php\/2020\/09\/02\/sargento-do-3-bec-de-picos-morre-vitima-da-covid-19\/#breadcrumb\"},\"inLanguage\":\"pt-BR\",\"potentialAction\":[{\"@type\":\"ReadAction\",\"target\":[\"https:\/\/portalnpm.com\/index.php\/2020\/09\/02\/sargento-do-3-bec-de-picos-morre-vitima-da-covid-19\/\"]}]},{\"@type\":\"ImageObject\",\"inLanguage\":\"pt-BR\",\"@id\":\"https:\/\/portalnpm.com\/index.php\/2020\/09\/02\/sargento-do-3-bec-de-picos-morre-vitima-da-covid-19\/#primaryimage\",\"url\":\"https:\/\/portalnpm.com\/wp-content\/uploads\/2024\/01\/sargento.jpg\",\"contentUrl\":\"https:\/\/portalnpm.com\/wp-content\/uploads\/2024\/01\/sargento.jpg\",\"width\":984,\"height\":780},{\"@type\":\"BreadcrumbList\",\"@id\":\"https:\/\/portalnpm.com\/index.php\/2020\/09\/02\/sargento-do-3-bec-de-picos-morre-vitima-da-covid-19\/#breadcrumb\",\"itemListElement\":[{\"@type\":\"ListItem\",\"position\":1,\"name\":\"In\u00edcio\",\"item\":\"https:\/\/portalnpm.com\/\"},{\"@type\":\"ListItem\",\"position\":2,\"name\":\"Sargento do 3\u00b0 BEC de Picos morre v\u00edtima da Covid-19\"}]},{\"@type\":\"WebSite\",\"@id\":\"https:\/\/portalnpm.com\/#website\",\"url\":\"https:\/\/portalnpm.com\/\",\"name\":\"Portal NPM\",\"description\":\"Not\u00edcias em Primeira M\u00e3o\",\"potentialAction\":[{\"@type\":\"SearchAction\",\"target\":{\"@type\":\"EntryPoint\",\"urlTemplate\":\"https:\/\/portalnpm.com\/?s={search_term_string}\"},\"query-input\":\"required name=search_term_string\"}],\"inLanguage\":\"pt-BR\"},{\"@type\":\"Person\",\"@id\":\"https:\/\/portalnpm.com\/#\/schema\/person\/35cb55186eae3f074b6783da6d35591e\",\"name\":\"Zenilton Lima\",\"image\":{\"@type\":\"ImageObject\",\"inLanguage\":\"pt-BR\",\"@id\":\"https:\/\/portalnpm.com\/#\/schema\/person\/image\/\",\"url\":\"https:\/\/portalnpm.com\/wp-content\/uploads\/2024\/12\/avatar_user_8_1733658137-96x96.jpeg\",\"contentUrl\":\"https:\/\/portalnpm.com\/wp-content\/uploads\/2024\/12\/avatar_user_8_1733658137-96x96.jpeg\",\"caption\":\"Zenilton Lima\"},\"url\":\"https:\/\/portalnpm.com\/index.php\/author\/zenilton\/\"}]}<\/script>\n<!-- \/ Yoast SEO plugin. -->","yoast_head_json":{"title":"Sargento do 3\u00b0 BEC de Picos morre v\u00edtima da Covid-19","robots":{"index":"index","follow":"follow","max-snippet":"max-snippet:-1","max-image-preview":"max-image-preview:large","max-video-preview":"max-video-preview:-1"},"canonical":"https:\/\/portalnpm.com\/index.php\/2020\/09\/02\/sargento-do-3-bec-de-picos-morre-vitima-da-covid-19\/","og_locale":"pt_BR","og_type":"article","og_title":"Sargento do 3\u00b0 BEC de Picos morre v\u00edtima da Covid-19","og_description":"O 2\u00b0 sargento Paulo Cesar de Carvalho Braz, do Ex\u00e9rcito Brasileiro, morreu nessa segunda-feira (31) em decorr\u00eancia de complica\u00e7\u00f5es respirat\u00f3rias, causadas pela Covid-19. Ele foi a primeira v\u00edtima da doen\u00e7a no 3\u00b0 Batalh\u00e3o de Engenharia de Constru\u00e7\u00e3o (BEC), em Picos. O sargento estava internado em um hospital particular de\u00a0Teresina\u00a0desde o dia 13 de agosto, quando &hellip;","og_url":"https:\/\/portalnpm.com\/index.php\/2020\/09\/02\/sargento-do-3-bec-de-picos-morre-vitima-da-covid-19\/","og_site_name":"Portal NPM","article_published_time":"2020-09-02T18:28:39+00:00","og_image":[{"width":984,"height":780,"url":"https:\/\/portalnpm.com\/wp-content\/uploads\/2024\/01\/sargento.jpg","type":"image\/jpeg"}],"author":"Zenilton Lima","twitter_card":"summary_large_image","twitter_misc":{"Escrito por":"Zenilton Lima","Est. tempo de leitura":"1 minuto"},"schema":{"@context":"https:\/\/schema.org","@graph":[{"@type":"WebPage","@id":"https:\/\/portalnpm.com\/index.php\/2020\/09\/02\/sargento-do-3-bec-de-picos-morre-vitima-da-covid-19\/","url":"https:\/\/portalnpm.com\/index.php\/2020\/09\/02\/sargento-do-3-bec-de-picos-morre-vitima-da-covid-19\/","name":"Sargento do 3\u00b0 BEC de Picos morre v\u00edtima da Covid-19","isPartOf":{"@id":"https:\/\/portalnpm.com\/#website"},"primaryImageOfPage":{"@id":"https:\/\/portalnpm.com\/index.php\/2020\/09\/02\/sargento-do-3-bec-de-picos-morre-vitima-da-covid-19\/#primaryimage"},"image":{"@id":"https:\/\/portalnpm.com\/index.php\/2020\/09\/02\/sargento-do-3-bec-de-picos-morre-vitima-da-covid-19\/#primaryimage"},"thumbnailUrl":"https:\/\/portalnpm.com\/wp-content\/uploads\/2024\/01\/sargento.jpg","datePublished":"2020-09-02T18:28:39+00:00","dateModified":"2020-09-02T18:28:39+00:00","author":{"@id":"https:\/\/portalnpm.com\/#\/schema\/person\/35cb55186eae3f074b6783da6d35591e"},"breadcrumb":{"@id":"https:\/\/portalnpm.com\/index.php\/2020\/09\/02\/sargento-do-3-bec-de-picos-morre-vitima-da-covid-19\/#breadcrumb"},"inLanguage":"pt-BR","potentialAction":[{"@type":"ReadAction","target":["https:\/\/portalnpm.com\/index.php\/2020\/09\/02\/sargento-do-3-bec-de-picos-morre-vitima-da-covid-19\/"]}]},{"@type":"ImageObject","inLanguage":"pt-BR","@id":"https:\/\/portalnpm.com\/index.php\/2020\/09\/02\/sargento-do-3-bec-de-picos-morre-vitima-da-covid-19\/#primaryimage","url":"https:\/\/portalnpm.com\/wp-content\/uploads\/2024\/01\/sargento.jpg","contentUrl":"https:\/\/portalnpm.com\/wp-content\/uploads\/2024\/01\/sargento.jpg","width":984,"height":780},{"@type":"BreadcrumbList","@id":"https:\/\/portalnpm.com\/index.php\/2020\/09\/02\/sargento-do-3-bec-de-picos-morre-vitima-da-covid-19\/#breadcrumb","itemListElement":[{"@type":"ListItem","position":1,"name":"In\u00edcio","item":"https:\/\/portalnpm.com\/"},{"@type":"ListItem","position":2,"name":"Sargento do 3\u00b0 BEC de Picos morre v\u00edtima da Covid-19"}]},{"@type":"WebSite","@id":"https:\/\/portalnpm.com\/#website","url":"https:\/\/portalnpm.com\/","name":"Portal NPM","description":"Not\u00edcias em Primeira M\u00e3o","potentialAction":[{"@type":"SearchAction","target":{"@type":"EntryPoint","urlTemplate":"https:\/\/portalnpm.com\/?s={search_term_string}"},"query-input":"required name=search_term_string"}],"inLanguage":"pt-BR"},{"@type":"Person","@id":"https:\/\/portalnpm.com\/#\/schema\/person\/35cb55186eae3f074b6783da6d35591e","name":"Zenilton Lima","image":{"@type":"ImageObject","inLanguage":"pt-BR","@id":"https:\/\/portalnpm.com\/#\/schema\/person\/image\/","url":"https:\/\/portalnpm.com\/wp-content\/uploads\/2024\/12\/avatar_user_8_1733658137-96x96.jpeg","contentUrl":"https:\/\/portalnpm.com\/wp-content\/uploads\/2024\/12\/avatar_user_8_1733658137-96x96.jpeg","caption":"Zenilton Lima"},"url":"https:\/\/portalnpm.com\/index.php\/author\/zenilton\/"}]}},"jetpack_sharing_enabled":true,"jetpack_featured_media_url":"https:\/\/portalnpm.com\/wp-content\/uploads\/2024\/01\/sargento.jpg","_links":{"self":[{"href":"https:\/\/portalnpm.com\/index.php\/wp-json\/wp\/v2\/posts\/57318"}],"collection":[{"href":"https:\/\/portalnpm.com\/index.php\/wp-json\/wp\/v2\/posts"}],"about":[{"href":"https:\/\/portalnpm.com\/index.php\/wp-json\/wp\/v2\/types\/post"}],"author":[{"embeddable":true,"href":"https:\/\/portalnpm.com\/index.php\/wp-json\/wp\/v2\/users\/8"}],"replies":[{"embeddable":true,"href":"https:\/\/portalnpm.com\/index.php\/wp-json\/wp\/v2\/comments?post=57318"}],"version-history":[{"count":0,"href":"https:\/\/portalnpm.com\/index.php\/wp-json\/wp\/v2\/posts\/57318\/revisions"}],"wp:featuredmedia":[{"embeddable":true,"href":"https:\/\/portalnpm.com\/index.php\/wp-json\/wp\/v2\/media\/57319"}],"wp:attachment":[{"href":"https:\/\/portalnpm.com\/index.php\/wp-json\/wp\/v2\/media?parent=57318"}],"wp:term":[{"taxonomy":"category","embeddable":true,"href":"https:\/\/portalnpm.com\/index.php\/wp-json\/wp\/v2\/categories?post=57318"},{"taxonomy":"post_tag","embeddable":true,"href":"https:\/\/portalnpm.com\/index.php\/wp-json\/wp\/v2\/tags?post=57318"}],"curies":[{"name":"wp","href":"https:\/\/api.w.org\/{rel}","templated":true}]}}