{"id":57332,"date":"2020-09-02T18:50:01","date_gmt":"2020-09-02T21:50:01","guid":{"rendered":"https:\/\/portalnpm.com\/index.php\/2020\/09\/02\/bastidores-da-politica-de-sao-juliao-aponta-que-prefeito-pode-desistir-da-reeleicao-veja\/"},"modified":"2020-09-02T18:50:01","modified_gmt":"2020-09-02T21:50:01","slug":"bastidores-da-politica-de-sao-juliao-aponta-que-prefeito-pode-desistir-da-reeleicao-veja","status":"publish","type":"post","link":"https:\/\/portalnpm.com\/index.php\/2020\/09\/02\/bastidores-da-politica-de-sao-juliao-aponta-que-prefeito-pode-desistir-da-reeleicao-veja\/","title":{"rendered":"Bastidores da pol\u00edtica de S\u00e3o Juli\u00e3o aponta que prefeito &#8216;pode&#8217; desistir da reelei\u00e7\u00e3o; veja!"},"content":{"rendered":"<p style=\"text-align: justify;\">Os bastidores da pol\u00edtica de S\u00e3o Juli\u00e3o, cidade que fica localizada na regi\u00e3o de Picos, aponta uma prov\u00e1vel desist\u00eancia do atual prefeito Dr. Jonas (PSB) em disputar a reelei\u00e7\u00e3o nas elei\u00e7\u00f5es do dia 15 de novembro.<\/p>\n<p>\u00a0<\/p>\n<p style=\"text-align: justify;\">Segunda uma fonte dos bastidores da pol\u00edtica, o atual gestor n\u00e3o ser\u00e1 candidato, com isso, o vereador e presidente da C\u00e2mara Municipal, Jo\u00e3o Neto Leal (PSB), \u00e9 o nome mais cotado da situa\u00e7\u00e3o tendo o atual vice-prefeito Sodson Rocha (Cidadania), como seu companheiro de chapa.<\/p>\n<p style=\"text-align: justify;\">Vale ressaltar que, mesmo o vereador acima citado sendo a primeira op\u00e7\u00e3o para suceder o prefeito, outros nomes n\u00e3o s\u00e3o descartados. As conven\u00e7\u00f5es partid\u00e1rias teve in\u00edcio no \u00faltimo dia 31\/08 com t\u00e9rmino no pr\u00f3ximo dia 16\/09.<\/p>\n<p style=\"text-align: justify;\">Em S\u00e3o Juli\u00e3o, a oposi\u00e7\u00e3o j\u00e1 definiu o nome da ex-primeira dama Rufina Isabel (PT) e o ex-vereador Leureny Sobrinho (PSDB) como pr\u00e9-candidatos a prefeita e vice, respectivamente.<\/p>\n","protected":false},"excerpt":{"rendered":"<p>Os bastidores da pol\u00edtica de S\u00e3o Juli\u00e3o, cidade que fica localizada na regi\u00e3o de Picos, aponta uma prov\u00e1vel desist\u00eancia do atual prefeito Dr. Jonas (PSB) em disputar a reelei\u00e7\u00e3o nas elei\u00e7\u00f5es do dia 15 de novembro. \u00a0 Segunda uma fonte dos bastidores da pol\u00edtica, o atual gestor n\u00e3o ser\u00e1 candidato, com isso, o vereador e &hellip;<\/p>\n","protected":false},"author":4,"featured_media":54213,"comment_status":"open","ping_status":"open","sticky":false,"template":"","format":"standard","meta":{"content-type":"","rop_custom_images_group":[],"rop_custom_messages_group":[],"rop_publish_now":"initial","rop_publish_now_accounts":{"facebook_2648258775420054_1618374048415101":""},"rop_publish_now_history":[],"rop_publish_now_status":"pending","footnotes":"","_jetpack_memberships_contains_paid_content":false},"categories":[113,109,130,136],"tags":[2952,134,135,137],"yoast_head":"<!-- This site is optimized with the Yoast SEO plugin v22.3 - https:\/\/yoast.com\/wordpress\/plugins\/seo\/ -->\n<title>Bastidores da pol\u00edtica de S\u00e3o Juli\u00e3o aponta que prefeito &#039;pode&#039; desistir da reelei\u00e7\u00e3o; veja!<\/title>\n<meta name=\"robots\" content=\"index, follow, max-snippet:-1, max-image-preview:large, max-video-preview:-1\" \/>\n<link rel=\"canonical\" href=\"https:\/\/portalnpm.com\/index.php\/2020\/09\/02\/bastidores-da-politica-de-sao-juliao-aponta-que-prefeito-pode-desistir-da-reeleicao-veja\/\" \/>\n<meta property=\"og:locale\" content=\"pt_BR\" \/>\n<meta property=\"og:type\" content=\"article\" \/>\n<meta property=\"og:title\" content=\"Bastidores da pol\u00edtica de S\u00e3o Juli\u00e3o aponta que prefeito &#039;pode&#039; desistir da reelei\u00e7\u00e3o; veja!\" \/>\n<meta property=\"og:description\" content=\"Os bastidores da pol\u00edtica de S\u00e3o Juli\u00e3o, cidade que fica localizada na regi\u00e3o de Picos, aponta uma prov\u00e1vel desist\u00eancia do atual prefeito Dr. Jonas (PSB) em disputar a reelei\u00e7\u00e3o nas elei\u00e7\u00f5es do dia 15 de novembro. \u00a0 Segunda uma fonte dos bastidores da pol\u00edtica, o atual gestor n\u00e3o ser\u00e1 candidato, com isso, o vereador e &hellip;\" \/>\n<meta property=\"og:url\" content=\"https:\/\/portalnpm.com\/index.php\/2020\/09\/02\/bastidores-da-politica-de-sao-juliao-aponta-que-prefeito-pode-desistir-da-reeleicao-veja\/\" \/>\n<meta property=\"og:site_name\" content=\"Portal NPM\" \/>\n<meta property=\"article:published_time\" content=\"2020-09-02T21:50:01+00:00\" \/>\n<meta property=\"og:image\" content=\"https:\/\/portalnpm.com\/wp-content\/uploads\/2024\/01\/images1.jpg\" \/>\n\t<meta property=\"og:image:width\" content=\"720\" \/>\n\t<meta property=\"og:image:height\" content=\"405\" \/>\n\t<meta property=\"og:image:type\" content=\"image\/jpeg\" \/>\n<meta name=\"author\" content=\"Reda\u00e7\u00e3o\" \/>\n<meta name=\"twitter:card\" content=\"summary_large_image\" \/>\n<meta name=\"twitter:label1\" content=\"Escrito por\" \/>\n\t<meta name=\"twitter:data1\" content=\"Reda\u00e7\u00e3o\" \/>\n\t<meta name=\"twitter:label2\" content=\"Est. tempo de leitura\" \/>\n\t<meta name=\"twitter:data2\" content=\"1 minuto\" \/>\n<script type=\"application\/ld+json\" class=\"yoast-schema-graph\">{\"@context\":\"https:\/\/schema.org\",\"@graph\":[{\"@type\":\"WebPage\",\"@id\":\"https:\/\/portalnpm.com\/index.php\/2020\/09\/02\/bastidores-da-politica-de-sao-juliao-aponta-que-prefeito-pode-desistir-da-reeleicao-veja\/\",\"url\":\"https:\/\/portalnpm.com\/index.php\/2020\/09\/02\/bastidores-da-politica-de-sao-juliao-aponta-que-prefeito-pode-desistir-da-reeleicao-veja\/\",\"name\":\"Bastidores da pol\u00edtica de S\u00e3o Juli\u00e3o aponta que prefeito 'pode' desistir da reelei\u00e7\u00e3o; veja!\",\"isPartOf\":{\"@id\":\"https:\/\/portalnpm.com\/#website\"},\"primaryImageOfPage\":{\"@id\":\"https:\/\/portalnpm.com\/index.php\/2020\/09\/02\/bastidores-da-politica-de-sao-juliao-aponta-que-prefeito-pode-desistir-da-reeleicao-veja\/#primaryimage\"},\"image\":{\"@id\":\"https:\/\/portalnpm.com\/index.php\/2020\/09\/02\/bastidores-da-politica-de-sao-juliao-aponta-que-prefeito-pode-desistir-da-reeleicao-veja\/#primaryimage\"},\"thumbnailUrl\":\"https:\/\/portalnpm.com\/wp-content\/uploads\/2024\/01\/images1.jpg\",\"datePublished\":\"2020-09-02T21:50:01+00:00\",\"dateModified\":\"2020-09-02T21:50:01+00:00\",\"author\":{\"@id\":\"https:\/\/portalnpm.com\/#\/schema\/person\/0b5f230ec96cee25504fa328e7f2b733\"},\"breadcrumb\":{\"@id\":\"https:\/\/portalnpm.com\/index.php\/2020\/09\/02\/bastidores-da-politica-de-sao-juliao-aponta-que-prefeito-pode-desistir-da-reeleicao-veja\/#breadcrumb\"},\"inLanguage\":\"pt-BR\",\"potentialAction\":[{\"@type\":\"ReadAction\",\"target\":[\"https:\/\/portalnpm.com\/index.php\/2020\/09\/02\/bastidores-da-politica-de-sao-juliao-aponta-que-prefeito-pode-desistir-da-reeleicao-veja\/\"]}]},{\"@type\":\"ImageObject\",\"inLanguage\":\"pt-BR\",\"@id\":\"https:\/\/portalnpm.com\/index.php\/2020\/09\/02\/bastidores-da-politica-de-sao-juliao-aponta-que-prefeito-pode-desistir-da-reeleicao-veja\/#primaryimage\",\"url\":\"https:\/\/portalnpm.com\/wp-content\/uploads\/2024\/01\/images1.jpg\",\"contentUrl\":\"https:\/\/portalnpm.com\/wp-content\/uploads\/2024\/01\/images1.jpg\",\"width\":720,\"height\":405},{\"@type\":\"BreadcrumbList\",\"@id\":\"https:\/\/portalnpm.com\/index.php\/2020\/09\/02\/bastidores-da-politica-de-sao-juliao-aponta-que-prefeito-pode-desistir-da-reeleicao-veja\/#breadcrumb\",\"itemListElement\":[{\"@type\":\"ListItem\",\"position\":1,\"name\":\"In\u00edcio\",\"item\":\"https:\/\/portalnpm.com\/\"},{\"@type\":\"ListItem\",\"position\":2,\"name\":\"Bastidores da pol\u00edtica de S\u00e3o Juli\u00e3o aponta que prefeito &#8216;pode&#8217; desistir da reelei\u00e7\u00e3o; veja!\"}]},{\"@type\":\"WebSite\",\"@id\":\"https:\/\/portalnpm.com\/#website\",\"url\":\"https:\/\/portalnpm.com\/\",\"name\":\"Portal NPM\",\"description\":\"Not\u00edcias em Primeira M\u00e3o\",\"potentialAction\":[{\"@type\":\"SearchAction\",\"target\":{\"@type\":\"EntryPoint\",\"urlTemplate\":\"https:\/\/portalnpm.com\/?s={search_term_string}\"},\"query-input\":\"required name=search_term_string\"}],\"inLanguage\":\"pt-BR\"},{\"@type\":\"Person\",\"@id\":\"https:\/\/portalnpm.com\/#\/schema\/person\/0b5f230ec96cee25504fa328e7f2b733\",\"name\":\"Reda\u00e7\u00e3o\",\"image\":{\"@type\":\"ImageObject\",\"inLanguage\":\"pt-BR\",\"@id\":\"https:\/\/portalnpm.com\/#\/schema\/person\/image\/\",\"url\":\"https:\/\/portalnpm.com\/wp-content\/uploads\/2024\/03\/avatar_user_4_1710097212-96x96.png\",\"contentUrl\":\"https:\/\/portalnpm.com\/wp-content\/uploads\/2024\/03\/avatar_user_4_1710097212-96x96.png\",\"caption\":\"Reda\u00e7\u00e3o\"},\"url\":\"https:\/\/portalnpm.com\/index.php\/author\/redacao\/\"}]}<\/script>\n<!-- \/ Yoast SEO plugin. -->","yoast_head_json":{"title":"Bastidores da pol\u00edtica de S\u00e3o Juli\u00e3o aponta que prefeito 'pode' desistir da reelei\u00e7\u00e3o; veja!","robots":{"index":"index","follow":"follow","max-snippet":"max-snippet:-1","max-image-preview":"max-image-preview:large","max-video-preview":"max-video-preview:-1"},"canonical":"https:\/\/portalnpm.com\/index.php\/2020\/09\/02\/bastidores-da-politica-de-sao-juliao-aponta-que-prefeito-pode-desistir-da-reeleicao-veja\/","og_locale":"pt_BR","og_type":"article","og_title":"Bastidores da pol\u00edtica de S\u00e3o Juli\u00e3o aponta que prefeito 'pode' desistir da reelei\u00e7\u00e3o; veja!","og_description":"Os bastidores da pol\u00edtica de S\u00e3o Juli\u00e3o, cidade que fica localizada na regi\u00e3o de Picos, aponta uma prov\u00e1vel desist\u00eancia do atual prefeito Dr. Jonas (PSB) em disputar a reelei\u00e7\u00e3o nas elei\u00e7\u00f5es do dia 15 de novembro. \u00a0 Segunda uma fonte dos bastidores da pol\u00edtica, o atual gestor n\u00e3o ser\u00e1 candidato, com isso, o vereador e &hellip;","og_url":"https:\/\/portalnpm.com\/index.php\/2020\/09\/02\/bastidores-da-politica-de-sao-juliao-aponta-que-prefeito-pode-desistir-da-reeleicao-veja\/","og_site_name":"Portal NPM","article_published_time":"2020-09-02T21:50:01+00:00","og_image":[{"width":720,"height":405,"url":"https:\/\/portalnpm.com\/wp-content\/uploads\/2024\/01\/images1.jpg","type":"image\/jpeg"}],"author":"Reda\u00e7\u00e3o","twitter_card":"summary_large_image","twitter_misc":{"Escrito por":"Reda\u00e7\u00e3o","Est. tempo de leitura":"1 minuto"},"schema":{"@context":"https:\/\/schema.org","@graph":[{"@type":"WebPage","@id":"https:\/\/portalnpm.com\/index.php\/2020\/09\/02\/bastidores-da-politica-de-sao-juliao-aponta-que-prefeito-pode-desistir-da-reeleicao-veja\/","url":"https:\/\/portalnpm.com\/index.php\/2020\/09\/02\/bastidores-da-politica-de-sao-juliao-aponta-que-prefeito-pode-desistir-da-reeleicao-veja\/","name":"Bastidores da pol\u00edtica de S\u00e3o Juli\u00e3o aponta que prefeito 'pode' desistir da reelei\u00e7\u00e3o; veja!","isPartOf":{"@id":"https:\/\/portalnpm.com\/#website"},"primaryImageOfPage":{"@id":"https:\/\/portalnpm.com\/index.php\/2020\/09\/02\/bastidores-da-politica-de-sao-juliao-aponta-que-prefeito-pode-desistir-da-reeleicao-veja\/#primaryimage"},"image":{"@id":"https:\/\/portalnpm.com\/index.php\/2020\/09\/02\/bastidores-da-politica-de-sao-juliao-aponta-que-prefeito-pode-desistir-da-reeleicao-veja\/#primaryimage"},"thumbnailUrl":"https:\/\/portalnpm.com\/wp-content\/uploads\/2024\/01\/images1.jpg","datePublished":"2020-09-02T21:50:01+00:00","dateModified":"2020-09-02T21:50:01+00:00","author":{"@id":"https:\/\/portalnpm.com\/#\/schema\/person\/0b5f230ec96cee25504fa328e7f2b733"},"breadcrumb":{"@id":"https:\/\/portalnpm.com\/index.php\/2020\/09\/02\/bastidores-da-politica-de-sao-juliao-aponta-que-prefeito-pode-desistir-da-reeleicao-veja\/#breadcrumb"},"inLanguage":"pt-BR","potentialAction":[{"@type":"ReadAction","target":["https:\/\/portalnpm.com\/index.php\/2020\/09\/02\/bastidores-da-politica-de-sao-juliao-aponta-que-prefeito-pode-desistir-da-reeleicao-veja\/"]}]},{"@type":"ImageObject","inLanguage":"pt-BR","@id":"https:\/\/portalnpm.com\/index.php\/2020\/09\/02\/bastidores-da-politica-de-sao-juliao-aponta-que-prefeito-pode-desistir-da-reeleicao-veja\/#primaryimage","url":"https:\/\/portalnpm.com\/wp-content\/uploads\/2024\/01\/images1.jpg","contentUrl":"https:\/\/portalnpm.com\/wp-content\/uploads\/2024\/01\/images1.jpg","width":720,"height":405},{"@type":"BreadcrumbList","@id":"https:\/\/portalnpm.com\/index.php\/2020\/09\/02\/bastidores-da-politica-de-sao-juliao-aponta-que-prefeito-pode-desistir-da-reeleicao-veja\/#breadcrumb","itemListElement":[{"@type":"ListItem","position":1,"name":"In\u00edcio","item":"https:\/\/portalnpm.com\/"},{"@type":"ListItem","position":2,"name":"Bastidores da pol\u00edtica de S\u00e3o Juli\u00e3o aponta que prefeito &#8216;pode&#8217; desistir da reelei\u00e7\u00e3o; veja!"}]},{"@type":"WebSite","@id":"https:\/\/portalnpm.com\/#website","url":"https:\/\/portalnpm.com\/","name":"Portal NPM","description":"Not\u00edcias em Primeira M\u00e3o","potentialAction":[{"@type":"SearchAction","target":{"@type":"EntryPoint","urlTemplate":"https:\/\/portalnpm.com\/?s={search_term_string}"},"query-input":"required name=search_term_string"}],"inLanguage":"pt-BR"},{"@type":"Person","@id":"https:\/\/portalnpm.com\/#\/schema\/person\/0b5f230ec96cee25504fa328e7f2b733","name":"Reda\u00e7\u00e3o","image":{"@type":"ImageObject","inLanguage":"pt-BR","@id":"https:\/\/portalnpm.com\/#\/schema\/person\/image\/","url":"https:\/\/portalnpm.com\/wp-content\/uploads\/2024\/03\/avatar_user_4_1710097212-96x96.png","contentUrl":"https:\/\/portalnpm.com\/wp-content\/uploads\/2024\/03\/avatar_user_4_1710097212-96x96.png","caption":"Reda\u00e7\u00e3o"},"url":"https:\/\/portalnpm.com\/index.php\/author\/redacao\/"}]}},"jetpack_sharing_enabled":true,"jetpack_featured_media_url":"https:\/\/portalnpm.com\/wp-content\/uploads\/2024\/01\/images1.jpg","_links":{"self":[{"href":"https:\/\/portalnpm.com\/index.php\/wp-json\/wp\/v2\/posts\/57332"}],"collection":[{"href":"https:\/\/portalnpm.com\/index.php\/wp-json\/wp\/v2\/posts"}],"about":[{"href":"https:\/\/portalnpm.com\/index.php\/wp-json\/wp\/v2\/types\/post"}],"author":[{"embeddable":true,"href":"https:\/\/portalnpm.com\/index.php\/wp-json\/wp\/v2\/users\/4"}],"replies":[{"embeddable":true,"href":"https:\/\/portalnpm.com\/index.php\/wp-json\/wp\/v2\/comments?post=57332"}],"version-history":[{"count":0,"href":"https:\/\/portalnpm.com\/index.php\/wp-json\/wp\/v2\/posts\/57332\/revisions"}],"wp:featuredmedia":[{"embeddable":true,"href":"https:\/\/portalnpm.com\/index.php\/wp-json\/wp\/v2\/media\/54213"}],"wp:attachment":[{"href":"https:\/\/portalnpm.com\/index.php\/wp-json\/wp\/v2\/media?parent=57332"}],"wp:term":[{"taxonomy":"category","embeddable":true,"href":"https:\/\/portalnpm.com\/index.php\/wp-json\/wp\/v2\/categories?post=57332"},{"taxonomy":"post_tag","embeddable":true,"href":"https:\/\/portalnpm.com\/index.php\/wp-json\/wp\/v2\/tags?post=57332"}],"curies":[{"name":"wp","href":"https:\/\/api.w.org\/{rel}","templated":true}]}}