{"id":57468,"date":"2020-09-05T12:08:30","date_gmt":"2020-09-05T15:08:30","guid":{"rendered":"https:\/\/portalnpm.com\/index.php\/2020\/09\/05\/bolsonaro-pede-a-donos-de-supermercados-que-baixem-precos-por-patriotismo\/"},"modified":"2020-09-05T12:08:30","modified_gmt":"2020-09-05T15:08:30","slug":"bolsonaro-pede-a-donos-de-supermercados-que-baixem-precos-por-patriotismo","status":"publish","type":"post","link":"https:\/\/portalnpm.com\/index.php\/2020\/09\/05\/bolsonaro-pede-a-donos-de-supermercados-que-baixem-precos-por-patriotismo\/","title":{"rendered":"Bolsonaro pede a donos de supermercados que baixem pre\u00e7os por patriotismo"},"content":{"rendered":"<p style=\"text-align: justify;\">Com receio do risco de infla\u00e7\u00e3o, o presidente Jair Bolsonaro afirmou nesta sexta, 4, que tem buscado associa\u00e7\u00f5es de supermercados para tentar baixar os pre\u00e7os de produtos que comp\u00f5em a cesta b\u00e1sica. Ele ponderou que n\u00e3o pretende dar &#8220;canetada em lugar nenhum&#8221;, nem interferir na \u00e1rea econ\u00f4mica. O coment\u00e1rio foi feito durante viagem a Registro (SP).<\/p>\n<p style=\"text-align: justify;\">\n<p style=\"text-align: justify;\">\n<p style=\"text-align: justify;\">&#8220;Est\u00e1 subindo arroz, feij\u00e3o? S\u00f3 para voc\u00eas saberem: j\u00e1 conversei com intermedi\u00e1rios, vou conversar logo mais com a associa\u00e7\u00e3o de supermercados&#8221;, disse o presidente. &#8220;Estou conversando para ver se os produtos da cesta b\u00e1sica a\u00ed&#8230; estou pedindo um sacrif\u00edcio, patriotismo para os grandes donos de supermercados para manter na menor margem de lucro.&#8221;<\/p>\n<p style=\"text-align: justify;\">Na mesma conversa, Bolsonaro indicou que tem receio do risco de infla\u00e7\u00e3o. &#8220;N\u00e3o \u00e9 no grito, ningu\u00e9m vai dar canetada em lugar nenhum&#8230; porque veio o aux\u00edlio emergencial, o pessoal come\u00e7ou a gastar um pouco mais, muito papel na pra\u00e7a, a infla\u00e7\u00e3o vem&#8221;, declarou. &#8220;A melhor maneira de controlar a economia \u00e9 n\u00e3o interferindo. Porque se interferir, dar canetada, n\u00e3o d\u00e1 certo &#8220;<\/p>\n<p style=\"text-align: justify;\">Na quinta-feira, 3, a Associa\u00e7\u00e3o Brasileira de Supermercados (Abras) disse que o setor supermercadista tem sofrido forte press\u00e3o de aumento nos pre\u00e7os. &#8220;Conforme apuramos, isso se deve ao aumento das exporta\u00e7\u00f5es destes produtos e sua mat\u00e9ria-prima e a diminui\u00e7\u00e3o das importa\u00e7\u00f5es desses itens&#8221;, disse a associa\u00e7\u00e3o, em comunicado. &#8220;Somando-se a isso a pol\u00edtica fiscal de incentivo \u00e0s exporta\u00e7\u00f5es, e o crescimento da demanda interna impulsionado pelo aux\u00edlio emergencial do governo federal.&#8221;<\/p>\n<p style=\"text-align: justify;\">A Abras comunicou \u00e0 Secretaria Nacional do Consumidor (Senacon), do Minist\u00e9rio da Justi\u00e7a e Seguran\u00e7a P\u00fablica, sobre os reajustes de pre\u00e7os de itens como arroz, feij\u00e3o, leite, carne e \u00f3leo de soja. A associa\u00e7\u00e3o afirmou que a motiva\u00e7\u00e3o foi de buscar solu\u00e7\u00f5es junto a todos os participantes da cadeia de fornecedores.<\/p>\n<p style=\"text-align: justify;\">Segundo a Abras, a alta de pre\u00e7os tem acontecido de forma generalizada e repassada pelas ind\u00fastrias e fornecedores. &#8220;A Abras, que representa as 27 associa\u00e7\u00f5es estaduais afiliadas, v\u00ea essa conjuntura com muita preocupa\u00e7\u00e3o, por se tratar de produtos da cesta b\u00e1sica da popula\u00e7\u00e3o brasileira.&#8221;<\/p>\n<p style=\"text-align: justify;\"><span style=\"font-size: 24px;\"><em>Fabricantes<\/em><\/span><\/p>\n<p style=\"text-align: justify;\">A Abia (Associa\u00e7\u00e3o Brasileira da Ind\u00fastria de Alimentos) diz tamb\u00e9m em nota que, por se tratar de vari\u00e1vel concorrencial, os pre\u00e7os n\u00e3o s\u00e3o discutidos no \u00e2mbito da associa\u00e7\u00e3o, mas sim individualmente entre empresas e as cadeias varejistas.<\/p>\n<p style=\"text-align: justify;\">Ainda assim, a entidade cita dados mundiais para dizer que a alta de pre\u00e7os de alimentos b\u00e1sicos \u00e9 um fen\u00f4meno mundial. &#8220;Conforme relat\u00f3rio publicado ontem (anteontem) pela Organiza\u00e7\u00e3o das Na\u00e7\u00f5es Unidas para a Alimenta\u00e7\u00e3o e a Agricultura (FAO), o \u00cdndice de Pre\u00e7os de Alimentos da FAO atingiu a m\u00e9dia de 96,1 pontos, revelando que a alta nos custos dos alimentos que comp\u00f5em a cesta b\u00e1sica \u00e9 um fen\u00f4meno que se constata em todo o mundo&#8221;, diz a institui\u00e7\u00e3o.<\/p>\n<p style=\"text-align: justify;\">&#8220;No Brasil, a desvaloriza\u00e7\u00e3o cambial de mais de 30% pressiona os custos de produ\u00e7\u00e3o da ind\u00fastria. \u00c9 importante ressaltar que o aumento provocado pela alta do d\u00f3lar n\u00e3o \u00e9 linear para o setor de alimentos e bebidas, pois atinge de modo diferente cada cadeia de produ\u00e7\u00e3o&#8221;, diz a Abia.<\/p>\n<p style=\"text-align: justify;\">A institui\u00e7\u00e3o diz ainda que n\u00e3o h\u00e1 risco de desabastecimento no mercado interno. &#8220;As ind\u00fastrias de alimentos t\u00eam trabalhado, sem parar, desde o in\u00edcio da pandemia para que n\u00e3o falte alimento na mesa do consumidor brasileiro. A alta de pre\u00e7os, infelizmente, tem afetado em maior intensidade a cota\u00e7\u00e3o de algumas mat\u00e9rias-primas agr\u00edcolas, devido aos movimentos mundiais de oferta e demanda&#8221;, conclui.<\/p>\n<p style=\"text-align: justify;\"><span style=\"font-size: 24px;\"><em>Pre\u00e7os e infla\u00e7\u00e3o<\/em><\/span><\/p>\n<p style=\"text-align: justify;\">O economista do Instituto Brasileiro de Economia (Ibre) e coordenador do \u00cdndice de Pre\u00e7os ao Consumidor (IPC) da Funda\u00e7\u00e3o Get\u00falio Vargas (FGV), Andr\u00e9 Braz, selecionou sete produtos b\u00e1sicos e verificou que, em 12 meses at\u00e9 agosto, esses produtos subiram, em m\u00e9dia, 28,9% no atacado e 23,8% no varejo.<\/p>\n<p style=\"text-align: justify;\">A cesta selecionada para a an\u00e1lise foi composta por arroz, farinha de trigo, a\u00e7\u00facar, frango, carne bovina, su\u00edna e \u00f3leo de soja. &#8220;Para esses itens b\u00e1sicos, o repasse ao consumidor foi praticamente integral&#8221;, diz o economista. Braz explica que a diferen\u00e7a de cinco pontos porcentuais que ainda n\u00e3o chegou \u00e0s prateleiras dos supermercados pode ser um atraso por conta de estoques, mas inevitavelmente ser\u00e1 repassada ao consumidor.<\/p>\n<p style=\"text-align: justify;\">Os aumentos de pre\u00e7os dos alimentos neste momento ocorrem sobretudo por causa da desvaloriza\u00e7\u00e3o do real em rela\u00e7\u00e3o ao d\u00f3lar, que baliza os pre\u00e7os desses produtos no mercado internacional. Esse movimento tamb\u00e9m \u00e9 impulsionado pela forte demanda externa por alimentos, sobretudo por parte da China. Para o presidente do Instituto Brasileiro de Executivos de Varejo (Ibevar), Claudio Felisoni, os argumentos expostos pela Abras fazem sentido.<\/p>\n<p style=\"text-align: justify;\">Al\u00e9m da alta do d\u00f3lar, a associa\u00e7\u00e3o mencionou incentivos fiscais \u00e0s exporta\u00e7\u00f5es e o crescimento da demanda interna impulsionada pelo aux\u00edlio emergencial. &#8220;\u00c9 um fato, mas vivemos uma economia de livre mercado, n\u00e3o h\u00e1 como controlar pre\u00e7os&#8221;, diz Felisoni.<\/p>\n<p style=\"text-align: justify;\">Nos bastidores, a briga seria em torno das perdas de margens e quem repassaria menos as altas. &#8220;O setor supermercadista tem se esfor\u00e7ado para manter os pre\u00e7os normalizados e vem garantindo o abastecimento regular desde o in\u00edcio da pandemia nas 90 mil lojas de todo o Pa\u00eds&#8221;, disse a Abras no comunicado.<\/p>\n<p style=\"text-align: justify;\">Na opini\u00e3o de Braz, da FGV, os supermercados t\u00eam raz\u00e3o de reclamar de aumentos de pre\u00e7os e essa press\u00e3o n\u00e3o \u00e9 de hoje. &#8220;A quest\u00e3o \u00e9 que, gradualmente, os varejistas v\u00eam reduzindo as margens at\u00e9 um ponto que n\u00e3o conseguem mais absorver os reajustes. Por isso, t\u00eam de aumentar os pre\u00e7os ao consumidor.&#8221;<\/p>\n<p style=\"text-align: justify;\"><span style=\"font-size: 24px;\"><em>Queda de bra\u00e7o<\/em><\/span><\/p>\n<p style=\"text-align: justify;\">Enquanto o presidente Jair Bolsonaro diz que vai conversar com a Associa\u00e7\u00e3o Brasileira de Supermercados (Abras) e pedir sacrif\u00edcio dos donos dessas redes, as empresas do ramo j\u00e1 travam uma queda de bra\u00e7o de mais de 15 dias com seus fornecedores. Segundo o presidente da Sociedade Brasileira de Varejo e Consumo (SBVC), Eduardo Terra, os supermercados t\u00eam represado suas compras e vendido seus estoques para tentar negociar pre\u00e7os menores.<\/p>\n<p style=\"text-align: justify;\">&#8220;Nos \u00faltimos 15 a 20 dias o varejo est\u00e1 discutindo pre\u00e7o. A palavra certa \u00e9 essa mesma: queda de bra\u00e7o&#8221;, diz Terra. Ele explica que a press\u00e3o veio \u00e0 tona agora, com o recente comunicado da Abras sobre os pre\u00e7os da cesta b\u00e1sica. Al\u00e9m disso, alguns supermercados j\u00e1 come\u00e7am a restringir a compra de produtos b\u00e1sicos por cliente. &#8220;Como o aumento (nos pre\u00e7os dos fornecedores) \u00e9 abrupto, h\u00e1 represamento da compra (dos varejistas). O varejo tenta postergar tabela de pre\u00e7os&#8221;, diz.<\/p>\n<p style=\"text-align: justify;\">No entanto, essa briga para ver quem mais diminui suas margens de lucro deve ter pouco sucesso na forma\u00e7\u00e3o geral dos pre\u00e7os. Terra avalia, como \u00e9 consenso entre economistas, que a raz\u00e3o central dos aumentos \u00e9 a alta do d\u00f3lar e o consequente aumento das exporta\u00e7\u00f5es. Somado a isso, o aumento de demanda interna causada pelo Aux\u00edlio Emergencial tamb\u00e9m pressiona os valores para cima. &#8220;O problema \u00e9 anterior ao fornecedor e o varejista. Est\u00e1 nos pre\u00e7os das commodities&#8221;, diz.<\/p>\n<p style=\"text-align: justify;\">O consultor de varejo e bens de consumo, Eugenio Foganholo, tamb\u00e9m acredita que essa negocia\u00e7\u00e3o j\u00e1 nasce limitada, j\u00e1 que as quest\u00f5es que fazem os pre\u00e7os subirem s\u00e3o macroecon\u00f4micas. No entanto, ele n\u00e3o v\u00ea possibilidades de a\u00e7\u00e3o do governo para resolver essa situa\u00e7\u00e3o. &#8220;N\u00e3o h\u00e1 solu\u00e7\u00e3o governamental poss\u00edvel no livre mercado&#8221;, diz. Ele entende que essa regula\u00e7\u00e3o deve ser feita pelos pr\u00f3prios consumidores ao substituir os produtos caros na hora da compra.<\/p>\n<p style=\"text-align: justify;\">Na queda de bra\u00e7o entre supermercados e fornecedores, a Associa\u00e7\u00e3o Paulista de Supermercados (APAS) disse que tem orientado os associados a comprarem apenas o necess\u00e1rio. &#8220;A Apas reitera que tem recomendado aos supermercados associados que continuem negociando com seus fornecedores e comprem somente a quantidade necess\u00e1ria para a reposi\u00e7\u00e3o&#8221;, diz em comunicado.<\/p>\n<p style=\"text-align: justify;\">A institui\u00e7\u00e3o afirma ainda que orienta que sejam oferecidos aos consumidores &#8220;op\u00e7\u00f5es de substitui\u00e7\u00e3o aos produtos mais impactados por esses aumentos provenientes dos fornecedores de alimentos&#8221;.<\/p>\n<p style=\"text-align: justify;\">\n<p style=\"text-align: justify;\">Fonte: Estad\u00e3o Conte\u00fado<\/p>\n","protected":false},"excerpt":{"rendered":"<p>Com receio do risco de infla\u00e7\u00e3o, o presidente Jair Bolsonaro afirmou nesta sexta, 4, que tem buscado associa\u00e7\u00f5es de supermercados para tentar baixar os pre\u00e7os de produtos que comp\u00f5em a cesta b\u00e1sica. Ele ponderou que n\u00e3o pretende dar &#8220;canetada em lugar nenhum&#8221;, nem interferir na \u00e1rea econ\u00f4mica. O coment\u00e1rio foi feito durante viagem a Registro &hellip;<\/p>\n","protected":false},"author":2,"featured_media":57469,"comment_status":"open","ping_status":"open","sticky":false,"template":"","format":"standard","meta":{"content-type":"","rop_custom_images_group":[],"rop_custom_messages_group":[],"rop_publish_now":"initial","rop_publish_now_accounts":{"facebook_2648258775420054_1618374048415101":""},"rop_publish_now_history":[],"rop_publish_now_status":"pending","footnotes":"","_jetpack_memberships_contains_paid_content":false},"categories":[414],"tags":[6219,6220,3878,6221,6222],"yoast_head":"<!-- This site is optimized with the Yoast SEO plugin v22.3 - https:\/\/yoast.com\/wordpress\/plugins\/seo\/ -->\n<title>Bolsonaro pede a donos de supermercados que baixem pre\u00e7os por patriotismo<\/title>\n<meta name=\"robots\" content=\"index, follow, max-snippet:-1, max-image-preview:large, max-video-preview:-1\" \/>\n<link rel=\"canonical\" href=\"https:\/\/portalnpm.com\/index.php\/2020\/09\/05\/bolsonaro-pede-a-donos-de-supermercados-que-baixem-precos-por-patriotismo\/\" \/>\n<meta property=\"og:locale\" content=\"pt_BR\" \/>\n<meta property=\"og:type\" content=\"article\" \/>\n<meta property=\"og:title\" content=\"Bolsonaro pede a donos de supermercados que baixem pre\u00e7os por patriotismo\" \/>\n<meta property=\"og:description\" content=\"Com receio do risco de infla\u00e7\u00e3o, o presidente Jair Bolsonaro afirmou nesta sexta, 4, que tem buscado associa\u00e7\u00f5es de supermercados para tentar baixar os pre\u00e7os de produtos que comp\u00f5em a cesta b\u00e1sica. Ele ponderou que n\u00e3o pretende dar &#8220;canetada em lugar nenhum&#8221;, nem interferir na \u00e1rea econ\u00f4mica. O coment\u00e1rio foi feito durante viagem a Registro &hellip;\" \/>\n<meta property=\"og:url\" content=\"https:\/\/portalnpm.com\/index.php\/2020\/09\/05\/bolsonaro-pede-a-donos-de-supermercados-que-baixem-precos-por-patriotismo\/\" \/>\n<meta property=\"og:site_name\" content=\"Portal NPM\" \/>\n<meta property=\"article:published_time\" content=\"2020-09-05T15:08:30+00:00\" \/>\n<meta property=\"og:image\" content=\"https:\/\/portalnpm.com\/wp-content\/uploads\/2024\/01\/7be58c45d4ab92a15ebc63afb3f8c2a9.jpg\" \/>\n\t<meta property=\"og:image:width\" content=\"790\" \/>\n\t<meta property=\"og:image:height\" content=\"527\" \/>\n\t<meta property=\"og:image:type\" content=\"image\/jpeg\" \/>\n<meta name=\"author\" content=\"Genival Barbosa\" \/>\n<meta name=\"twitter:card\" content=\"summary_large_image\" \/>\n<meta name=\"twitter:label1\" content=\"Escrito por\" \/>\n\t<meta name=\"twitter:data1\" content=\"Genival Barbosa\" \/>\n\t<meta name=\"twitter:label2\" content=\"Est. tempo de leitura\" \/>\n\t<meta name=\"twitter:data2\" content=\"7 minutos\" \/>\n<script type=\"application\/ld+json\" class=\"yoast-schema-graph\">{\"@context\":\"https:\/\/schema.org\",\"@graph\":[{\"@type\":\"WebPage\",\"@id\":\"https:\/\/portalnpm.com\/index.php\/2020\/09\/05\/bolsonaro-pede-a-donos-de-supermercados-que-baixem-precos-por-patriotismo\/\",\"url\":\"https:\/\/portalnpm.com\/index.php\/2020\/09\/05\/bolsonaro-pede-a-donos-de-supermercados-que-baixem-precos-por-patriotismo\/\",\"name\":\"Bolsonaro pede a donos de supermercados que baixem pre\u00e7os por patriotismo\",\"isPartOf\":{\"@id\":\"https:\/\/portalnpm.com\/#website\"},\"primaryImageOfPage\":{\"@id\":\"https:\/\/portalnpm.com\/index.php\/2020\/09\/05\/bolsonaro-pede-a-donos-de-supermercados-que-baixem-precos-por-patriotismo\/#primaryimage\"},\"image\":{\"@id\":\"https:\/\/portalnpm.com\/index.php\/2020\/09\/05\/bolsonaro-pede-a-donos-de-supermercados-que-baixem-precos-por-patriotismo\/#primaryimage\"},\"thumbnailUrl\":\"https:\/\/portalnpm.com\/wp-content\/uploads\/2024\/01\/7be58c45d4ab92a15ebc63afb3f8c2a9.jpg\",\"datePublished\":\"2020-09-05T15:08:30+00:00\",\"dateModified\":\"2020-09-05T15:08:30+00:00\",\"author\":{\"@id\":\"https:\/\/portalnpm.com\/#\/schema\/person\/49313e563cfdefcc167f1ee4c017c294\"},\"breadcrumb\":{\"@id\":\"https:\/\/portalnpm.com\/index.php\/2020\/09\/05\/bolsonaro-pede-a-donos-de-supermercados-que-baixem-precos-por-patriotismo\/#breadcrumb\"},\"inLanguage\":\"pt-BR\",\"potentialAction\":[{\"@type\":\"ReadAction\",\"target\":[\"https:\/\/portalnpm.com\/index.php\/2020\/09\/05\/bolsonaro-pede-a-donos-de-supermercados-que-baixem-precos-por-patriotismo\/\"]}]},{\"@type\":\"ImageObject\",\"inLanguage\":\"pt-BR\",\"@id\":\"https:\/\/portalnpm.com\/index.php\/2020\/09\/05\/bolsonaro-pede-a-donos-de-supermercados-que-baixem-precos-por-patriotismo\/#primaryimage\",\"url\":\"https:\/\/portalnpm.com\/wp-content\/uploads\/2024\/01\/7be58c45d4ab92a15ebc63afb3f8c2a9.jpg\",\"contentUrl\":\"https:\/\/portalnpm.com\/wp-content\/uploads\/2024\/01\/7be58c45d4ab92a15ebc63afb3f8c2a9.jpg\",\"width\":790,\"height\":527},{\"@type\":\"BreadcrumbList\",\"@id\":\"https:\/\/portalnpm.com\/index.php\/2020\/09\/05\/bolsonaro-pede-a-donos-de-supermercados-que-baixem-precos-por-patriotismo\/#breadcrumb\",\"itemListElement\":[{\"@type\":\"ListItem\",\"position\":1,\"name\":\"In\u00edcio\",\"item\":\"https:\/\/portalnpm.com\/\"},{\"@type\":\"ListItem\",\"position\":2,\"name\":\"Bolsonaro pede a donos de supermercados que baixem pre\u00e7os por patriotismo\"}]},{\"@type\":\"WebSite\",\"@id\":\"https:\/\/portalnpm.com\/#website\",\"url\":\"https:\/\/portalnpm.com\/\",\"name\":\"Portal NPM\",\"description\":\"Not\u00edcias em Primeira M\u00e3o\",\"potentialAction\":[{\"@type\":\"SearchAction\",\"target\":{\"@type\":\"EntryPoint\",\"urlTemplate\":\"https:\/\/portalnpm.com\/?s={search_term_string}\"},\"query-input\":\"required name=search_term_string\"}],\"inLanguage\":\"pt-BR\"},{\"@type\":\"Person\",\"@id\":\"https:\/\/portalnpm.com\/#\/schema\/person\/49313e563cfdefcc167f1ee4c017c294\",\"name\":\"Genival Barbosa\",\"image\":{\"@type\":\"ImageObject\",\"inLanguage\":\"pt-BR\",\"@id\":\"https:\/\/portalnpm.com\/#\/schema\/person\/image\/\",\"url\":\"https:\/\/portalnpm.com\/wp-content\/uploads\/2024\/02\/avatar_user_2_1707743258-96x96.jpeg\",\"contentUrl\":\"https:\/\/portalnpm.com\/wp-content\/uploads\/2024\/02\/avatar_user_2_1707743258-96x96.jpeg\",\"caption\":\"Genival Barbosa\"},\"url\":\"https:\/\/portalnpm.com\/index.php\/author\/genival\/\"}]}<\/script>\n<!-- \/ Yoast SEO plugin. -->","yoast_head_json":{"title":"Bolsonaro pede a donos de supermercados que baixem pre\u00e7os por patriotismo","robots":{"index":"index","follow":"follow","max-snippet":"max-snippet:-1","max-image-preview":"max-image-preview:large","max-video-preview":"max-video-preview:-1"},"canonical":"https:\/\/portalnpm.com\/index.php\/2020\/09\/05\/bolsonaro-pede-a-donos-de-supermercados-que-baixem-precos-por-patriotismo\/","og_locale":"pt_BR","og_type":"article","og_title":"Bolsonaro pede a donos de supermercados que baixem pre\u00e7os por patriotismo","og_description":"Com receio do risco de infla\u00e7\u00e3o, o presidente Jair Bolsonaro afirmou nesta sexta, 4, que tem buscado associa\u00e7\u00f5es de supermercados para tentar baixar os pre\u00e7os de produtos que comp\u00f5em a cesta b\u00e1sica. Ele ponderou que n\u00e3o pretende dar &#8220;canetada em lugar nenhum&#8221;, nem interferir na \u00e1rea econ\u00f4mica. O coment\u00e1rio foi feito durante viagem a Registro &hellip;","og_url":"https:\/\/portalnpm.com\/index.php\/2020\/09\/05\/bolsonaro-pede-a-donos-de-supermercados-que-baixem-precos-por-patriotismo\/","og_site_name":"Portal NPM","article_published_time":"2020-09-05T15:08:30+00:00","og_image":[{"width":790,"height":527,"url":"https:\/\/portalnpm.com\/wp-content\/uploads\/2024\/01\/7be58c45d4ab92a15ebc63afb3f8c2a9.jpg","type":"image\/jpeg"}],"author":"Genival Barbosa","twitter_card":"summary_large_image","twitter_misc":{"Escrito por":"Genival Barbosa","Est. tempo de leitura":"7 minutos"},"schema":{"@context":"https:\/\/schema.org","@graph":[{"@type":"WebPage","@id":"https:\/\/portalnpm.com\/index.php\/2020\/09\/05\/bolsonaro-pede-a-donos-de-supermercados-que-baixem-precos-por-patriotismo\/","url":"https:\/\/portalnpm.com\/index.php\/2020\/09\/05\/bolsonaro-pede-a-donos-de-supermercados-que-baixem-precos-por-patriotismo\/","name":"Bolsonaro pede a donos de supermercados que baixem pre\u00e7os por patriotismo","isPartOf":{"@id":"https:\/\/portalnpm.com\/#website"},"primaryImageOfPage":{"@id":"https:\/\/portalnpm.com\/index.php\/2020\/09\/05\/bolsonaro-pede-a-donos-de-supermercados-que-baixem-precos-por-patriotismo\/#primaryimage"},"image":{"@id":"https:\/\/portalnpm.com\/index.php\/2020\/09\/05\/bolsonaro-pede-a-donos-de-supermercados-que-baixem-precos-por-patriotismo\/#primaryimage"},"thumbnailUrl":"https:\/\/portalnpm.com\/wp-content\/uploads\/2024\/01\/7be58c45d4ab92a15ebc63afb3f8c2a9.jpg","datePublished":"2020-09-05T15:08:30+00:00","dateModified":"2020-09-05T15:08:30+00:00","author":{"@id":"https:\/\/portalnpm.com\/#\/schema\/person\/49313e563cfdefcc167f1ee4c017c294"},"breadcrumb":{"@id":"https:\/\/portalnpm.com\/index.php\/2020\/09\/05\/bolsonaro-pede-a-donos-de-supermercados-que-baixem-precos-por-patriotismo\/#breadcrumb"},"inLanguage":"pt-BR","potentialAction":[{"@type":"ReadAction","target":["https:\/\/portalnpm.com\/index.php\/2020\/09\/05\/bolsonaro-pede-a-donos-de-supermercados-que-baixem-precos-por-patriotismo\/"]}]},{"@type":"ImageObject","inLanguage":"pt-BR","@id":"https:\/\/portalnpm.com\/index.php\/2020\/09\/05\/bolsonaro-pede-a-donos-de-supermercados-que-baixem-precos-por-patriotismo\/#primaryimage","url":"https:\/\/portalnpm.com\/wp-content\/uploads\/2024\/01\/7be58c45d4ab92a15ebc63afb3f8c2a9.jpg","contentUrl":"https:\/\/portalnpm.com\/wp-content\/uploads\/2024\/01\/7be58c45d4ab92a15ebc63afb3f8c2a9.jpg","width":790,"height":527},{"@type":"BreadcrumbList","@id":"https:\/\/portalnpm.com\/index.php\/2020\/09\/05\/bolsonaro-pede-a-donos-de-supermercados-que-baixem-precos-por-patriotismo\/#breadcrumb","itemListElement":[{"@type":"ListItem","position":1,"name":"In\u00edcio","item":"https:\/\/portalnpm.com\/"},{"@type":"ListItem","position":2,"name":"Bolsonaro pede a donos de supermercados que baixem pre\u00e7os por patriotismo"}]},{"@type":"WebSite","@id":"https:\/\/portalnpm.com\/#website","url":"https:\/\/portalnpm.com\/","name":"Portal NPM","description":"Not\u00edcias em Primeira M\u00e3o","potentialAction":[{"@type":"SearchAction","target":{"@type":"EntryPoint","urlTemplate":"https:\/\/portalnpm.com\/?s={search_term_string}"},"query-input":"required name=search_term_string"}],"inLanguage":"pt-BR"},{"@type":"Person","@id":"https:\/\/portalnpm.com\/#\/schema\/person\/49313e563cfdefcc167f1ee4c017c294","name":"Genival Barbosa","image":{"@type":"ImageObject","inLanguage":"pt-BR","@id":"https:\/\/portalnpm.com\/#\/schema\/person\/image\/","url":"https:\/\/portalnpm.com\/wp-content\/uploads\/2024\/02\/avatar_user_2_1707743258-96x96.jpeg","contentUrl":"https:\/\/portalnpm.com\/wp-content\/uploads\/2024\/02\/avatar_user_2_1707743258-96x96.jpeg","caption":"Genival Barbosa"},"url":"https:\/\/portalnpm.com\/index.php\/author\/genival\/"}]}},"jetpack_sharing_enabled":true,"jetpack_featured_media_url":"https:\/\/portalnpm.com\/wp-content\/uploads\/2024\/01\/7be58c45d4ab92a15ebc63afb3f8c2a9.jpg","_links":{"self":[{"href":"https:\/\/portalnpm.com\/index.php\/wp-json\/wp\/v2\/posts\/57468"}],"collection":[{"href":"https:\/\/portalnpm.com\/index.php\/wp-json\/wp\/v2\/posts"}],"about":[{"href":"https:\/\/portalnpm.com\/index.php\/wp-json\/wp\/v2\/types\/post"}],"author":[{"embeddable":true,"href":"https:\/\/portalnpm.com\/index.php\/wp-json\/wp\/v2\/users\/2"}],"replies":[{"embeddable":true,"href":"https:\/\/portalnpm.com\/index.php\/wp-json\/wp\/v2\/comments?post=57468"}],"version-history":[{"count":0,"href":"https:\/\/portalnpm.com\/index.php\/wp-json\/wp\/v2\/posts\/57468\/revisions"}],"wp:featuredmedia":[{"embeddable":true,"href":"https:\/\/portalnpm.com\/index.php\/wp-json\/wp\/v2\/media\/57469"}],"wp:attachment":[{"href":"https:\/\/portalnpm.com\/index.php\/wp-json\/wp\/v2\/media?parent=57468"}],"wp:term":[{"taxonomy":"category","embeddable":true,"href":"https:\/\/portalnpm.com\/index.php\/wp-json\/wp\/v2\/categories?post=57468"},{"taxonomy":"post_tag","embeddable":true,"href":"https:\/\/portalnpm.com\/index.php\/wp-json\/wp\/v2\/tags?post=57468"}],"curies":[{"name":"wp","href":"https:\/\/api.w.org\/{rel}","templated":true}]}}