{"id":57472,"date":"2020-09-05T12:25:55","date_gmt":"2020-09-05T15:25:55","guid":{"rendered":"https:\/\/portalnpm.com\/index.php\/2020\/09\/05\/em-picos-coronel-viana-anuncia-empresario-e-policial-rodoviario-federal-junior-nobre-como-pre-candidato-a-vice-prefeito\/"},"modified":"2024-01-15T21:10:40","modified_gmt":"2024-01-16T00:10:40","slug":"em-picos-coronel-viana-anuncia-empresario-e-policial-rodoviario-federal-junior-nobre-como-pre-candidato-a-vice-prefeito","status":"publish","type":"post","link":"https:\/\/portalnpm.com\/index.php\/2020\/09\/05\/em-picos-coronel-viana-anuncia-empresario-e-policial-rodoviario-federal-junior-nobre-como-pre-candidato-a-vice-prefeito\/","title":{"rendered":"Em Picos, Coronel Viana anuncia empres\u00e1rio e policial rodovi\u00e1rio federal J\u00fanior Nobre como pr\u00e9-candidato \u00e0 vice-prefeito"},"content":{"rendered":"<p><p style=\"text-align: justify;\">Em coletiva de imprensa realizada na manh&atilde; deste s&aacute;bado (05) no restaurante do Picos Hotel, o pr&eacute;-candidato do PSL &agrave; prefeitura de Picos-PI, coronel Edwaldo Viana, apresentou o empres&aacute;rio e policial rodovi&aacute;rio federal J&uacute;nior Nobre (PSD) como pr&eacute;-candidato &agrave; vice-prefeito.<\/p>\n<p style=\"text-align: justify;\">\n<p style=\"text-align: justify;\">\n<p style=\"text-align: justify;\">Para Edwaldo Viana, a chegada de J&uacute;nior Nobre ao grupo mostra que esta &eacute; a verdadeira oposi&ccedil;&atilde;o de Picos: &ldquo;n&oacute;s estamos unidos e fortalecidos. Onde tenho andado, tenho recebido muito apoio. A esperan&ccedil;a nos olhos do povo &eacute; n&iacute;tida e isso nos enche de for&ccedil;a e coragem para continuarmos esta caminhada rumo &agrave; vit&oacute;ria. O povo est&aacute; cansado da velha pol&iacute;tica, das promessas que nunca s&atilde;o cumpridas&rdquo;, disse Edwaldo Viana.<\/p>\n<p style=\"text-align: justify;\"><img fetchpriority=\"high\" decoding=\"async\" class=\"alignnone size-full wp-image-25423\" src=\"https:\/\/portalnpm.com\/wp-content\/uploads\/2024\/01\/Screenshot_2020-09-05-10-29-00-1.png\" alt=\"\" width=\"720\" height=\"461\"><\/p>\n<p style=\"text-align: justify;\">Na ocasi&atilde;o, os pr&eacute;-candidatos ressaltaram a import&acirc;ncia da verdadeira renova&ccedil;&atilde;o na pol&iacute;tica de Picos: &ldquo;somos pr&eacute;-candidatos para construirmos uma Picos melhor para todos. N&atilde;o temos vaidades, temos amor por Picos e temos muita vontade de trabalhar para que Picos volte a ser uma cidade desenvolvida, com obras estruturantes&rdquo;, ressaltou o pr&eacute;-candidato &agrave; vice, J&uacute;nior Nobre.<\/p>\n<p style=\"text-align: justify;\"><img decoding=\"async\" class=\"alignnone size-full wp-image-25424\" src=\"https:\/\/portalnpm.com\/wp-content\/uploads\/2024\/01\/Screenshot_2020-09-05-10-27-00-1.png\" alt=\"\" width=\"720\" height=\"464\"> <img decoding=\"async\" class=\"alignnone size-medium wp-image-25425\" src=\"https:\/\/portalnpm.com\/wp-content\/uploads\/2024\/01\/Screenshot_2020-09-05-10-29-00-1-1.png\" alt=\"\" width=\"720\" height=\"461\"> <img loading=\"lazy\" decoding=\"async\" class=\"alignnone size-medium wp-image-25426\" src=\"https:\/\/portalnpm.com\/wp-content\/uploads\/2024\/01\/Screenshot_2020-09-05-10-27-32-1-1.png\" alt=\"\" width=\"720\" height=\"471\"> <img loading=\"lazy\" decoding=\"async\" class=\"alignnone size-medium wp-image-25427\" src=\"https:\/\/portalnpm.com\/wp-content\/uploads\/2024\/01\/Screenshot_2020-09-05-10-29-37-1.png\" alt=\"\" width=\"720\" height=\"470\"> <img loading=\"lazy\" decoding=\"async\" class=\"alignnone size-medium wp-image-25428\" src=\"https:\/\/portalnpm.com\/wp-content\/uploads\/2024\/01\/Screenshot_2020-09-05-10-29-57-1.png\" alt=\"\" width=\"720\" height=\"474\"> <img loading=\"lazy\" decoding=\"async\" class=\"alignnone size-medium wp-image-25429\" src=\"https:\/\/portalnpm.com\/wp-content\/uploads\/2024\/01\/Screenshot_2020-09-05-10-30-02-1.png\" alt=\"\" width=\"720\" height=\"474\"> <img loading=\"lazy\" decoding=\"async\" class=\"alignnone size-medium wp-image-25430\" src=\"https:\/\/portalnpm.com\/wp-content\/uploads\/2024\/01\/Screenshot_2020-09-05-10-30-21-1.png\" alt=\"\" width=\"720\" height=\"472\"><\/p>\n<p style=\"text-align: justify;\">Fonte: Ascom<\/p><\/p>\n","protected":false},"excerpt":{"rendered":"<p>Em coletiva de imprensa realizada na manh&atilde; deste s&aacute;bado (05) no restaurante do Picos Hotel, o pr&eacute;-candidato do PSL &agrave; prefeitura de Picos-PI, coronel Edwaldo Viana, apresentou o empres&aacute;rio e policial rodovi&aacute;rio federal J&uacute;nior Nobre (PSD) como pr&eacute;-candidato &agrave; vice-prefeito. Para Edwaldo Viana, a chegada de J&uacute;nior Nobre ao grupo mostra que esta &eacute; a &hellip;<\/p>\n","protected":false},"author":2,"featured_media":57473,"comment_status":"open","ping_status":"open","sticky":false,"template":"","format":"standard","meta":{"content-type":"","rop_custom_images_group":[],"rop_custom_messages_group":[],"rop_publish_now":"initial","rop_publish_now_accounts":{"facebook_2648258775420054_1618374048415101":""},"rop_publish_now_history":[],"rop_publish_now_status":"pending","footnotes":"","_jetpack_memberships_contains_paid_content":false},"categories":[113,109,127,130],"tags":[6226,6227,510,6228,3029,740],"yoast_head":"<!-- This site is optimized with the Yoast SEO plugin v22.3 - https:\/\/yoast.com\/wordpress\/plugins\/seo\/ -->\n<title>Em Picos, Coronel Viana anuncia empres\u00e1rio e policial rodovi\u00e1rio federal J\u00fanior Nobre como pr\u00e9-candidato \u00e0 vice-prefeito<\/title>\n<meta name=\"robots\" content=\"index, follow, max-snippet:-1, max-image-preview:large, max-video-preview:-1\" \/>\n<link rel=\"canonical\" href=\"https:\/\/portalnpm.com\/index.php\/2020\/09\/05\/em-picos-coronel-viana-anuncia-empresario-e-policial-rodoviario-federal-junior-nobre-como-pre-candidato-a-vice-prefeito\/\" \/>\n<meta property=\"og:locale\" content=\"pt_BR\" \/>\n<meta property=\"og:type\" content=\"article\" \/>\n<meta property=\"og:title\" content=\"Em Picos, Coronel Viana anuncia empres\u00e1rio e policial rodovi\u00e1rio federal J\u00fanior Nobre como pr\u00e9-candidato \u00e0 vice-prefeito\" \/>\n<meta property=\"og:description\" content=\"Em coletiva de imprensa realizada na manh&atilde; deste s&aacute;bado (05) no restaurante do Picos Hotel, o pr&eacute;-candidato do PSL &agrave; prefeitura de Picos-PI, coronel Edwaldo Viana, apresentou o empres&aacute;rio e policial rodovi&aacute;rio federal J&uacute;nior Nobre (PSD) como pr&eacute;-candidato &agrave; vice-prefeito. Para Edwaldo Viana, a chegada de J&uacute;nior Nobre ao grupo mostra que esta &eacute; a &hellip;\" \/>\n<meta property=\"og:url\" content=\"https:\/\/portalnpm.com\/index.php\/2020\/09\/05\/em-picos-coronel-viana-anuncia-empresario-e-policial-rodoviario-federal-junior-nobre-como-pre-candidato-a-vice-prefeito\/\" \/>\n<meta property=\"og:site_name\" content=\"Portal NPM\" \/>\n<meta property=\"article:published_time\" content=\"2020-09-05T15:25:55+00:00\" \/>\n<meta property=\"article:modified_time\" content=\"2024-01-16T00:10:40+00:00\" \/>\n<meta property=\"og:image\" content=\"https:\/\/portalnpm.com\/wp-content\/uploads\/2024\/01\/Screenshot_2020-09-05-10-27-32-1.png\" \/>\n\t<meta property=\"og:image:width\" content=\"720\" \/>\n\t<meta property=\"og:image:height\" content=\"471\" \/>\n\t<meta property=\"og:image:type\" content=\"image\/png\" \/>\n<meta name=\"author\" content=\"Genival Barbosa\" \/>\n<meta name=\"twitter:card\" content=\"summary_large_image\" \/>\n<meta name=\"twitter:label1\" content=\"Escrito por\" \/>\n\t<meta name=\"twitter:data1\" content=\"Genival Barbosa\" \/>\n\t<meta name=\"twitter:label2\" content=\"Est. tempo de leitura\" \/>\n\t<meta name=\"twitter:data2\" content=\"1 minuto\" \/>\n<script type=\"application\/ld+json\" class=\"yoast-schema-graph\">{\"@context\":\"https:\/\/schema.org\",\"@graph\":[{\"@type\":\"WebPage\",\"@id\":\"https:\/\/portalnpm.com\/index.php\/2020\/09\/05\/em-picos-coronel-viana-anuncia-empresario-e-policial-rodoviario-federal-junior-nobre-como-pre-candidato-a-vice-prefeito\/\",\"url\":\"https:\/\/portalnpm.com\/index.php\/2020\/09\/05\/em-picos-coronel-viana-anuncia-empresario-e-policial-rodoviario-federal-junior-nobre-como-pre-candidato-a-vice-prefeito\/\",\"name\":\"Em Picos, Coronel Viana anuncia empres\u00e1rio e policial rodovi\u00e1rio federal J\u00fanior Nobre como pr\u00e9-candidato \u00e0 vice-prefeito\",\"isPartOf\":{\"@id\":\"https:\/\/portalnpm.com\/#website\"},\"primaryImageOfPage\":{\"@id\":\"https:\/\/portalnpm.com\/index.php\/2020\/09\/05\/em-picos-coronel-viana-anuncia-empresario-e-policial-rodoviario-federal-junior-nobre-como-pre-candidato-a-vice-prefeito\/#primaryimage\"},\"image\":{\"@id\":\"https:\/\/portalnpm.com\/index.php\/2020\/09\/05\/em-picos-coronel-viana-anuncia-empresario-e-policial-rodoviario-federal-junior-nobre-como-pre-candidato-a-vice-prefeito\/#primaryimage\"},\"thumbnailUrl\":\"https:\/\/portalnpm.com\/wp-content\/uploads\/2024\/01\/Screenshot_2020-09-05-10-27-32-1.png\",\"datePublished\":\"2020-09-05T15:25:55+00:00\",\"dateModified\":\"2024-01-16T00:10:40+00:00\",\"author\":{\"@id\":\"https:\/\/portalnpm.com\/#\/schema\/person\/49313e563cfdefcc167f1ee4c017c294\"},\"breadcrumb\":{\"@id\":\"https:\/\/portalnpm.com\/index.php\/2020\/09\/05\/em-picos-coronel-viana-anuncia-empresario-e-policial-rodoviario-federal-junior-nobre-como-pre-candidato-a-vice-prefeito\/#breadcrumb\"},\"inLanguage\":\"pt-BR\",\"potentialAction\":[{\"@type\":\"ReadAction\",\"target\":[\"https:\/\/portalnpm.com\/index.php\/2020\/09\/05\/em-picos-coronel-viana-anuncia-empresario-e-policial-rodoviario-federal-junior-nobre-como-pre-candidato-a-vice-prefeito\/\"]}]},{\"@type\":\"ImageObject\",\"inLanguage\":\"pt-BR\",\"@id\":\"https:\/\/portalnpm.com\/index.php\/2020\/09\/05\/em-picos-coronel-viana-anuncia-empresario-e-policial-rodoviario-federal-junior-nobre-como-pre-candidato-a-vice-prefeito\/#primaryimage\",\"url\":\"https:\/\/portalnpm.com\/wp-content\/uploads\/2024\/01\/Screenshot_2020-09-05-10-27-32-1.png\",\"contentUrl\":\"https:\/\/portalnpm.com\/wp-content\/uploads\/2024\/01\/Screenshot_2020-09-05-10-27-32-1.png\",\"width\":720,\"height\":471},{\"@type\":\"BreadcrumbList\",\"@id\":\"https:\/\/portalnpm.com\/index.php\/2020\/09\/05\/em-picos-coronel-viana-anuncia-empresario-e-policial-rodoviario-federal-junior-nobre-como-pre-candidato-a-vice-prefeito\/#breadcrumb\",\"itemListElement\":[{\"@type\":\"ListItem\",\"position\":1,\"name\":\"In\u00edcio\",\"item\":\"https:\/\/portalnpm.com\/\"},{\"@type\":\"ListItem\",\"position\":2,\"name\":\"Em Picos, Coronel Viana anuncia empres\u00e1rio e policial rodovi\u00e1rio federal J\u00fanior Nobre como pr\u00e9-candidato \u00e0 vice-prefeito\"}]},{\"@type\":\"WebSite\",\"@id\":\"https:\/\/portalnpm.com\/#website\",\"url\":\"https:\/\/portalnpm.com\/\",\"name\":\"Portal NPM\",\"description\":\"Not\u00edcias em Primeira M\u00e3o\",\"potentialAction\":[{\"@type\":\"SearchAction\",\"target\":{\"@type\":\"EntryPoint\",\"urlTemplate\":\"https:\/\/portalnpm.com\/?s={search_term_string}\"},\"query-input\":\"required name=search_term_string\"}],\"inLanguage\":\"pt-BR\"},{\"@type\":\"Person\",\"@id\":\"https:\/\/portalnpm.com\/#\/schema\/person\/49313e563cfdefcc167f1ee4c017c294\",\"name\":\"Genival Barbosa\",\"image\":{\"@type\":\"ImageObject\",\"inLanguage\":\"pt-BR\",\"@id\":\"https:\/\/portalnpm.com\/#\/schema\/person\/image\/\",\"url\":\"https:\/\/portalnpm.com\/wp-content\/uploads\/2024\/02\/avatar_user_2_1707743258-96x96.jpeg\",\"contentUrl\":\"https:\/\/portalnpm.com\/wp-content\/uploads\/2024\/02\/avatar_user_2_1707743258-96x96.jpeg\",\"caption\":\"Genival Barbosa\"},\"url\":\"https:\/\/portalnpm.com\/index.php\/author\/genival\/\"}]}<\/script>\n<!-- \/ Yoast SEO plugin. -->","yoast_head_json":{"title":"Em Picos, Coronel Viana anuncia empres\u00e1rio e policial rodovi\u00e1rio federal J\u00fanior Nobre como pr\u00e9-candidato \u00e0 vice-prefeito","robots":{"index":"index","follow":"follow","max-snippet":"max-snippet:-1","max-image-preview":"max-image-preview:large","max-video-preview":"max-video-preview:-1"},"canonical":"https:\/\/portalnpm.com\/index.php\/2020\/09\/05\/em-picos-coronel-viana-anuncia-empresario-e-policial-rodoviario-federal-junior-nobre-como-pre-candidato-a-vice-prefeito\/","og_locale":"pt_BR","og_type":"article","og_title":"Em Picos, Coronel Viana anuncia empres\u00e1rio e policial rodovi\u00e1rio federal J\u00fanior Nobre como pr\u00e9-candidato \u00e0 vice-prefeito","og_description":"Em coletiva de imprensa realizada na manh&atilde; deste s&aacute;bado (05) no restaurante do Picos Hotel, o pr&eacute;-candidato do PSL &agrave; prefeitura de Picos-PI, coronel Edwaldo Viana, apresentou o empres&aacute;rio e policial rodovi&aacute;rio federal J&uacute;nior Nobre (PSD) como pr&eacute;-candidato &agrave; vice-prefeito. Para Edwaldo Viana, a chegada de J&uacute;nior Nobre ao grupo mostra que esta &eacute; a &hellip;","og_url":"https:\/\/portalnpm.com\/index.php\/2020\/09\/05\/em-picos-coronel-viana-anuncia-empresario-e-policial-rodoviario-federal-junior-nobre-como-pre-candidato-a-vice-prefeito\/","og_site_name":"Portal NPM","article_published_time":"2020-09-05T15:25:55+00:00","article_modified_time":"2024-01-16T00:10:40+00:00","og_image":[{"width":720,"height":471,"url":"https:\/\/portalnpm.com\/wp-content\/uploads\/2024\/01\/Screenshot_2020-09-05-10-27-32-1.png","type":"image\/png"}],"author":"Genival Barbosa","twitter_card":"summary_large_image","twitter_misc":{"Escrito por":"Genival Barbosa","Est. tempo de leitura":"1 minuto"},"schema":{"@context":"https:\/\/schema.org","@graph":[{"@type":"WebPage","@id":"https:\/\/portalnpm.com\/index.php\/2020\/09\/05\/em-picos-coronel-viana-anuncia-empresario-e-policial-rodoviario-federal-junior-nobre-como-pre-candidato-a-vice-prefeito\/","url":"https:\/\/portalnpm.com\/index.php\/2020\/09\/05\/em-picos-coronel-viana-anuncia-empresario-e-policial-rodoviario-federal-junior-nobre-como-pre-candidato-a-vice-prefeito\/","name":"Em Picos, Coronel Viana anuncia empres\u00e1rio e policial rodovi\u00e1rio federal J\u00fanior Nobre como pr\u00e9-candidato \u00e0 vice-prefeito","isPartOf":{"@id":"https:\/\/portalnpm.com\/#website"},"primaryImageOfPage":{"@id":"https:\/\/portalnpm.com\/index.php\/2020\/09\/05\/em-picos-coronel-viana-anuncia-empresario-e-policial-rodoviario-federal-junior-nobre-como-pre-candidato-a-vice-prefeito\/#primaryimage"},"image":{"@id":"https:\/\/portalnpm.com\/index.php\/2020\/09\/05\/em-picos-coronel-viana-anuncia-empresario-e-policial-rodoviario-federal-junior-nobre-como-pre-candidato-a-vice-prefeito\/#primaryimage"},"thumbnailUrl":"https:\/\/portalnpm.com\/wp-content\/uploads\/2024\/01\/Screenshot_2020-09-05-10-27-32-1.png","datePublished":"2020-09-05T15:25:55+00:00","dateModified":"2024-01-16T00:10:40+00:00","author":{"@id":"https:\/\/portalnpm.com\/#\/schema\/person\/49313e563cfdefcc167f1ee4c017c294"},"breadcrumb":{"@id":"https:\/\/portalnpm.com\/index.php\/2020\/09\/05\/em-picos-coronel-viana-anuncia-empresario-e-policial-rodoviario-federal-junior-nobre-como-pre-candidato-a-vice-prefeito\/#breadcrumb"},"inLanguage":"pt-BR","potentialAction":[{"@type":"ReadAction","target":["https:\/\/portalnpm.com\/index.php\/2020\/09\/05\/em-picos-coronel-viana-anuncia-empresario-e-policial-rodoviario-federal-junior-nobre-como-pre-candidato-a-vice-prefeito\/"]}]},{"@type":"ImageObject","inLanguage":"pt-BR","@id":"https:\/\/portalnpm.com\/index.php\/2020\/09\/05\/em-picos-coronel-viana-anuncia-empresario-e-policial-rodoviario-federal-junior-nobre-como-pre-candidato-a-vice-prefeito\/#primaryimage","url":"https:\/\/portalnpm.com\/wp-content\/uploads\/2024\/01\/Screenshot_2020-09-05-10-27-32-1.png","contentUrl":"https:\/\/portalnpm.com\/wp-content\/uploads\/2024\/01\/Screenshot_2020-09-05-10-27-32-1.png","width":720,"height":471},{"@type":"BreadcrumbList","@id":"https:\/\/portalnpm.com\/index.php\/2020\/09\/05\/em-picos-coronel-viana-anuncia-empresario-e-policial-rodoviario-federal-junior-nobre-como-pre-candidato-a-vice-prefeito\/#breadcrumb","itemListElement":[{"@type":"ListItem","position":1,"name":"In\u00edcio","item":"https:\/\/portalnpm.com\/"},{"@type":"ListItem","position":2,"name":"Em Picos, Coronel Viana anuncia empres\u00e1rio e policial rodovi\u00e1rio federal J\u00fanior Nobre como pr\u00e9-candidato \u00e0 vice-prefeito"}]},{"@type":"WebSite","@id":"https:\/\/portalnpm.com\/#website","url":"https:\/\/portalnpm.com\/","name":"Portal NPM","description":"Not\u00edcias em Primeira M\u00e3o","potentialAction":[{"@type":"SearchAction","target":{"@type":"EntryPoint","urlTemplate":"https:\/\/portalnpm.com\/?s={search_term_string}"},"query-input":"required name=search_term_string"}],"inLanguage":"pt-BR"},{"@type":"Person","@id":"https:\/\/portalnpm.com\/#\/schema\/person\/49313e563cfdefcc167f1ee4c017c294","name":"Genival Barbosa","image":{"@type":"ImageObject","inLanguage":"pt-BR","@id":"https:\/\/portalnpm.com\/#\/schema\/person\/image\/","url":"https:\/\/portalnpm.com\/wp-content\/uploads\/2024\/02\/avatar_user_2_1707743258-96x96.jpeg","contentUrl":"https:\/\/portalnpm.com\/wp-content\/uploads\/2024\/02\/avatar_user_2_1707743258-96x96.jpeg","caption":"Genival Barbosa"},"url":"https:\/\/portalnpm.com\/index.php\/author\/genival\/"}]}},"jetpack_sharing_enabled":true,"jetpack_featured_media_url":"https:\/\/portalnpm.com\/wp-content\/uploads\/2024\/01\/Screenshot_2020-09-05-10-27-32-1.png","_links":{"self":[{"href":"https:\/\/portalnpm.com\/index.php\/wp-json\/wp\/v2\/posts\/57472"}],"collection":[{"href":"https:\/\/portalnpm.com\/index.php\/wp-json\/wp\/v2\/posts"}],"about":[{"href":"https:\/\/portalnpm.com\/index.php\/wp-json\/wp\/v2\/types\/post"}],"author":[{"embeddable":true,"href":"https:\/\/portalnpm.com\/index.php\/wp-json\/wp\/v2\/users\/2"}],"replies":[{"embeddable":true,"href":"https:\/\/portalnpm.com\/index.php\/wp-json\/wp\/v2\/comments?post=57472"}],"version-history":[{"count":1,"href":"https:\/\/portalnpm.com\/index.php\/wp-json\/wp\/v2\/posts\/57472\/revisions"}],"predecessor-version":[{"id":57489,"href":"https:\/\/portalnpm.com\/index.php\/wp-json\/wp\/v2\/posts\/57472\/revisions\/57489"}],"wp:featuredmedia":[{"embeddable":true,"href":"https:\/\/portalnpm.com\/index.php\/wp-json\/wp\/v2\/media\/57473"}],"wp:attachment":[{"href":"https:\/\/portalnpm.com\/index.php\/wp-json\/wp\/v2\/media?parent=57472"}],"wp:term":[{"taxonomy":"category","embeddable":true,"href":"https:\/\/portalnpm.com\/index.php\/wp-json\/wp\/v2\/categories?post=57472"},{"taxonomy":"post_tag","embeddable":true,"href":"https:\/\/portalnpm.com\/index.php\/wp-json\/wp\/v2\/tags?post=57472"}],"curies":[{"name":"wp","href":"https:\/\/api.w.org\/{rel}","templated":true}]}}