{"id":57518,"date":"2020-09-06T10:37:56","date_gmt":"2020-09-06T13:37:56","guid":{"rendered":"https:\/\/portalnpm.com\/index.php\/2020\/09\/06\/acidente-na-br-316-deixa-uma-pessoa-morta-em-araripina\/"},"modified":"2020-09-06T10:37:56","modified_gmt":"2020-09-06T13:37:56","slug":"acidente-na-br-316-deixa-uma-pessoa-morta-em-araripina","status":"publish","type":"post","link":"https:\/\/portalnpm.com\/index.php\/2020\/09\/06\/acidente-na-br-316-deixa-uma-pessoa-morta-em-araripina\/","title":{"rendered":"Acidente na BR-316 deixa uma pessoa morta em Araripina"},"content":{"rendered":"<p style=\"text-align: justify;\">Um jovem morreu no in\u00edcio da noite deste s\u00e1bado (05) ap\u00f3s um acidente com motocicleta na BR-316 em Araripina, no Sert\u00e3o de Pernambuco, pr\u00f3ximo a divisa com o estado do Piau\u00ed.<\/p>\n<p style=\"text-align: justify;\">\n<p style=\"text-align: justify;\">\n<p style=\"text-align: justify;\">Uma guarni\u00e7\u00e3o da 9\u00aa Companhia de Pol\u00edcia Militar efetivo fez o isolamento ate a chegada do Instituto de Criminal\u00edstica \u2013 IC e a Pol\u00edcia Rodovi\u00e1ria Federal.<\/p>\n<p style=\"text-align: justify;\">O Boletim de Ocorr\u00eancia foi entregue na Delegacia de Pol\u00edcia Civil local. Esse foi o 15\u00aa acidente fatal no ano de 2020 em Araripina.<\/p>\n<p style=\"text-align: justify;\"><em><strong>Fonte: Blog do Roberto Araripina<\/strong><\/em><\/p>\n","protected":false},"excerpt":{"rendered":"<p>Um jovem morreu no in\u00edcio da noite deste s\u00e1bado (05) ap\u00f3s um acidente com motocicleta na BR-316 em Araripina, no Sert\u00e3o de Pernambuco, pr\u00f3ximo a divisa com o estado do Piau\u00ed. Uma guarni\u00e7\u00e3o da 9\u00aa Companhia de Pol\u00edcia Militar efetivo fez o isolamento ate a chegada do Instituto de Criminal\u00edstica \u2013 IC e a Pol\u00edcia &hellip;<\/p>\n","protected":false},"author":2,"featured_media":25494,"comment_status":"open","ping_status":"open","sticky":false,"template":"","format":"standard","meta":{"content-type":"","rop_custom_images_group":[],"rop_custom_messages_group":[],"rop_publish_now":"initial","rop_publish_now_accounts":{"facebook_2648258775420054_1618374048415101":""},"rop_publish_now_history":[],"rop_publish_now_status":"pending","footnotes":"","_jetpack_memberships_contains_paid_content":false},"categories":[145],"tags":[154,667,1945,1842],"yoast_head":"<!-- This site is optimized with the Yoast SEO plugin v22.3 - https:\/\/yoast.com\/wordpress\/plugins\/seo\/ -->\n<title>Acidente na BR-316 deixa uma pessoa morta em Araripina<\/title>\n<meta name=\"robots\" content=\"index, follow, max-snippet:-1, max-image-preview:large, max-video-preview:-1\" \/>\n<link rel=\"canonical\" href=\"https:\/\/portalnpm.com\/index.php\/2020\/09\/06\/acidente-na-br-316-deixa-uma-pessoa-morta-em-araripina\/\" \/>\n<meta property=\"og:locale\" content=\"pt_BR\" \/>\n<meta property=\"og:type\" content=\"article\" \/>\n<meta property=\"og:title\" content=\"Acidente na BR-316 deixa uma pessoa morta em Araripina\" \/>\n<meta property=\"og:description\" content=\"Um jovem morreu no in\u00edcio da noite deste s\u00e1bado (05) ap\u00f3s um acidente com motocicleta na BR-316 em Araripina, no Sert\u00e3o de Pernambuco, pr\u00f3ximo a divisa com o estado do Piau\u00ed. Uma guarni\u00e7\u00e3o da 9\u00aa Companhia de Pol\u00edcia Militar efetivo fez o isolamento ate a chegada do Instituto de Criminal\u00edstica \u2013 IC e a Pol\u00edcia &hellip;\" \/>\n<meta property=\"og:url\" content=\"https:\/\/portalnpm.com\/index.php\/2020\/09\/06\/acidente-na-br-316-deixa-uma-pessoa-morta-em-araripina\/\" \/>\n<meta property=\"og:site_name\" content=\"Portal NPM\" \/>\n<meta property=\"article:published_time\" content=\"2020-09-06T13:37:56+00:00\" \/>\n<meta name=\"author\" content=\"Genival Barbosa\" \/>\n<meta name=\"twitter:card\" content=\"summary_large_image\" \/>\n<meta name=\"twitter:label1\" content=\"Escrito por\" \/>\n\t<meta name=\"twitter:data1\" content=\"Genival Barbosa\" \/>\n<script type=\"application\/ld+json\" class=\"yoast-schema-graph\">{\"@context\":\"https:\/\/schema.org\",\"@graph\":[{\"@type\":\"WebPage\",\"@id\":\"https:\/\/portalnpm.com\/index.php\/2020\/09\/06\/acidente-na-br-316-deixa-uma-pessoa-morta-em-araripina\/\",\"url\":\"https:\/\/portalnpm.com\/index.php\/2020\/09\/06\/acidente-na-br-316-deixa-uma-pessoa-morta-em-araripina\/\",\"name\":\"Acidente na BR-316 deixa uma pessoa morta em Araripina\",\"isPartOf\":{\"@id\":\"https:\/\/portalnpm.com\/#website\"},\"primaryImageOfPage\":{\"@id\":\"https:\/\/portalnpm.com\/index.php\/2020\/09\/06\/acidente-na-br-316-deixa-uma-pessoa-morta-em-araripina\/#primaryimage\"},\"image\":{\"@id\":\"https:\/\/portalnpm.com\/index.php\/2020\/09\/06\/acidente-na-br-316-deixa-uma-pessoa-morta-em-araripina\/#primaryimage\"},\"thumbnailUrl\":\"\",\"datePublished\":\"2020-09-06T13:37:56+00:00\",\"dateModified\":\"2020-09-06T13:37:56+00:00\",\"author\":{\"@id\":\"https:\/\/portalnpm.com\/#\/schema\/person\/49313e563cfdefcc167f1ee4c017c294\"},\"breadcrumb\":{\"@id\":\"https:\/\/portalnpm.com\/index.php\/2020\/09\/06\/acidente-na-br-316-deixa-uma-pessoa-morta-em-araripina\/#breadcrumb\"},\"inLanguage\":\"pt-BR\",\"potentialAction\":[{\"@type\":\"ReadAction\",\"target\":[\"https:\/\/portalnpm.com\/index.php\/2020\/09\/06\/acidente-na-br-316-deixa-uma-pessoa-morta-em-araripina\/\"]}]},{\"@type\":\"ImageObject\",\"inLanguage\":\"pt-BR\",\"@id\":\"https:\/\/portalnpm.com\/index.php\/2020\/09\/06\/acidente-na-br-316-deixa-uma-pessoa-morta-em-araripina\/#primaryimage\",\"url\":\"\",\"contentUrl\":\"\"},{\"@type\":\"BreadcrumbList\",\"@id\":\"https:\/\/portalnpm.com\/index.php\/2020\/09\/06\/acidente-na-br-316-deixa-uma-pessoa-morta-em-araripina\/#breadcrumb\",\"itemListElement\":[{\"@type\":\"ListItem\",\"position\":1,\"name\":\"In\u00edcio\",\"item\":\"https:\/\/portalnpm.com\/\"},{\"@type\":\"ListItem\",\"position\":2,\"name\":\"Acidente na BR-316 deixa uma pessoa morta em Araripina\"}]},{\"@type\":\"WebSite\",\"@id\":\"https:\/\/portalnpm.com\/#website\",\"url\":\"https:\/\/portalnpm.com\/\",\"name\":\"Portal NPM\",\"description\":\"Not\u00edcias em Primeira M\u00e3o\",\"potentialAction\":[{\"@type\":\"SearchAction\",\"target\":{\"@type\":\"EntryPoint\",\"urlTemplate\":\"https:\/\/portalnpm.com\/?s={search_term_string}\"},\"query-input\":\"required name=search_term_string\"}],\"inLanguage\":\"pt-BR\"},{\"@type\":\"Person\",\"@id\":\"https:\/\/portalnpm.com\/#\/schema\/person\/49313e563cfdefcc167f1ee4c017c294\",\"name\":\"Genival Barbosa\",\"image\":{\"@type\":\"ImageObject\",\"inLanguage\":\"pt-BR\",\"@id\":\"https:\/\/portalnpm.com\/#\/schema\/person\/image\/\",\"url\":\"https:\/\/portalnpm.com\/wp-content\/uploads\/2024\/02\/avatar_user_2_1707743258-96x96.jpeg\",\"contentUrl\":\"https:\/\/portalnpm.com\/wp-content\/uploads\/2024\/02\/avatar_user_2_1707743258-96x96.jpeg\",\"caption\":\"Genival Barbosa\"},\"url\":\"https:\/\/portalnpm.com\/index.php\/author\/genival\/\"}]}<\/script>\n<!-- \/ Yoast SEO plugin. -->","yoast_head_json":{"title":"Acidente na BR-316 deixa uma pessoa morta em Araripina","robots":{"index":"index","follow":"follow","max-snippet":"max-snippet:-1","max-image-preview":"max-image-preview:large","max-video-preview":"max-video-preview:-1"},"canonical":"https:\/\/portalnpm.com\/index.php\/2020\/09\/06\/acidente-na-br-316-deixa-uma-pessoa-morta-em-araripina\/","og_locale":"pt_BR","og_type":"article","og_title":"Acidente na BR-316 deixa uma pessoa morta em Araripina","og_description":"Um jovem morreu no in\u00edcio da noite deste s\u00e1bado (05) ap\u00f3s um acidente com motocicleta na BR-316 em Araripina, no Sert\u00e3o de Pernambuco, pr\u00f3ximo a divisa com o estado do Piau\u00ed. Uma guarni\u00e7\u00e3o da 9\u00aa Companhia de Pol\u00edcia Militar efetivo fez o isolamento ate a chegada do Instituto de Criminal\u00edstica \u2013 IC e a Pol\u00edcia &hellip;","og_url":"https:\/\/portalnpm.com\/index.php\/2020\/09\/06\/acidente-na-br-316-deixa-uma-pessoa-morta-em-araripina\/","og_site_name":"Portal NPM","article_published_time":"2020-09-06T13:37:56+00:00","author":"Genival Barbosa","twitter_card":"summary_large_image","twitter_misc":{"Escrito por":"Genival Barbosa"},"schema":{"@context":"https:\/\/schema.org","@graph":[{"@type":"WebPage","@id":"https:\/\/portalnpm.com\/index.php\/2020\/09\/06\/acidente-na-br-316-deixa-uma-pessoa-morta-em-araripina\/","url":"https:\/\/portalnpm.com\/index.php\/2020\/09\/06\/acidente-na-br-316-deixa-uma-pessoa-morta-em-araripina\/","name":"Acidente na BR-316 deixa uma pessoa morta em Araripina","isPartOf":{"@id":"https:\/\/portalnpm.com\/#website"},"primaryImageOfPage":{"@id":"https:\/\/portalnpm.com\/index.php\/2020\/09\/06\/acidente-na-br-316-deixa-uma-pessoa-morta-em-araripina\/#primaryimage"},"image":{"@id":"https:\/\/portalnpm.com\/index.php\/2020\/09\/06\/acidente-na-br-316-deixa-uma-pessoa-morta-em-araripina\/#primaryimage"},"thumbnailUrl":"","datePublished":"2020-09-06T13:37:56+00:00","dateModified":"2020-09-06T13:37:56+00:00","author":{"@id":"https:\/\/portalnpm.com\/#\/schema\/person\/49313e563cfdefcc167f1ee4c017c294"},"breadcrumb":{"@id":"https:\/\/portalnpm.com\/index.php\/2020\/09\/06\/acidente-na-br-316-deixa-uma-pessoa-morta-em-araripina\/#breadcrumb"},"inLanguage":"pt-BR","potentialAction":[{"@type":"ReadAction","target":["https:\/\/portalnpm.com\/index.php\/2020\/09\/06\/acidente-na-br-316-deixa-uma-pessoa-morta-em-araripina\/"]}]},{"@type":"ImageObject","inLanguage":"pt-BR","@id":"https:\/\/portalnpm.com\/index.php\/2020\/09\/06\/acidente-na-br-316-deixa-uma-pessoa-morta-em-araripina\/#primaryimage","url":"","contentUrl":""},{"@type":"BreadcrumbList","@id":"https:\/\/portalnpm.com\/index.php\/2020\/09\/06\/acidente-na-br-316-deixa-uma-pessoa-morta-em-araripina\/#breadcrumb","itemListElement":[{"@type":"ListItem","position":1,"name":"In\u00edcio","item":"https:\/\/portalnpm.com\/"},{"@type":"ListItem","position":2,"name":"Acidente na BR-316 deixa uma pessoa morta em Araripina"}]},{"@type":"WebSite","@id":"https:\/\/portalnpm.com\/#website","url":"https:\/\/portalnpm.com\/","name":"Portal NPM","description":"Not\u00edcias em Primeira M\u00e3o","potentialAction":[{"@type":"SearchAction","target":{"@type":"EntryPoint","urlTemplate":"https:\/\/portalnpm.com\/?s={search_term_string}"},"query-input":"required name=search_term_string"}],"inLanguage":"pt-BR"},{"@type":"Person","@id":"https:\/\/portalnpm.com\/#\/schema\/person\/49313e563cfdefcc167f1ee4c017c294","name":"Genival Barbosa","image":{"@type":"ImageObject","inLanguage":"pt-BR","@id":"https:\/\/portalnpm.com\/#\/schema\/person\/image\/","url":"https:\/\/portalnpm.com\/wp-content\/uploads\/2024\/02\/avatar_user_2_1707743258-96x96.jpeg","contentUrl":"https:\/\/portalnpm.com\/wp-content\/uploads\/2024\/02\/avatar_user_2_1707743258-96x96.jpeg","caption":"Genival Barbosa"},"url":"https:\/\/portalnpm.com\/index.php\/author\/genival\/"}]}},"jetpack_sharing_enabled":true,"jetpack_featured_media_url":"","_links":{"self":[{"href":"https:\/\/portalnpm.com\/index.php\/wp-json\/wp\/v2\/posts\/57518"}],"collection":[{"href":"https:\/\/portalnpm.com\/index.php\/wp-json\/wp\/v2\/posts"}],"about":[{"href":"https:\/\/portalnpm.com\/index.php\/wp-json\/wp\/v2\/types\/post"}],"author":[{"embeddable":true,"href":"https:\/\/portalnpm.com\/index.php\/wp-json\/wp\/v2\/users\/2"}],"replies":[{"embeddable":true,"href":"https:\/\/portalnpm.com\/index.php\/wp-json\/wp\/v2\/comments?post=57518"}],"version-history":[{"count":0,"href":"https:\/\/portalnpm.com\/index.php\/wp-json\/wp\/v2\/posts\/57518\/revisions"}],"wp:featuredmedia":[{"embeddable":true,"href":"https:\/\/portalnpm.com\/index.php\/wp-json\/"}],"wp:attachment":[{"href":"https:\/\/portalnpm.com\/index.php\/wp-json\/wp\/v2\/media?parent=57518"}],"wp:term":[{"taxonomy":"category","embeddable":true,"href":"https:\/\/portalnpm.com\/index.php\/wp-json\/wp\/v2\/categories?post=57518"},{"taxonomy":"post_tag","embeddable":true,"href":"https:\/\/portalnpm.com\/index.php\/wp-json\/wp\/v2\/tags?post=57518"}],"curies":[{"name":"wp","href":"https:\/\/api.w.org\/{rel}","templated":true}]}}