{"id":57569,"date":"2020-09-07T10:58:51","date_gmt":"2020-09-07T13:58:51","guid":{"rendered":"https:\/\/portalnpm.com\/index.php\/2020\/09\/07\/casal-fica-gravemente-ferido-em-acidente-na-br-230-em-oeiras\/"},"modified":"2020-09-07T10:58:51","modified_gmt":"2020-09-07T13:58:51","slug":"casal-fica-gravemente-ferido-em-acidente-na-br-230-em-oeiras","status":"publish","type":"post","link":"https:\/\/portalnpm.com\/index.php\/2020\/09\/07\/casal-fica-gravemente-ferido-em-acidente-na-br-230-em-oeiras\/","title":{"rendered":"Casal fica gravemente ferido em acidente na BR 230 em Oeiras"},"content":{"rendered":"<p style=\"text-align: justify;\">Um homem e uma mulher ficaram gravemente feridos em um acidente na BR 230, na noite deste domingo, 06, em Oeiras.<\/p>\n<p style=\"text-align: justify;\">\n<p style=\"text-align: justify;\">\n<p style=\"text-align: justify;\">O acidente aconteceu pr\u00f3ximo a ponte do Rio Canind\u00e9, sentido Oeiras-Picos, e segundo informa\u00e7\u00f5es o casal seguia de moto quando uma carreta ao fazer a ultrapassagem tocou na motocicleta provocando o acidente. Ap\u00f3s cair sobre a pista, um veiculo que vinha logo atr\u00e1s passou por cima das pernas do condutor da moto, idenficado por Djavan Vieira do Nascimento, 34 anos, deixando-o gravemente ferido. A mulher, Cacilda Janu\u00e1ria de Castro, de 49 anos, sofreu v\u00e1rias escoria\u00e7\u00f5es.<\/p>\n<p style=\"text-align: justify;\">O SAMU foi acionado, fazendo os primeiros atendimentos no local e conduzindo os feridos para a UPA.<\/p>\n<p style=\"text-align: justify;\">\n<em><strong>Fonte: Mural da Vila<\/strong><\/em><\/p>\n","protected":false},"excerpt":{"rendered":"<p>Um homem e uma mulher ficaram gravemente feridos em um acidente na BR 230, na noite deste domingo, 06, em Oeiras. O acidente aconteceu pr\u00f3ximo a ponte do Rio Canind\u00e9, sentido Oeiras-Picos, e segundo informa\u00e7\u00f5es o casal seguia de moto quando uma carreta ao fazer a ultrapassagem tocou na motocicleta provocando o acidente. Ap\u00f3s cair &hellip;<\/p>\n","protected":false},"author":2,"featured_media":57570,"comment_status":"open","ping_status":"open","sticky":false,"template":"","format":"standard","meta":{"content-type":"","rop_custom_images_group":[],"rop_custom_messages_group":[],"rop_publish_now":"initial","rop_publish_now_accounts":{"facebook_2648258775420054_1618374048415101":""},"rop_publish_now_history":[],"rop_publish_now_status":"pending","footnotes":"","_jetpack_memberships_contains_paid_content":false},"categories":[118,3890],"tags":[154,2347,6287],"yoast_head":"<!-- This site is optimized with the Yoast SEO plugin v22.3 - https:\/\/yoast.com\/wordpress\/plugins\/seo\/ -->\n<title>Casal fica gravemente ferido em acidente na BR 230 em Oeiras<\/title>\n<meta name=\"robots\" content=\"index, follow, max-snippet:-1, max-image-preview:large, max-video-preview:-1\" \/>\n<link rel=\"canonical\" href=\"https:\/\/portalnpm.com\/index.php\/2020\/09\/07\/casal-fica-gravemente-ferido-em-acidente-na-br-230-em-oeiras\/\" \/>\n<meta property=\"og:locale\" content=\"pt_BR\" \/>\n<meta property=\"og:type\" content=\"article\" \/>\n<meta property=\"og:title\" content=\"Casal fica gravemente ferido em acidente na BR 230 em Oeiras\" \/>\n<meta property=\"og:description\" content=\"Um homem e uma mulher ficaram gravemente feridos em um acidente na BR 230, na noite deste domingo, 06, em Oeiras. O acidente aconteceu pr\u00f3ximo a ponte do Rio Canind\u00e9, sentido Oeiras-Picos, e segundo informa\u00e7\u00f5es o casal seguia de moto quando uma carreta ao fazer a ultrapassagem tocou na motocicleta provocando o acidente. Ap\u00f3s cair &hellip;\" \/>\n<meta property=\"og:url\" content=\"https:\/\/portalnpm.com\/index.php\/2020\/09\/07\/casal-fica-gravemente-ferido-em-acidente-na-br-230-em-oeiras\/\" \/>\n<meta property=\"og:site_name\" content=\"Portal NPM\" \/>\n<meta property=\"article:published_time\" content=\"2020-09-07T13:58:51+00:00\" \/>\n<meta property=\"og:image\" content=\"https:\/\/portalnpm.com\/wp-content\/uploads\/2024\/01\/dec055fbea0cd62816a4273abd73dadd.jpg\" \/>\n\t<meta property=\"og:image:width\" content=\"300\" \/>\n\t<meta property=\"og:image:height\" content=\"220\" \/>\n\t<meta property=\"og:image:type\" content=\"image\/jpeg\" \/>\n<meta name=\"author\" content=\"Genival Barbosa\" \/>\n<meta name=\"twitter:card\" content=\"summary_large_image\" \/>\n<meta name=\"twitter:label1\" content=\"Escrito por\" \/>\n\t<meta name=\"twitter:data1\" content=\"Genival Barbosa\" \/>\n\t<meta name=\"twitter:label2\" content=\"Est. tempo de leitura\" \/>\n\t<meta name=\"twitter:data2\" content=\"1 minuto\" \/>\n<script type=\"application\/ld+json\" class=\"yoast-schema-graph\">{\"@context\":\"https:\/\/schema.org\",\"@graph\":[{\"@type\":\"WebPage\",\"@id\":\"https:\/\/portalnpm.com\/index.php\/2020\/09\/07\/casal-fica-gravemente-ferido-em-acidente-na-br-230-em-oeiras\/\",\"url\":\"https:\/\/portalnpm.com\/index.php\/2020\/09\/07\/casal-fica-gravemente-ferido-em-acidente-na-br-230-em-oeiras\/\",\"name\":\"Casal fica gravemente ferido em acidente na BR 230 em Oeiras\",\"isPartOf\":{\"@id\":\"https:\/\/portalnpm.com\/#website\"},\"primaryImageOfPage\":{\"@id\":\"https:\/\/portalnpm.com\/index.php\/2020\/09\/07\/casal-fica-gravemente-ferido-em-acidente-na-br-230-em-oeiras\/#primaryimage\"},\"image\":{\"@id\":\"https:\/\/portalnpm.com\/index.php\/2020\/09\/07\/casal-fica-gravemente-ferido-em-acidente-na-br-230-em-oeiras\/#primaryimage\"},\"thumbnailUrl\":\"https:\/\/portalnpm.com\/wp-content\/uploads\/2024\/01\/dec055fbea0cd62816a4273abd73dadd.jpg\",\"datePublished\":\"2020-09-07T13:58:51+00:00\",\"dateModified\":\"2020-09-07T13:58:51+00:00\",\"author\":{\"@id\":\"https:\/\/portalnpm.com\/#\/schema\/person\/49313e563cfdefcc167f1ee4c017c294\"},\"breadcrumb\":{\"@id\":\"https:\/\/portalnpm.com\/index.php\/2020\/09\/07\/casal-fica-gravemente-ferido-em-acidente-na-br-230-em-oeiras\/#breadcrumb\"},\"inLanguage\":\"pt-BR\",\"potentialAction\":[{\"@type\":\"ReadAction\",\"target\":[\"https:\/\/portalnpm.com\/index.php\/2020\/09\/07\/casal-fica-gravemente-ferido-em-acidente-na-br-230-em-oeiras\/\"]}]},{\"@type\":\"ImageObject\",\"inLanguage\":\"pt-BR\",\"@id\":\"https:\/\/portalnpm.com\/index.php\/2020\/09\/07\/casal-fica-gravemente-ferido-em-acidente-na-br-230-em-oeiras\/#primaryimage\",\"url\":\"https:\/\/portalnpm.com\/wp-content\/uploads\/2024\/01\/dec055fbea0cd62816a4273abd73dadd.jpg\",\"contentUrl\":\"https:\/\/portalnpm.com\/wp-content\/uploads\/2024\/01\/dec055fbea0cd62816a4273abd73dadd.jpg\",\"width\":300,\"height\":220},{\"@type\":\"BreadcrumbList\",\"@id\":\"https:\/\/portalnpm.com\/index.php\/2020\/09\/07\/casal-fica-gravemente-ferido-em-acidente-na-br-230-em-oeiras\/#breadcrumb\",\"itemListElement\":[{\"@type\":\"ListItem\",\"position\":1,\"name\":\"In\u00edcio\",\"item\":\"https:\/\/portalnpm.com\/\"},{\"@type\":\"ListItem\",\"position\":2,\"name\":\"Casal fica gravemente ferido em acidente na BR 230 em Oeiras\"}]},{\"@type\":\"WebSite\",\"@id\":\"https:\/\/portalnpm.com\/#website\",\"url\":\"https:\/\/portalnpm.com\/\",\"name\":\"Portal NPM\",\"description\":\"Not\u00edcias em Primeira M\u00e3o\",\"potentialAction\":[{\"@type\":\"SearchAction\",\"target\":{\"@type\":\"EntryPoint\",\"urlTemplate\":\"https:\/\/portalnpm.com\/?s={search_term_string}\"},\"query-input\":\"required name=search_term_string\"}],\"inLanguage\":\"pt-BR\"},{\"@type\":\"Person\",\"@id\":\"https:\/\/portalnpm.com\/#\/schema\/person\/49313e563cfdefcc167f1ee4c017c294\",\"name\":\"Genival Barbosa\",\"image\":{\"@type\":\"ImageObject\",\"inLanguage\":\"pt-BR\",\"@id\":\"https:\/\/portalnpm.com\/#\/schema\/person\/image\/\",\"url\":\"https:\/\/portalnpm.com\/wp-content\/uploads\/2024\/02\/avatar_user_2_1707743258-96x96.jpeg\",\"contentUrl\":\"https:\/\/portalnpm.com\/wp-content\/uploads\/2024\/02\/avatar_user_2_1707743258-96x96.jpeg\",\"caption\":\"Genival Barbosa\"},\"url\":\"https:\/\/portalnpm.com\/index.php\/author\/genival\/\"}]}<\/script>\n<!-- \/ Yoast SEO plugin. -->","yoast_head_json":{"title":"Casal fica gravemente ferido em acidente na BR 230 em Oeiras","robots":{"index":"index","follow":"follow","max-snippet":"max-snippet:-1","max-image-preview":"max-image-preview:large","max-video-preview":"max-video-preview:-1"},"canonical":"https:\/\/portalnpm.com\/index.php\/2020\/09\/07\/casal-fica-gravemente-ferido-em-acidente-na-br-230-em-oeiras\/","og_locale":"pt_BR","og_type":"article","og_title":"Casal fica gravemente ferido em acidente na BR 230 em Oeiras","og_description":"Um homem e uma mulher ficaram gravemente feridos em um acidente na BR 230, na noite deste domingo, 06, em Oeiras. O acidente aconteceu pr\u00f3ximo a ponte do Rio Canind\u00e9, sentido Oeiras-Picos, e segundo informa\u00e7\u00f5es o casal seguia de moto quando uma carreta ao fazer a ultrapassagem tocou na motocicleta provocando o acidente. Ap\u00f3s cair &hellip;","og_url":"https:\/\/portalnpm.com\/index.php\/2020\/09\/07\/casal-fica-gravemente-ferido-em-acidente-na-br-230-em-oeiras\/","og_site_name":"Portal NPM","article_published_time":"2020-09-07T13:58:51+00:00","og_image":[{"width":300,"height":220,"url":"https:\/\/portalnpm.com\/wp-content\/uploads\/2024\/01\/dec055fbea0cd62816a4273abd73dadd.jpg","type":"image\/jpeg"}],"author":"Genival Barbosa","twitter_card":"summary_large_image","twitter_misc":{"Escrito por":"Genival Barbosa","Est. tempo de leitura":"1 minuto"},"schema":{"@context":"https:\/\/schema.org","@graph":[{"@type":"WebPage","@id":"https:\/\/portalnpm.com\/index.php\/2020\/09\/07\/casal-fica-gravemente-ferido-em-acidente-na-br-230-em-oeiras\/","url":"https:\/\/portalnpm.com\/index.php\/2020\/09\/07\/casal-fica-gravemente-ferido-em-acidente-na-br-230-em-oeiras\/","name":"Casal fica gravemente ferido em acidente na BR 230 em Oeiras","isPartOf":{"@id":"https:\/\/portalnpm.com\/#website"},"primaryImageOfPage":{"@id":"https:\/\/portalnpm.com\/index.php\/2020\/09\/07\/casal-fica-gravemente-ferido-em-acidente-na-br-230-em-oeiras\/#primaryimage"},"image":{"@id":"https:\/\/portalnpm.com\/index.php\/2020\/09\/07\/casal-fica-gravemente-ferido-em-acidente-na-br-230-em-oeiras\/#primaryimage"},"thumbnailUrl":"https:\/\/portalnpm.com\/wp-content\/uploads\/2024\/01\/dec055fbea0cd62816a4273abd73dadd.jpg","datePublished":"2020-09-07T13:58:51+00:00","dateModified":"2020-09-07T13:58:51+00:00","author":{"@id":"https:\/\/portalnpm.com\/#\/schema\/person\/49313e563cfdefcc167f1ee4c017c294"},"breadcrumb":{"@id":"https:\/\/portalnpm.com\/index.php\/2020\/09\/07\/casal-fica-gravemente-ferido-em-acidente-na-br-230-em-oeiras\/#breadcrumb"},"inLanguage":"pt-BR","potentialAction":[{"@type":"ReadAction","target":["https:\/\/portalnpm.com\/index.php\/2020\/09\/07\/casal-fica-gravemente-ferido-em-acidente-na-br-230-em-oeiras\/"]}]},{"@type":"ImageObject","inLanguage":"pt-BR","@id":"https:\/\/portalnpm.com\/index.php\/2020\/09\/07\/casal-fica-gravemente-ferido-em-acidente-na-br-230-em-oeiras\/#primaryimage","url":"https:\/\/portalnpm.com\/wp-content\/uploads\/2024\/01\/dec055fbea0cd62816a4273abd73dadd.jpg","contentUrl":"https:\/\/portalnpm.com\/wp-content\/uploads\/2024\/01\/dec055fbea0cd62816a4273abd73dadd.jpg","width":300,"height":220},{"@type":"BreadcrumbList","@id":"https:\/\/portalnpm.com\/index.php\/2020\/09\/07\/casal-fica-gravemente-ferido-em-acidente-na-br-230-em-oeiras\/#breadcrumb","itemListElement":[{"@type":"ListItem","position":1,"name":"In\u00edcio","item":"https:\/\/portalnpm.com\/"},{"@type":"ListItem","position":2,"name":"Casal fica gravemente ferido em acidente na BR 230 em Oeiras"}]},{"@type":"WebSite","@id":"https:\/\/portalnpm.com\/#website","url":"https:\/\/portalnpm.com\/","name":"Portal NPM","description":"Not\u00edcias em Primeira M\u00e3o","potentialAction":[{"@type":"SearchAction","target":{"@type":"EntryPoint","urlTemplate":"https:\/\/portalnpm.com\/?s={search_term_string}"},"query-input":"required name=search_term_string"}],"inLanguage":"pt-BR"},{"@type":"Person","@id":"https:\/\/portalnpm.com\/#\/schema\/person\/49313e563cfdefcc167f1ee4c017c294","name":"Genival Barbosa","image":{"@type":"ImageObject","inLanguage":"pt-BR","@id":"https:\/\/portalnpm.com\/#\/schema\/person\/image\/","url":"https:\/\/portalnpm.com\/wp-content\/uploads\/2024\/02\/avatar_user_2_1707743258-96x96.jpeg","contentUrl":"https:\/\/portalnpm.com\/wp-content\/uploads\/2024\/02\/avatar_user_2_1707743258-96x96.jpeg","caption":"Genival Barbosa"},"url":"https:\/\/portalnpm.com\/index.php\/author\/genival\/"}]}},"jetpack_sharing_enabled":true,"jetpack_featured_media_url":"https:\/\/portalnpm.com\/wp-content\/uploads\/2024\/01\/dec055fbea0cd62816a4273abd73dadd.jpg","_links":{"self":[{"href":"https:\/\/portalnpm.com\/index.php\/wp-json\/wp\/v2\/posts\/57569"}],"collection":[{"href":"https:\/\/portalnpm.com\/index.php\/wp-json\/wp\/v2\/posts"}],"about":[{"href":"https:\/\/portalnpm.com\/index.php\/wp-json\/wp\/v2\/types\/post"}],"author":[{"embeddable":true,"href":"https:\/\/portalnpm.com\/index.php\/wp-json\/wp\/v2\/users\/2"}],"replies":[{"embeddable":true,"href":"https:\/\/portalnpm.com\/index.php\/wp-json\/wp\/v2\/comments?post=57569"}],"version-history":[{"count":0,"href":"https:\/\/portalnpm.com\/index.php\/wp-json\/wp\/v2\/posts\/57569\/revisions"}],"wp:featuredmedia":[{"embeddable":true,"href":"https:\/\/portalnpm.com\/index.php\/wp-json\/wp\/v2\/media\/57570"}],"wp:attachment":[{"href":"https:\/\/portalnpm.com\/index.php\/wp-json\/wp\/v2\/media?parent=57569"}],"wp:term":[{"taxonomy":"category","embeddable":true,"href":"https:\/\/portalnpm.com\/index.php\/wp-json\/wp\/v2\/categories?post=57569"},{"taxonomy":"post_tag","embeddable":true,"href":"https:\/\/portalnpm.com\/index.php\/wp-json\/wp\/v2\/tags?post=57569"}],"curies":[{"name":"wp","href":"https:\/\/api.w.org\/{rel}","templated":true}]}}