{"id":5764,"date":"2019-02-19T13:14:15","date_gmt":"2019-02-19T16:14:15","guid":{"rendered":"http:\/\/srv.portalnpm.com.br\/?p=5764"},"modified":"2019-02-19T13:14:15","modified_gmt":"2019-02-19T16:14:15","slug":"cta-de-picos-inicia-trabalhos-pre-carnaval","status":"publish","type":"post","link":"https:\/\/portalnpm.com\/index.php\/2019\/02\/19\/cta-de-picos-inicia-trabalhos-pre-carnaval\/","title":{"rendered":"CTA de Picos inicia trabalhos pr\u00e9-carnaval"},"content":{"rendered":"<p style=\"text-align: justify;\">O carnaval se aproxima e, com ele, os preparativos para um evento seguro, principalmente no que diz respeito \u00e0 sa\u00fade sexual dos foli\u00f5es. Todos os anos, al\u00e9m das a\u00e7\u00f5es de preven\u00e7\u00e3o, o Centro de Testagem e Aconselhamento \u2013 CTA, em parceria com a Secretaria de Sa\u00fade, busca atender de forma refor\u00e7ada as necessidades dos picoenses.<\/p>\n<p><img fetchpriority=\"high\" decoding=\"async\" class=\"alignnone size-medium wp-image-5766\" src=\"http:\/\/portalnpm.com.br\/wp-content\/uploads\/2019\/02\/DSC_0379-1-768x512-300x200.jpg\" alt=\"\" width=\"300\" height=\"200\" \/><\/p>\n<p style=\"text-align: justify;\">\u201cA gente j\u00e1 esta mobilizando a popula\u00e7\u00e3o, dando as informa\u00e7\u00f5es de como se prevenir, porque \u00e9 uma das a\u00e7\u00f5es. A gente faz v\u00e1rias a\u00e7\u00f5es aqui no CTA. Dentre elas, a mais importante \u00e9 exatamente essa: a preven\u00e7\u00e3o. \u00c9 a\u00ed onde a gente faz a distribui\u00e7\u00e3o de preservativos masculinos e femininos, de lubrificantes, de panfletos informativos. E agora, para o carnaval, estamos montando uns kits para serem distribu\u00eddos\u201d, falou a coordenadora do Centro de Testagem, Isabel Fontes.<\/p>\n<figure id=\"attachment_5767\" aria-describedby=\"caption-attachment-5767\" style=\"width: 300px\" class=\"wp-caption alignnone\"><img decoding=\"async\" class=\"size-medium wp-image-5767\" src=\"http:\/\/portalnpm.com.br\/wp-content\/uploads\/2019\/02\/DSC_0382-1-768x512-300x200.jpg\" alt=\"\" width=\"300\" height=\"200\" \/><figcaption id=\"caption-attachment-5767\" class=\"wp-caption-text\">Isabel Fontes, coordenadora do CTA de Picos<\/figcaption><\/figure>\n<p style=\"text-align: justify;\">Ela tamb\u00e9m declarou que a equipe do CTA estar\u00e1 em uma barraca montada pela Secretaria de Sa\u00fade nas quatro noites do Folia Picos. \u201cL\u00e1 na avenida a gente estar\u00e1 presente, fazendo a distribui\u00e7\u00e3o desses kits que estamos preparando para os foli\u00f5es\u201d.<\/p>\n<p style=\"text-align: justify;\"><strong>Dados de 2018<\/strong><\/p>\n<p style=\"text-align: justify;\">Isabel declarou ainda que os dados de 2018 j\u00e1 foram apurados. Segundo ela, foram 24 casos de HIV, 115 de s\u00edfilis, 3 hepatite B e 3 de hepatite C.<\/p>\n<p style=\"text-align: justify;\">A coordenadora ressalta ainda que ap\u00f3s a confirma\u00e7\u00e3o de qualquer que seja o caso de Doen\u00e7a Sexualmente Transmiss\u00edvel, h\u00e1 um acompanhamento especializado ao paciente.<\/p>\n<p style=\"text-align: justify;\">\u201cNo caso do HIV ele j\u00e1 \u00e9 passado diretamente para o m\u00e9dico especializado, o infectologista. \u00c9 notificado e entregue a medica\u00e7\u00e3o aqui mesmo no CTA. E a gente j\u00e1 acompanha esse paciente, fazendo exames adequados de carga viral pra acompanhar o seu quadro e ver se est\u00e1 sendo eficaz ou se precisa fazer alguma altera\u00e7\u00e3o no tratamento\u201d, explicou.<\/p>\n<p style=\"text-align: justify;\"><strong>1\u00ba Semana de Preven\u00e7\u00e3o da gravidez em adolescentes<\/strong><\/p>\n<p style=\"text-align: justify;\">A coordenadora do CTA disse ainda que durante o evento promovido pela Coordena\u00e7\u00e3o de Sa\u00fade da Inf\u00e2ncia e Adolesc\u00eancia, sua equipe estar\u00e1 presente, tanto nas mesas de conversas, quanto realizando testes, caso algu\u00e9m se interesse, \u201cl\u00e1 mesmo no local\u201d, enfatizou.<\/p>\n<p style=\"text-align: justify;\"><strong>Fonte: Cidades na Net\u00a0<\/strong><\/p>\n","protected":false},"excerpt":{"rendered":"<p>O carnaval se aproxima e, com ele, os preparativos para um evento seguro, principalmente no que diz respeito \u00e0 sa\u00fade sexual dos foli\u00f5es. Todos os anos, al\u00e9m das a\u00e7\u00f5es de preven\u00e7\u00e3o, o Centro de Testagem e Aconselhamento \u2013 CTA, em parceria com a Secretaria de Sa\u00fade, busca atender de forma refor\u00e7ada as necessidades dos picoenses. &hellip;<\/p>\n","protected":false},"author":4,"featured_media":5765,"comment_status":"open","ping_status":"open","sticky":false,"template":"","format":"standard","meta":{"content-type":"","rop_custom_images_group":[],"rop_custom_messages_group":[],"rop_publish_now":"initial","rop_publish_now_accounts":{"facebook_2648258775420054_1618374048415101":""},"rop_publish_now_history":[],"rop_publish_now_status":"pending","footnotes":"","_jetpack_memberships_contains_paid_content":false},"categories":[113,109,127],"tags":[2245,1284,2045,2246,2247],"yoast_head":"<!-- This site is optimized with the Yoast SEO plugin v22.3 - https:\/\/yoast.com\/wordpress\/plugins\/seo\/ -->\n<title>CTA de Picos inicia trabalhos pr\u00e9-carnaval - Portal NPM<\/title>\n<meta name=\"robots\" content=\"index, follow, max-snippet:-1, max-image-preview:large, max-video-preview:-1\" \/>\n<link rel=\"canonical\" href=\"https:\/\/portalnpm.com\/index.php\/2019\/02\/19\/cta-de-picos-inicia-trabalhos-pre-carnaval\/\" \/>\n<meta property=\"og:locale\" content=\"pt_BR\" \/>\n<meta property=\"og:type\" content=\"article\" \/>\n<meta property=\"og:title\" content=\"CTA de Picos inicia trabalhos pr\u00e9-carnaval - Portal NPM\" \/>\n<meta property=\"og:description\" content=\"O carnaval se aproxima e, com ele, os preparativos para um evento seguro, principalmente no que diz respeito \u00e0 sa\u00fade sexual dos foli\u00f5es. Todos os anos, al\u00e9m das a\u00e7\u00f5es de preven\u00e7\u00e3o, o Centro de Testagem e Aconselhamento \u2013 CTA, em parceria com a Secretaria de Sa\u00fade, busca atender de forma refor\u00e7ada as necessidades dos picoenses. &hellip;\" \/>\n<meta property=\"og:url\" content=\"https:\/\/portalnpm.com\/index.php\/2019\/02\/19\/cta-de-picos-inicia-trabalhos-pre-carnaval\/\" \/>\n<meta property=\"og:site_name\" content=\"Portal NPM\" \/>\n<meta property=\"article:published_time\" content=\"2019-02-19T16:14:15+00:00\" \/>\n<meta name=\"author\" content=\"Reda\u00e7\u00e3o\" \/>\n<meta name=\"twitter:card\" content=\"summary_large_image\" \/>\n<meta name=\"twitter:label1\" content=\"Escrito por\" \/>\n\t<meta name=\"twitter:data1\" content=\"Reda\u00e7\u00e3o\" \/>\n\t<meta name=\"twitter:label2\" content=\"Est. tempo de leitura\" \/>\n\t<meta name=\"twitter:data2\" content=\"2 minutos\" \/>\n<script type=\"application\/ld+json\" class=\"yoast-schema-graph\">{\"@context\":\"https:\/\/schema.org\",\"@graph\":[{\"@type\":\"WebPage\",\"@id\":\"https:\/\/portalnpm.com\/index.php\/2019\/02\/19\/cta-de-picos-inicia-trabalhos-pre-carnaval\/\",\"url\":\"https:\/\/portalnpm.com\/index.php\/2019\/02\/19\/cta-de-picos-inicia-trabalhos-pre-carnaval\/\",\"name\":\"CTA de Picos inicia trabalhos pr\u00e9-carnaval - Portal NPM\",\"isPartOf\":{\"@id\":\"https:\/\/portalnpm.com\/#website\"},\"primaryImageOfPage\":{\"@id\":\"https:\/\/portalnpm.com\/index.php\/2019\/02\/19\/cta-de-picos-inicia-trabalhos-pre-carnaval\/#primaryimage\"},\"image\":{\"@id\":\"https:\/\/portalnpm.com\/index.php\/2019\/02\/19\/cta-de-picos-inicia-trabalhos-pre-carnaval\/#primaryimage\"},\"thumbnailUrl\":\"\",\"datePublished\":\"2019-02-19T16:14:15+00:00\",\"dateModified\":\"2019-02-19T16:14:15+00:00\",\"author\":{\"@id\":\"https:\/\/portalnpm.com\/#\/schema\/person\/0b5f230ec96cee25504fa328e7f2b733\"},\"breadcrumb\":{\"@id\":\"https:\/\/portalnpm.com\/index.php\/2019\/02\/19\/cta-de-picos-inicia-trabalhos-pre-carnaval\/#breadcrumb\"},\"inLanguage\":\"pt-BR\",\"potentialAction\":[{\"@type\":\"ReadAction\",\"target\":[\"https:\/\/portalnpm.com\/index.php\/2019\/02\/19\/cta-de-picos-inicia-trabalhos-pre-carnaval\/\"]}]},{\"@type\":\"ImageObject\",\"inLanguage\":\"pt-BR\",\"@id\":\"https:\/\/portalnpm.com\/index.php\/2019\/02\/19\/cta-de-picos-inicia-trabalhos-pre-carnaval\/#primaryimage\",\"url\":\"\",\"contentUrl\":\"\"},{\"@type\":\"BreadcrumbList\",\"@id\":\"https:\/\/portalnpm.com\/index.php\/2019\/02\/19\/cta-de-picos-inicia-trabalhos-pre-carnaval\/#breadcrumb\",\"itemListElement\":[{\"@type\":\"ListItem\",\"position\":1,\"name\":\"In\u00edcio\",\"item\":\"https:\/\/portalnpm.com\/\"},{\"@type\":\"ListItem\",\"position\":2,\"name\":\"CTA de Picos inicia trabalhos pr\u00e9-carnaval\"}]},{\"@type\":\"WebSite\",\"@id\":\"https:\/\/portalnpm.com\/#website\",\"url\":\"https:\/\/portalnpm.com\/\",\"name\":\"Portal NPM\",\"description\":\"Not\u00edcias em Primeira M\u00e3o\",\"potentialAction\":[{\"@type\":\"SearchAction\",\"target\":{\"@type\":\"EntryPoint\",\"urlTemplate\":\"https:\/\/portalnpm.com\/?s={search_term_string}\"},\"query-input\":\"required name=search_term_string\"}],\"inLanguage\":\"pt-BR\"},{\"@type\":\"Person\",\"@id\":\"https:\/\/portalnpm.com\/#\/schema\/person\/0b5f230ec96cee25504fa328e7f2b733\",\"name\":\"Reda\u00e7\u00e3o\",\"image\":{\"@type\":\"ImageObject\",\"inLanguage\":\"pt-BR\",\"@id\":\"https:\/\/portalnpm.com\/#\/schema\/person\/image\/\",\"url\":\"https:\/\/portalnpm.com\/wp-content\/uploads\/2024\/03\/avatar_user_4_1710097212-96x96.png\",\"contentUrl\":\"https:\/\/portalnpm.com\/wp-content\/uploads\/2024\/03\/avatar_user_4_1710097212-96x96.png\",\"caption\":\"Reda\u00e7\u00e3o\"},\"url\":\"https:\/\/portalnpm.com\/index.php\/author\/redacao\/\"}]}<\/script>\n<!-- \/ Yoast SEO plugin. -->","yoast_head_json":{"title":"CTA de Picos inicia trabalhos pr\u00e9-carnaval - Portal NPM","robots":{"index":"index","follow":"follow","max-snippet":"max-snippet:-1","max-image-preview":"max-image-preview:large","max-video-preview":"max-video-preview:-1"},"canonical":"https:\/\/portalnpm.com\/index.php\/2019\/02\/19\/cta-de-picos-inicia-trabalhos-pre-carnaval\/","og_locale":"pt_BR","og_type":"article","og_title":"CTA de Picos inicia trabalhos pr\u00e9-carnaval - Portal NPM","og_description":"O carnaval se aproxima e, com ele, os preparativos para um evento seguro, principalmente no que diz respeito \u00e0 sa\u00fade sexual dos foli\u00f5es. Todos os anos, al\u00e9m das a\u00e7\u00f5es de preven\u00e7\u00e3o, o Centro de Testagem e Aconselhamento \u2013 CTA, em parceria com a Secretaria de Sa\u00fade, busca atender de forma refor\u00e7ada as necessidades dos picoenses. &hellip;","og_url":"https:\/\/portalnpm.com\/index.php\/2019\/02\/19\/cta-de-picos-inicia-trabalhos-pre-carnaval\/","og_site_name":"Portal NPM","article_published_time":"2019-02-19T16:14:15+00:00","author":"Reda\u00e7\u00e3o","twitter_card":"summary_large_image","twitter_misc":{"Escrito por":"Reda\u00e7\u00e3o","Est. tempo de leitura":"2 minutos"},"schema":{"@context":"https:\/\/schema.org","@graph":[{"@type":"WebPage","@id":"https:\/\/portalnpm.com\/index.php\/2019\/02\/19\/cta-de-picos-inicia-trabalhos-pre-carnaval\/","url":"https:\/\/portalnpm.com\/index.php\/2019\/02\/19\/cta-de-picos-inicia-trabalhos-pre-carnaval\/","name":"CTA de Picos inicia trabalhos pr\u00e9-carnaval - Portal NPM","isPartOf":{"@id":"https:\/\/portalnpm.com\/#website"},"primaryImageOfPage":{"@id":"https:\/\/portalnpm.com\/index.php\/2019\/02\/19\/cta-de-picos-inicia-trabalhos-pre-carnaval\/#primaryimage"},"image":{"@id":"https:\/\/portalnpm.com\/index.php\/2019\/02\/19\/cta-de-picos-inicia-trabalhos-pre-carnaval\/#primaryimage"},"thumbnailUrl":"","datePublished":"2019-02-19T16:14:15+00:00","dateModified":"2019-02-19T16:14:15+00:00","author":{"@id":"https:\/\/portalnpm.com\/#\/schema\/person\/0b5f230ec96cee25504fa328e7f2b733"},"breadcrumb":{"@id":"https:\/\/portalnpm.com\/index.php\/2019\/02\/19\/cta-de-picos-inicia-trabalhos-pre-carnaval\/#breadcrumb"},"inLanguage":"pt-BR","potentialAction":[{"@type":"ReadAction","target":["https:\/\/portalnpm.com\/index.php\/2019\/02\/19\/cta-de-picos-inicia-trabalhos-pre-carnaval\/"]}]},{"@type":"ImageObject","inLanguage":"pt-BR","@id":"https:\/\/portalnpm.com\/index.php\/2019\/02\/19\/cta-de-picos-inicia-trabalhos-pre-carnaval\/#primaryimage","url":"","contentUrl":""},{"@type":"BreadcrumbList","@id":"https:\/\/portalnpm.com\/index.php\/2019\/02\/19\/cta-de-picos-inicia-trabalhos-pre-carnaval\/#breadcrumb","itemListElement":[{"@type":"ListItem","position":1,"name":"In\u00edcio","item":"https:\/\/portalnpm.com\/"},{"@type":"ListItem","position":2,"name":"CTA de Picos inicia trabalhos pr\u00e9-carnaval"}]},{"@type":"WebSite","@id":"https:\/\/portalnpm.com\/#website","url":"https:\/\/portalnpm.com\/","name":"Portal NPM","description":"Not\u00edcias em Primeira M\u00e3o","potentialAction":[{"@type":"SearchAction","target":{"@type":"EntryPoint","urlTemplate":"https:\/\/portalnpm.com\/?s={search_term_string}"},"query-input":"required name=search_term_string"}],"inLanguage":"pt-BR"},{"@type":"Person","@id":"https:\/\/portalnpm.com\/#\/schema\/person\/0b5f230ec96cee25504fa328e7f2b733","name":"Reda\u00e7\u00e3o","image":{"@type":"ImageObject","inLanguage":"pt-BR","@id":"https:\/\/portalnpm.com\/#\/schema\/person\/image\/","url":"https:\/\/portalnpm.com\/wp-content\/uploads\/2024\/03\/avatar_user_4_1710097212-96x96.png","contentUrl":"https:\/\/portalnpm.com\/wp-content\/uploads\/2024\/03\/avatar_user_4_1710097212-96x96.png","caption":"Reda\u00e7\u00e3o"},"url":"https:\/\/portalnpm.com\/index.php\/author\/redacao\/"}]}},"jetpack_sharing_enabled":true,"jetpack_featured_media_url":"","_links":{"self":[{"href":"https:\/\/portalnpm.com\/index.php\/wp-json\/wp\/v2\/posts\/5764"}],"collection":[{"href":"https:\/\/portalnpm.com\/index.php\/wp-json\/wp\/v2\/posts"}],"about":[{"href":"https:\/\/portalnpm.com\/index.php\/wp-json\/wp\/v2\/types\/post"}],"author":[{"embeddable":true,"href":"https:\/\/portalnpm.com\/index.php\/wp-json\/wp\/v2\/users\/4"}],"replies":[{"embeddable":true,"href":"https:\/\/portalnpm.com\/index.php\/wp-json\/wp\/v2\/comments?post=5764"}],"version-history":[{"count":0,"href":"https:\/\/portalnpm.com\/index.php\/wp-json\/wp\/v2\/posts\/5764\/revisions"}],"wp:featuredmedia":[{"embeddable":true,"href":"https:\/\/portalnpm.com\/index.php\/wp-json\/"}],"wp:attachment":[{"href":"https:\/\/portalnpm.com\/index.php\/wp-json\/wp\/v2\/media?parent=5764"}],"wp:term":[{"taxonomy":"category","embeddable":true,"href":"https:\/\/portalnpm.com\/index.php\/wp-json\/wp\/v2\/categories?post=5764"},{"taxonomy":"post_tag","embeddable":true,"href":"https:\/\/portalnpm.com\/index.php\/wp-json\/wp\/v2\/tags?post=5764"}],"curies":[{"name":"wp","href":"https:\/\/api.w.org\/{rel}","templated":true}]}}