{"id":57659,"date":"2020-09-08T14:55:29","date_gmt":"2020-09-08T17:55:29","guid":{"rendered":"https:\/\/portalnpm.com\/index.php\/2020\/09\/08\/corpo-de-jovem-que-sofreu-afogamento-e-encontrado-por-canoistas-na-barragem-de-bocaina\/"},"modified":"2020-09-08T14:55:29","modified_gmt":"2020-09-08T17:55:29","slug":"corpo-de-jovem-que-sofreu-afogamento-e-encontrado-por-canoistas-na-barragem-de-bocaina","status":"publish","type":"post","link":"https:\/\/portalnpm.com\/index.php\/2020\/09\/08\/corpo-de-jovem-que-sofreu-afogamento-e-encontrado-por-canoistas-na-barragem-de-bocaina\/","title":{"rendered":"Corpo de jovem que sofreu afogamento \u00e9 encontrado por cano\u00edstas na Barragem de Bocaina"},"content":{"rendered":"<p style=\"text-align: justify;\">O corpo do jovem Jos\u00e9 Francisco que sofreu afogamento na Barragem de Bocaina no final da tarde desta segunda-feira (07) foi encontrado boiando na manh\u00e3 desta segunda-feira (08), por volta de 8h. Jos\u00e9 Francisco estava desaparecido h\u00e1 15 horas ap\u00f3s cair de um jet ski e afundar no reservat\u00f3rio. O mesmo aproveitava o feriado na companhia de familiares num momento de lazer.<\/p>\n<p style=\"text-align: justify;\">\n<p style=\"text-align: justify;\">\n<p style=\"text-align: justify;\">O resgate foi realizado por cano\u00edstas que avistaram o corpo boiando, onde foi removido do local e levado at\u00e9 a margem. A Pol\u00edcia foi acionada para realiza\u00e7\u00e3o dos procedimentos cab\u00edveis.<\/p>\n<p style=\"text-align: justify;\"><span style=\"font-size: 24px;\"><em><strong>Afogamento<\/strong><\/em><\/span><\/p>\n<p style=\"text-align: justify;\">O afogamento foi registrado ap\u00f3s Jos\u00e9 Francisco perder o controle da embarca\u00e7\u00e3o em uma manobra. Uma jovem que seguia como garupa tamb\u00e9m caiu na \u00e1gua, mas foi rapidamente resgatada por populares. A mesma recebeu primeiros socorros durante atendimento do Servi\u00e7o M\u00f3vel de Urg\u00eancia.<\/p>\n<p style=\"text-align: justify;\">Jos\u00e9 Francisco era solteiro, residia na zona rural de Sussuapara e era ex-colaborador de uma pizzaria delivery na cidade de Picos.<\/p>\n<p style=\"text-align: justify;\"><em><strong>Fonte: Folha Atual<\/strong><\/em><\/p>\n","protected":false},"excerpt":{"rendered":"<p>O corpo do jovem Jos\u00e9 Francisco que sofreu afogamento na Barragem de Bocaina no final da tarde desta segunda-feira (07) foi encontrado boiando na manh\u00e3 desta segunda-feira (08), por volta de 8h. Jos\u00e9 Francisco estava desaparecido h\u00e1 15 horas ap\u00f3s cair de um jet ski e afundar no reservat\u00f3rio. O mesmo aproveitava o feriado na &hellip;<\/p>\n","protected":false},"author":2,"featured_media":57660,"comment_status":"open","ping_status":"open","sticky":false,"template":"","format":"standard","meta":{"content-type":"","rop_custom_images_group":[],"rop_custom_messages_group":[],"rop_publish_now":"initial","rop_publish_now_accounts":{"facebook_2648258775420054_1618374048415101":""},"rop_publish_now_history":[],"rop_publish_now_status":"pending","footnotes":"","_jetpack_memberships_contains_paid_content":false},"categories":[109,127],"tags":[2612,2548,6318,5494,1937],"yoast_head":"<!-- This site is optimized with the Yoast SEO plugin v22.3 - https:\/\/yoast.com\/wordpress\/plugins\/seo\/ -->\n<title>Corpo de jovem que sofreu afogamento \u00e9 encontrado por cano\u00edstas na Barragem de Bocaina<\/title>\n<meta name=\"robots\" content=\"index, follow, max-snippet:-1, max-image-preview:large, max-video-preview:-1\" \/>\n<link rel=\"canonical\" href=\"https:\/\/portalnpm.com\/index.php\/2020\/09\/08\/corpo-de-jovem-que-sofreu-afogamento-e-encontrado-por-canoistas-na-barragem-de-bocaina\/\" \/>\n<meta property=\"og:locale\" content=\"pt_BR\" \/>\n<meta property=\"og:type\" content=\"article\" \/>\n<meta property=\"og:title\" content=\"Corpo de jovem que sofreu afogamento \u00e9 encontrado por cano\u00edstas na Barragem de Bocaina\" \/>\n<meta property=\"og:description\" content=\"O corpo do jovem Jos\u00e9 Francisco que sofreu afogamento na Barragem de Bocaina no final da tarde desta segunda-feira (07) foi encontrado boiando na manh\u00e3 desta segunda-feira (08), por volta de 8h. Jos\u00e9 Francisco estava desaparecido h\u00e1 15 horas ap\u00f3s cair de um jet ski e afundar no reservat\u00f3rio. O mesmo aproveitava o feriado na &hellip;\" \/>\n<meta property=\"og:url\" content=\"https:\/\/portalnpm.com\/index.php\/2020\/09\/08\/corpo-de-jovem-que-sofreu-afogamento-e-encontrado-por-canoistas-na-barragem-de-bocaina\/\" \/>\n<meta property=\"og:site_name\" content=\"Portal NPM\" \/>\n<meta property=\"article:published_time\" content=\"2020-09-08T17:55:29+00:00\" \/>\n<meta property=\"og:image\" content=\"https:\/\/portalnpm.com\/wp-content\/uploads\/2024\/01\/FA-IMG-1f41a1d78e0c581ffe19.jpg\" \/>\n\t<meta property=\"og:image:width\" content=\"719\" \/>\n\t<meta property=\"og:image:height\" content=\"626\" \/>\n\t<meta property=\"og:image:type\" content=\"image\/jpeg\" \/>\n<meta name=\"author\" content=\"Genival Barbosa\" \/>\n<meta name=\"twitter:card\" content=\"summary_large_image\" \/>\n<meta name=\"twitter:label1\" content=\"Escrito por\" \/>\n\t<meta name=\"twitter:data1\" content=\"Genival Barbosa\" \/>\n\t<meta name=\"twitter:label2\" content=\"Est. tempo de leitura\" \/>\n\t<meta name=\"twitter:data2\" content=\"1 minuto\" \/>\n<script type=\"application\/ld+json\" class=\"yoast-schema-graph\">{\"@context\":\"https:\/\/schema.org\",\"@graph\":[{\"@type\":\"WebPage\",\"@id\":\"https:\/\/portalnpm.com\/index.php\/2020\/09\/08\/corpo-de-jovem-que-sofreu-afogamento-e-encontrado-por-canoistas-na-barragem-de-bocaina\/\",\"url\":\"https:\/\/portalnpm.com\/index.php\/2020\/09\/08\/corpo-de-jovem-que-sofreu-afogamento-e-encontrado-por-canoistas-na-barragem-de-bocaina\/\",\"name\":\"Corpo de jovem que sofreu afogamento \u00e9 encontrado por cano\u00edstas na Barragem de Bocaina\",\"isPartOf\":{\"@id\":\"https:\/\/portalnpm.com\/#website\"},\"primaryImageOfPage\":{\"@id\":\"https:\/\/portalnpm.com\/index.php\/2020\/09\/08\/corpo-de-jovem-que-sofreu-afogamento-e-encontrado-por-canoistas-na-barragem-de-bocaina\/#primaryimage\"},\"image\":{\"@id\":\"https:\/\/portalnpm.com\/index.php\/2020\/09\/08\/corpo-de-jovem-que-sofreu-afogamento-e-encontrado-por-canoistas-na-barragem-de-bocaina\/#primaryimage\"},\"thumbnailUrl\":\"https:\/\/portalnpm.com\/wp-content\/uploads\/2024\/01\/FA-IMG-1f41a1d78e0c581ffe19.jpg\",\"datePublished\":\"2020-09-08T17:55:29+00:00\",\"dateModified\":\"2020-09-08T17:55:29+00:00\",\"author\":{\"@id\":\"https:\/\/portalnpm.com\/#\/schema\/person\/49313e563cfdefcc167f1ee4c017c294\"},\"breadcrumb\":{\"@id\":\"https:\/\/portalnpm.com\/index.php\/2020\/09\/08\/corpo-de-jovem-que-sofreu-afogamento-e-encontrado-por-canoistas-na-barragem-de-bocaina\/#breadcrumb\"},\"inLanguage\":\"pt-BR\",\"potentialAction\":[{\"@type\":\"ReadAction\",\"target\":[\"https:\/\/portalnpm.com\/index.php\/2020\/09\/08\/corpo-de-jovem-que-sofreu-afogamento-e-encontrado-por-canoistas-na-barragem-de-bocaina\/\"]}]},{\"@type\":\"ImageObject\",\"inLanguage\":\"pt-BR\",\"@id\":\"https:\/\/portalnpm.com\/index.php\/2020\/09\/08\/corpo-de-jovem-que-sofreu-afogamento-e-encontrado-por-canoistas-na-barragem-de-bocaina\/#primaryimage\",\"url\":\"https:\/\/portalnpm.com\/wp-content\/uploads\/2024\/01\/FA-IMG-1f41a1d78e0c581ffe19.jpg\",\"contentUrl\":\"https:\/\/portalnpm.com\/wp-content\/uploads\/2024\/01\/FA-IMG-1f41a1d78e0c581ffe19.jpg\",\"width\":719,\"height\":626},{\"@type\":\"BreadcrumbList\",\"@id\":\"https:\/\/portalnpm.com\/index.php\/2020\/09\/08\/corpo-de-jovem-que-sofreu-afogamento-e-encontrado-por-canoistas-na-barragem-de-bocaina\/#breadcrumb\",\"itemListElement\":[{\"@type\":\"ListItem\",\"position\":1,\"name\":\"In\u00edcio\",\"item\":\"https:\/\/portalnpm.com\/\"},{\"@type\":\"ListItem\",\"position\":2,\"name\":\"Corpo de jovem que sofreu afogamento \u00e9 encontrado por cano\u00edstas na Barragem de Bocaina\"}]},{\"@type\":\"WebSite\",\"@id\":\"https:\/\/portalnpm.com\/#website\",\"url\":\"https:\/\/portalnpm.com\/\",\"name\":\"Portal NPM\",\"description\":\"Not\u00edcias em Primeira M\u00e3o\",\"potentialAction\":[{\"@type\":\"SearchAction\",\"target\":{\"@type\":\"EntryPoint\",\"urlTemplate\":\"https:\/\/portalnpm.com\/?s={search_term_string}\"},\"query-input\":\"required name=search_term_string\"}],\"inLanguage\":\"pt-BR\"},{\"@type\":\"Person\",\"@id\":\"https:\/\/portalnpm.com\/#\/schema\/person\/49313e563cfdefcc167f1ee4c017c294\",\"name\":\"Genival Barbosa\",\"image\":{\"@type\":\"ImageObject\",\"inLanguage\":\"pt-BR\",\"@id\":\"https:\/\/portalnpm.com\/#\/schema\/person\/image\/\",\"url\":\"https:\/\/portalnpm.com\/wp-content\/uploads\/2024\/02\/avatar_user_2_1707743258-96x96.jpeg\",\"contentUrl\":\"https:\/\/portalnpm.com\/wp-content\/uploads\/2024\/02\/avatar_user_2_1707743258-96x96.jpeg\",\"caption\":\"Genival Barbosa\"},\"url\":\"https:\/\/portalnpm.com\/index.php\/author\/genival\/\"}]}<\/script>\n<!-- \/ Yoast SEO plugin. -->","yoast_head_json":{"title":"Corpo de jovem que sofreu afogamento \u00e9 encontrado por cano\u00edstas na Barragem de Bocaina","robots":{"index":"index","follow":"follow","max-snippet":"max-snippet:-1","max-image-preview":"max-image-preview:large","max-video-preview":"max-video-preview:-1"},"canonical":"https:\/\/portalnpm.com\/index.php\/2020\/09\/08\/corpo-de-jovem-que-sofreu-afogamento-e-encontrado-por-canoistas-na-barragem-de-bocaina\/","og_locale":"pt_BR","og_type":"article","og_title":"Corpo de jovem que sofreu afogamento \u00e9 encontrado por cano\u00edstas na Barragem de Bocaina","og_description":"O corpo do jovem Jos\u00e9 Francisco que sofreu afogamento na Barragem de Bocaina no final da tarde desta segunda-feira (07) foi encontrado boiando na manh\u00e3 desta segunda-feira (08), por volta de 8h. Jos\u00e9 Francisco estava desaparecido h\u00e1 15 horas ap\u00f3s cair de um jet ski e afundar no reservat\u00f3rio. O mesmo aproveitava o feriado na &hellip;","og_url":"https:\/\/portalnpm.com\/index.php\/2020\/09\/08\/corpo-de-jovem-que-sofreu-afogamento-e-encontrado-por-canoistas-na-barragem-de-bocaina\/","og_site_name":"Portal NPM","article_published_time":"2020-09-08T17:55:29+00:00","og_image":[{"width":719,"height":626,"url":"https:\/\/portalnpm.com\/wp-content\/uploads\/2024\/01\/FA-IMG-1f41a1d78e0c581ffe19.jpg","type":"image\/jpeg"}],"author":"Genival Barbosa","twitter_card":"summary_large_image","twitter_misc":{"Escrito por":"Genival Barbosa","Est. tempo de leitura":"1 minuto"},"schema":{"@context":"https:\/\/schema.org","@graph":[{"@type":"WebPage","@id":"https:\/\/portalnpm.com\/index.php\/2020\/09\/08\/corpo-de-jovem-que-sofreu-afogamento-e-encontrado-por-canoistas-na-barragem-de-bocaina\/","url":"https:\/\/portalnpm.com\/index.php\/2020\/09\/08\/corpo-de-jovem-que-sofreu-afogamento-e-encontrado-por-canoistas-na-barragem-de-bocaina\/","name":"Corpo de jovem que sofreu afogamento \u00e9 encontrado por cano\u00edstas na Barragem de Bocaina","isPartOf":{"@id":"https:\/\/portalnpm.com\/#website"},"primaryImageOfPage":{"@id":"https:\/\/portalnpm.com\/index.php\/2020\/09\/08\/corpo-de-jovem-que-sofreu-afogamento-e-encontrado-por-canoistas-na-barragem-de-bocaina\/#primaryimage"},"image":{"@id":"https:\/\/portalnpm.com\/index.php\/2020\/09\/08\/corpo-de-jovem-que-sofreu-afogamento-e-encontrado-por-canoistas-na-barragem-de-bocaina\/#primaryimage"},"thumbnailUrl":"https:\/\/portalnpm.com\/wp-content\/uploads\/2024\/01\/FA-IMG-1f41a1d78e0c581ffe19.jpg","datePublished":"2020-09-08T17:55:29+00:00","dateModified":"2020-09-08T17:55:29+00:00","author":{"@id":"https:\/\/portalnpm.com\/#\/schema\/person\/49313e563cfdefcc167f1ee4c017c294"},"breadcrumb":{"@id":"https:\/\/portalnpm.com\/index.php\/2020\/09\/08\/corpo-de-jovem-que-sofreu-afogamento-e-encontrado-por-canoistas-na-barragem-de-bocaina\/#breadcrumb"},"inLanguage":"pt-BR","potentialAction":[{"@type":"ReadAction","target":["https:\/\/portalnpm.com\/index.php\/2020\/09\/08\/corpo-de-jovem-que-sofreu-afogamento-e-encontrado-por-canoistas-na-barragem-de-bocaina\/"]}]},{"@type":"ImageObject","inLanguage":"pt-BR","@id":"https:\/\/portalnpm.com\/index.php\/2020\/09\/08\/corpo-de-jovem-que-sofreu-afogamento-e-encontrado-por-canoistas-na-barragem-de-bocaina\/#primaryimage","url":"https:\/\/portalnpm.com\/wp-content\/uploads\/2024\/01\/FA-IMG-1f41a1d78e0c581ffe19.jpg","contentUrl":"https:\/\/portalnpm.com\/wp-content\/uploads\/2024\/01\/FA-IMG-1f41a1d78e0c581ffe19.jpg","width":719,"height":626},{"@type":"BreadcrumbList","@id":"https:\/\/portalnpm.com\/index.php\/2020\/09\/08\/corpo-de-jovem-que-sofreu-afogamento-e-encontrado-por-canoistas-na-barragem-de-bocaina\/#breadcrumb","itemListElement":[{"@type":"ListItem","position":1,"name":"In\u00edcio","item":"https:\/\/portalnpm.com\/"},{"@type":"ListItem","position":2,"name":"Corpo de jovem que sofreu afogamento \u00e9 encontrado por cano\u00edstas na Barragem de Bocaina"}]},{"@type":"WebSite","@id":"https:\/\/portalnpm.com\/#website","url":"https:\/\/portalnpm.com\/","name":"Portal NPM","description":"Not\u00edcias em Primeira M\u00e3o","potentialAction":[{"@type":"SearchAction","target":{"@type":"EntryPoint","urlTemplate":"https:\/\/portalnpm.com\/?s={search_term_string}"},"query-input":"required name=search_term_string"}],"inLanguage":"pt-BR"},{"@type":"Person","@id":"https:\/\/portalnpm.com\/#\/schema\/person\/49313e563cfdefcc167f1ee4c017c294","name":"Genival Barbosa","image":{"@type":"ImageObject","inLanguage":"pt-BR","@id":"https:\/\/portalnpm.com\/#\/schema\/person\/image\/","url":"https:\/\/portalnpm.com\/wp-content\/uploads\/2024\/02\/avatar_user_2_1707743258-96x96.jpeg","contentUrl":"https:\/\/portalnpm.com\/wp-content\/uploads\/2024\/02\/avatar_user_2_1707743258-96x96.jpeg","caption":"Genival Barbosa"},"url":"https:\/\/portalnpm.com\/index.php\/author\/genival\/"}]}},"jetpack_sharing_enabled":true,"jetpack_featured_media_url":"https:\/\/portalnpm.com\/wp-content\/uploads\/2024\/01\/FA-IMG-1f41a1d78e0c581ffe19.jpg","_links":{"self":[{"href":"https:\/\/portalnpm.com\/index.php\/wp-json\/wp\/v2\/posts\/57659"}],"collection":[{"href":"https:\/\/portalnpm.com\/index.php\/wp-json\/wp\/v2\/posts"}],"about":[{"href":"https:\/\/portalnpm.com\/index.php\/wp-json\/wp\/v2\/types\/post"}],"author":[{"embeddable":true,"href":"https:\/\/portalnpm.com\/index.php\/wp-json\/wp\/v2\/users\/2"}],"replies":[{"embeddable":true,"href":"https:\/\/portalnpm.com\/index.php\/wp-json\/wp\/v2\/comments?post=57659"}],"version-history":[{"count":0,"href":"https:\/\/portalnpm.com\/index.php\/wp-json\/wp\/v2\/posts\/57659\/revisions"}],"wp:featuredmedia":[{"embeddable":true,"href":"https:\/\/portalnpm.com\/index.php\/wp-json\/wp\/v2\/media\/57660"}],"wp:attachment":[{"href":"https:\/\/portalnpm.com\/index.php\/wp-json\/wp\/v2\/media?parent=57659"}],"wp:term":[{"taxonomy":"category","embeddable":true,"href":"https:\/\/portalnpm.com\/index.php\/wp-json\/wp\/v2\/categories?post=57659"},{"taxonomy":"post_tag","embeddable":true,"href":"https:\/\/portalnpm.com\/index.php\/wp-json\/wp\/v2\/tags?post=57659"}],"curies":[{"name":"wp","href":"https:\/\/api.w.org\/{rel}","templated":true}]}}