{"id":57706,"date":"2020-09-09T19:52:52","date_gmt":"2020-09-09T22:52:52","guid":{"rendered":"https:\/\/portalnpm.com\/index.php\/2020\/09\/09\/eleitor-com-deficiencia-visual-podera-ouvir-nome-do-candidato-na-urna\/"},"modified":"2020-09-09T19:52:52","modified_gmt":"2020-09-09T22:52:52","slug":"eleitor-com-deficiencia-visual-podera-ouvir-nome-do-candidato-na-urna","status":"publish","type":"post","link":"https:\/\/portalnpm.com\/index.php\/2020\/09\/09\/eleitor-com-deficiencia-visual-podera-ouvir-nome-do-candidato-na-urna\/","title":{"rendered":"Eleitor com defici\u00eancia visual poder\u00e1 ouvir nome do candidato na urna"},"content":{"rendered":"<p style=\"text-align: justify;\">A Justi\u00e7a Eleitoral brasileira, a partir destas Elei\u00e7\u00f5es Municipais de 2020, oferecer\u00e1 aos eleitores portadores de defici\u00eancia visual a possibilidade de ouvir o nome do candidato ap\u00f3s a digita\u00e7\u00e3o do n\u00famero deste na urna eletr\u00f4nica.<\/p>\n<p style=\"text-align: justify;\">\n<p style=\"text-align: justify;\">\n<p style=\"text-align: justify;\">Trata-se de um recurso tecnol\u00f3gico, desenvolvido sem custos para a Justi\u00e7a Eleitoral, que a partir dos n\u00fameros do candidato digitados corretamente no teclado num\u00e9rico da urna eletr\u00f4nica, identifica qual \u00e9 o candidato escolhido pelo eleitor e, com voz humana sintetizada, fala o nome dele, aud\u00edvel por um fone de ouvido, para a devida identifica\u00e7\u00e3o e confirma\u00e7\u00e3o do voto por parte do eleitor, trazendo a este uma maior seguran\u00e7a e confian\u00e7a sobre o voto que ele est\u00e1 depositando na urna.<\/p>\n<p style=\"text-align: justify;\">At\u00e9 as Elei\u00e7\u00f5es de 2018, a urna eletr\u00f4nica s\u00f3 \u201cfalava\u201d os n\u00fameros digitados e as instru\u00e7\u00f5es sobre as teclas \u201cBranco\u201d; \u201cCorrige\u201d; e \u201cConfirma\u201d. Eram mensagens pr\u00e9-gravadas, instaladas no equipamento para facilitar e dar mais autonomia ao eleitor com defici\u00eancia visual. Como se tratava de textos pr\u00e9-gravados havia a limita\u00e7\u00e3o da quantidade de nomes a serem implantados, sem contar com as substitui\u00e7\u00f5es ao longo do processo eleitoral, inviabilizando a grava\u00e7\u00e3o do nome de todos os concorrentes.<\/p>\n<p style=\"text-align: justify;\">Agora com essa nova ferramenta de software livre pela qual a Justi\u00e7a Eleitoral n\u00e3o precisou investir nada e o descarte das urnas mais antigas, modelos 2006 e 2008, houve condi\u00e7\u00f5es t\u00e9cnicas para implementar a sintetiza\u00e7\u00e3o de voz para as Elei\u00e7\u00f5es 2020.<\/p>\n<p style=\"text-align: justify;\"><span style=\"font-size: 24px;\"><strong>Passo a Passo<\/strong><\/span><\/p>\n<p style=\"text-align: justify;\">O mes\u00e1rio presidente da se\u00e7\u00e3o, ciente da defici\u00eancia visual do eleitor, o informar\u00e1 do recurso e o habilitar\u00e1, atrav\u00e9s de um c\u00f3digo digitado no terminal do mes\u00e1rio, entregando a seguir os fones de ouvido, se j\u00e1 n\u00e3o estiverem instalados na urna. Esses fones s\u00e3o de uso obrigat\u00f3rio para garantir o sigilo do voto.<\/p>\n<p style=\"text-align: justify;\">Mesmo habilitada, a urna n\u00e3o iniciar\u00e1 a vota\u00e7\u00e3o de imediato, permanecendo est\u00e1tica em uma tela com orienta\u00e7\u00f5es sobre como votar. Al\u00e9m disso, enquanto a vota\u00e7\u00e3o n\u00e3o for iniciada, o eleitor ter\u00e1 a possibilidade de fazer a regulagem do \u00e1udio, sendo permitido aumentar ou diminuir o volume, para tornar a experi\u00eancia de votar mais agrad\u00e1vel.<\/p>\n<p style=\"text-align: justify;\">A sintetiza\u00e7\u00e3o de voz tamb\u00e9m \u00e9 capaz de fazer flexibiliza\u00e7\u00e3o de g\u00eanero ao emitir a fala de confirma\u00e7\u00e3o do concorrente escolhido. Isso significa que, por meio da ferramenta, a urna \u201cfalar\u00e1\u201d que o eleitor est\u00e1 votando em um candidato ou em uma candidata, de acordo com o g\u00eanero do postulante que est\u00e1 recebendo o voto.<\/p>\n<p style=\"text-align: justify;\"><span style=\"font-size: 24px;\"><strong>Teste Presencial<\/strong><\/span><\/p>\n<p style=\"text-align: justify;\">A equipe de tecnologia do Tribunal Superior Eleitoral (TSE) recebeu dois eleitores com defici\u00eancia para testar os recursos e experimentar a urna com todas essas novidades.<\/p>\n<p style=\"text-align: justify;\">O aposentado Edinaldo de Almeida e a massoterapeuta Zozimeire dos Santos deram sugest\u00f5es de melhorias e evolu\u00e7\u00f5es, inclusive de pequenos ajustes que poder\u00e3o ser feitos ainda para o pleito deste ano.<\/p>\n<p style=\"text-align: justify;\">Todo o processo de adapta\u00e7\u00e3o desse software para a urna levou em torno de quatro meses, tendo in\u00edcio ainda em 2019 e sendo finalizado no in\u00edcio deste ano.<\/p>\n<p style=\"text-align: justify;\">\n<p style=\"text-align: justify;\">Fonte: Cidade Verde<\/p>\n","protected":false},"excerpt":{"rendered":"<p>A Justi\u00e7a Eleitoral brasileira, a partir destas Elei\u00e7\u00f5es Municipais de 2020, oferecer\u00e1 aos eleitores portadores de defici\u00eancia visual a possibilidade de ouvir o nome do candidato ap\u00f3s a digita\u00e7\u00e3o do n\u00famero deste na urna eletr\u00f4nica. Trata-se de um recurso tecnol\u00f3gico, desenvolvido sem custos para a Justi\u00e7a Eleitoral, que a partir dos n\u00fameros do candidato digitados &hellip;<\/p>\n","protected":false},"author":2,"featured_media":57707,"comment_status":"open","ping_status":"open","sticky":false,"template":"","format":"standard","meta":{"content-type":"","rop_custom_images_group":[],"rop_custom_messages_group":[],"rop_publish_now":"initial","rop_publish_now_accounts":{"facebook_2648258775420054_1618374048415101":""},"rop_publish_now_history":[],"rop_publish_now_status":"pending","footnotes":"","_jetpack_memberships_contains_paid_content":false},"categories":[125],"tags":[6381,6382,6383,6384,3163],"yoast_head":"<!-- This site is optimized with the Yoast SEO plugin v22.3 - https:\/\/yoast.com\/wordpress\/plugins\/seo\/ -->\n<title>Eleitor com defici\u00eancia visual poder\u00e1 ouvir nome do candidato na urna<\/title>\n<meta name=\"robots\" content=\"index, follow, max-snippet:-1, max-image-preview:large, max-video-preview:-1\" \/>\n<link rel=\"canonical\" href=\"https:\/\/portalnpm.com\/index.php\/2020\/09\/09\/eleitor-com-deficiencia-visual-podera-ouvir-nome-do-candidato-na-urna\/\" \/>\n<meta property=\"og:locale\" content=\"pt_BR\" \/>\n<meta property=\"og:type\" content=\"article\" \/>\n<meta property=\"og:title\" content=\"Eleitor com defici\u00eancia visual poder\u00e1 ouvir nome do candidato na urna\" \/>\n<meta property=\"og:description\" content=\"A Justi\u00e7a Eleitoral brasileira, a partir destas Elei\u00e7\u00f5es Municipais de 2020, oferecer\u00e1 aos eleitores portadores de defici\u00eancia visual a possibilidade de ouvir o nome do candidato ap\u00f3s a digita\u00e7\u00e3o do n\u00famero deste na urna eletr\u00f4nica. Trata-se de um recurso tecnol\u00f3gico, desenvolvido sem custos para a Justi\u00e7a Eleitoral, que a partir dos n\u00fameros do candidato digitados &hellip;\" \/>\n<meta property=\"og:url\" content=\"https:\/\/portalnpm.com\/index.php\/2020\/09\/09\/eleitor-com-deficiencia-visual-podera-ouvir-nome-do-candidato-na-urna\/\" \/>\n<meta property=\"og:site_name\" content=\"Portal NPM\" \/>\n<meta property=\"article:published_time\" content=\"2020-09-09T22:52:52+00:00\" \/>\n<meta property=\"og:image\" content=\"https:\/\/portalnpm.com\/wp-content\/uploads\/2024\/01\/P40G-IMG-7aa0a1abe8da10cff8.jpeg\" \/>\n\t<meta property=\"og:image:width\" content=\"543\" \/>\n\t<meta property=\"og:image:height\" content=\"263\" \/>\n\t<meta property=\"og:image:type\" content=\"image\/jpeg\" \/>\n<meta name=\"author\" content=\"Genival Barbosa\" \/>\n<meta name=\"twitter:card\" content=\"summary_large_image\" \/>\n<meta name=\"twitter:label1\" content=\"Escrito por\" \/>\n\t<meta name=\"twitter:data1\" content=\"Genival Barbosa\" \/>\n\t<meta name=\"twitter:label2\" content=\"Est. tempo de leitura\" \/>\n\t<meta name=\"twitter:data2\" content=\"3 minutos\" \/>\n<script type=\"application\/ld+json\" class=\"yoast-schema-graph\">{\"@context\":\"https:\/\/schema.org\",\"@graph\":[{\"@type\":\"WebPage\",\"@id\":\"https:\/\/portalnpm.com\/index.php\/2020\/09\/09\/eleitor-com-deficiencia-visual-podera-ouvir-nome-do-candidato-na-urna\/\",\"url\":\"https:\/\/portalnpm.com\/index.php\/2020\/09\/09\/eleitor-com-deficiencia-visual-podera-ouvir-nome-do-candidato-na-urna\/\",\"name\":\"Eleitor com defici\u00eancia visual poder\u00e1 ouvir nome do candidato na urna\",\"isPartOf\":{\"@id\":\"https:\/\/portalnpm.com\/#website\"},\"primaryImageOfPage\":{\"@id\":\"https:\/\/portalnpm.com\/index.php\/2020\/09\/09\/eleitor-com-deficiencia-visual-podera-ouvir-nome-do-candidato-na-urna\/#primaryimage\"},\"image\":{\"@id\":\"https:\/\/portalnpm.com\/index.php\/2020\/09\/09\/eleitor-com-deficiencia-visual-podera-ouvir-nome-do-candidato-na-urna\/#primaryimage\"},\"thumbnailUrl\":\"https:\/\/portalnpm.com\/wp-content\/uploads\/2024\/01\/P40G-IMG-7aa0a1abe8da10cff8.jpeg\",\"datePublished\":\"2020-09-09T22:52:52+00:00\",\"dateModified\":\"2020-09-09T22:52:52+00:00\",\"author\":{\"@id\":\"https:\/\/portalnpm.com\/#\/schema\/person\/49313e563cfdefcc167f1ee4c017c294\"},\"breadcrumb\":{\"@id\":\"https:\/\/portalnpm.com\/index.php\/2020\/09\/09\/eleitor-com-deficiencia-visual-podera-ouvir-nome-do-candidato-na-urna\/#breadcrumb\"},\"inLanguage\":\"pt-BR\",\"potentialAction\":[{\"@type\":\"ReadAction\",\"target\":[\"https:\/\/portalnpm.com\/index.php\/2020\/09\/09\/eleitor-com-deficiencia-visual-podera-ouvir-nome-do-candidato-na-urna\/\"]}]},{\"@type\":\"ImageObject\",\"inLanguage\":\"pt-BR\",\"@id\":\"https:\/\/portalnpm.com\/index.php\/2020\/09\/09\/eleitor-com-deficiencia-visual-podera-ouvir-nome-do-candidato-na-urna\/#primaryimage\",\"url\":\"https:\/\/portalnpm.com\/wp-content\/uploads\/2024\/01\/P40G-IMG-7aa0a1abe8da10cff8.jpeg\",\"contentUrl\":\"https:\/\/portalnpm.com\/wp-content\/uploads\/2024\/01\/P40G-IMG-7aa0a1abe8da10cff8.jpeg\",\"width\":543,\"height\":263},{\"@type\":\"BreadcrumbList\",\"@id\":\"https:\/\/portalnpm.com\/index.php\/2020\/09\/09\/eleitor-com-deficiencia-visual-podera-ouvir-nome-do-candidato-na-urna\/#breadcrumb\",\"itemListElement\":[{\"@type\":\"ListItem\",\"position\":1,\"name\":\"In\u00edcio\",\"item\":\"https:\/\/portalnpm.com\/\"},{\"@type\":\"ListItem\",\"position\":2,\"name\":\"Eleitor com defici\u00eancia visual poder\u00e1 ouvir nome do candidato na urna\"}]},{\"@type\":\"WebSite\",\"@id\":\"https:\/\/portalnpm.com\/#website\",\"url\":\"https:\/\/portalnpm.com\/\",\"name\":\"Portal NPM\",\"description\":\"Not\u00edcias em Primeira M\u00e3o\",\"potentialAction\":[{\"@type\":\"SearchAction\",\"target\":{\"@type\":\"EntryPoint\",\"urlTemplate\":\"https:\/\/portalnpm.com\/?s={search_term_string}\"},\"query-input\":\"required name=search_term_string\"}],\"inLanguage\":\"pt-BR\"},{\"@type\":\"Person\",\"@id\":\"https:\/\/portalnpm.com\/#\/schema\/person\/49313e563cfdefcc167f1ee4c017c294\",\"name\":\"Genival Barbosa\",\"image\":{\"@type\":\"ImageObject\",\"inLanguage\":\"pt-BR\",\"@id\":\"https:\/\/portalnpm.com\/#\/schema\/person\/image\/\",\"url\":\"https:\/\/portalnpm.com\/wp-content\/uploads\/2024\/02\/avatar_user_2_1707743258-96x96.jpeg\",\"contentUrl\":\"https:\/\/portalnpm.com\/wp-content\/uploads\/2024\/02\/avatar_user_2_1707743258-96x96.jpeg\",\"caption\":\"Genival Barbosa\"},\"url\":\"https:\/\/portalnpm.com\/index.php\/author\/genival\/\"}]}<\/script>\n<!-- \/ Yoast SEO plugin. -->","yoast_head_json":{"title":"Eleitor com defici\u00eancia visual poder\u00e1 ouvir nome do candidato na urna","robots":{"index":"index","follow":"follow","max-snippet":"max-snippet:-1","max-image-preview":"max-image-preview:large","max-video-preview":"max-video-preview:-1"},"canonical":"https:\/\/portalnpm.com\/index.php\/2020\/09\/09\/eleitor-com-deficiencia-visual-podera-ouvir-nome-do-candidato-na-urna\/","og_locale":"pt_BR","og_type":"article","og_title":"Eleitor com defici\u00eancia visual poder\u00e1 ouvir nome do candidato na urna","og_description":"A Justi\u00e7a Eleitoral brasileira, a partir destas Elei\u00e7\u00f5es Municipais de 2020, oferecer\u00e1 aos eleitores portadores de defici\u00eancia visual a possibilidade de ouvir o nome do candidato ap\u00f3s a digita\u00e7\u00e3o do n\u00famero deste na urna eletr\u00f4nica. Trata-se de um recurso tecnol\u00f3gico, desenvolvido sem custos para a Justi\u00e7a Eleitoral, que a partir dos n\u00fameros do candidato digitados &hellip;","og_url":"https:\/\/portalnpm.com\/index.php\/2020\/09\/09\/eleitor-com-deficiencia-visual-podera-ouvir-nome-do-candidato-na-urna\/","og_site_name":"Portal NPM","article_published_time":"2020-09-09T22:52:52+00:00","og_image":[{"width":543,"height":263,"url":"https:\/\/portalnpm.com\/wp-content\/uploads\/2024\/01\/P40G-IMG-7aa0a1abe8da10cff8.jpeg","type":"image\/jpeg"}],"author":"Genival Barbosa","twitter_card":"summary_large_image","twitter_misc":{"Escrito por":"Genival Barbosa","Est. tempo de leitura":"3 minutos"},"schema":{"@context":"https:\/\/schema.org","@graph":[{"@type":"WebPage","@id":"https:\/\/portalnpm.com\/index.php\/2020\/09\/09\/eleitor-com-deficiencia-visual-podera-ouvir-nome-do-candidato-na-urna\/","url":"https:\/\/portalnpm.com\/index.php\/2020\/09\/09\/eleitor-com-deficiencia-visual-podera-ouvir-nome-do-candidato-na-urna\/","name":"Eleitor com defici\u00eancia visual poder\u00e1 ouvir nome do candidato na urna","isPartOf":{"@id":"https:\/\/portalnpm.com\/#website"},"primaryImageOfPage":{"@id":"https:\/\/portalnpm.com\/index.php\/2020\/09\/09\/eleitor-com-deficiencia-visual-podera-ouvir-nome-do-candidato-na-urna\/#primaryimage"},"image":{"@id":"https:\/\/portalnpm.com\/index.php\/2020\/09\/09\/eleitor-com-deficiencia-visual-podera-ouvir-nome-do-candidato-na-urna\/#primaryimage"},"thumbnailUrl":"https:\/\/portalnpm.com\/wp-content\/uploads\/2024\/01\/P40G-IMG-7aa0a1abe8da10cff8.jpeg","datePublished":"2020-09-09T22:52:52+00:00","dateModified":"2020-09-09T22:52:52+00:00","author":{"@id":"https:\/\/portalnpm.com\/#\/schema\/person\/49313e563cfdefcc167f1ee4c017c294"},"breadcrumb":{"@id":"https:\/\/portalnpm.com\/index.php\/2020\/09\/09\/eleitor-com-deficiencia-visual-podera-ouvir-nome-do-candidato-na-urna\/#breadcrumb"},"inLanguage":"pt-BR","potentialAction":[{"@type":"ReadAction","target":["https:\/\/portalnpm.com\/index.php\/2020\/09\/09\/eleitor-com-deficiencia-visual-podera-ouvir-nome-do-candidato-na-urna\/"]}]},{"@type":"ImageObject","inLanguage":"pt-BR","@id":"https:\/\/portalnpm.com\/index.php\/2020\/09\/09\/eleitor-com-deficiencia-visual-podera-ouvir-nome-do-candidato-na-urna\/#primaryimage","url":"https:\/\/portalnpm.com\/wp-content\/uploads\/2024\/01\/P40G-IMG-7aa0a1abe8da10cff8.jpeg","contentUrl":"https:\/\/portalnpm.com\/wp-content\/uploads\/2024\/01\/P40G-IMG-7aa0a1abe8da10cff8.jpeg","width":543,"height":263},{"@type":"BreadcrumbList","@id":"https:\/\/portalnpm.com\/index.php\/2020\/09\/09\/eleitor-com-deficiencia-visual-podera-ouvir-nome-do-candidato-na-urna\/#breadcrumb","itemListElement":[{"@type":"ListItem","position":1,"name":"In\u00edcio","item":"https:\/\/portalnpm.com\/"},{"@type":"ListItem","position":2,"name":"Eleitor com defici\u00eancia visual poder\u00e1 ouvir nome do candidato na urna"}]},{"@type":"WebSite","@id":"https:\/\/portalnpm.com\/#website","url":"https:\/\/portalnpm.com\/","name":"Portal NPM","description":"Not\u00edcias em Primeira M\u00e3o","potentialAction":[{"@type":"SearchAction","target":{"@type":"EntryPoint","urlTemplate":"https:\/\/portalnpm.com\/?s={search_term_string}"},"query-input":"required name=search_term_string"}],"inLanguage":"pt-BR"},{"@type":"Person","@id":"https:\/\/portalnpm.com\/#\/schema\/person\/49313e563cfdefcc167f1ee4c017c294","name":"Genival Barbosa","image":{"@type":"ImageObject","inLanguage":"pt-BR","@id":"https:\/\/portalnpm.com\/#\/schema\/person\/image\/","url":"https:\/\/portalnpm.com\/wp-content\/uploads\/2024\/02\/avatar_user_2_1707743258-96x96.jpeg","contentUrl":"https:\/\/portalnpm.com\/wp-content\/uploads\/2024\/02\/avatar_user_2_1707743258-96x96.jpeg","caption":"Genival Barbosa"},"url":"https:\/\/portalnpm.com\/index.php\/author\/genival\/"}]}},"jetpack_sharing_enabled":true,"jetpack_featured_media_url":"https:\/\/portalnpm.com\/wp-content\/uploads\/2024\/01\/P40G-IMG-7aa0a1abe8da10cff8.jpeg","_links":{"self":[{"href":"https:\/\/portalnpm.com\/index.php\/wp-json\/wp\/v2\/posts\/57706"}],"collection":[{"href":"https:\/\/portalnpm.com\/index.php\/wp-json\/wp\/v2\/posts"}],"about":[{"href":"https:\/\/portalnpm.com\/index.php\/wp-json\/wp\/v2\/types\/post"}],"author":[{"embeddable":true,"href":"https:\/\/portalnpm.com\/index.php\/wp-json\/wp\/v2\/users\/2"}],"replies":[{"embeddable":true,"href":"https:\/\/portalnpm.com\/index.php\/wp-json\/wp\/v2\/comments?post=57706"}],"version-history":[{"count":0,"href":"https:\/\/portalnpm.com\/index.php\/wp-json\/wp\/v2\/posts\/57706\/revisions"}],"wp:featuredmedia":[{"embeddable":true,"href":"https:\/\/portalnpm.com\/index.php\/wp-json\/wp\/v2\/media\/57707"}],"wp:attachment":[{"href":"https:\/\/portalnpm.com\/index.php\/wp-json\/wp\/v2\/media?parent=57706"}],"wp:term":[{"taxonomy":"category","embeddable":true,"href":"https:\/\/portalnpm.com\/index.php\/wp-json\/wp\/v2\/categories?post=57706"},{"taxonomy":"post_tag","embeddable":true,"href":"https:\/\/portalnpm.com\/index.php\/wp-json\/wp\/v2\/tags?post=57706"}],"curies":[{"name":"wp","href":"https:\/\/api.w.org\/{rel}","templated":true}]}}