{"id":57711,"date":"2020-09-09T20:07:15","date_gmt":"2020-09-09T23:07:15","guid":{"rendered":"https:\/\/portalnpm.com\/index.php\/2020\/09\/09\/bayern-de-munique-anuncia-a-volta-de-perisic-a-inter-de-milao\/"},"modified":"2020-09-09T20:07:15","modified_gmt":"2020-09-09T23:07:15","slug":"bayern-de-munique-anuncia-a-volta-de-perisic-a-inter-de-milao","status":"publish","type":"post","link":"https:\/\/portalnpm.com\/index.php\/2020\/09\/09\/bayern-de-munique-anuncia-a-volta-de-perisic-a-inter-de-milao\/","title":{"rendered":"Bayern de Munique anuncia a volta de Perisic \u00e0 Inter de Mil\u00e3o"},"content":{"rendered":"<p style=\"text-align: justify;\">No \u00faltimo dia 1\u00ba, o jornal &#8216;Sky Sports&#8217; veiculou que o Bayern de Munique ofereceu 12 milh\u00f5es de euros (cerca de R$ 77 milh\u00f5es na cota\u00e7\u00e3o atual) \u00e0 Inter de Mil\u00e3o para ter Ivan Perisic em definitivo na equipe. Contudo, com o fim do contrato de empr\u00e9stimo e a recusa dos italianos, os alem\u00e3es anunciaram nesta quarta-feira (09) a volta do meia \u00e0 It\u00e1lia.<\/p>\n<p style=\"text-align: justify;\">\n<p style=\"text-align: justify;\">\n<p style=\"text-align: justify;\"><strong>Confira o comunicado:<\/strong><\/p>\n<p style=\"text-align: justify;\">\n&#8220;O FC Bayern despediu-se de Ivan Perisic. Depois de um ano emprestado, o internacional croata regressa \u00e0 Inter de Mil\u00e3o, onde tem um contrato at\u00e9 2022.<\/p>\n<p style=\"text-align: justify;\">Hasan Salihamid\u017ei\u0107, diretor esportivo do FC Bayern: &#8220;Ivan comportou-se de forma muito profissional ao longo do ano passado, foi um membro importante da nossa equipe e desempenhou um papel importante na conquista da Bundesliga, da Ta\u00e7a DFB e da Champions League. Desejamos-lhe as maiores felicidades para o futuro&#8221;.<\/p>\n<p style=\"text-align: justify;\">\nHansi Flick, treinador do FC Bayern: &#8220;Gostaria de agradecer ao Ivan pelas suas atua\u00e7\u00f5es e pela sua contribui\u00e7\u00e3o para a conquista da tripla. Ficamos muito felizes por trabalhar com ele. Dava para ver as qualidades do Ivan, em particular na fase final da Champions League, em Lisboa&#8221;.<\/p>\n<p style=\"text-align: justify;\">Perisic (31) fez 35 partidas pelo Bayern, marcando oito gols e fornecendo 10 assist\u00eancias&#8221;.<\/p>\n<p style=\"text-align: justify;\">Fonte: Esporte Interativo<\/p>\n","protected":false},"excerpt":{"rendered":"<p>No \u00faltimo dia 1\u00ba, o jornal &#8216;Sky Sports&#8217; veiculou que o Bayern de Munique ofereceu 12 milh\u00f5es de euros (cerca de R$ 77 milh\u00f5es na cota\u00e7\u00e3o atual) \u00e0 Inter de Mil\u00e3o para ter Ivan Perisic em definitivo na equipe. Contudo, com o fim do contrato de empr\u00e9stimo e a recusa dos italianos, os alem\u00e3es anunciaram &hellip;<\/p>\n","protected":false},"author":2,"featured_media":54213,"comment_status":"open","ping_status":"open","sticky":false,"template":"","format":"standard","meta":{"content-type":"","rop_custom_images_group":[],"rop_custom_messages_group":[],"rop_publish_now":"initial","rop_publish_now_accounts":{"facebook_2648258775420054_1618374048415101":""},"rop_publish_now_history":[],"rop_publish_now_status":"pending","footnotes":"","_jetpack_memberships_contains_paid_content":false},"categories":[108],"tags":[223,4666,6391,6392],"yoast_head":"<!-- This site is optimized with the Yoast SEO plugin v22.3 - https:\/\/yoast.com\/wordpress\/plugins\/seo\/ -->\n<title>Bayern de Munique anuncia a volta de Perisic \u00e0 Inter de Mil\u00e3o<\/title>\n<meta name=\"robots\" content=\"index, follow, max-snippet:-1, max-image-preview:large, max-video-preview:-1\" \/>\n<link rel=\"canonical\" href=\"https:\/\/portalnpm.com\/index.php\/2020\/09\/09\/bayern-de-munique-anuncia-a-volta-de-perisic-a-inter-de-milao\/\" \/>\n<meta property=\"og:locale\" content=\"pt_BR\" \/>\n<meta property=\"og:type\" content=\"article\" \/>\n<meta property=\"og:title\" content=\"Bayern de Munique anuncia a volta de Perisic \u00e0 Inter de Mil\u00e3o\" \/>\n<meta property=\"og:description\" content=\"No \u00faltimo dia 1\u00ba, o jornal &#8216;Sky Sports&#8217; veiculou que o Bayern de Munique ofereceu 12 milh\u00f5es de euros (cerca de R$ 77 milh\u00f5es na cota\u00e7\u00e3o atual) \u00e0 Inter de Mil\u00e3o para ter Ivan Perisic em definitivo na equipe. Contudo, com o fim do contrato de empr\u00e9stimo e a recusa dos italianos, os alem\u00e3es anunciaram &hellip;\" \/>\n<meta property=\"og:url\" content=\"https:\/\/portalnpm.com\/index.php\/2020\/09\/09\/bayern-de-munique-anuncia-a-volta-de-perisic-a-inter-de-milao\/\" \/>\n<meta property=\"og:site_name\" content=\"Portal NPM\" \/>\n<meta property=\"article:published_time\" content=\"2020-09-09T23:07:15+00:00\" \/>\n<meta property=\"og:image\" content=\"https:\/\/portalnpm.com\/wp-content\/uploads\/2024\/01\/images1.jpg\" \/>\n\t<meta property=\"og:image:width\" content=\"720\" \/>\n\t<meta property=\"og:image:height\" content=\"405\" \/>\n\t<meta property=\"og:image:type\" content=\"image\/jpeg\" \/>\n<meta name=\"author\" content=\"Genival Barbosa\" \/>\n<meta name=\"twitter:card\" content=\"summary_large_image\" \/>\n<meta name=\"twitter:label1\" content=\"Escrito por\" \/>\n\t<meta name=\"twitter:data1\" content=\"Genival Barbosa\" \/>\n\t<meta name=\"twitter:label2\" content=\"Est. tempo de leitura\" \/>\n\t<meta name=\"twitter:data2\" content=\"1 minuto\" \/>\n<script type=\"application\/ld+json\" class=\"yoast-schema-graph\">{\"@context\":\"https:\/\/schema.org\",\"@graph\":[{\"@type\":\"WebPage\",\"@id\":\"https:\/\/portalnpm.com\/index.php\/2020\/09\/09\/bayern-de-munique-anuncia-a-volta-de-perisic-a-inter-de-milao\/\",\"url\":\"https:\/\/portalnpm.com\/index.php\/2020\/09\/09\/bayern-de-munique-anuncia-a-volta-de-perisic-a-inter-de-milao\/\",\"name\":\"Bayern de Munique anuncia a volta de Perisic \u00e0 Inter de Mil\u00e3o\",\"isPartOf\":{\"@id\":\"https:\/\/portalnpm.com\/#website\"},\"primaryImageOfPage\":{\"@id\":\"https:\/\/portalnpm.com\/index.php\/2020\/09\/09\/bayern-de-munique-anuncia-a-volta-de-perisic-a-inter-de-milao\/#primaryimage\"},\"image\":{\"@id\":\"https:\/\/portalnpm.com\/index.php\/2020\/09\/09\/bayern-de-munique-anuncia-a-volta-de-perisic-a-inter-de-milao\/#primaryimage\"},\"thumbnailUrl\":\"https:\/\/portalnpm.com\/wp-content\/uploads\/2024\/01\/images1.jpg\",\"datePublished\":\"2020-09-09T23:07:15+00:00\",\"dateModified\":\"2020-09-09T23:07:15+00:00\",\"author\":{\"@id\":\"https:\/\/portalnpm.com\/#\/schema\/person\/49313e563cfdefcc167f1ee4c017c294\"},\"breadcrumb\":{\"@id\":\"https:\/\/portalnpm.com\/index.php\/2020\/09\/09\/bayern-de-munique-anuncia-a-volta-de-perisic-a-inter-de-milao\/#breadcrumb\"},\"inLanguage\":\"pt-BR\",\"potentialAction\":[{\"@type\":\"ReadAction\",\"target\":[\"https:\/\/portalnpm.com\/index.php\/2020\/09\/09\/bayern-de-munique-anuncia-a-volta-de-perisic-a-inter-de-milao\/\"]}]},{\"@type\":\"ImageObject\",\"inLanguage\":\"pt-BR\",\"@id\":\"https:\/\/portalnpm.com\/index.php\/2020\/09\/09\/bayern-de-munique-anuncia-a-volta-de-perisic-a-inter-de-milao\/#primaryimage\",\"url\":\"https:\/\/portalnpm.com\/wp-content\/uploads\/2024\/01\/images1.jpg\",\"contentUrl\":\"https:\/\/portalnpm.com\/wp-content\/uploads\/2024\/01\/images1.jpg\",\"width\":720,\"height\":405},{\"@type\":\"BreadcrumbList\",\"@id\":\"https:\/\/portalnpm.com\/index.php\/2020\/09\/09\/bayern-de-munique-anuncia-a-volta-de-perisic-a-inter-de-milao\/#breadcrumb\",\"itemListElement\":[{\"@type\":\"ListItem\",\"position\":1,\"name\":\"In\u00edcio\",\"item\":\"https:\/\/portalnpm.com\/\"},{\"@type\":\"ListItem\",\"position\":2,\"name\":\"Bayern de Munique anuncia a volta de Perisic \u00e0 Inter de Mil\u00e3o\"}]},{\"@type\":\"WebSite\",\"@id\":\"https:\/\/portalnpm.com\/#website\",\"url\":\"https:\/\/portalnpm.com\/\",\"name\":\"Portal NPM\",\"description\":\"Not\u00edcias em Primeira M\u00e3o\",\"potentialAction\":[{\"@type\":\"SearchAction\",\"target\":{\"@type\":\"EntryPoint\",\"urlTemplate\":\"https:\/\/portalnpm.com\/?s={search_term_string}\"},\"query-input\":\"required name=search_term_string\"}],\"inLanguage\":\"pt-BR\"},{\"@type\":\"Person\",\"@id\":\"https:\/\/portalnpm.com\/#\/schema\/person\/49313e563cfdefcc167f1ee4c017c294\",\"name\":\"Genival Barbosa\",\"image\":{\"@type\":\"ImageObject\",\"inLanguage\":\"pt-BR\",\"@id\":\"https:\/\/portalnpm.com\/#\/schema\/person\/image\/\",\"url\":\"https:\/\/portalnpm.com\/wp-content\/uploads\/2024\/02\/avatar_user_2_1707743258-96x96.jpeg\",\"contentUrl\":\"https:\/\/portalnpm.com\/wp-content\/uploads\/2024\/02\/avatar_user_2_1707743258-96x96.jpeg\",\"caption\":\"Genival Barbosa\"},\"url\":\"https:\/\/portalnpm.com\/index.php\/author\/genival\/\"}]}<\/script>\n<!-- \/ Yoast SEO plugin. -->","yoast_head_json":{"title":"Bayern de Munique anuncia a volta de Perisic \u00e0 Inter de Mil\u00e3o","robots":{"index":"index","follow":"follow","max-snippet":"max-snippet:-1","max-image-preview":"max-image-preview:large","max-video-preview":"max-video-preview:-1"},"canonical":"https:\/\/portalnpm.com\/index.php\/2020\/09\/09\/bayern-de-munique-anuncia-a-volta-de-perisic-a-inter-de-milao\/","og_locale":"pt_BR","og_type":"article","og_title":"Bayern de Munique anuncia a volta de Perisic \u00e0 Inter de Mil\u00e3o","og_description":"No \u00faltimo dia 1\u00ba, o jornal &#8216;Sky Sports&#8217; veiculou que o Bayern de Munique ofereceu 12 milh\u00f5es de euros (cerca de R$ 77 milh\u00f5es na cota\u00e7\u00e3o atual) \u00e0 Inter de Mil\u00e3o para ter Ivan Perisic em definitivo na equipe. Contudo, com o fim do contrato de empr\u00e9stimo e a recusa dos italianos, os alem\u00e3es anunciaram &hellip;","og_url":"https:\/\/portalnpm.com\/index.php\/2020\/09\/09\/bayern-de-munique-anuncia-a-volta-de-perisic-a-inter-de-milao\/","og_site_name":"Portal NPM","article_published_time":"2020-09-09T23:07:15+00:00","og_image":[{"width":720,"height":405,"url":"https:\/\/portalnpm.com\/wp-content\/uploads\/2024\/01\/images1.jpg","type":"image\/jpeg"}],"author":"Genival Barbosa","twitter_card":"summary_large_image","twitter_misc":{"Escrito por":"Genival Barbosa","Est. tempo de leitura":"1 minuto"},"schema":{"@context":"https:\/\/schema.org","@graph":[{"@type":"WebPage","@id":"https:\/\/portalnpm.com\/index.php\/2020\/09\/09\/bayern-de-munique-anuncia-a-volta-de-perisic-a-inter-de-milao\/","url":"https:\/\/portalnpm.com\/index.php\/2020\/09\/09\/bayern-de-munique-anuncia-a-volta-de-perisic-a-inter-de-milao\/","name":"Bayern de Munique anuncia a volta de Perisic \u00e0 Inter de Mil\u00e3o","isPartOf":{"@id":"https:\/\/portalnpm.com\/#website"},"primaryImageOfPage":{"@id":"https:\/\/portalnpm.com\/index.php\/2020\/09\/09\/bayern-de-munique-anuncia-a-volta-de-perisic-a-inter-de-milao\/#primaryimage"},"image":{"@id":"https:\/\/portalnpm.com\/index.php\/2020\/09\/09\/bayern-de-munique-anuncia-a-volta-de-perisic-a-inter-de-milao\/#primaryimage"},"thumbnailUrl":"https:\/\/portalnpm.com\/wp-content\/uploads\/2024\/01\/images1.jpg","datePublished":"2020-09-09T23:07:15+00:00","dateModified":"2020-09-09T23:07:15+00:00","author":{"@id":"https:\/\/portalnpm.com\/#\/schema\/person\/49313e563cfdefcc167f1ee4c017c294"},"breadcrumb":{"@id":"https:\/\/portalnpm.com\/index.php\/2020\/09\/09\/bayern-de-munique-anuncia-a-volta-de-perisic-a-inter-de-milao\/#breadcrumb"},"inLanguage":"pt-BR","potentialAction":[{"@type":"ReadAction","target":["https:\/\/portalnpm.com\/index.php\/2020\/09\/09\/bayern-de-munique-anuncia-a-volta-de-perisic-a-inter-de-milao\/"]}]},{"@type":"ImageObject","inLanguage":"pt-BR","@id":"https:\/\/portalnpm.com\/index.php\/2020\/09\/09\/bayern-de-munique-anuncia-a-volta-de-perisic-a-inter-de-milao\/#primaryimage","url":"https:\/\/portalnpm.com\/wp-content\/uploads\/2024\/01\/images1.jpg","contentUrl":"https:\/\/portalnpm.com\/wp-content\/uploads\/2024\/01\/images1.jpg","width":720,"height":405},{"@type":"BreadcrumbList","@id":"https:\/\/portalnpm.com\/index.php\/2020\/09\/09\/bayern-de-munique-anuncia-a-volta-de-perisic-a-inter-de-milao\/#breadcrumb","itemListElement":[{"@type":"ListItem","position":1,"name":"In\u00edcio","item":"https:\/\/portalnpm.com\/"},{"@type":"ListItem","position":2,"name":"Bayern de Munique anuncia a volta de Perisic \u00e0 Inter de Mil\u00e3o"}]},{"@type":"WebSite","@id":"https:\/\/portalnpm.com\/#website","url":"https:\/\/portalnpm.com\/","name":"Portal NPM","description":"Not\u00edcias em Primeira M\u00e3o","potentialAction":[{"@type":"SearchAction","target":{"@type":"EntryPoint","urlTemplate":"https:\/\/portalnpm.com\/?s={search_term_string}"},"query-input":"required name=search_term_string"}],"inLanguage":"pt-BR"},{"@type":"Person","@id":"https:\/\/portalnpm.com\/#\/schema\/person\/49313e563cfdefcc167f1ee4c017c294","name":"Genival Barbosa","image":{"@type":"ImageObject","inLanguage":"pt-BR","@id":"https:\/\/portalnpm.com\/#\/schema\/person\/image\/","url":"https:\/\/portalnpm.com\/wp-content\/uploads\/2024\/02\/avatar_user_2_1707743258-96x96.jpeg","contentUrl":"https:\/\/portalnpm.com\/wp-content\/uploads\/2024\/02\/avatar_user_2_1707743258-96x96.jpeg","caption":"Genival Barbosa"},"url":"https:\/\/portalnpm.com\/index.php\/author\/genival\/"}]}},"jetpack_sharing_enabled":true,"jetpack_featured_media_url":"https:\/\/portalnpm.com\/wp-content\/uploads\/2024\/01\/images1.jpg","_links":{"self":[{"href":"https:\/\/portalnpm.com\/index.php\/wp-json\/wp\/v2\/posts\/57711"}],"collection":[{"href":"https:\/\/portalnpm.com\/index.php\/wp-json\/wp\/v2\/posts"}],"about":[{"href":"https:\/\/portalnpm.com\/index.php\/wp-json\/wp\/v2\/types\/post"}],"author":[{"embeddable":true,"href":"https:\/\/portalnpm.com\/index.php\/wp-json\/wp\/v2\/users\/2"}],"replies":[{"embeddable":true,"href":"https:\/\/portalnpm.com\/index.php\/wp-json\/wp\/v2\/comments?post=57711"}],"version-history":[{"count":0,"href":"https:\/\/portalnpm.com\/index.php\/wp-json\/wp\/v2\/posts\/57711\/revisions"}],"wp:featuredmedia":[{"embeddable":true,"href":"https:\/\/portalnpm.com\/index.php\/wp-json\/wp\/v2\/media\/54213"}],"wp:attachment":[{"href":"https:\/\/portalnpm.com\/index.php\/wp-json\/wp\/v2\/media?parent=57711"}],"wp:term":[{"taxonomy":"category","embeddable":true,"href":"https:\/\/portalnpm.com\/index.php\/wp-json\/wp\/v2\/categories?post=57711"},{"taxonomy":"post_tag","embeddable":true,"href":"https:\/\/portalnpm.com\/index.php\/wp-json\/wp\/v2\/tags?post=57711"}],"curies":[{"name":"wp","href":"https:\/\/api.w.org\/{rel}","templated":true}]}}