{"id":57721,"date":"2020-09-10T09:53:14","date_gmt":"2020-09-10T12:53:14","guid":{"rendered":"https:\/\/portalnpm.com\/index.php\/2020\/09\/10\/hospital-regional-de-picos-tem-14-pacientes-internados-na-uti-covid\/"},"modified":"2020-09-10T09:53:14","modified_gmt":"2020-09-10T12:53:14","slug":"hospital-regional-de-picos-tem-14-pacientes-internados-na-uti-covid","status":"publish","type":"post","link":"https:\/\/portalnpm.com\/index.php\/2020\/09\/10\/hospital-regional-de-picos-tem-14-pacientes-internados-na-uti-covid\/","title":{"rendered":"Hospital Regional de Picos tem 14 pacientes internados na UTI Covid"},"content":{"rendered":"<p class=\"texto-justificado\" style=\"text-align: justify;\">O Hospital Regional Justino Luz (HRJL) divulgou novo boletim na noite desta quarta-feira, 09 de setembro. A unidade de sa\u00fade tem 23 pacientes internados na \u00e1rea covid.<\/p>\n<p style=\"text-align: justify;\">\n<p class=\"texto-justificado\" style=\"text-align: justify;\">Na UTI de S\u00edndrome Respirat\u00f3ria Aguda Grave est\u00e3o internados 14 pacientes.<\/p>\n<p style=\"text-align: justify;\">\u2022Picos (04 positivos e 01 suspeito)<\/p>\n<p style=\"text-align: justify;\">\u2022Vila Nova do Piau\u00ed (01 positivo)<\/p>\n<p style=\"text-align: justify;\">\u2022Francisco Santos (01 suspeito)<\/p>\n<p style=\"text-align: justify;\">\u2022Santa Cruz do Piau\u00ed (01 suspeito)<\/p>\n<p style=\"text-align: justify;\">\u2022Dom Expedito Lopes (01 positivo)<\/p>\n<p style=\"text-align: justify;\">\u2022Curral Novo do Piau\u00ed (01 positivo)<\/p>\n<p style=\"text-align: justify;\">\u2022Marcol\u00e2ndia (01 positivo)<\/p>\n<p style=\"text-align: justify;\">\u2022Itain\u00f3polis (01 positivo)<\/p>\n<p style=\"text-align: justify;\">\u2022Geminiano (01 positivo)<\/p>\n<p style=\"text-align: justify;\">\u2022Pio IX (01 negativo)<\/p>\n<p style=\"text-align: justify;\">Na enfermaria est\u00e3o internados 18 pacientes.<\/p>\n<p style=\"text-align: justify;\">\u2022Picos (04 positivos e 02 suspeitos)<\/p>\n<p style=\"text-align: justify;\">\u2022Santa Cruz do Piau\u00ed (03 positivos e 01 suspeito)<\/p>\n<p style=\"text-align: justify;\">\u2022Francisco Mac\u00eado (01 positivo)<\/p>\n<p style=\"text-align: justify;\">\u2022Alegrete do Piau\u00ed (01 suspeito)<\/p>\n<p style=\"text-align: justify;\">\u2022Wall Ferraz (01 positivo)<\/p>\n<p style=\"text-align: justify;\">\u2022Paulistana (01 positivo)<\/p>\n<p style=\"text-align: justify;\">\u2022S\u00e3o Jo\u00e3o da Canabrava (01 suspeito)<\/p>\n<p style=\"text-align: justify;\">\u2022Itain\u00f3polis (01 suspeito)<\/p>\n<p style=\"text-align: justify;\">\u2022Ipiranga do Piau\u00ed (01 suspeito)<\/p>\n<p style=\"text-align: justify;\">\u2022Santo Ant\u00f4nio de Lisboa (01 suspeito)<\/p>\n<p class=\"texto-justificado\" style=\"text-align: justify;\">*Dois pacientes foram transferidos para UTI, um de Geminiano e um de Pio IX.<\/p>\n<p style=\"text-align: justify;\"><strong>Altas<\/strong><\/p>\n<p class=\"texto-justificado\" style=\"text-align: justify;\">O hospital registrou a alta de tr\u00eas pacientes recuperados da Covid-19 (Picos, Monsenhor Hip\u00f3lito e Jaic\u00f3s).<\/p>\n<p style=\"text-align: justify;\"><strong>\u00d3bitos<\/strong><\/p>\n<p class=\"texto-justificado\" style=\"text-align: justify;\">Uma paciente de Picos que estava na UTI veio a \u00f3bito. Ela tinha 76 anos e faleceu em decorr\u00eancia de uma pneumonia. Testou negativo para Covid-19.<\/p>\n<p style=\"text-align: justify;\"><strong>Fonte: Riach\u00e3o Net<\/strong><\/p>\n","protected":false},"excerpt":{"rendered":"<p>O Hospital Regional Justino Luz (HRJL) divulgou novo boletim na noite desta quarta-feira, 09 de setembro. A unidade de sa\u00fade tem 23 pacientes internados na \u00e1rea covid. Na UTI de S\u00edndrome Respirat\u00f3ria Aguda Grave est\u00e3o internados 14 pacientes. \u2022Picos (04 positivos e 01 suspeito) \u2022Vila Nova do Piau\u00ed (01 positivo) \u2022Francisco Santos (01 suspeito) \u2022Santa &hellip;<\/p>\n","protected":false},"author":8,"featured_media":57722,"comment_status":"open","ping_status":"open","sticky":false,"template":"","format":"standard","meta":{"content-type":"","rop_custom_images_group":[],"rop_custom_messages_group":[],"rop_publish_now":"initial","rop_publish_now_accounts":{"facebook_2648258775420054_1618374048415101":""},"rop_publish_now_history":[],"rop_publish_now_status":"pending","footnotes":"","_jetpack_memberships_contains_paid_content":false},"categories":[127],"tags":[1113,2986,128],"yoast_head":"<!-- This site is optimized with the Yoast SEO plugin v22.3 - https:\/\/yoast.com\/wordpress\/plugins\/seo\/ -->\n<title>Hospital Regional de Picos tem 14 pacientes internados na UTI Covid<\/title>\n<meta name=\"robots\" content=\"index, follow, max-snippet:-1, max-image-preview:large, max-video-preview:-1\" \/>\n<link rel=\"canonical\" href=\"https:\/\/portalnpm.com\/index.php\/2020\/09\/10\/hospital-regional-de-picos-tem-14-pacientes-internados-na-uti-covid\/\" \/>\n<meta property=\"og:locale\" content=\"pt_BR\" \/>\n<meta property=\"og:type\" content=\"article\" \/>\n<meta property=\"og:title\" content=\"Hospital Regional de Picos tem 14 pacientes internados na UTI Covid\" \/>\n<meta property=\"og:description\" content=\"O Hospital Regional Justino Luz (HRJL) divulgou novo boletim na noite desta quarta-feira, 09 de setembro. A unidade de sa\u00fade tem 23 pacientes internados na \u00e1rea covid. Na UTI de S\u00edndrome Respirat\u00f3ria Aguda Grave est\u00e3o internados 14 pacientes. \u2022Picos (04 positivos e 01 suspeito) \u2022Vila Nova do Piau\u00ed (01 positivo) \u2022Francisco Santos (01 suspeito) \u2022Santa &hellip;\" \/>\n<meta property=\"og:url\" content=\"https:\/\/portalnpm.com\/index.php\/2020\/09\/10\/hospital-regional-de-picos-tem-14-pacientes-internados-na-uti-covid\/\" \/>\n<meta property=\"og:site_name\" content=\"Portal NPM\" \/>\n<meta property=\"article:published_time\" content=\"2020-09-10T12:53:14+00:00\" \/>\n<meta property=\"og:image\" content=\"https:\/\/portalnpm.com\/wp-content\/uploads\/2024\/01\/117036471_634770637168612_8425272896026741759_n.jpg\" \/>\n\t<meta property=\"og:image:width\" content=\"800\" \/>\n\t<meta property=\"og:image:height\" content=\"533\" \/>\n\t<meta property=\"og:image:type\" content=\"image\/jpeg\" \/>\n<meta name=\"author\" content=\"Zenilton Lima\" \/>\n<meta name=\"twitter:card\" content=\"summary_large_image\" \/>\n<meta name=\"twitter:label1\" content=\"Escrito por\" \/>\n\t<meta name=\"twitter:data1\" content=\"Zenilton Lima\" \/>\n\t<meta name=\"twitter:label2\" content=\"Est. tempo de leitura\" \/>\n\t<meta name=\"twitter:data2\" content=\"1 minuto\" \/>\n<script type=\"application\/ld+json\" class=\"yoast-schema-graph\">{\"@context\":\"https:\/\/schema.org\",\"@graph\":[{\"@type\":\"WebPage\",\"@id\":\"https:\/\/portalnpm.com\/index.php\/2020\/09\/10\/hospital-regional-de-picos-tem-14-pacientes-internados-na-uti-covid\/\",\"url\":\"https:\/\/portalnpm.com\/index.php\/2020\/09\/10\/hospital-regional-de-picos-tem-14-pacientes-internados-na-uti-covid\/\",\"name\":\"Hospital Regional de Picos tem 14 pacientes internados na UTI Covid\",\"isPartOf\":{\"@id\":\"https:\/\/portalnpm.com\/#website\"},\"primaryImageOfPage\":{\"@id\":\"https:\/\/portalnpm.com\/index.php\/2020\/09\/10\/hospital-regional-de-picos-tem-14-pacientes-internados-na-uti-covid\/#primaryimage\"},\"image\":{\"@id\":\"https:\/\/portalnpm.com\/index.php\/2020\/09\/10\/hospital-regional-de-picos-tem-14-pacientes-internados-na-uti-covid\/#primaryimage\"},\"thumbnailUrl\":\"https:\/\/portalnpm.com\/wp-content\/uploads\/2024\/01\/117036471_634770637168612_8425272896026741759_n.jpg\",\"datePublished\":\"2020-09-10T12:53:14+00:00\",\"dateModified\":\"2020-09-10T12:53:14+00:00\",\"author\":{\"@id\":\"https:\/\/portalnpm.com\/#\/schema\/person\/35cb55186eae3f074b6783da6d35591e\"},\"breadcrumb\":{\"@id\":\"https:\/\/portalnpm.com\/index.php\/2020\/09\/10\/hospital-regional-de-picos-tem-14-pacientes-internados-na-uti-covid\/#breadcrumb\"},\"inLanguage\":\"pt-BR\",\"potentialAction\":[{\"@type\":\"ReadAction\",\"target\":[\"https:\/\/portalnpm.com\/index.php\/2020\/09\/10\/hospital-regional-de-picos-tem-14-pacientes-internados-na-uti-covid\/\"]}]},{\"@type\":\"ImageObject\",\"inLanguage\":\"pt-BR\",\"@id\":\"https:\/\/portalnpm.com\/index.php\/2020\/09\/10\/hospital-regional-de-picos-tem-14-pacientes-internados-na-uti-covid\/#primaryimage\",\"url\":\"https:\/\/portalnpm.com\/wp-content\/uploads\/2024\/01\/117036471_634770637168612_8425272896026741759_n.jpg\",\"contentUrl\":\"https:\/\/portalnpm.com\/wp-content\/uploads\/2024\/01\/117036471_634770637168612_8425272896026741759_n.jpg\",\"width\":800,\"height\":533},{\"@type\":\"BreadcrumbList\",\"@id\":\"https:\/\/portalnpm.com\/index.php\/2020\/09\/10\/hospital-regional-de-picos-tem-14-pacientes-internados-na-uti-covid\/#breadcrumb\",\"itemListElement\":[{\"@type\":\"ListItem\",\"position\":1,\"name\":\"In\u00edcio\",\"item\":\"https:\/\/portalnpm.com\/\"},{\"@type\":\"ListItem\",\"position\":2,\"name\":\"Hospital Regional de Picos tem 14 pacientes internados na UTI Covid\"}]},{\"@type\":\"WebSite\",\"@id\":\"https:\/\/portalnpm.com\/#website\",\"url\":\"https:\/\/portalnpm.com\/\",\"name\":\"Portal NPM\",\"description\":\"Not\u00edcias em Primeira M\u00e3o\",\"potentialAction\":[{\"@type\":\"SearchAction\",\"target\":{\"@type\":\"EntryPoint\",\"urlTemplate\":\"https:\/\/portalnpm.com\/?s={search_term_string}\"},\"query-input\":\"required name=search_term_string\"}],\"inLanguage\":\"pt-BR\"},{\"@type\":\"Person\",\"@id\":\"https:\/\/portalnpm.com\/#\/schema\/person\/35cb55186eae3f074b6783da6d35591e\",\"name\":\"Zenilton Lima\",\"image\":{\"@type\":\"ImageObject\",\"inLanguage\":\"pt-BR\",\"@id\":\"https:\/\/portalnpm.com\/#\/schema\/person\/image\/\",\"url\":\"https:\/\/portalnpm.com\/wp-content\/uploads\/2024\/12\/avatar_user_8_1733658137-96x96.jpeg\",\"contentUrl\":\"https:\/\/portalnpm.com\/wp-content\/uploads\/2024\/12\/avatar_user_8_1733658137-96x96.jpeg\",\"caption\":\"Zenilton Lima\"},\"url\":\"https:\/\/portalnpm.com\/index.php\/author\/zenilton\/\"}]}<\/script>\n<!-- \/ Yoast SEO plugin. -->","yoast_head_json":{"title":"Hospital Regional de Picos tem 14 pacientes internados na UTI Covid","robots":{"index":"index","follow":"follow","max-snippet":"max-snippet:-1","max-image-preview":"max-image-preview:large","max-video-preview":"max-video-preview:-1"},"canonical":"https:\/\/portalnpm.com\/index.php\/2020\/09\/10\/hospital-regional-de-picos-tem-14-pacientes-internados-na-uti-covid\/","og_locale":"pt_BR","og_type":"article","og_title":"Hospital Regional de Picos tem 14 pacientes internados na UTI Covid","og_description":"O Hospital Regional Justino Luz (HRJL) divulgou novo boletim na noite desta quarta-feira, 09 de setembro. A unidade de sa\u00fade tem 23 pacientes internados na \u00e1rea covid. Na UTI de S\u00edndrome Respirat\u00f3ria Aguda Grave est\u00e3o internados 14 pacientes. \u2022Picos (04 positivos e 01 suspeito) \u2022Vila Nova do Piau\u00ed (01 positivo) \u2022Francisco Santos (01 suspeito) \u2022Santa &hellip;","og_url":"https:\/\/portalnpm.com\/index.php\/2020\/09\/10\/hospital-regional-de-picos-tem-14-pacientes-internados-na-uti-covid\/","og_site_name":"Portal NPM","article_published_time":"2020-09-10T12:53:14+00:00","og_image":[{"width":800,"height":533,"url":"https:\/\/portalnpm.com\/wp-content\/uploads\/2024\/01\/117036471_634770637168612_8425272896026741759_n.jpg","type":"image\/jpeg"}],"author":"Zenilton Lima","twitter_card":"summary_large_image","twitter_misc":{"Escrito por":"Zenilton Lima","Est. tempo de leitura":"1 minuto"},"schema":{"@context":"https:\/\/schema.org","@graph":[{"@type":"WebPage","@id":"https:\/\/portalnpm.com\/index.php\/2020\/09\/10\/hospital-regional-de-picos-tem-14-pacientes-internados-na-uti-covid\/","url":"https:\/\/portalnpm.com\/index.php\/2020\/09\/10\/hospital-regional-de-picos-tem-14-pacientes-internados-na-uti-covid\/","name":"Hospital Regional de Picos tem 14 pacientes internados na UTI Covid","isPartOf":{"@id":"https:\/\/portalnpm.com\/#website"},"primaryImageOfPage":{"@id":"https:\/\/portalnpm.com\/index.php\/2020\/09\/10\/hospital-regional-de-picos-tem-14-pacientes-internados-na-uti-covid\/#primaryimage"},"image":{"@id":"https:\/\/portalnpm.com\/index.php\/2020\/09\/10\/hospital-regional-de-picos-tem-14-pacientes-internados-na-uti-covid\/#primaryimage"},"thumbnailUrl":"https:\/\/portalnpm.com\/wp-content\/uploads\/2024\/01\/117036471_634770637168612_8425272896026741759_n.jpg","datePublished":"2020-09-10T12:53:14+00:00","dateModified":"2020-09-10T12:53:14+00:00","author":{"@id":"https:\/\/portalnpm.com\/#\/schema\/person\/35cb55186eae3f074b6783da6d35591e"},"breadcrumb":{"@id":"https:\/\/portalnpm.com\/index.php\/2020\/09\/10\/hospital-regional-de-picos-tem-14-pacientes-internados-na-uti-covid\/#breadcrumb"},"inLanguage":"pt-BR","potentialAction":[{"@type":"ReadAction","target":["https:\/\/portalnpm.com\/index.php\/2020\/09\/10\/hospital-regional-de-picos-tem-14-pacientes-internados-na-uti-covid\/"]}]},{"@type":"ImageObject","inLanguage":"pt-BR","@id":"https:\/\/portalnpm.com\/index.php\/2020\/09\/10\/hospital-regional-de-picos-tem-14-pacientes-internados-na-uti-covid\/#primaryimage","url":"https:\/\/portalnpm.com\/wp-content\/uploads\/2024\/01\/117036471_634770637168612_8425272896026741759_n.jpg","contentUrl":"https:\/\/portalnpm.com\/wp-content\/uploads\/2024\/01\/117036471_634770637168612_8425272896026741759_n.jpg","width":800,"height":533},{"@type":"BreadcrumbList","@id":"https:\/\/portalnpm.com\/index.php\/2020\/09\/10\/hospital-regional-de-picos-tem-14-pacientes-internados-na-uti-covid\/#breadcrumb","itemListElement":[{"@type":"ListItem","position":1,"name":"In\u00edcio","item":"https:\/\/portalnpm.com\/"},{"@type":"ListItem","position":2,"name":"Hospital Regional de Picos tem 14 pacientes internados na UTI Covid"}]},{"@type":"WebSite","@id":"https:\/\/portalnpm.com\/#website","url":"https:\/\/portalnpm.com\/","name":"Portal NPM","description":"Not\u00edcias em Primeira M\u00e3o","potentialAction":[{"@type":"SearchAction","target":{"@type":"EntryPoint","urlTemplate":"https:\/\/portalnpm.com\/?s={search_term_string}"},"query-input":"required name=search_term_string"}],"inLanguage":"pt-BR"},{"@type":"Person","@id":"https:\/\/portalnpm.com\/#\/schema\/person\/35cb55186eae3f074b6783da6d35591e","name":"Zenilton Lima","image":{"@type":"ImageObject","inLanguage":"pt-BR","@id":"https:\/\/portalnpm.com\/#\/schema\/person\/image\/","url":"https:\/\/portalnpm.com\/wp-content\/uploads\/2024\/12\/avatar_user_8_1733658137-96x96.jpeg","contentUrl":"https:\/\/portalnpm.com\/wp-content\/uploads\/2024\/12\/avatar_user_8_1733658137-96x96.jpeg","caption":"Zenilton Lima"},"url":"https:\/\/portalnpm.com\/index.php\/author\/zenilton\/"}]}},"jetpack_sharing_enabled":true,"jetpack_featured_media_url":"https:\/\/portalnpm.com\/wp-content\/uploads\/2024\/01\/117036471_634770637168612_8425272896026741759_n.jpg","_links":{"self":[{"href":"https:\/\/portalnpm.com\/index.php\/wp-json\/wp\/v2\/posts\/57721"}],"collection":[{"href":"https:\/\/portalnpm.com\/index.php\/wp-json\/wp\/v2\/posts"}],"about":[{"href":"https:\/\/portalnpm.com\/index.php\/wp-json\/wp\/v2\/types\/post"}],"author":[{"embeddable":true,"href":"https:\/\/portalnpm.com\/index.php\/wp-json\/wp\/v2\/users\/8"}],"replies":[{"embeddable":true,"href":"https:\/\/portalnpm.com\/index.php\/wp-json\/wp\/v2\/comments?post=57721"}],"version-history":[{"count":0,"href":"https:\/\/portalnpm.com\/index.php\/wp-json\/wp\/v2\/posts\/57721\/revisions"}],"wp:featuredmedia":[{"embeddable":true,"href":"https:\/\/portalnpm.com\/index.php\/wp-json\/wp\/v2\/media\/57722"}],"wp:attachment":[{"href":"https:\/\/portalnpm.com\/index.php\/wp-json\/wp\/v2\/media?parent=57721"}],"wp:term":[{"taxonomy":"category","embeddable":true,"href":"https:\/\/portalnpm.com\/index.php\/wp-json\/wp\/v2\/categories?post=57721"},{"taxonomy":"post_tag","embeddable":true,"href":"https:\/\/portalnpm.com\/index.php\/wp-json\/wp\/v2\/tags?post=57721"}],"curies":[{"name":"wp","href":"https:\/\/api.w.org\/{rel}","templated":true}]}}