{"id":57725,"date":"2020-09-10T10:18:10","date_gmt":"2020-09-10T13:18:10","guid":{"rendered":"https:\/\/portalnpm.com\/index.php\/2020\/09\/10\/senado-aprova-aumento-da-pena-para-quem-maltratar-caes-e-gatos-que-vai-a-sancao\/"},"modified":"2024-01-15T21:15:57","modified_gmt":"2024-01-16T00:15:57","slug":"senado-aprova-aumento-da-pena-para-quem-maltratar-caes-e-gatos-que-vai-a-sancao","status":"publish","type":"post","link":"https:\/\/portalnpm.com\/index.php\/2020\/09\/10\/senado-aprova-aumento-da-pena-para-quem-maltratar-caes-e-gatos-que-vai-a-sancao\/","title":{"rendered":"Senado aprova aumento da pena para quem maltratar c\u00e3es e gatos, que vai \u00e0 san\u00e7\u00e3o"},"content":{"rendered":"<p><p style=\"text-align: justify;\">Em sess&atilde;o remota nesta quarta-feira (9), o Plen&aacute;rio do Senado aprovou projeto que aumenta as penas para maus-tratos a c&atilde;es e gatos (<a class=\"external-link\" title=\"\" href=\"http:\/\/www25.senado.leg.br\/web\/atividade\/materias\/-\/materia\/140546\" target=\"_self\" rel=\"noopener noreferrer\">PL&nbsp;1.095\/2019<\/a>). O texto foi&nbsp;<a href=\"https:\/\/www.camara.leg.br\/noticias\/627518-camara-aprova-aumento-de-pena-para-quem-ferir-caes-e-gatos\/\">aprovado na C&acirc;mara<\/a>&nbsp;no final do ano passado e segue agora para a san&ccedil;&atilde;o.<\/p>\n<p>\n&nbsp;\n<\/p>\n<p style=\"text-align: justify;\">Pela proposta, a pr&aacute;tica de abuso, maus-tratos, ferimento ou mutila&ccedil;&atilde;o a c&atilde;es e gatos ser&aacute; punida com pena de reclus&atilde;o, de dois a cinco anos, al&eacute;m de multa e proibi&ccedil;&atilde;o de guarda. Hoje, a pena &eacute; de deten&ccedil;&atilde;o, de tr&ecirc;s meses a um ano, e multa &mdash; dentro do item que abrange todos os animais. O projeto altera a Lei de Crimes Ambientais (Lei&nbsp;<a href=\"http:\/\/www.planalto.gov.br\/ccivil_03\/leis\/l9605.htm#:~:text=L9605&amp;text=LEI%20N%C2%BA%209.605%2C%20DE%2012%20DE%20FEVEREIRO%20DE%201998.&amp;text=Disp%C3%B5e%20sobre%20as%20san%C3%A7%C3%B5es%20penais,ambiente%2C%20e%20d%C3%A1%20outras%20provid%C3%AAncias.&amp;text=Art.,-2%C2%BA%20Quem%2C%20de\">9.605, de 1998<\/a>) para criar um item espec&iacute;fico para c&atilde;es e gatos, que s&atilde;o os animais dom&eacute;sticos mais comuns e principais v&iacute;timas desse tipo de crime.<\/p>\n<p style=\"text-align: justify;\">O deputado Fred Costa (Patriota-MG), autor da proposi&ccedil;&atilde;o, acompanhou a vota&ccedil;&atilde;o da sala da Secretaria de Tecnologia da Informa&ccedil;&atilde;o (Prodasen), de onde s&atilde;o transmitidas as sess&otilde;es remotas do Senado. Para o deputado, o projeto responde a um problema concreto da sociedade brasileira, que tem se revoltado a cada caso de viol&ecirc;ncia com os animais.<\/p>\n<h3 style=\"text-align: justify;\"><b>Relat&oacute;rio<\/b><\/h3>\n<p style=\"text-align: justify;\">O relator, senador Fabiano Contarato (Rede-ES), elogiou a iniciativa da mat&eacute;ria. Em seu relat&oacute;rio, ele apontou que, apesar da proibi&ccedil;&atilde;o legal, a imprensa e as redes sociais t&ecirc;m divulgado o aumento da frequ&ecirc;ncia de delitos graves envolvendo atos de abuso e maus-tratos especificamente contra c&atilde;es e gatos, &ldquo;o que gera um clamor social para que a legisla&ccedil;&atilde;o seja alterada&rdquo;. O senador lamentou que muitos desses atos cru&eacute;is sejam at&eacute; filmados e divulgados na internet.<\/p>\n<p><img fetchpriority=\"high\" decoding=\"async\" class=\"aligncenter size-full wp-image-25764\" src=\"https:\/\/portalnpm.com\/wp-content\/uploads\/2024\/01\/O-senador-Fabiano-Contarato-Rede-ES-foi-o-relator-da-materia.jpg\" alt=\"\" width=\"860\" height=\"570\"><\/p>\n<p style=\"text-align: justify;\">Contarato destacou que, com o isolamento social por conta da pandemia do coronav&iacute;rus, os casos de maus-tratos cresceram muito. Com base nos registros da Delegacia Eletr&ocirc;nica de Prote&ccedil;&atilde;o Animal (Depa), o senador informou que, somente no estado de S&atilde;o Paulo, den&uacute;ncias de viol&ecirc;ncia contra animais aumentaram 81,5% de janeiro a julho de 2020, em rela&ccedil;&atilde;o ao mesmo per&iacute;odo do ano passado.<\/p>\n<p style=\"text-align: justify;\">&mdash; Este projeto &eacute; muito importante. &Eacute; inaceit&aacute;vel o que vem acontecendo no Brasil no aspecto da prote&ccedil;&atilde;o animal &mdash; declarou o senador, lembrando que a data de 9 de setembro &eacute; destinada a comemorar o Dia Nacional do Veterin&aacute;rio.<\/p>\n<p style=\"text-align: justify;\">De acordo com o relator, estudos acad&ecirc;micos e estat&iacute;sticos ressaltam, inclusive, a correla&ccedil;&atilde;o entre maus-tratos aos animais dom&eacute;sticos &mdash; em sua maioria c&atilde;es e gatos &mdash; e viol&ecirc;ncia dom&eacute;stica. A crueldade animal, destacou Contarato, est&aacute; conectada a outros atos de viol&ecirc;ncia, o que torna os maus-tratos aos animais de estima&ccedil;&atilde;o um indicativo de abuso familiar, com a demanda de serem devidamente evidenciados e reconhecidos, &ldquo;para que a sa&uacute;de e a seguran&ccedil;a social sejam asseguradas na sociedade&rdquo;.<\/p>\n<p style=\"text-align: justify;\">&mdash; Este projeto &eacute; uma forma de dar viabilidade ao mandamento constitucional de proteger a fauna. &Eacute; nossa responsabilidade garantir aos animais sa&uacute;de e bem-estar &mdash; disse Contarato.<\/p>\n<h3 style=\"text-align: justify;\"><b>Da Vinci e Gandhi<\/b><\/h3>\n<p style=\"text-align: justify;\">Em seu relat&oacute;rio, Fabiano Contarato citou o ativista Mahatma Gandhi (1869-1948), que afirmou: &ldquo;A grandeza de uma na&ccedil;&atilde;o e seu progresso moral podem ser julgados pela forma como seus animais s&atilde;o tratados&rdquo;. Na vis&atilde;o do relator, a aprova&ccedil;&atilde;o da mat&eacute;ria &eacute; uma forma de aproximar o Brasil do n&iacute;vel de civilidade preconizado pelo l&iacute;der indiano.<\/p>\n<p style=\"text-align: justify;\">O relator tamb&eacute;m destacou uma frase do pintor italiano Leonardo da Vinci (1452-1519), que registrou que &ldquo;chegar&aacute; o tempo em que o homem conhecer&aacute; o &iacute;ntimo de um animal e nesse dia todo crime contra um animal ser&aacute; um crime contra a humanidade&rdquo;. Para Contarato, o projeto &eacute; uma oportunidade de o pa&iacute;s dar mais um importante passo nessa dire&ccedil;&atilde;o.<\/p>\n<h3 style=\"text-align: justify;\"><b>Emendas<\/b><\/h3>\n<p style=\"text-align: justify;\">Contarato informou que foram apresentadas tr&ecirc;s emendas em Plen&aacute;rio. No entanto, nenhuma delas foi acatada. As emendas dos senadores Rose de Freitas (Podemos-ES) e Jean Paul Prates (PT-RN) pediam que as penas mais duras fossem aplicadas aos casos de viol&ecirc;ncia com todos os animais criados em &acirc;mbito dom&eacute;stico, e n&atilde;o apenas em rela&ccedil;&atilde;o a c&atilde;es e gatos. O relator elogiou a emenda, mas sugeriu um projeto espec&iacute;fico para tratar do assunto.<\/p>\n<p style=\"text-align: justify;\">A terceira emenda, de autoria do senador Telm&aacute;rio Mota (Pros-RR), diminu&iacute;a o tempo m&iacute;nimo de deten&ccedil;&atilde;o para dois meses &mdash; contra tr&ecirc;s meses da legisla&ccedil;&atilde;o atual e dois anos, do projeto. A emenda previa tamb&eacute;m a proibi&ccedil;&atilde;o da guarda de animal em caso de dolo. Telm&aacute;rio classificou o projeto como uma &ldquo;grande invers&atilde;o de valores&rdquo;.<\/p>\n<p style=\"text-align: justify;\">&mdash; Este projeto est&aacute; fora da realidade. A rela&ccedil;&atilde;o com os animais tem que ser de carinho. Mas uma animal tem que ser tratado como um animal. Essa sensibilidade est&aacute; atrapalhando a cultura dos brasileiros &mdash; argumentou Telm&aacute;rio, ao anunciar voto contr&aacute;rio ao projeto.<\/p>\n<p style=\"text-align: justify;\">Ao rejeitar a emenda, Contarato argumentou que a redu&ccedil;&atilde;o das penas vai no sentido oposto do projeto, tendo potencial para estimular ainda mais os atos de crueldade contra c&atilde;es e gatos. O relator ainda informou que j&aacute; apresentou um projeto (<a class=\"external-link\" title=\"\" href=\"http:\/\/www25.senado.leg.br\/web\/atividade\/materias\/-\/materia\/144624\" target=\"_self\" rel=\"noopener noreferrer\">PL&nbsp;4.517\/2020<\/a>) para aumentar a pena dos maus-tratos com les&atilde;o grave contra pessoas. Segundo a proposi&ccedil;&atilde;o, a pena ser&aacute; de dois a cinco anos de reclus&atilde;o. Hoje, a pena &eacute; de um a quatro anos.<\/p>\n<h3 style=\"text-align: justify;\"><b>Apoio<\/b><\/h3>\n<p style=\"text-align: justify;\">V&aacute;rios senadores se manifestaram em apoio ao projeto. O senador Carlos Viana (PSD-MG), que presidiu a sess&atilde;o, parabenizou o deputado Fred Costa pela autoria, o senador Fabiano Contarato, pela relatoria, e a todos os que lutam pela causa animal no pa&iacute;s.<\/p>\n<p style=\"text-align: justify;\">O senador Eduardo Braga (MDB-AM) pediu uma conviv&ecirc;ncia mais civilizada com os animais e com o planeta. Para o senador Alessandro Vieira (Cidadania-SE), o projeto &eacute; um avan&ccedil;o para toda a sociedade. Rodrigo Pacheco (DEM-MG) registrou que a defesa dos animais &eacute; uma causa que tem o apoio da sociedade. Alvaro Dias (Podemos-PR), Randolfe Rodrigues (Rede-AP) e Rog&eacute;rio Carvalho (PT-SE) classificaram o projeto como um salto civilizat&oacute;rio.<\/p>\n<p style=\"text-align: justify;\">O senador Major Olimpio (PSL-SP) lamentou os recorrentes casos de viol&ecirc;ncia contra os animais e elogiou a iniciativa do projeto. Os senadores Omar Aziz (PSD-AM) e Daniella Ribeiro (PP-PB) lembraram a import&acirc;ncia dos animais dom&eacute;sticos para a sa&uacute;de mental dos seus donos. Soraya Thronicke (PSL-MS), Lasier Martins (Podemos-RS), Eliziane Gama (Cidadania-MA), Izalci Lucas (PSDB-DF), Humberto Costa (PT-PE), Veneziano Vital do R&ecirc;go (PSB-PB), Paulo Paim (PT-RS) e Jorginho Melo (PL-SC) elogiaram o autor e o relator da mat&eacute;ria.<\/p>\n<p style=\"text-align: justify;\">&mdash; Este &eacute; um projeto muito importante. Proteger os animais &eacute; uma quest&atilde;o de sensibilidade humana &mdash; afirmou Jorginho.<\/p>\n<h3 style=\"text-align: justify;\"><b>Manifesta&ccedil;&atilde;o<\/b><\/h3>\n<p style=\"text-align: justify;\">Na manh&atilde; de ter&ccedil;a-feira (8), ativistas da causa dos animais fizeram&nbsp;<a href=\"https:\/\/www12.senado.leg.br\/noticias\/materias\/2020\/09\/09\/08\/projeto-aumenta-punicao-para-quem-maltratar-caes-e-gatos\">uma manifesta&ccedil;&atilde;o<\/a>&nbsp;em frente ao Congresso Nacional para defender a aprova&ccedil;&atilde;o do PL 1.095\/2019. Militantes independentes e representantes de entidades ligadas &agrave; defesa dos animais estenderam uma faixa cobrando cadeia para quem maltrata c&atilde;es e gatos. Centenas de imagens de c&atilde;es e gatos v&iacute;timas de viol&ecirc;ncia foram colocadas no gramado, como forma de chamar a aten&ccedil;&atilde;o para o tema. Cerca de 30 organiza&ccedil;&otilde;es manifestaram apoio ao ato em frente ao Congresso.<\/p>\n<p style=\"text-align: justify;\"><strong>Fonte<\/strong>: Ag&ecirc;ncia Senado.<\/p><\/p>\n","protected":false},"excerpt":{"rendered":"<p>Em sess&atilde;o remota nesta quarta-feira (9), o Plen&aacute;rio do Senado aprovou projeto que aumenta as penas para maus-tratos a c&atilde;es e gatos (PL&nbsp;1.095\/2019). O texto foi&nbsp;aprovado na C&acirc;mara&nbsp;no final do ano passado e segue agora para a san&ccedil;&atilde;o. &nbsp; Pela proposta, a pr&aacute;tica de abuso, maus-tratos, ferimento ou mutila&ccedil;&atilde;o a c&atilde;es e gatos ser&aacute; punida &hellip;<\/p>\n","protected":false},"author":8,"featured_media":25765,"comment_status":"open","ping_status":"open","sticky":false,"template":"","format":"standard","meta":{"content-type":"","rop_custom_images_group":[],"rop_custom_messages_group":[],"rop_publish_now":"initial","rop_publish_now_accounts":{"facebook_2648258775420054_1618374048415101":""},"rop_publish_now_history":[],"rop_publish_now_status":"pending","footnotes":"","_jetpack_memberships_contains_paid_content":false},"categories":[125],"tags":[6403,6404,6405,738],"yoast_head":"<!-- This site is optimized with the Yoast SEO plugin v22.3 - https:\/\/yoast.com\/wordpress\/plugins\/seo\/ -->\n<title>Senado aprova aumento da pena para quem maltratar c\u00e3es e gatos, que vai \u00e0 san\u00e7\u00e3o<\/title>\n<meta name=\"robots\" content=\"index, follow, max-snippet:-1, max-image-preview:large, max-video-preview:-1\" \/>\n<link rel=\"canonical\" href=\"https:\/\/portalnpm.com\/index.php\/2020\/09\/10\/senado-aprova-aumento-da-pena-para-quem-maltratar-caes-e-gatos-que-vai-a-sancao\/\" \/>\n<meta property=\"og:locale\" content=\"pt_BR\" \/>\n<meta property=\"og:type\" content=\"article\" \/>\n<meta property=\"og:title\" content=\"Senado aprova aumento da pena para quem maltratar c\u00e3es e gatos, que vai \u00e0 san\u00e7\u00e3o\" \/>\n<meta property=\"og:description\" content=\"Em sess&atilde;o remota nesta quarta-feira (9), o Plen&aacute;rio do Senado aprovou projeto que aumenta as penas para maus-tratos a c&atilde;es e gatos (PL&nbsp;1.095\/2019). O texto foi&nbsp;aprovado na C&acirc;mara&nbsp;no final do ano passado e segue agora para a san&ccedil;&atilde;o. &nbsp; Pela proposta, a pr&aacute;tica de abuso, maus-tratos, ferimento ou mutila&ccedil;&atilde;o a c&atilde;es e gatos ser&aacute; punida &hellip;\" \/>\n<meta property=\"og:url\" content=\"https:\/\/portalnpm.com\/index.php\/2020\/09\/10\/senado-aprova-aumento-da-pena-para-quem-maltratar-caes-e-gatos-que-vai-a-sancao\/\" \/>\n<meta property=\"og:site_name\" content=\"Portal NPM\" \/>\n<meta property=\"article:published_time\" content=\"2020-09-10T13:18:10+00:00\" \/>\n<meta property=\"article:modified_time\" content=\"2024-01-16T00:15:57+00:00\" \/>\n<meta name=\"author\" content=\"Zenilton Lima\" \/>\n<meta name=\"twitter:card\" content=\"summary_large_image\" \/>\n<meta name=\"twitter:label1\" content=\"Escrito por\" \/>\n\t<meta name=\"twitter:data1\" content=\"Zenilton Lima\" \/>\n\t<meta name=\"twitter:label2\" content=\"Est. tempo de leitura\" \/>\n\t<meta name=\"twitter:data2\" content=\"7 minutos\" \/>\n<script type=\"application\/ld+json\" class=\"yoast-schema-graph\">{\"@context\":\"https:\/\/schema.org\",\"@graph\":[{\"@type\":\"WebPage\",\"@id\":\"https:\/\/portalnpm.com\/index.php\/2020\/09\/10\/senado-aprova-aumento-da-pena-para-quem-maltratar-caes-e-gatos-que-vai-a-sancao\/\",\"url\":\"https:\/\/portalnpm.com\/index.php\/2020\/09\/10\/senado-aprova-aumento-da-pena-para-quem-maltratar-caes-e-gatos-que-vai-a-sancao\/\",\"name\":\"Senado aprova aumento da pena para quem maltratar c\u00e3es e gatos, que vai \u00e0 san\u00e7\u00e3o\",\"isPartOf\":{\"@id\":\"https:\/\/portalnpm.com\/#website\"},\"primaryImageOfPage\":{\"@id\":\"https:\/\/portalnpm.com\/index.php\/2020\/09\/10\/senado-aprova-aumento-da-pena-para-quem-maltratar-caes-e-gatos-que-vai-a-sancao\/#primaryimage\"},\"image\":{\"@id\":\"https:\/\/portalnpm.com\/index.php\/2020\/09\/10\/senado-aprova-aumento-da-pena-para-quem-maltratar-caes-e-gatos-que-vai-a-sancao\/#primaryimage\"},\"thumbnailUrl\":\"\",\"datePublished\":\"2020-09-10T13:18:10+00:00\",\"dateModified\":\"2024-01-16T00:15:57+00:00\",\"author\":{\"@id\":\"https:\/\/portalnpm.com\/#\/schema\/person\/35cb55186eae3f074b6783da6d35591e\"},\"breadcrumb\":{\"@id\":\"https:\/\/portalnpm.com\/index.php\/2020\/09\/10\/senado-aprova-aumento-da-pena-para-quem-maltratar-caes-e-gatos-que-vai-a-sancao\/#breadcrumb\"},\"inLanguage\":\"pt-BR\",\"potentialAction\":[{\"@type\":\"ReadAction\",\"target\":[\"https:\/\/portalnpm.com\/index.php\/2020\/09\/10\/senado-aprova-aumento-da-pena-para-quem-maltratar-caes-e-gatos-que-vai-a-sancao\/\"]}]},{\"@type\":\"ImageObject\",\"inLanguage\":\"pt-BR\",\"@id\":\"https:\/\/portalnpm.com\/index.php\/2020\/09\/10\/senado-aprova-aumento-da-pena-para-quem-maltratar-caes-e-gatos-que-vai-a-sancao\/#primaryimage\",\"url\":\"\",\"contentUrl\":\"\"},{\"@type\":\"BreadcrumbList\",\"@id\":\"https:\/\/portalnpm.com\/index.php\/2020\/09\/10\/senado-aprova-aumento-da-pena-para-quem-maltratar-caes-e-gatos-que-vai-a-sancao\/#breadcrumb\",\"itemListElement\":[{\"@type\":\"ListItem\",\"position\":1,\"name\":\"In\u00edcio\",\"item\":\"https:\/\/portalnpm.com\/\"},{\"@type\":\"ListItem\",\"position\":2,\"name\":\"Senado aprova aumento da pena para quem maltratar c\u00e3es e gatos, que vai \u00e0 san\u00e7\u00e3o\"}]},{\"@type\":\"WebSite\",\"@id\":\"https:\/\/portalnpm.com\/#website\",\"url\":\"https:\/\/portalnpm.com\/\",\"name\":\"Portal NPM\",\"description\":\"Not\u00edcias em Primeira M\u00e3o\",\"potentialAction\":[{\"@type\":\"SearchAction\",\"target\":{\"@type\":\"EntryPoint\",\"urlTemplate\":\"https:\/\/portalnpm.com\/?s={search_term_string}\"},\"query-input\":\"required name=search_term_string\"}],\"inLanguage\":\"pt-BR\"},{\"@type\":\"Person\",\"@id\":\"https:\/\/portalnpm.com\/#\/schema\/person\/35cb55186eae3f074b6783da6d35591e\",\"name\":\"Zenilton Lima\",\"image\":{\"@type\":\"ImageObject\",\"inLanguage\":\"pt-BR\",\"@id\":\"https:\/\/portalnpm.com\/#\/schema\/person\/image\/\",\"url\":\"https:\/\/portalnpm.com\/wp-content\/uploads\/2024\/12\/avatar_user_8_1733658137-96x96.jpeg\",\"contentUrl\":\"https:\/\/portalnpm.com\/wp-content\/uploads\/2024\/12\/avatar_user_8_1733658137-96x96.jpeg\",\"caption\":\"Zenilton Lima\"},\"url\":\"https:\/\/portalnpm.com\/index.php\/author\/zenilton\/\"}]}<\/script>\n<!-- \/ Yoast SEO plugin. -->","yoast_head_json":{"title":"Senado aprova aumento da pena para quem maltratar c\u00e3es e gatos, que vai \u00e0 san\u00e7\u00e3o","robots":{"index":"index","follow":"follow","max-snippet":"max-snippet:-1","max-image-preview":"max-image-preview:large","max-video-preview":"max-video-preview:-1"},"canonical":"https:\/\/portalnpm.com\/index.php\/2020\/09\/10\/senado-aprova-aumento-da-pena-para-quem-maltratar-caes-e-gatos-que-vai-a-sancao\/","og_locale":"pt_BR","og_type":"article","og_title":"Senado aprova aumento da pena para quem maltratar c\u00e3es e gatos, que vai \u00e0 san\u00e7\u00e3o","og_description":"Em sess&atilde;o remota nesta quarta-feira (9), o Plen&aacute;rio do Senado aprovou projeto que aumenta as penas para maus-tratos a c&atilde;es e gatos (PL&nbsp;1.095\/2019). O texto foi&nbsp;aprovado na C&acirc;mara&nbsp;no final do ano passado e segue agora para a san&ccedil;&atilde;o. &nbsp; Pela proposta, a pr&aacute;tica de abuso, maus-tratos, ferimento ou mutila&ccedil;&atilde;o a c&atilde;es e gatos ser&aacute; punida &hellip;","og_url":"https:\/\/portalnpm.com\/index.php\/2020\/09\/10\/senado-aprova-aumento-da-pena-para-quem-maltratar-caes-e-gatos-que-vai-a-sancao\/","og_site_name":"Portal NPM","article_published_time":"2020-09-10T13:18:10+00:00","article_modified_time":"2024-01-16T00:15:57+00:00","author":"Zenilton Lima","twitter_card":"summary_large_image","twitter_misc":{"Escrito por":"Zenilton Lima","Est. tempo de leitura":"7 minutos"},"schema":{"@context":"https:\/\/schema.org","@graph":[{"@type":"WebPage","@id":"https:\/\/portalnpm.com\/index.php\/2020\/09\/10\/senado-aprova-aumento-da-pena-para-quem-maltratar-caes-e-gatos-que-vai-a-sancao\/","url":"https:\/\/portalnpm.com\/index.php\/2020\/09\/10\/senado-aprova-aumento-da-pena-para-quem-maltratar-caes-e-gatos-que-vai-a-sancao\/","name":"Senado aprova aumento da pena para quem maltratar c\u00e3es e gatos, que vai \u00e0 san\u00e7\u00e3o","isPartOf":{"@id":"https:\/\/portalnpm.com\/#website"},"primaryImageOfPage":{"@id":"https:\/\/portalnpm.com\/index.php\/2020\/09\/10\/senado-aprova-aumento-da-pena-para-quem-maltratar-caes-e-gatos-que-vai-a-sancao\/#primaryimage"},"image":{"@id":"https:\/\/portalnpm.com\/index.php\/2020\/09\/10\/senado-aprova-aumento-da-pena-para-quem-maltratar-caes-e-gatos-que-vai-a-sancao\/#primaryimage"},"thumbnailUrl":"","datePublished":"2020-09-10T13:18:10+00:00","dateModified":"2024-01-16T00:15:57+00:00","author":{"@id":"https:\/\/portalnpm.com\/#\/schema\/person\/35cb55186eae3f074b6783da6d35591e"},"breadcrumb":{"@id":"https:\/\/portalnpm.com\/index.php\/2020\/09\/10\/senado-aprova-aumento-da-pena-para-quem-maltratar-caes-e-gatos-que-vai-a-sancao\/#breadcrumb"},"inLanguage":"pt-BR","potentialAction":[{"@type":"ReadAction","target":["https:\/\/portalnpm.com\/index.php\/2020\/09\/10\/senado-aprova-aumento-da-pena-para-quem-maltratar-caes-e-gatos-que-vai-a-sancao\/"]}]},{"@type":"ImageObject","inLanguage":"pt-BR","@id":"https:\/\/portalnpm.com\/index.php\/2020\/09\/10\/senado-aprova-aumento-da-pena-para-quem-maltratar-caes-e-gatos-que-vai-a-sancao\/#primaryimage","url":"","contentUrl":""},{"@type":"BreadcrumbList","@id":"https:\/\/portalnpm.com\/index.php\/2020\/09\/10\/senado-aprova-aumento-da-pena-para-quem-maltratar-caes-e-gatos-que-vai-a-sancao\/#breadcrumb","itemListElement":[{"@type":"ListItem","position":1,"name":"In\u00edcio","item":"https:\/\/portalnpm.com\/"},{"@type":"ListItem","position":2,"name":"Senado aprova aumento da pena para quem maltratar c\u00e3es e gatos, que vai \u00e0 san\u00e7\u00e3o"}]},{"@type":"WebSite","@id":"https:\/\/portalnpm.com\/#website","url":"https:\/\/portalnpm.com\/","name":"Portal NPM","description":"Not\u00edcias em Primeira M\u00e3o","potentialAction":[{"@type":"SearchAction","target":{"@type":"EntryPoint","urlTemplate":"https:\/\/portalnpm.com\/?s={search_term_string}"},"query-input":"required name=search_term_string"}],"inLanguage":"pt-BR"},{"@type":"Person","@id":"https:\/\/portalnpm.com\/#\/schema\/person\/35cb55186eae3f074b6783da6d35591e","name":"Zenilton Lima","image":{"@type":"ImageObject","inLanguage":"pt-BR","@id":"https:\/\/portalnpm.com\/#\/schema\/person\/image\/","url":"https:\/\/portalnpm.com\/wp-content\/uploads\/2024\/12\/avatar_user_8_1733658137-96x96.jpeg","contentUrl":"https:\/\/portalnpm.com\/wp-content\/uploads\/2024\/12\/avatar_user_8_1733658137-96x96.jpeg","caption":"Zenilton Lima"},"url":"https:\/\/portalnpm.com\/index.php\/author\/zenilton\/"}]}},"jetpack_sharing_enabled":true,"jetpack_featured_media_url":"","_links":{"self":[{"href":"https:\/\/portalnpm.com\/index.php\/wp-json\/wp\/v2\/posts\/57725"}],"collection":[{"href":"https:\/\/portalnpm.com\/index.php\/wp-json\/wp\/v2\/posts"}],"about":[{"href":"https:\/\/portalnpm.com\/index.php\/wp-json\/wp\/v2\/types\/post"}],"author":[{"embeddable":true,"href":"https:\/\/portalnpm.com\/index.php\/wp-json\/wp\/v2\/users\/8"}],"replies":[{"embeddable":true,"href":"https:\/\/portalnpm.com\/index.php\/wp-json\/wp\/v2\/comments?post=57725"}],"version-history":[{"count":1,"href":"https:\/\/portalnpm.com\/index.php\/wp-json\/wp\/v2\/posts\/57725\/revisions"}],"predecessor-version":[{"id":57737,"href":"https:\/\/portalnpm.com\/index.php\/wp-json\/wp\/v2\/posts\/57725\/revisions\/57737"}],"wp:featuredmedia":[{"embeddable":true,"href":"https:\/\/portalnpm.com\/index.php\/wp-json\/"}],"wp:attachment":[{"href":"https:\/\/portalnpm.com\/index.php\/wp-json\/wp\/v2\/media?parent=57725"}],"wp:term":[{"taxonomy":"category","embeddable":true,"href":"https:\/\/portalnpm.com\/index.php\/wp-json\/wp\/v2\/categories?post=57725"},{"taxonomy":"post_tag","embeddable":true,"href":"https:\/\/portalnpm.com\/index.php\/wp-json\/wp\/v2\/tags?post=57725"}],"curies":[{"name":"wp","href":"https:\/\/api.w.org\/{rel}","templated":true}]}}