{"id":57743,"date":"2020-09-10T16:51:20","date_gmt":"2020-09-10T19:51:20","guid":{"rendered":"https:\/\/portalnpm.com\/index.php\/2020\/09\/10\/ney-franco-e-oficializado-como-novo-tecnico-do-cruzeiro\/"},"modified":"2020-09-10T16:51:20","modified_gmt":"2020-09-10T19:51:20","slug":"ney-franco-e-oficializado-como-novo-tecnico-do-cruzeiro","status":"publish","type":"post","link":"https:\/\/portalnpm.com\/index.php\/2020\/09\/10\/ney-franco-e-oficializado-como-novo-tecnico-do-cruzeiro\/","title":{"rendered":"Ney Franco \u00e9 oficializado como novo t\u00e9cnico do Cruzeiro"},"content":{"rendered":"<p style=\"text-align: justify;\">Ney Franco foi oficializado como novo t\u00e9cnico do Cruzeiro na tarde desta quarta-feira. Ele assinou contrato at\u00e9 o fim de 2021. Ao lado do presidente S\u00e9rgio Santos Rodrigues, o treinador concedeu entrevista aos canais oficiais do clube e posou para fotos.<\/p>\n<p style=\"text-align: justify;\">\n<p style=\"text-align: justify;\">\n<p style=\"text-align: justify;\">A pedido de Ney Franco, chegam ao clube os auxiliares Rodney Borges e Moacir Pereira, al\u00e9m do preparador f\u00edsico Alexandre Lopes. Eles ser\u00e3o apresentados oficialmente ao elenco na tarde desta quarta e j\u00e1 comandar\u00e3o o treino em prepara\u00e7\u00e3o para o confronto contra o Vit\u00f3ria.<\/p>\n<p style=\"text-align: justify;\">O jogo contra o clube baiano, nesta sexta-feira, \u00e0s 21h30, no Mineir\u00e3o, pela 9\u00aa rodada da S\u00e9rie B, marcar\u00e1 a estreia de Ney Franco no comando do Cruzeiro.<\/p>\n<p style=\"text-align: justify;\"><span style=\"font-size: 24px;\"><strong>Cruzeiro<\/strong><\/span><\/p>\n<p style=\"text-align: justify;\">Ney Franco tem longa trajet\u00f3ria a servi\u00e7o do Cruzeiro. Entre a d\u00e9cada de 1990 e o in\u00edcio dos anos 2000, ele foi t\u00e9cnico das categorias de base do clube. Em 2002 e 2004, dirigiu a equipe principal na condi\u00e7\u00e3o de interino.<\/p>\n<p style=\"text-align: justify;\">Quase 16 anos depois, o treinador recebe a miss\u00e3o de tirar o time da zona de rebaixamento da S\u00e9rie B e conduzir at\u00e9 a elite nacional de 2021. Em oito rodadas, a Raposa aparece em 17\u00ba lugar, com cinco pontos &#8211; a dez do quarto, Cuiab\u00e1, e a 12 do l\u00edder, Paran\u00e1.<\/p>\n<p style=\"text-align: justify;\">A diretoria chegou a tentar outros t\u00e9cnicos no mercado, como Rog\u00e9rio Ceni, mas n\u00e3o avan\u00e7ou nas tratativas. Ney Franco estava desempregado desde agosto, quando foi demitido pelo Goi\u00e1s.<\/p>\n<p style=\"text-align: justify;\"><span style=\"font-size: 24px;\"><strong>Carreira<\/strong><\/span><\/p>\n<p style=\"text-align: justify;\">Ney Franco tem 54 anos e \u00e9 mineiro de Vargem Alegre. Foi treinador das categorias de base do Cruzeiro durante dez anos e do Atl\u00e9tico por tr\u00eas. Em 2005, comandando o Ipatinga, foi campe\u00e3o mineiro vencendo justamente a equipe celeste.<\/p>\n<p style=\"text-align: justify;\">O t\u00e9cnico tem no curr\u00edculo os t\u00edtulos da Copa Sul-Americana de 2012, dirigindo o S\u00e3o Paulo, e a Copa do Brasil de 2006, \u00e0 frente do Flamengo. Al\u00e9m do t\u00edtulo mineiro, conquistou outros dois estaduais: venceu o Carioca de 2007 pelo Flamengo e o Paranaense de 2010 pelo Coritiba. No Coxa, tamb\u00e9m conquistou o Brasileiro da S\u00e9rie B em 2010.<\/p>\n<p style=\"text-align: justify;\">No comando da Sele\u00e7\u00e3o Brasileira Sub-20, Ney Franco venceu o Campeonato Sul-Americano e o Mundial, ambos em 2011.<\/p>\n<p style=\"text-align: justify;\"><span style=\"font-size: 24px;\"><strong>NEY FRANCO<\/strong><\/span><\/p>\n<p style=\"text-align: justify;\">Nome completo: Ney Franco da Silveira J\u00fanior<br \/>\nData de nascimento: 22 de julho de 1966 (53 anos)<br \/>\nLocal: Vargem Alegre (MG)<\/p>\n<p style=\"text-align: justify;\"><span style=\"font-size: 24px;\"><strong>CLUBES<\/strong><\/span><\/p>\n<p style=\"text-align: justify;\">2004 \u2013 Cruzeiro (interino)<br \/>\n2004\u20132006 \u2013 Ipatinga<br \/>\n2006\u20132007 \u2013 Flamengo<br \/>\n2007\u20132008 \u2013 Athletico-PR<br \/>\n2008\u20132009 \u2013 Botafogo<br \/>\n2009\u20132010 \u2013 Coritiba<br \/>\n2010\u20132012 \u2013 Sele\u00e7\u00e3o Brasileira Sub-20<br \/>\n2012\u20132013 \u2013 S\u00e3o Paulo<br \/>\n2013\u20132014 \u2013 Vit\u00f3ria<br \/>\n2014 \u2013 Flamengo<br \/>\n2014 \u2013 Vit\u00f3ria<br \/>\n2015 \u2013 Coritiba<br \/>\n2017 \u2013 Sport<br \/>\n2018 \u2013 Goi\u00e1s<br \/>\n2019 \u2013 Chapecoense<\/p>\n<p style=\"text-align: justify;\"><span style=\"font-size: 24px;\"><strong>T\u00cdTULOS<\/strong><\/span><\/p>\n<p style=\"text-align: justify;\">2005 &#8211; Campeonato Mineiro (Ipatinga)<br \/>\n2006 &#8211; Copa do Brasil (Flamengo)<br \/>\n2007 &#8211; Campeonato Carioca (Flamengo)<br \/>\n2010 &#8211; Campeonato Brasileiro S\u00e9rie B (Coritiba)<br \/>\n2010 &#8211; Campeonato Paranaense (Coritiba)<br \/>\n2011 &#8211; Copa do Mundo FIFA Sub-20 (Sele\u00e7\u00e3o Brasileira)<br \/>\n2011 &#8211; Sul-Americano Sub-20 (Sele\u00e7\u00e3o Brasileira)<br \/>\n2012 &#8211; Copa Sul-Americana (S\u00e3o Paulo)<\/p>\n<p style=\"text-align: justify;\">\nSuper Esportes<\/p>\n","protected":false},"excerpt":{"rendered":"<p>Ney Franco foi oficializado como novo t\u00e9cnico do Cruzeiro na tarde desta quarta-feira. Ele assinou contrato at\u00e9 o fim de 2021. Ao lado do presidente S\u00e9rgio Santos Rodrigues, o treinador concedeu entrevista aos canais oficiais do clube e posou para fotos. A pedido de Ney Franco, chegam ao clube os auxiliares Rodney Borges e Moacir &hellip;<\/p>\n","protected":false},"author":2,"featured_media":57744,"comment_status":"open","ping_status":"open","sticky":false,"template":"","format":"standard","meta":{"content-type":"","rop_custom_images_group":[],"rop_custom_messages_group":[],"rop_publish_now":"initial","rop_publish_now_accounts":{"facebook_2648258775420054_1618374048415101":""},"rop_publish_now_history":[],"rop_publish_now_status":"pending","footnotes":"","_jetpack_memberships_contains_paid_content":false},"categories":[108,118],"tags":[143,6422,6423,6424],"yoast_head":"<!-- This site is optimized with the Yoast SEO plugin v22.3 - https:\/\/yoast.com\/wordpress\/plugins\/seo\/ -->\n<title>Ney Franco \u00e9 oficializado como novo t\u00e9cnico do Cruzeiro<\/title>\n<meta name=\"robots\" content=\"index, follow, max-snippet:-1, max-image-preview:large, max-video-preview:-1\" \/>\n<link rel=\"canonical\" href=\"https:\/\/portalnpm.com\/index.php\/2020\/09\/10\/ney-franco-e-oficializado-como-novo-tecnico-do-cruzeiro\/\" \/>\n<meta property=\"og:locale\" content=\"pt_BR\" \/>\n<meta property=\"og:type\" content=\"article\" \/>\n<meta property=\"og:title\" content=\"Ney Franco \u00e9 oficializado como novo t\u00e9cnico do Cruzeiro\" \/>\n<meta property=\"og:description\" content=\"Ney Franco foi oficializado como novo t\u00e9cnico do Cruzeiro na tarde desta quarta-feira. Ele assinou contrato at\u00e9 o fim de 2021. Ao lado do presidente S\u00e9rgio Santos Rodrigues, o treinador concedeu entrevista aos canais oficiais do clube e posou para fotos. A pedido de Ney Franco, chegam ao clube os auxiliares Rodney Borges e Moacir &hellip;\" \/>\n<meta property=\"og:url\" content=\"https:\/\/portalnpm.com\/index.php\/2020\/09\/10\/ney-franco-e-oficializado-como-novo-tecnico-do-cruzeiro\/\" \/>\n<meta property=\"og:site_name\" content=\"Portal NPM\" \/>\n<meta property=\"article:published_time\" content=\"2020-09-10T19:51:20+00:00\" \/>\n<meta property=\"og:image\" content=\"https:\/\/portalnpm.com\/wp-content\/uploads\/2024\/01\/20200909130452485800e.jpg\" \/>\n\t<meta property=\"og:image:width\" content=\"750\" \/>\n\t<meta property=\"og:image:height\" content=\"500\" \/>\n\t<meta property=\"og:image:type\" content=\"image\/jpeg\" \/>\n<meta name=\"author\" content=\"Genival Barbosa\" \/>\n<meta name=\"twitter:card\" content=\"summary_large_image\" \/>\n<meta name=\"twitter:label1\" content=\"Escrito por\" \/>\n\t<meta name=\"twitter:data1\" content=\"Genival Barbosa\" \/>\n\t<meta name=\"twitter:label2\" content=\"Est. tempo de leitura\" \/>\n\t<meta name=\"twitter:data2\" content=\"2 minutos\" \/>\n<script type=\"application\/ld+json\" class=\"yoast-schema-graph\">{\"@context\":\"https:\/\/schema.org\",\"@graph\":[{\"@type\":\"WebPage\",\"@id\":\"https:\/\/portalnpm.com\/index.php\/2020\/09\/10\/ney-franco-e-oficializado-como-novo-tecnico-do-cruzeiro\/\",\"url\":\"https:\/\/portalnpm.com\/index.php\/2020\/09\/10\/ney-franco-e-oficializado-como-novo-tecnico-do-cruzeiro\/\",\"name\":\"Ney Franco \u00e9 oficializado como novo t\u00e9cnico do Cruzeiro\",\"isPartOf\":{\"@id\":\"https:\/\/portalnpm.com\/#website\"},\"primaryImageOfPage\":{\"@id\":\"https:\/\/portalnpm.com\/index.php\/2020\/09\/10\/ney-franco-e-oficializado-como-novo-tecnico-do-cruzeiro\/#primaryimage\"},\"image\":{\"@id\":\"https:\/\/portalnpm.com\/index.php\/2020\/09\/10\/ney-franco-e-oficializado-como-novo-tecnico-do-cruzeiro\/#primaryimage\"},\"thumbnailUrl\":\"https:\/\/portalnpm.com\/wp-content\/uploads\/2024\/01\/20200909130452485800e.jpg\",\"datePublished\":\"2020-09-10T19:51:20+00:00\",\"dateModified\":\"2020-09-10T19:51:20+00:00\",\"author\":{\"@id\":\"https:\/\/portalnpm.com\/#\/schema\/person\/49313e563cfdefcc167f1ee4c017c294\"},\"breadcrumb\":{\"@id\":\"https:\/\/portalnpm.com\/index.php\/2020\/09\/10\/ney-franco-e-oficializado-como-novo-tecnico-do-cruzeiro\/#breadcrumb\"},\"inLanguage\":\"pt-BR\",\"potentialAction\":[{\"@type\":\"ReadAction\",\"target\":[\"https:\/\/portalnpm.com\/index.php\/2020\/09\/10\/ney-franco-e-oficializado-como-novo-tecnico-do-cruzeiro\/\"]}]},{\"@type\":\"ImageObject\",\"inLanguage\":\"pt-BR\",\"@id\":\"https:\/\/portalnpm.com\/index.php\/2020\/09\/10\/ney-franco-e-oficializado-como-novo-tecnico-do-cruzeiro\/#primaryimage\",\"url\":\"https:\/\/portalnpm.com\/wp-content\/uploads\/2024\/01\/20200909130452485800e.jpg\",\"contentUrl\":\"https:\/\/portalnpm.com\/wp-content\/uploads\/2024\/01\/20200909130452485800e.jpg\",\"width\":750,\"height\":500},{\"@type\":\"BreadcrumbList\",\"@id\":\"https:\/\/portalnpm.com\/index.php\/2020\/09\/10\/ney-franco-e-oficializado-como-novo-tecnico-do-cruzeiro\/#breadcrumb\",\"itemListElement\":[{\"@type\":\"ListItem\",\"position\":1,\"name\":\"In\u00edcio\",\"item\":\"https:\/\/portalnpm.com\/\"},{\"@type\":\"ListItem\",\"position\":2,\"name\":\"Ney Franco \u00e9 oficializado como novo t\u00e9cnico do Cruzeiro\"}]},{\"@type\":\"WebSite\",\"@id\":\"https:\/\/portalnpm.com\/#website\",\"url\":\"https:\/\/portalnpm.com\/\",\"name\":\"Portal NPM\",\"description\":\"Not\u00edcias em Primeira M\u00e3o\",\"potentialAction\":[{\"@type\":\"SearchAction\",\"target\":{\"@type\":\"EntryPoint\",\"urlTemplate\":\"https:\/\/portalnpm.com\/?s={search_term_string}\"},\"query-input\":\"required name=search_term_string\"}],\"inLanguage\":\"pt-BR\"},{\"@type\":\"Person\",\"@id\":\"https:\/\/portalnpm.com\/#\/schema\/person\/49313e563cfdefcc167f1ee4c017c294\",\"name\":\"Genival Barbosa\",\"image\":{\"@type\":\"ImageObject\",\"inLanguage\":\"pt-BR\",\"@id\":\"https:\/\/portalnpm.com\/#\/schema\/person\/image\/\",\"url\":\"https:\/\/portalnpm.com\/wp-content\/uploads\/2024\/02\/avatar_user_2_1707743258-96x96.jpeg\",\"contentUrl\":\"https:\/\/portalnpm.com\/wp-content\/uploads\/2024\/02\/avatar_user_2_1707743258-96x96.jpeg\",\"caption\":\"Genival Barbosa\"},\"url\":\"https:\/\/portalnpm.com\/index.php\/author\/genival\/\"}]}<\/script>\n<!-- \/ Yoast SEO plugin. -->","yoast_head_json":{"title":"Ney Franco \u00e9 oficializado como novo t\u00e9cnico do Cruzeiro","robots":{"index":"index","follow":"follow","max-snippet":"max-snippet:-1","max-image-preview":"max-image-preview:large","max-video-preview":"max-video-preview:-1"},"canonical":"https:\/\/portalnpm.com\/index.php\/2020\/09\/10\/ney-franco-e-oficializado-como-novo-tecnico-do-cruzeiro\/","og_locale":"pt_BR","og_type":"article","og_title":"Ney Franco \u00e9 oficializado como novo t\u00e9cnico do Cruzeiro","og_description":"Ney Franco foi oficializado como novo t\u00e9cnico do Cruzeiro na tarde desta quarta-feira. Ele assinou contrato at\u00e9 o fim de 2021. Ao lado do presidente S\u00e9rgio Santos Rodrigues, o treinador concedeu entrevista aos canais oficiais do clube e posou para fotos. A pedido de Ney Franco, chegam ao clube os auxiliares Rodney Borges e Moacir &hellip;","og_url":"https:\/\/portalnpm.com\/index.php\/2020\/09\/10\/ney-franco-e-oficializado-como-novo-tecnico-do-cruzeiro\/","og_site_name":"Portal NPM","article_published_time":"2020-09-10T19:51:20+00:00","og_image":[{"width":750,"height":500,"url":"https:\/\/portalnpm.com\/wp-content\/uploads\/2024\/01\/20200909130452485800e.jpg","type":"image\/jpeg"}],"author":"Genival Barbosa","twitter_card":"summary_large_image","twitter_misc":{"Escrito por":"Genival Barbosa","Est. tempo de leitura":"2 minutos"},"schema":{"@context":"https:\/\/schema.org","@graph":[{"@type":"WebPage","@id":"https:\/\/portalnpm.com\/index.php\/2020\/09\/10\/ney-franco-e-oficializado-como-novo-tecnico-do-cruzeiro\/","url":"https:\/\/portalnpm.com\/index.php\/2020\/09\/10\/ney-franco-e-oficializado-como-novo-tecnico-do-cruzeiro\/","name":"Ney Franco \u00e9 oficializado como novo t\u00e9cnico do Cruzeiro","isPartOf":{"@id":"https:\/\/portalnpm.com\/#website"},"primaryImageOfPage":{"@id":"https:\/\/portalnpm.com\/index.php\/2020\/09\/10\/ney-franco-e-oficializado-como-novo-tecnico-do-cruzeiro\/#primaryimage"},"image":{"@id":"https:\/\/portalnpm.com\/index.php\/2020\/09\/10\/ney-franco-e-oficializado-como-novo-tecnico-do-cruzeiro\/#primaryimage"},"thumbnailUrl":"https:\/\/portalnpm.com\/wp-content\/uploads\/2024\/01\/20200909130452485800e.jpg","datePublished":"2020-09-10T19:51:20+00:00","dateModified":"2020-09-10T19:51:20+00:00","author":{"@id":"https:\/\/portalnpm.com\/#\/schema\/person\/49313e563cfdefcc167f1ee4c017c294"},"breadcrumb":{"@id":"https:\/\/portalnpm.com\/index.php\/2020\/09\/10\/ney-franco-e-oficializado-como-novo-tecnico-do-cruzeiro\/#breadcrumb"},"inLanguage":"pt-BR","potentialAction":[{"@type":"ReadAction","target":["https:\/\/portalnpm.com\/index.php\/2020\/09\/10\/ney-franco-e-oficializado-como-novo-tecnico-do-cruzeiro\/"]}]},{"@type":"ImageObject","inLanguage":"pt-BR","@id":"https:\/\/portalnpm.com\/index.php\/2020\/09\/10\/ney-franco-e-oficializado-como-novo-tecnico-do-cruzeiro\/#primaryimage","url":"https:\/\/portalnpm.com\/wp-content\/uploads\/2024\/01\/20200909130452485800e.jpg","contentUrl":"https:\/\/portalnpm.com\/wp-content\/uploads\/2024\/01\/20200909130452485800e.jpg","width":750,"height":500},{"@type":"BreadcrumbList","@id":"https:\/\/portalnpm.com\/index.php\/2020\/09\/10\/ney-franco-e-oficializado-como-novo-tecnico-do-cruzeiro\/#breadcrumb","itemListElement":[{"@type":"ListItem","position":1,"name":"In\u00edcio","item":"https:\/\/portalnpm.com\/"},{"@type":"ListItem","position":2,"name":"Ney Franco \u00e9 oficializado como novo t\u00e9cnico do Cruzeiro"}]},{"@type":"WebSite","@id":"https:\/\/portalnpm.com\/#website","url":"https:\/\/portalnpm.com\/","name":"Portal NPM","description":"Not\u00edcias em Primeira M\u00e3o","potentialAction":[{"@type":"SearchAction","target":{"@type":"EntryPoint","urlTemplate":"https:\/\/portalnpm.com\/?s={search_term_string}"},"query-input":"required name=search_term_string"}],"inLanguage":"pt-BR"},{"@type":"Person","@id":"https:\/\/portalnpm.com\/#\/schema\/person\/49313e563cfdefcc167f1ee4c017c294","name":"Genival Barbosa","image":{"@type":"ImageObject","inLanguage":"pt-BR","@id":"https:\/\/portalnpm.com\/#\/schema\/person\/image\/","url":"https:\/\/portalnpm.com\/wp-content\/uploads\/2024\/02\/avatar_user_2_1707743258-96x96.jpeg","contentUrl":"https:\/\/portalnpm.com\/wp-content\/uploads\/2024\/02\/avatar_user_2_1707743258-96x96.jpeg","caption":"Genival Barbosa"},"url":"https:\/\/portalnpm.com\/index.php\/author\/genival\/"}]}},"jetpack_sharing_enabled":true,"jetpack_featured_media_url":"https:\/\/portalnpm.com\/wp-content\/uploads\/2024\/01\/20200909130452485800e.jpg","_links":{"self":[{"href":"https:\/\/portalnpm.com\/index.php\/wp-json\/wp\/v2\/posts\/57743"}],"collection":[{"href":"https:\/\/portalnpm.com\/index.php\/wp-json\/wp\/v2\/posts"}],"about":[{"href":"https:\/\/portalnpm.com\/index.php\/wp-json\/wp\/v2\/types\/post"}],"author":[{"embeddable":true,"href":"https:\/\/portalnpm.com\/index.php\/wp-json\/wp\/v2\/users\/2"}],"replies":[{"embeddable":true,"href":"https:\/\/portalnpm.com\/index.php\/wp-json\/wp\/v2\/comments?post=57743"}],"version-history":[{"count":0,"href":"https:\/\/portalnpm.com\/index.php\/wp-json\/wp\/v2\/posts\/57743\/revisions"}],"wp:featuredmedia":[{"embeddable":true,"href":"https:\/\/portalnpm.com\/index.php\/wp-json\/wp\/v2\/media\/57744"}],"wp:attachment":[{"href":"https:\/\/portalnpm.com\/index.php\/wp-json\/wp\/v2\/media?parent=57743"}],"wp:term":[{"taxonomy":"category","embeddable":true,"href":"https:\/\/portalnpm.com\/index.php\/wp-json\/wp\/v2\/categories?post=57743"},{"taxonomy":"post_tag","embeddable":true,"href":"https:\/\/portalnpm.com\/index.php\/wp-json\/wp\/v2\/tags?post=57743"}],"curies":[{"name":"wp","href":"https:\/\/api.w.org\/{rel}","templated":true}]}}