{"id":57768,"date":"2020-09-12T08:28:08","date_gmt":"2020-09-12T11:28:08","guid":{"rendered":"https:\/\/portalnpm.com\/index.php\/2020\/09\/12\/corinthians-demite-tecnico-tiago-nunes-apos-derrota-para-o-palmeiras\/"},"modified":"2020-09-12T08:28:08","modified_gmt":"2020-09-12T11:28:08","slug":"corinthians-demite-tecnico-tiago-nunes-apos-derrota-para-o-palmeiras","status":"publish","type":"post","link":"https:\/\/portalnpm.com\/index.php\/2020\/09\/12\/corinthians-demite-tecnico-tiago-nunes-apos-derrota-para-o-palmeiras\/","title":{"rendered":"Corinthians demite t\u00e9cnico Tiago Nunes ap\u00f3s derrota para o Palmeiras"},"content":{"rendered":"<p style=\"text-align: justify;\">O Corinthians demitiu o t\u00e9cnico Tiago Nunes um dia depois da derrota para o Palmeiras, na Neo Qu\u00edmica Arena, em Itaquera.<\/p>\n<p style=\"text-align: justify;\">\n<p style=\"text-align: justify;\">\n<p style=\"text-align: justify;\">O treinador foi informado de seu desligamento no in\u00edcio da manh\u00e3 desta sexta-feira, comandou um treino para os reservas na sequ\u00eancia, e uma reuni\u00e3o \u00e0 tarde sacramentou a decis\u00e3o da diretoria em deslig\u00e1-lo de suas fun\u00e7\u00f5es.<\/p>\n<p style=\"text-align: justify;\">\n<p>Tiago Nunes estava balan\u00e7ando no cargo h\u00e1 algumas semanas. A derrota no D\u00e9rbi foi, portanto, a gota d&#8217;\u00e1gua para a diretoria. O presidente Andr\u00e9s Sanchez chegou a dizer que a press\u00e3o para demiti-lo estava &#8220;insuport\u00e1vel&#8221;.<\/p>\n<p style=\"text-align: justify;\">Nos \u00faltimos quatro jogos, o Corinthians conquistou apenas uma vit\u00f3ria e um empate. Foram duas derrotas. O aproveitamento no Brasileir\u00e3o \u00e9 de pouco mais de 40%.<\/p>\n<p style=\"text-align: justify;\">Dyego Coelho \u00e9 quem comandar\u00e1 a equipe na partida deste domingo, contra o Fluminense, no Maracan\u00e3, pela d\u00e9cima rodada do Campeonato Brasileiro.<\/p>\n<p style=\"text-align: justify;\"><span style=\"font-size: 20px;\"><strong>Confira nota oficial divulgada pelo Corinthians:<\/strong><\/span><\/p>\n<p style=\"text-align: justify;\"><em>&#8220;A diretoria de futebol do Corinthians comunica o desligamento do t\u00e9cnico Tiago Nunes. Ele assumiu a equipe no in\u00edcio de 2020 e foi vice-campe\u00e3o Paulista. Em 28 jogos sob seu comando, o Alvinegro venceu 10, empatou 10 e teve oito derrotas.<\/em><\/p>\n<p style=\"text-align: justify;\"><em>O Corinthians agradece o profissional pelos servi\u00e7os prestados desde janeiro, e deseja sucesso na sequ\u00eancia de sua carreira.<\/em><\/p>\n<p style=\"text-align: justify;\">\n<em>Para o jogo contra o Fluminense \u2013 domingo (13), \u00e0s 16h, no Maracan\u00e3 \u2013, Dyego Coelho, treinador do sub-20, assume a equipe interinamente<\/em>.&#8221;<\/p>\n<p style=\"text-align: justify;\">Via Gazeta Esportiva<\/p>\n","protected":false},"excerpt":{"rendered":"<p>O Corinthians demitiu o t\u00e9cnico Tiago Nunes um dia depois da derrota para o Palmeiras, na Neo Qu\u00edmica Arena, em Itaquera. O treinador foi informado de seu desligamento no in\u00edcio da manh\u00e3 desta sexta-feira, comandou um treino para os reservas na sequ\u00eancia, e uma reuni\u00e3o \u00e0 tarde sacramentou a decis\u00e3o da diretoria em deslig\u00e1-lo de &hellip;<\/p>\n","protected":false},"author":2,"featured_media":57769,"comment_status":"open","ping_status":"open","sticky":false,"template":"","format":"standard","meta":{"content-type":"","rop_custom_images_group":[],"rop_custom_messages_group":[],"rop_publish_now":"initial","rop_publish_now_accounts":{"facebook_2648258775420054_1618374048415101":""},"rop_publish_now_history":[],"rop_publish_now_status":"pending","footnotes":"","_jetpack_memberships_contains_paid_content":false},"categories":[108],"tags":[169,6451,6452],"yoast_head":"<!-- This site is optimized with the Yoast SEO plugin v22.3 - https:\/\/yoast.com\/wordpress\/plugins\/seo\/ -->\n<title>Corinthians demite t\u00e9cnico Tiago Nunes ap\u00f3s derrota para o Palmeiras<\/title>\n<meta name=\"robots\" content=\"index, follow, max-snippet:-1, max-image-preview:large, max-video-preview:-1\" \/>\n<link rel=\"canonical\" href=\"https:\/\/portalnpm.com\/index.php\/2020\/09\/12\/corinthians-demite-tecnico-tiago-nunes-apos-derrota-para-o-palmeiras\/\" \/>\n<meta property=\"og:locale\" content=\"pt_BR\" \/>\n<meta property=\"og:type\" content=\"article\" \/>\n<meta property=\"og:title\" content=\"Corinthians demite t\u00e9cnico Tiago Nunes ap\u00f3s derrota para o Palmeiras\" \/>\n<meta property=\"og:description\" content=\"O Corinthians demitiu o t\u00e9cnico Tiago Nunes um dia depois da derrota para o Palmeiras, na Neo Qu\u00edmica Arena, em Itaquera. O treinador foi informado de seu desligamento no in\u00edcio da manh\u00e3 desta sexta-feira, comandou um treino para os reservas na sequ\u00eancia, e uma reuni\u00e3o \u00e0 tarde sacramentou a decis\u00e3o da diretoria em deslig\u00e1-lo de &hellip;\" \/>\n<meta property=\"og:url\" content=\"https:\/\/portalnpm.com\/index.php\/2020\/09\/12\/corinthians-demite-tecnico-tiago-nunes-apos-derrota-para-o-palmeiras\/\" \/>\n<meta property=\"og:site_name\" content=\"Portal NPM\" \/>\n<meta property=\"article:published_time\" content=\"2020-09-12T11:28:08+00:00\" \/>\n<meta property=\"og:image\" content=\"https:\/\/portalnpm.com\/wp-content\/uploads\/2024\/01\/cd25ca9f-ad79-433d-9fae-d6414c828aca-a38e7e15-0060-4db9-b2e0-e1274208060a.jpg\" \/>\n\t<meta property=\"og:image:width\" content=\"1008\" \/>\n\t<meta property=\"og:image:height\" content=\"653\" \/>\n\t<meta property=\"og:image:type\" content=\"image\/jpeg\" \/>\n<meta name=\"author\" content=\"Genival Barbosa\" \/>\n<meta name=\"twitter:card\" content=\"summary_large_image\" \/>\n<meta name=\"twitter:label1\" content=\"Escrito por\" \/>\n\t<meta name=\"twitter:data1\" content=\"Genival Barbosa\" \/>\n\t<meta name=\"twitter:label2\" content=\"Est. tempo de leitura\" \/>\n\t<meta name=\"twitter:data2\" content=\"1 minuto\" \/>\n<script type=\"application\/ld+json\" class=\"yoast-schema-graph\">{\"@context\":\"https:\/\/schema.org\",\"@graph\":[{\"@type\":\"WebPage\",\"@id\":\"https:\/\/portalnpm.com\/index.php\/2020\/09\/12\/corinthians-demite-tecnico-tiago-nunes-apos-derrota-para-o-palmeiras\/\",\"url\":\"https:\/\/portalnpm.com\/index.php\/2020\/09\/12\/corinthians-demite-tecnico-tiago-nunes-apos-derrota-para-o-palmeiras\/\",\"name\":\"Corinthians demite t\u00e9cnico Tiago Nunes ap\u00f3s derrota para o Palmeiras\",\"isPartOf\":{\"@id\":\"https:\/\/portalnpm.com\/#website\"},\"primaryImageOfPage\":{\"@id\":\"https:\/\/portalnpm.com\/index.php\/2020\/09\/12\/corinthians-demite-tecnico-tiago-nunes-apos-derrota-para-o-palmeiras\/#primaryimage\"},\"image\":{\"@id\":\"https:\/\/portalnpm.com\/index.php\/2020\/09\/12\/corinthians-demite-tecnico-tiago-nunes-apos-derrota-para-o-palmeiras\/#primaryimage\"},\"thumbnailUrl\":\"https:\/\/portalnpm.com\/wp-content\/uploads\/2024\/01\/cd25ca9f-ad79-433d-9fae-d6414c828aca-a38e7e15-0060-4db9-b2e0-e1274208060a.jpg\",\"datePublished\":\"2020-09-12T11:28:08+00:00\",\"dateModified\":\"2020-09-12T11:28:08+00:00\",\"author\":{\"@id\":\"https:\/\/portalnpm.com\/#\/schema\/person\/49313e563cfdefcc167f1ee4c017c294\"},\"breadcrumb\":{\"@id\":\"https:\/\/portalnpm.com\/index.php\/2020\/09\/12\/corinthians-demite-tecnico-tiago-nunes-apos-derrota-para-o-palmeiras\/#breadcrumb\"},\"inLanguage\":\"pt-BR\",\"potentialAction\":[{\"@type\":\"ReadAction\",\"target\":[\"https:\/\/portalnpm.com\/index.php\/2020\/09\/12\/corinthians-demite-tecnico-tiago-nunes-apos-derrota-para-o-palmeiras\/\"]}]},{\"@type\":\"ImageObject\",\"inLanguage\":\"pt-BR\",\"@id\":\"https:\/\/portalnpm.com\/index.php\/2020\/09\/12\/corinthians-demite-tecnico-tiago-nunes-apos-derrota-para-o-palmeiras\/#primaryimage\",\"url\":\"https:\/\/portalnpm.com\/wp-content\/uploads\/2024\/01\/cd25ca9f-ad79-433d-9fae-d6414c828aca-a38e7e15-0060-4db9-b2e0-e1274208060a.jpg\",\"contentUrl\":\"https:\/\/portalnpm.com\/wp-content\/uploads\/2024\/01\/cd25ca9f-ad79-433d-9fae-d6414c828aca-a38e7e15-0060-4db9-b2e0-e1274208060a.jpg\",\"width\":1008,\"height\":653},{\"@type\":\"BreadcrumbList\",\"@id\":\"https:\/\/portalnpm.com\/index.php\/2020\/09\/12\/corinthians-demite-tecnico-tiago-nunes-apos-derrota-para-o-palmeiras\/#breadcrumb\",\"itemListElement\":[{\"@type\":\"ListItem\",\"position\":1,\"name\":\"In\u00edcio\",\"item\":\"https:\/\/portalnpm.com\/\"},{\"@type\":\"ListItem\",\"position\":2,\"name\":\"Corinthians demite t\u00e9cnico Tiago Nunes ap\u00f3s derrota para o Palmeiras\"}]},{\"@type\":\"WebSite\",\"@id\":\"https:\/\/portalnpm.com\/#website\",\"url\":\"https:\/\/portalnpm.com\/\",\"name\":\"Portal NPM\",\"description\":\"Not\u00edcias em Primeira M\u00e3o\",\"potentialAction\":[{\"@type\":\"SearchAction\",\"target\":{\"@type\":\"EntryPoint\",\"urlTemplate\":\"https:\/\/portalnpm.com\/?s={search_term_string}\"},\"query-input\":\"required name=search_term_string\"}],\"inLanguage\":\"pt-BR\"},{\"@type\":\"Person\",\"@id\":\"https:\/\/portalnpm.com\/#\/schema\/person\/49313e563cfdefcc167f1ee4c017c294\",\"name\":\"Genival Barbosa\",\"image\":{\"@type\":\"ImageObject\",\"inLanguage\":\"pt-BR\",\"@id\":\"https:\/\/portalnpm.com\/#\/schema\/person\/image\/\",\"url\":\"https:\/\/portalnpm.com\/wp-content\/uploads\/2024\/02\/avatar_user_2_1707743258-96x96.jpeg\",\"contentUrl\":\"https:\/\/portalnpm.com\/wp-content\/uploads\/2024\/02\/avatar_user_2_1707743258-96x96.jpeg\",\"caption\":\"Genival Barbosa\"},\"url\":\"https:\/\/portalnpm.com\/index.php\/author\/genival\/\"}]}<\/script>\n<!-- \/ Yoast SEO plugin. -->","yoast_head_json":{"title":"Corinthians demite t\u00e9cnico Tiago Nunes ap\u00f3s derrota para o Palmeiras","robots":{"index":"index","follow":"follow","max-snippet":"max-snippet:-1","max-image-preview":"max-image-preview:large","max-video-preview":"max-video-preview:-1"},"canonical":"https:\/\/portalnpm.com\/index.php\/2020\/09\/12\/corinthians-demite-tecnico-tiago-nunes-apos-derrota-para-o-palmeiras\/","og_locale":"pt_BR","og_type":"article","og_title":"Corinthians demite t\u00e9cnico Tiago Nunes ap\u00f3s derrota para o Palmeiras","og_description":"O Corinthians demitiu o t\u00e9cnico Tiago Nunes um dia depois da derrota para o Palmeiras, na Neo Qu\u00edmica Arena, em Itaquera. O treinador foi informado de seu desligamento no in\u00edcio da manh\u00e3 desta sexta-feira, comandou um treino para os reservas na sequ\u00eancia, e uma reuni\u00e3o \u00e0 tarde sacramentou a decis\u00e3o da diretoria em deslig\u00e1-lo de &hellip;","og_url":"https:\/\/portalnpm.com\/index.php\/2020\/09\/12\/corinthians-demite-tecnico-tiago-nunes-apos-derrota-para-o-palmeiras\/","og_site_name":"Portal NPM","article_published_time":"2020-09-12T11:28:08+00:00","og_image":[{"width":1008,"height":653,"url":"https:\/\/portalnpm.com\/wp-content\/uploads\/2024\/01\/cd25ca9f-ad79-433d-9fae-d6414c828aca-a38e7e15-0060-4db9-b2e0-e1274208060a.jpg","type":"image\/jpeg"}],"author":"Genival Barbosa","twitter_card":"summary_large_image","twitter_misc":{"Escrito por":"Genival Barbosa","Est. tempo de leitura":"1 minuto"},"schema":{"@context":"https:\/\/schema.org","@graph":[{"@type":"WebPage","@id":"https:\/\/portalnpm.com\/index.php\/2020\/09\/12\/corinthians-demite-tecnico-tiago-nunes-apos-derrota-para-o-palmeiras\/","url":"https:\/\/portalnpm.com\/index.php\/2020\/09\/12\/corinthians-demite-tecnico-tiago-nunes-apos-derrota-para-o-palmeiras\/","name":"Corinthians demite t\u00e9cnico Tiago Nunes ap\u00f3s derrota para o Palmeiras","isPartOf":{"@id":"https:\/\/portalnpm.com\/#website"},"primaryImageOfPage":{"@id":"https:\/\/portalnpm.com\/index.php\/2020\/09\/12\/corinthians-demite-tecnico-tiago-nunes-apos-derrota-para-o-palmeiras\/#primaryimage"},"image":{"@id":"https:\/\/portalnpm.com\/index.php\/2020\/09\/12\/corinthians-demite-tecnico-tiago-nunes-apos-derrota-para-o-palmeiras\/#primaryimage"},"thumbnailUrl":"https:\/\/portalnpm.com\/wp-content\/uploads\/2024\/01\/cd25ca9f-ad79-433d-9fae-d6414c828aca-a38e7e15-0060-4db9-b2e0-e1274208060a.jpg","datePublished":"2020-09-12T11:28:08+00:00","dateModified":"2020-09-12T11:28:08+00:00","author":{"@id":"https:\/\/portalnpm.com\/#\/schema\/person\/49313e563cfdefcc167f1ee4c017c294"},"breadcrumb":{"@id":"https:\/\/portalnpm.com\/index.php\/2020\/09\/12\/corinthians-demite-tecnico-tiago-nunes-apos-derrota-para-o-palmeiras\/#breadcrumb"},"inLanguage":"pt-BR","potentialAction":[{"@type":"ReadAction","target":["https:\/\/portalnpm.com\/index.php\/2020\/09\/12\/corinthians-demite-tecnico-tiago-nunes-apos-derrota-para-o-palmeiras\/"]}]},{"@type":"ImageObject","inLanguage":"pt-BR","@id":"https:\/\/portalnpm.com\/index.php\/2020\/09\/12\/corinthians-demite-tecnico-tiago-nunes-apos-derrota-para-o-palmeiras\/#primaryimage","url":"https:\/\/portalnpm.com\/wp-content\/uploads\/2024\/01\/cd25ca9f-ad79-433d-9fae-d6414c828aca-a38e7e15-0060-4db9-b2e0-e1274208060a.jpg","contentUrl":"https:\/\/portalnpm.com\/wp-content\/uploads\/2024\/01\/cd25ca9f-ad79-433d-9fae-d6414c828aca-a38e7e15-0060-4db9-b2e0-e1274208060a.jpg","width":1008,"height":653},{"@type":"BreadcrumbList","@id":"https:\/\/portalnpm.com\/index.php\/2020\/09\/12\/corinthians-demite-tecnico-tiago-nunes-apos-derrota-para-o-palmeiras\/#breadcrumb","itemListElement":[{"@type":"ListItem","position":1,"name":"In\u00edcio","item":"https:\/\/portalnpm.com\/"},{"@type":"ListItem","position":2,"name":"Corinthians demite t\u00e9cnico Tiago Nunes ap\u00f3s derrota para o Palmeiras"}]},{"@type":"WebSite","@id":"https:\/\/portalnpm.com\/#website","url":"https:\/\/portalnpm.com\/","name":"Portal NPM","description":"Not\u00edcias em Primeira M\u00e3o","potentialAction":[{"@type":"SearchAction","target":{"@type":"EntryPoint","urlTemplate":"https:\/\/portalnpm.com\/?s={search_term_string}"},"query-input":"required name=search_term_string"}],"inLanguage":"pt-BR"},{"@type":"Person","@id":"https:\/\/portalnpm.com\/#\/schema\/person\/49313e563cfdefcc167f1ee4c017c294","name":"Genival Barbosa","image":{"@type":"ImageObject","inLanguage":"pt-BR","@id":"https:\/\/portalnpm.com\/#\/schema\/person\/image\/","url":"https:\/\/portalnpm.com\/wp-content\/uploads\/2024\/02\/avatar_user_2_1707743258-96x96.jpeg","contentUrl":"https:\/\/portalnpm.com\/wp-content\/uploads\/2024\/02\/avatar_user_2_1707743258-96x96.jpeg","caption":"Genival Barbosa"},"url":"https:\/\/portalnpm.com\/index.php\/author\/genival\/"}]}},"jetpack_sharing_enabled":true,"jetpack_featured_media_url":"https:\/\/portalnpm.com\/wp-content\/uploads\/2024\/01\/cd25ca9f-ad79-433d-9fae-d6414c828aca-a38e7e15-0060-4db9-b2e0-e1274208060a.jpg","_links":{"self":[{"href":"https:\/\/portalnpm.com\/index.php\/wp-json\/wp\/v2\/posts\/57768"}],"collection":[{"href":"https:\/\/portalnpm.com\/index.php\/wp-json\/wp\/v2\/posts"}],"about":[{"href":"https:\/\/portalnpm.com\/index.php\/wp-json\/wp\/v2\/types\/post"}],"author":[{"embeddable":true,"href":"https:\/\/portalnpm.com\/index.php\/wp-json\/wp\/v2\/users\/2"}],"replies":[{"embeddable":true,"href":"https:\/\/portalnpm.com\/index.php\/wp-json\/wp\/v2\/comments?post=57768"}],"version-history":[{"count":0,"href":"https:\/\/portalnpm.com\/index.php\/wp-json\/wp\/v2\/posts\/57768\/revisions"}],"wp:featuredmedia":[{"embeddable":true,"href":"https:\/\/portalnpm.com\/index.php\/wp-json\/wp\/v2\/media\/57769"}],"wp:attachment":[{"href":"https:\/\/portalnpm.com\/index.php\/wp-json\/wp\/v2\/media?parent=57768"}],"wp:term":[{"taxonomy":"category","embeddable":true,"href":"https:\/\/portalnpm.com\/index.php\/wp-json\/wp\/v2\/categories?post=57768"},{"taxonomy":"post_tag","embeddable":true,"href":"https:\/\/portalnpm.com\/index.php\/wp-json\/wp\/v2\/tags?post=57768"}],"curies":[{"name":"wp","href":"https:\/\/api.w.org\/{rel}","templated":true}]}}