{"id":57863,"date":"2020-09-13T09:47:00","date_gmt":"2020-09-13T12:47:00","guid":{"rendered":"https:\/\/portalnpm.com\/index.php\/2020\/09\/13\/jovem-que-estava-desaparecida-e-encontrada-enterrada-na-chacara-do-suspeito-de-te-la-assassinado\/"},"modified":"2020-09-13T09:47:00","modified_gmt":"2020-09-13T12:47:00","slug":"jovem-que-estava-desaparecida-e-encontrada-enterrada-na-chacara-do-suspeito-de-te-la-assassinado","status":"publish","type":"post","link":"https:\/\/portalnpm.com\/index.php\/2020\/09\/13\/jovem-que-estava-desaparecida-e-encontrada-enterrada-na-chacara-do-suspeito-de-te-la-assassinado\/","title":{"rendered":"Jovem que estava desaparecida \u00e9 encontrada enterrada na ch\u00e1cara do suspeito de t\u00ea-la assassinado"},"content":{"rendered":"<p style=\"text-align: justify;\">Uma jovem de 28 anos, identificada como Laura Batista de Souza, foi encontrada morta e enterrada, nessa sexta-feira (11\/09), na ch\u00e1cara do homem suspeito de t\u00ea-la matado, uma propriedade rural em Santa Cruz do Xingu (1.245 km de Cuiab\u00e1). <strong>A reportagem \u00e9 do O Livre.<\/strong><\/p>\n<p style=\"text-align: justify;\">\n<p style=\"text-align: justify;\">\n<p style=\"text-align: justify;\"><span style=\"font-size: 24px;\"><strong>Desaparecimento<\/strong><\/span><\/p>\n<p style=\"text-align: justify;\">Laura havia sido vista com vida pela \u00faltima vez no dia 2 de setembro, por seus patr\u00f5es, que registraram um boletim de ocorr\u00eancia relatando o desaparecimento da jovem.<\/p>\n<p style=\"text-align: justify;\">Segundo os patr\u00f5es, Laura era uma das tr\u00eas funcion\u00e1rias de um bar e no dia 2 de setembro, por volta das 2 horas da madrugada, saiu acompanhada de um jovem de 19 anos, que eles souberam informar nome e sobrenome, em uma motocicleta.<\/p>\n<p style=\"text-align: justify;\">A jovem n\u00e3o disse onde iria, mas comunicou que logo voltaria, tanto que nem mesmo levou o celular. Por\u00e9m, 24 horas depois, ela n\u00e3o voltou e os patr\u00f5es procuraram a pol\u00edcia.<\/p>\n<p style=\"text-align: justify;\">Ainda segundo os patr\u00f5es, poucos dias antes do desaparecimento, Laura havia sido amea\u00e7ada pela dona de outro bar, que disse que iria \u201cquebrar ela\u201d.<\/p>\n<p style=\"text-align: justify;\">A jovem n\u00e3o tinha fam\u00edlia na cidade que estava morando, Santa Cruz do Xingu, mas assim que os familiares foram informados do desaparecimento, fizeram campanha para encontr\u00e1-la.<\/p>\n<p style=\"text-align: justify;\"><span style=\"font-size: 24px;\"><strong>Encontro<\/strong><\/span><\/p>\n<p style=\"text-align: justify;\">Com a campanha, a fam\u00edlia recebeu uma informa\u00e7\u00e3o an\u00f4nima que na ch\u00e1cara do jovem que havia sa\u00eddo com Laura no dia do desaparecimento havia um buraco suspeito.<\/p>\n<p style=\"text-align: justify;\">Eles passaram essa informa\u00e7\u00e3o \u00e0 pol\u00edcia e uma equipe da Pol\u00edcia Militar foi at\u00e9 o local com uma p\u00e1 e uma cavadeira.<\/p>\n<p style=\"text-align: justify;\">Na ch\u00e1cara, os policiais encontraram um buraco que parecia uma cisterna, por\u00e9m, a terra no local estava mexida, ent\u00e3o os policiais come\u00e7aram a cavar.<\/p>\n<p style=\"text-align: justify;\">Rapidamente foi encontrada uma m\u00e3o humana e a escava\u00e7\u00e3o foi parada. O local foi isolado e a Pol\u00edcia Judici\u00e1ria Civil e a Per\u00edcia Oficial e Identifica\u00e7\u00e3o T\u00e9cnica (Politec) foram acionadas para dar in\u00edcio \u00e0s investiga\u00e7\u00f5es.<\/p>\n<p style=\"text-align: justify;\">O caso foi registrado como encontro de cad\u00e1ver e, at\u00e9 o registro da ocorr\u00eancia, o suspeito ainda n\u00e3o havia sido encontrado.<\/p>\n<p style=\"text-align: justify;\">Fonte: 180 Graus<\/p>\n","protected":false},"excerpt":{"rendered":"<p>Uma jovem de 28 anos, identificada como Laura Batista de Souza, foi encontrada morta e enterrada, nessa sexta-feira (11\/09), na ch\u00e1cara do homem suspeito de t\u00ea-la matado, uma propriedade rural em Santa Cruz do Xingu (1.245 km de Cuiab\u00e1). A reportagem \u00e9 do O Livre. Desaparecimento Laura havia sido vista com vida pela \u00faltima vez &hellip;<\/p>\n","protected":false},"author":2,"featured_media":57864,"comment_status":"open","ping_status":"open","sticky":false,"template":"","format":"standard","meta":{"content-type":"","rop_custom_images_group":[],"rop_custom_messages_group":[],"rop_publish_now":"initial","rop_publish_now_accounts":{"facebook_2648258775420054_1618374048415101":""},"rop_publish_now_history":[],"rop_publish_now_status":"pending","footnotes":"","_jetpack_memberships_contains_paid_content":false},"categories":[145],"tags":[1356,6484,6485],"yoast_head":"<!-- This site is optimized with the Yoast SEO plugin v22.3 - https:\/\/yoast.com\/wordpress\/plugins\/seo\/ -->\n<title>Jovem que estava desaparecida \u00e9 encontrada enterrada na ch\u00e1cara do suspeito de t\u00ea-la assassinado<\/title>\n<meta name=\"robots\" content=\"index, follow, max-snippet:-1, max-image-preview:large, max-video-preview:-1\" \/>\n<link rel=\"canonical\" href=\"https:\/\/portalnpm.com\/index.php\/2020\/09\/13\/jovem-que-estava-desaparecida-e-encontrada-enterrada-na-chacara-do-suspeito-de-te-la-assassinado\/\" \/>\n<meta property=\"og:locale\" content=\"pt_BR\" \/>\n<meta property=\"og:type\" content=\"article\" \/>\n<meta property=\"og:title\" content=\"Jovem que estava desaparecida \u00e9 encontrada enterrada na ch\u00e1cara do suspeito de t\u00ea-la assassinado\" \/>\n<meta property=\"og:description\" content=\"Uma jovem de 28 anos, identificada como Laura Batista de Souza, foi encontrada morta e enterrada, nessa sexta-feira (11\/09), na ch\u00e1cara do homem suspeito de t\u00ea-la matado, uma propriedade rural em Santa Cruz do Xingu (1.245 km de Cuiab\u00e1). A reportagem \u00e9 do O Livre. Desaparecimento Laura havia sido vista com vida pela \u00faltima vez &hellip;\" \/>\n<meta property=\"og:url\" content=\"https:\/\/portalnpm.com\/index.php\/2020\/09\/13\/jovem-que-estava-desaparecida-e-encontrada-enterrada-na-chacara-do-suspeito-de-te-la-assassinado\/\" \/>\n<meta property=\"og:site_name\" content=\"Portal NPM\" \/>\n<meta property=\"article:published_time\" content=\"2020-09-13T12:47:00+00:00\" \/>\n<meta property=\"og:image\" content=\"https:\/\/portalnpm.com\/wp-content\/uploads\/2024\/01\/jovem-morta-ch-cara.jpg\" \/>\n\t<meta property=\"og:image:width\" content=\"560\" \/>\n\t<meta property=\"og:image:height\" content=\"350\" \/>\n\t<meta property=\"og:image:type\" content=\"image\/jpeg\" \/>\n<meta name=\"author\" content=\"Genival Barbosa\" \/>\n<meta name=\"twitter:card\" content=\"summary_large_image\" \/>\n<meta name=\"twitter:label1\" content=\"Escrito por\" \/>\n\t<meta name=\"twitter:data1\" content=\"Genival Barbosa\" \/>\n\t<meta name=\"twitter:label2\" content=\"Est. tempo de leitura\" \/>\n\t<meta name=\"twitter:data2\" content=\"2 minutos\" \/>\n<script type=\"application\/ld+json\" class=\"yoast-schema-graph\">{\"@context\":\"https:\/\/schema.org\",\"@graph\":[{\"@type\":\"WebPage\",\"@id\":\"https:\/\/portalnpm.com\/index.php\/2020\/09\/13\/jovem-que-estava-desaparecida-e-encontrada-enterrada-na-chacara-do-suspeito-de-te-la-assassinado\/\",\"url\":\"https:\/\/portalnpm.com\/index.php\/2020\/09\/13\/jovem-que-estava-desaparecida-e-encontrada-enterrada-na-chacara-do-suspeito-de-te-la-assassinado\/\",\"name\":\"Jovem que estava desaparecida \u00e9 encontrada enterrada na ch\u00e1cara do suspeito de t\u00ea-la assassinado\",\"isPartOf\":{\"@id\":\"https:\/\/portalnpm.com\/#website\"},\"primaryImageOfPage\":{\"@id\":\"https:\/\/portalnpm.com\/index.php\/2020\/09\/13\/jovem-que-estava-desaparecida-e-encontrada-enterrada-na-chacara-do-suspeito-de-te-la-assassinado\/#primaryimage\"},\"image\":{\"@id\":\"https:\/\/portalnpm.com\/index.php\/2020\/09\/13\/jovem-que-estava-desaparecida-e-encontrada-enterrada-na-chacara-do-suspeito-de-te-la-assassinado\/#primaryimage\"},\"thumbnailUrl\":\"https:\/\/portalnpm.com\/wp-content\/uploads\/2024\/01\/jovem-morta-ch-cara.jpg\",\"datePublished\":\"2020-09-13T12:47:00+00:00\",\"dateModified\":\"2020-09-13T12:47:00+00:00\",\"author\":{\"@id\":\"https:\/\/portalnpm.com\/#\/schema\/person\/49313e563cfdefcc167f1ee4c017c294\"},\"breadcrumb\":{\"@id\":\"https:\/\/portalnpm.com\/index.php\/2020\/09\/13\/jovem-que-estava-desaparecida-e-encontrada-enterrada-na-chacara-do-suspeito-de-te-la-assassinado\/#breadcrumb\"},\"inLanguage\":\"pt-BR\",\"potentialAction\":[{\"@type\":\"ReadAction\",\"target\":[\"https:\/\/portalnpm.com\/index.php\/2020\/09\/13\/jovem-que-estava-desaparecida-e-encontrada-enterrada-na-chacara-do-suspeito-de-te-la-assassinado\/\"]}]},{\"@type\":\"ImageObject\",\"inLanguage\":\"pt-BR\",\"@id\":\"https:\/\/portalnpm.com\/index.php\/2020\/09\/13\/jovem-que-estava-desaparecida-e-encontrada-enterrada-na-chacara-do-suspeito-de-te-la-assassinado\/#primaryimage\",\"url\":\"https:\/\/portalnpm.com\/wp-content\/uploads\/2024\/01\/jovem-morta-ch-cara.jpg\",\"contentUrl\":\"https:\/\/portalnpm.com\/wp-content\/uploads\/2024\/01\/jovem-morta-ch-cara.jpg\",\"width\":560,\"height\":350},{\"@type\":\"BreadcrumbList\",\"@id\":\"https:\/\/portalnpm.com\/index.php\/2020\/09\/13\/jovem-que-estava-desaparecida-e-encontrada-enterrada-na-chacara-do-suspeito-de-te-la-assassinado\/#breadcrumb\",\"itemListElement\":[{\"@type\":\"ListItem\",\"position\":1,\"name\":\"In\u00edcio\",\"item\":\"https:\/\/portalnpm.com\/\"},{\"@type\":\"ListItem\",\"position\":2,\"name\":\"Jovem que estava desaparecida \u00e9 encontrada enterrada na ch\u00e1cara do suspeito de t\u00ea-la assassinado\"}]},{\"@type\":\"WebSite\",\"@id\":\"https:\/\/portalnpm.com\/#website\",\"url\":\"https:\/\/portalnpm.com\/\",\"name\":\"Portal NPM\",\"description\":\"Not\u00edcias em Primeira M\u00e3o\",\"potentialAction\":[{\"@type\":\"SearchAction\",\"target\":{\"@type\":\"EntryPoint\",\"urlTemplate\":\"https:\/\/portalnpm.com\/?s={search_term_string}\"},\"query-input\":\"required name=search_term_string\"}],\"inLanguage\":\"pt-BR\"},{\"@type\":\"Person\",\"@id\":\"https:\/\/portalnpm.com\/#\/schema\/person\/49313e563cfdefcc167f1ee4c017c294\",\"name\":\"Genival Barbosa\",\"image\":{\"@type\":\"ImageObject\",\"inLanguage\":\"pt-BR\",\"@id\":\"https:\/\/portalnpm.com\/#\/schema\/person\/image\/\",\"url\":\"https:\/\/portalnpm.com\/wp-content\/uploads\/2024\/02\/avatar_user_2_1707743258-96x96.jpeg\",\"contentUrl\":\"https:\/\/portalnpm.com\/wp-content\/uploads\/2024\/02\/avatar_user_2_1707743258-96x96.jpeg\",\"caption\":\"Genival Barbosa\"},\"url\":\"https:\/\/portalnpm.com\/index.php\/author\/genival\/\"}]}<\/script>\n<!-- \/ Yoast SEO plugin. -->","yoast_head_json":{"title":"Jovem que estava desaparecida \u00e9 encontrada enterrada na ch\u00e1cara do suspeito de t\u00ea-la assassinado","robots":{"index":"index","follow":"follow","max-snippet":"max-snippet:-1","max-image-preview":"max-image-preview:large","max-video-preview":"max-video-preview:-1"},"canonical":"https:\/\/portalnpm.com\/index.php\/2020\/09\/13\/jovem-que-estava-desaparecida-e-encontrada-enterrada-na-chacara-do-suspeito-de-te-la-assassinado\/","og_locale":"pt_BR","og_type":"article","og_title":"Jovem que estava desaparecida \u00e9 encontrada enterrada na ch\u00e1cara do suspeito de t\u00ea-la assassinado","og_description":"Uma jovem de 28 anos, identificada como Laura Batista de Souza, foi encontrada morta e enterrada, nessa sexta-feira (11\/09), na ch\u00e1cara do homem suspeito de t\u00ea-la matado, uma propriedade rural em Santa Cruz do Xingu (1.245 km de Cuiab\u00e1). A reportagem \u00e9 do O Livre. Desaparecimento Laura havia sido vista com vida pela \u00faltima vez &hellip;","og_url":"https:\/\/portalnpm.com\/index.php\/2020\/09\/13\/jovem-que-estava-desaparecida-e-encontrada-enterrada-na-chacara-do-suspeito-de-te-la-assassinado\/","og_site_name":"Portal NPM","article_published_time":"2020-09-13T12:47:00+00:00","og_image":[{"width":560,"height":350,"url":"https:\/\/portalnpm.com\/wp-content\/uploads\/2024\/01\/jovem-morta-ch-cara.jpg","type":"image\/jpeg"}],"author":"Genival Barbosa","twitter_card":"summary_large_image","twitter_misc":{"Escrito por":"Genival Barbosa","Est. tempo de leitura":"2 minutos"},"schema":{"@context":"https:\/\/schema.org","@graph":[{"@type":"WebPage","@id":"https:\/\/portalnpm.com\/index.php\/2020\/09\/13\/jovem-que-estava-desaparecida-e-encontrada-enterrada-na-chacara-do-suspeito-de-te-la-assassinado\/","url":"https:\/\/portalnpm.com\/index.php\/2020\/09\/13\/jovem-que-estava-desaparecida-e-encontrada-enterrada-na-chacara-do-suspeito-de-te-la-assassinado\/","name":"Jovem que estava desaparecida \u00e9 encontrada enterrada na ch\u00e1cara do suspeito de t\u00ea-la assassinado","isPartOf":{"@id":"https:\/\/portalnpm.com\/#website"},"primaryImageOfPage":{"@id":"https:\/\/portalnpm.com\/index.php\/2020\/09\/13\/jovem-que-estava-desaparecida-e-encontrada-enterrada-na-chacara-do-suspeito-de-te-la-assassinado\/#primaryimage"},"image":{"@id":"https:\/\/portalnpm.com\/index.php\/2020\/09\/13\/jovem-que-estava-desaparecida-e-encontrada-enterrada-na-chacara-do-suspeito-de-te-la-assassinado\/#primaryimage"},"thumbnailUrl":"https:\/\/portalnpm.com\/wp-content\/uploads\/2024\/01\/jovem-morta-ch-cara.jpg","datePublished":"2020-09-13T12:47:00+00:00","dateModified":"2020-09-13T12:47:00+00:00","author":{"@id":"https:\/\/portalnpm.com\/#\/schema\/person\/49313e563cfdefcc167f1ee4c017c294"},"breadcrumb":{"@id":"https:\/\/portalnpm.com\/index.php\/2020\/09\/13\/jovem-que-estava-desaparecida-e-encontrada-enterrada-na-chacara-do-suspeito-de-te-la-assassinado\/#breadcrumb"},"inLanguage":"pt-BR","potentialAction":[{"@type":"ReadAction","target":["https:\/\/portalnpm.com\/index.php\/2020\/09\/13\/jovem-que-estava-desaparecida-e-encontrada-enterrada-na-chacara-do-suspeito-de-te-la-assassinado\/"]}]},{"@type":"ImageObject","inLanguage":"pt-BR","@id":"https:\/\/portalnpm.com\/index.php\/2020\/09\/13\/jovem-que-estava-desaparecida-e-encontrada-enterrada-na-chacara-do-suspeito-de-te-la-assassinado\/#primaryimage","url":"https:\/\/portalnpm.com\/wp-content\/uploads\/2024\/01\/jovem-morta-ch-cara.jpg","contentUrl":"https:\/\/portalnpm.com\/wp-content\/uploads\/2024\/01\/jovem-morta-ch-cara.jpg","width":560,"height":350},{"@type":"BreadcrumbList","@id":"https:\/\/portalnpm.com\/index.php\/2020\/09\/13\/jovem-que-estava-desaparecida-e-encontrada-enterrada-na-chacara-do-suspeito-de-te-la-assassinado\/#breadcrumb","itemListElement":[{"@type":"ListItem","position":1,"name":"In\u00edcio","item":"https:\/\/portalnpm.com\/"},{"@type":"ListItem","position":2,"name":"Jovem que estava desaparecida \u00e9 encontrada enterrada na ch\u00e1cara do suspeito de t\u00ea-la assassinado"}]},{"@type":"WebSite","@id":"https:\/\/portalnpm.com\/#website","url":"https:\/\/portalnpm.com\/","name":"Portal NPM","description":"Not\u00edcias em Primeira M\u00e3o","potentialAction":[{"@type":"SearchAction","target":{"@type":"EntryPoint","urlTemplate":"https:\/\/portalnpm.com\/?s={search_term_string}"},"query-input":"required name=search_term_string"}],"inLanguage":"pt-BR"},{"@type":"Person","@id":"https:\/\/portalnpm.com\/#\/schema\/person\/49313e563cfdefcc167f1ee4c017c294","name":"Genival Barbosa","image":{"@type":"ImageObject","inLanguage":"pt-BR","@id":"https:\/\/portalnpm.com\/#\/schema\/person\/image\/","url":"https:\/\/portalnpm.com\/wp-content\/uploads\/2024\/02\/avatar_user_2_1707743258-96x96.jpeg","contentUrl":"https:\/\/portalnpm.com\/wp-content\/uploads\/2024\/02\/avatar_user_2_1707743258-96x96.jpeg","caption":"Genival Barbosa"},"url":"https:\/\/portalnpm.com\/index.php\/author\/genival\/"}]}},"jetpack_sharing_enabled":true,"jetpack_featured_media_url":"https:\/\/portalnpm.com\/wp-content\/uploads\/2024\/01\/jovem-morta-ch-cara.jpg","_links":{"self":[{"href":"https:\/\/portalnpm.com\/index.php\/wp-json\/wp\/v2\/posts\/57863"}],"collection":[{"href":"https:\/\/portalnpm.com\/index.php\/wp-json\/wp\/v2\/posts"}],"about":[{"href":"https:\/\/portalnpm.com\/index.php\/wp-json\/wp\/v2\/types\/post"}],"author":[{"embeddable":true,"href":"https:\/\/portalnpm.com\/index.php\/wp-json\/wp\/v2\/users\/2"}],"replies":[{"embeddable":true,"href":"https:\/\/portalnpm.com\/index.php\/wp-json\/wp\/v2\/comments?post=57863"}],"version-history":[{"count":0,"href":"https:\/\/portalnpm.com\/index.php\/wp-json\/wp\/v2\/posts\/57863\/revisions"}],"wp:featuredmedia":[{"embeddable":true,"href":"https:\/\/portalnpm.com\/index.php\/wp-json\/wp\/v2\/media\/57864"}],"wp:attachment":[{"href":"https:\/\/portalnpm.com\/index.php\/wp-json\/wp\/v2\/media?parent=57863"}],"wp:term":[{"taxonomy":"category","embeddable":true,"href":"https:\/\/portalnpm.com\/index.php\/wp-json\/wp\/v2\/categories?post=57863"},{"taxonomy":"post_tag","embeddable":true,"href":"https:\/\/portalnpm.com\/index.php\/wp-json\/wp\/v2\/tags?post=57863"}],"curies":[{"name":"wp","href":"https:\/\/api.w.org\/{rel}","templated":true}]}}