{"id":57957,"date":"2020-09-14T19:11:32","date_gmt":"2020-09-14T22:11:32","guid":{"rendered":"https:\/\/portalnpm.com\/index.php\/2020\/09\/14\/parrerito-do-trio-parada-dura-morre-aos-67-anos-vitima-de-covid-19\/"},"modified":"2020-09-14T19:11:32","modified_gmt":"2020-09-14T22:11:32","slug":"parrerito-do-trio-parada-dura-morre-aos-67-anos-vitima-de-covid-19","status":"publish","type":"post","link":"https:\/\/portalnpm.com\/index.php\/2020\/09\/14\/parrerito-do-trio-parada-dura-morre-aos-67-anos-vitima-de-covid-19\/","title":{"rendered":"Parrerito, do Trio Parada Dura, morre aos 67 anos, v\u00edtima de Covid-19"},"content":{"rendered":"<p style=\"text-align: justify;\">Morreu na noite deste domingo, 13, aos 67 anos, o cantor Eduardo Borges, mais conhecido como Parrerito, integrante do Trio Parada Dura. Ele foi v\u00edtima de Covid-19 e estava internado desde o dia 29 de agosto no Hospital Unimed, em Belo Horizonte, Minas Gerais.<\/p>\n<p style=\"text-align: justify;\">\n<p style=\"text-align: justify;\">\n<p style=\"text-align: justify;\">Em comunicado nas redes sociais, o trio lamentou a morte e citou que Parrerito integrava o chamado grupo de risco do coronav\u00edrus por ser idoso e diab\u00e9tico. \u201cBatalhou muito, mas infelizmente n\u00e3o resistiu \u00e0s complica\u00e7\u00f5es da doen\u00e7a. Familiares e a equipe Trio Parada Dura agradecem todas as correntes de ora\u00e7\u00f5es e f\u00e9 formadas durante a luta de Parrerito pela vida. Elas mostraram o quanto ele era t\u00e3o querido e estimado por todos. E \u00e9 desta forma que vamos sempre lembrar dele\u201d, diz trecho do comunicado.<\/p>\n<p style=\"text-align: justify;\">\nO grupo fundada na d\u00e9cada de 70 citou um de seus maiores sucessos, As Andorinhas. \u201cIgual a andorinha, Parrerito parte voando e deixa um Brasil inteiro j\u00e1 com saudade de sua voz que por quase quatro d\u00e9cadas marcou gera\u00e7\u00f5es no Trio Parada Dura. Ficar\u00e1 para sempre em nossos cora\u00e7\u00f5es e na mem\u00f3ria da m\u00fasica sertaneja. Parrerito deixa mulher, filhas e netas que eram sua grande paix\u00e3o. Vai com Deus, Parrerito! Sentiremos muito sua falta.\u201d<\/p>\n<p><a href=\"https:\/\/m.facebook.com\/otrioparadadura\/posts\/2037603483039949\">https:\/\/m.facebook.com\/otrioparadadura\/posts\/2037603483039949<\/a><\/p>\n<p style=\"text-align: justify;\">O Trio Parada Dura foi fundado em 1973 e teve como forma\u00e7\u00e3o mais famosa os cantores Creone, Barrerito (irm\u00e3o de Parrerito) e Mangabinha. Parrerito entrou no grupo em 1982, ap\u00f3s acidente a\u00e9reo que deixou seu irm\u00e3o parapl\u00e9gico. A forma\u00e7\u00e3o atual era formada por Creone, Parrerito e Xonad\u00e3o.<\/p>\n<p style=\"text-align: justify;\">O grupo tem 11 discos de ouro e tr\u00eas de platina no curr\u00edculo e sucessos como Aceita que D\u00f3i Menos, \u00daltimo Adeus, Telefone Mudo e Fusc\u00e3o Preto, entre outros.<\/p>\n<p style=\"text-align: justify;\">Fonte: Veja<\/p>\n","protected":false},"excerpt":{"rendered":"<p>Morreu na noite deste domingo, 13, aos 67 anos, o cantor Eduardo Borges, mais conhecido como Parrerito, integrante do Trio Parada Dura. Ele foi v\u00edtima de Covid-19 e estava internado desde o dia 29 de agosto no Hospital Unimed, em Belo Horizonte, Minas Gerais. Em comunicado nas redes sociais, o trio lamentou a morte e &hellip;<\/p>\n","protected":false},"author":2,"featured_media":57958,"comment_status":"open","ping_status":"open","sticky":false,"template":"","format":"standard","meta":{"content-type":"","rop_custom_images_group":[],"rop_custom_messages_group":[],"rop_publish_now":"initial","rop_publish_now_accounts":{"facebook_2648258775420054_1618374048415101":""},"rop_publish_now_history":[],"rop_publish_now_status":"pending","footnotes":"","_jetpack_memberships_contains_paid_content":false},"categories":[113,147],"tags":[1113,132,6106,6107,2299],"yoast_head":"<!-- This site is optimized with the Yoast SEO plugin v22.3 - https:\/\/yoast.com\/wordpress\/plugins\/seo\/ -->\n<title>Parrerito, do Trio Parada Dura, morre aos 67 anos, v\u00edtima de Covid-19<\/title>\n<meta name=\"robots\" content=\"index, follow, max-snippet:-1, max-image-preview:large, max-video-preview:-1\" \/>\n<link rel=\"canonical\" href=\"https:\/\/portalnpm.com\/index.php\/2020\/09\/14\/parrerito-do-trio-parada-dura-morre-aos-67-anos-vitima-de-covid-19\/\" \/>\n<meta property=\"og:locale\" content=\"pt_BR\" \/>\n<meta property=\"og:type\" content=\"article\" \/>\n<meta property=\"og:title\" content=\"Parrerito, do Trio Parada Dura, morre aos 67 anos, v\u00edtima de Covid-19\" \/>\n<meta property=\"og:description\" content=\"Morreu na noite deste domingo, 13, aos 67 anos, o cantor Eduardo Borges, mais conhecido como Parrerito, integrante do Trio Parada Dura. Ele foi v\u00edtima de Covid-19 e estava internado desde o dia 29 de agosto no Hospital Unimed, em Belo Horizonte, Minas Gerais. Em comunicado nas redes sociais, o trio lamentou a morte e &hellip;\" \/>\n<meta property=\"og:url\" content=\"https:\/\/portalnpm.com\/index.php\/2020\/09\/14\/parrerito-do-trio-parada-dura-morre-aos-67-anos-vitima-de-covid-19\/\" \/>\n<meta property=\"og:site_name\" content=\"Portal NPM\" \/>\n<meta property=\"article:published_time\" content=\"2020-09-14T22:11:32+00:00\" \/>\n<meta property=\"og:image\" content=\"https:\/\/portalnpm.com\/wp-content\/uploads\/2024\/01\/parrerito-1.jpg\" \/>\n\t<meta property=\"og:image:width\" content=\"680\" \/>\n\t<meta property=\"og:image:height\" content=\"409\" \/>\n\t<meta property=\"og:image:type\" content=\"image\/jpeg\" \/>\n<meta name=\"author\" content=\"Genival Barbosa\" \/>\n<meta name=\"twitter:card\" content=\"summary_large_image\" \/>\n<meta name=\"twitter:label1\" content=\"Escrito por\" \/>\n\t<meta name=\"twitter:data1\" content=\"Genival Barbosa\" \/>\n\t<meta name=\"twitter:label2\" content=\"Est. tempo de leitura\" \/>\n\t<meta name=\"twitter:data2\" content=\"2 minutos\" \/>\n<script type=\"application\/ld+json\" class=\"yoast-schema-graph\">{\"@context\":\"https:\/\/schema.org\",\"@graph\":[{\"@type\":\"WebPage\",\"@id\":\"https:\/\/portalnpm.com\/index.php\/2020\/09\/14\/parrerito-do-trio-parada-dura-morre-aos-67-anos-vitima-de-covid-19\/\",\"url\":\"https:\/\/portalnpm.com\/index.php\/2020\/09\/14\/parrerito-do-trio-parada-dura-morre-aos-67-anos-vitima-de-covid-19\/\",\"name\":\"Parrerito, do Trio Parada Dura, morre aos 67 anos, v\u00edtima de Covid-19\",\"isPartOf\":{\"@id\":\"https:\/\/portalnpm.com\/#website\"},\"primaryImageOfPage\":{\"@id\":\"https:\/\/portalnpm.com\/index.php\/2020\/09\/14\/parrerito-do-trio-parada-dura-morre-aos-67-anos-vitima-de-covid-19\/#primaryimage\"},\"image\":{\"@id\":\"https:\/\/portalnpm.com\/index.php\/2020\/09\/14\/parrerito-do-trio-parada-dura-morre-aos-67-anos-vitima-de-covid-19\/#primaryimage\"},\"thumbnailUrl\":\"https:\/\/portalnpm.com\/wp-content\/uploads\/2024\/01\/parrerito-1.jpg\",\"datePublished\":\"2020-09-14T22:11:32+00:00\",\"dateModified\":\"2020-09-14T22:11:32+00:00\",\"author\":{\"@id\":\"https:\/\/portalnpm.com\/#\/schema\/person\/49313e563cfdefcc167f1ee4c017c294\"},\"breadcrumb\":{\"@id\":\"https:\/\/portalnpm.com\/index.php\/2020\/09\/14\/parrerito-do-trio-parada-dura-morre-aos-67-anos-vitima-de-covid-19\/#breadcrumb\"},\"inLanguage\":\"pt-BR\",\"potentialAction\":[{\"@type\":\"ReadAction\",\"target\":[\"https:\/\/portalnpm.com\/index.php\/2020\/09\/14\/parrerito-do-trio-parada-dura-morre-aos-67-anos-vitima-de-covid-19\/\"]}]},{\"@type\":\"ImageObject\",\"inLanguage\":\"pt-BR\",\"@id\":\"https:\/\/portalnpm.com\/index.php\/2020\/09\/14\/parrerito-do-trio-parada-dura-morre-aos-67-anos-vitima-de-covid-19\/#primaryimage\",\"url\":\"https:\/\/portalnpm.com\/wp-content\/uploads\/2024\/01\/parrerito-1.jpg\",\"contentUrl\":\"https:\/\/portalnpm.com\/wp-content\/uploads\/2024\/01\/parrerito-1.jpg\",\"width\":680,\"height\":409},{\"@type\":\"BreadcrumbList\",\"@id\":\"https:\/\/portalnpm.com\/index.php\/2020\/09\/14\/parrerito-do-trio-parada-dura-morre-aos-67-anos-vitima-de-covid-19\/#breadcrumb\",\"itemListElement\":[{\"@type\":\"ListItem\",\"position\":1,\"name\":\"In\u00edcio\",\"item\":\"https:\/\/portalnpm.com\/\"},{\"@type\":\"ListItem\",\"position\":2,\"name\":\"Parrerito, do Trio Parada Dura, morre aos 67 anos, v\u00edtima de Covid-19\"}]},{\"@type\":\"WebSite\",\"@id\":\"https:\/\/portalnpm.com\/#website\",\"url\":\"https:\/\/portalnpm.com\/\",\"name\":\"Portal NPM\",\"description\":\"Not\u00edcias em Primeira M\u00e3o\",\"potentialAction\":[{\"@type\":\"SearchAction\",\"target\":{\"@type\":\"EntryPoint\",\"urlTemplate\":\"https:\/\/portalnpm.com\/?s={search_term_string}\"},\"query-input\":\"required name=search_term_string\"}],\"inLanguage\":\"pt-BR\"},{\"@type\":\"Person\",\"@id\":\"https:\/\/portalnpm.com\/#\/schema\/person\/49313e563cfdefcc167f1ee4c017c294\",\"name\":\"Genival Barbosa\",\"image\":{\"@type\":\"ImageObject\",\"inLanguage\":\"pt-BR\",\"@id\":\"https:\/\/portalnpm.com\/#\/schema\/person\/image\/\",\"url\":\"https:\/\/portalnpm.com\/wp-content\/uploads\/2024\/02\/avatar_user_2_1707743258-96x96.jpeg\",\"contentUrl\":\"https:\/\/portalnpm.com\/wp-content\/uploads\/2024\/02\/avatar_user_2_1707743258-96x96.jpeg\",\"caption\":\"Genival Barbosa\"},\"url\":\"https:\/\/portalnpm.com\/index.php\/author\/genival\/\"}]}<\/script>\n<!-- \/ Yoast SEO plugin. -->","yoast_head_json":{"title":"Parrerito, do Trio Parada Dura, morre aos 67 anos, v\u00edtima de Covid-19","robots":{"index":"index","follow":"follow","max-snippet":"max-snippet:-1","max-image-preview":"max-image-preview:large","max-video-preview":"max-video-preview:-1"},"canonical":"https:\/\/portalnpm.com\/index.php\/2020\/09\/14\/parrerito-do-trio-parada-dura-morre-aos-67-anos-vitima-de-covid-19\/","og_locale":"pt_BR","og_type":"article","og_title":"Parrerito, do Trio Parada Dura, morre aos 67 anos, v\u00edtima de Covid-19","og_description":"Morreu na noite deste domingo, 13, aos 67 anos, o cantor Eduardo Borges, mais conhecido como Parrerito, integrante do Trio Parada Dura. Ele foi v\u00edtima de Covid-19 e estava internado desde o dia 29 de agosto no Hospital Unimed, em Belo Horizonte, Minas Gerais. Em comunicado nas redes sociais, o trio lamentou a morte e &hellip;","og_url":"https:\/\/portalnpm.com\/index.php\/2020\/09\/14\/parrerito-do-trio-parada-dura-morre-aos-67-anos-vitima-de-covid-19\/","og_site_name":"Portal NPM","article_published_time":"2020-09-14T22:11:32+00:00","og_image":[{"width":680,"height":409,"url":"https:\/\/portalnpm.com\/wp-content\/uploads\/2024\/01\/parrerito-1.jpg","type":"image\/jpeg"}],"author":"Genival Barbosa","twitter_card":"summary_large_image","twitter_misc":{"Escrito por":"Genival Barbosa","Est. tempo de leitura":"2 minutos"},"schema":{"@context":"https:\/\/schema.org","@graph":[{"@type":"WebPage","@id":"https:\/\/portalnpm.com\/index.php\/2020\/09\/14\/parrerito-do-trio-parada-dura-morre-aos-67-anos-vitima-de-covid-19\/","url":"https:\/\/portalnpm.com\/index.php\/2020\/09\/14\/parrerito-do-trio-parada-dura-morre-aos-67-anos-vitima-de-covid-19\/","name":"Parrerito, do Trio Parada Dura, morre aos 67 anos, v\u00edtima de Covid-19","isPartOf":{"@id":"https:\/\/portalnpm.com\/#website"},"primaryImageOfPage":{"@id":"https:\/\/portalnpm.com\/index.php\/2020\/09\/14\/parrerito-do-trio-parada-dura-morre-aos-67-anos-vitima-de-covid-19\/#primaryimage"},"image":{"@id":"https:\/\/portalnpm.com\/index.php\/2020\/09\/14\/parrerito-do-trio-parada-dura-morre-aos-67-anos-vitima-de-covid-19\/#primaryimage"},"thumbnailUrl":"https:\/\/portalnpm.com\/wp-content\/uploads\/2024\/01\/parrerito-1.jpg","datePublished":"2020-09-14T22:11:32+00:00","dateModified":"2020-09-14T22:11:32+00:00","author":{"@id":"https:\/\/portalnpm.com\/#\/schema\/person\/49313e563cfdefcc167f1ee4c017c294"},"breadcrumb":{"@id":"https:\/\/portalnpm.com\/index.php\/2020\/09\/14\/parrerito-do-trio-parada-dura-morre-aos-67-anos-vitima-de-covid-19\/#breadcrumb"},"inLanguage":"pt-BR","potentialAction":[{"@type":"ReadAction","target":["https:\/\/portalnpm.com\/index.php\/2020\/09\/14\/parrerito-do-trio-parada-dura-morre-aos-67-anos-vitima-de-covid-19\/"]}]},{"@type":"ImageObject","inLanguage":"pt-BR","@id":"https:\/\/portalnpm.com\/index.php\/2020\/09\/14\/parrerito-do-trio-parada-dura-morre-aos-67-anos-vitima-de-covid-19\/#primaryimage","url":"https:\/\/portalnpm.com\/wp-content\/uploads\/2024\/01\/parrerito-1.jpg","contentUrl":"https:\/\/portalnpm.com\/wp-content\/uploads\/2024\/01\/parrerito-1.jpg","width":680,"height":409},{"@type":"BreadcrumbList","@id":"https:\/\/portalnpm.com\/index.php\/2020\/09\/14\/parrerito-do-trio-parada-dura-morre-aos-67-anos-vitima-de-covid-19\/#breadcrumb","itemListElement":[{"@type":"ListItem","position":1,"name":"In\u00edcio","item":"https:\/\/portalnpm.com\/"},{"@type":"ListItem","position":2,"name":"Parrerito, do Trio Parada Dura, morre aos 67 anos, v\u00edtima de Covid-19"}]},{"@type":"WebSite","@id":"https:\/\/portalnpm.com\/#website","url":"https:\/\/portalnpm.com\/","name":"Portal NPM","description":"Not\u00edcias em Primeira M\u00e3o","potentialAction":[{"@type":"SearchAction","target":{"@type":"EntryPoint","urlTemplate":"https:\/\/portalnpm.com\/?s={search_term_string}"},"query-input":"required name=search_term_string"}],"inLanguage":"pt-BR"},{"@type":"Person","@id":"https:\/\/portalnpm.com\/#\/schema\/person\/49313e563cfdefcc167f1ee4c017c294","name":"Genival Barbosa","image":{"@type":"ImageObject","inLanguage":"pt-BR","@id":"https:\/\/portalnpm.com\/#\/schema\/person\/image\/","url":"https:\/\/portalnpm.com\/wp-content\/uploads\/2024\/02\/avatar_user_2_1707743258-96x96.jpeg","contentUrl":"https:\/\/portalnpm.com\/wp-content\/uploads\/2024\/02\/avatar_user_2_1707743258-96x96.jpeg","caption":"Genival Barbosa"},"url":"https:\/\/portalnpm.com\/index.php\/author\/genival\/"}]}},"jetpack_sharing_enabled":true,"jetpack_featured_media_url":"https:\/\/portalnpm.com\/wp-content\/uploads\/2024\/01\/parrerito-1.jpg","_links":{"self":[{"href":"https:\/\/portalnpm.com\/index.php\/wp-json\/wp\/v2\/posts\/57957"}],"collection":[{"href":"https:\/\/portalnpm.com\/index.php\/wp-json\/wp\/v2\/posts"}],"about":[{"href":"https:\/\/portalnpm.com\/index.php\/wp-json\/wp\/v2\/types\/post"}],"author":[{"embeddable":true,"href":"https:\/\/portalnpm.com\/index.php\/wp-json\/wp\/v2\/users\/2"}],"replies":[{"embeddable":true,"href":"https:\/\/portalnpm.com\/index.php\/wp-json\/wp\/v2\/comments?post=57957"}],"version-history":[{"count":0,"href":"https:\/\/portalnpm.com\/index.php\/wp-json\/wp\/v2\/posts\/57957\/revisions"}],"wp:featuredmedia":[{"embeddable":true,"href":"https:\/\/portalnpm.com\/index.php\/wp-json\/wp\/v2\/media\/57958"}],"wp:attachment":[{"href":"https:\/\/portalnpm.com\/index.php\/wp-json\/wp\/v2\/media?parent=57957"}],"wp:term":[{"taxonomy":"category","embeddable":true,"href":"https:\/\/portalnpm.com\/index.php\/wp-json\/wp\/v2\/categories?post=57957"},{"taxonomy":"post_tag","embeddable":true,"href":"https:\/\/portalnpm.com\/index.php\/wp-json\/wp\/v2\/tags?post=57957"}],"curies":[{"name":"wp","href":"https:\/\/api.w.org\/{rel}","templated":true}]}}