{"id":57992,"date":"2020-09-18T16:14:14","date_gmt":"2020-09-18T19:14:14","guid":{"rendered":"https:\/\/portalnpm.com\/index.php\/2020\/09\/18\/muitas-surpresas-tite-divulga-convocados-da-selecao-brasileira-confira-a-lista\/"},"modified":"2020-09-18T16:14:14","modified_gmt":"2020-09-18T19:14:14","slug":"muitas-surpresas-tite-divulga-convocados-da-selecao-brasileira-confira-a-lista","status":"publish","type":"post","link":"https:\/\/portalnpm.com\/index.php\/2020\/09\/18\/muitas-surpresas-tite-divulga-convocados-da-selecao-brasileira-confira-a-lista\/","title":{"rendered":"Muitas surpresas! Tite divulga convocados da Sele\u00e7\u00e3o Brasileira; confira a lista!"},"content":{"rendered":"<p style=\"text-align: justify;\">A primeira lista de convocados da Sele\u00e7\u00e3o Brasileira p\u00f3s-pandemia veio cheia de novidades.<\/p>\n<p style=\"text-align: justify;\">\n<p style=\"text-align: justify;\">\n<p style=\"text-align: justify;\">Tite anunciou \u00e0s 12h30 (hor\u00e1rio de Bras\u00edlia) desta sexta-feira (18) os 23 nomes chamados para representar o Brasil na estreia das Eliminat\u00f3rias Sul-Americanas da Copa do Mundo de 2022.<\/p>\n<p style=\"text-align: justify;\">A Sele\u00e7\u00e3o enfrenta a Bol\u00edvia, dia 9 de outubro, na Arena do Corinthians, e o Peru, dia 13, em Lima.<\/p>\n<p style=\"text-align: justify;\">A principal novidade \u00e9 Gabriel Menino, promessa de 19 anos do Palmeiras. O garoto tem atuado no meio, mas foi chamado como lateral-direito por Tite para substituir Daniel Alves.<\/p>\n<p style=\"text-align: justify;\">Al\u00e9m dele, o Verd\u00e3o teve outro representante: Weverton.<\/p>\n<p style=\"text-align: justify;\">O goleiro Santos, do Athletico Paranaense, \u00e9 outra das surpresas.<\/p>\n<p style=\"text-align: justify;\">A aus\u00eancia mais sentida foi Arthur. O volante da Juventus deu lugar a Douglas Luiz, do Aston Villa. Gabigol e Bruno Henrique ficaram fora. O Flamengo teve dois convocados: Everton Ribeiro e Rodrigo Caio.<\/p>\n<p style=\"text-align: justify;\"><span style=\"font-size: 20px;\"><strong>Confira a lista completa!<\/strong><\/span><\/p>\n<p style=\"text-align: justify;\"><span style=\"font-size: 20px;\"><strong>Goleiros<\/strong><\/span>: Alisson (Liverpool), Santos (Athletico Paranaense), Weverton (Palmeiras).<\/p>\n<p style=\"text-align: justify;\"><span style=\"font-size: 20px;\"><strong>Laterais<\/strong><\/span>: Danilo (Juventus), Gabriel Menino (Palmeiras), Alex Telles (Porto), Renan Lodi (Atl\u00e9tico de Madrid).<\/p>\n<p style=\"text-align: justify;\"><span style=\"font-size: 20px;\"><strong>Zagueiros<\/strong><\/span>: Thiago Silva (Chelsea); Marquinhos (PSG); Felipe (Atl\u00e9tico de Madrid); Rodrigo Caio (Flamengo).<\/p>\n<p style=\"text-align: justify;\"><span style=\"font-size: 20px;\"><strong>Meias<\/strong><\/span>: Casemiro (Real Madrid); Fabinho (Liverpool); Bruno Guimar\u00e3es (Lyon); Douglas Luiz (Aston Villa); Coutinho (Barcelona); Everton Ribeiro (Flamengo).<\/p>\n<p style=\"text-align: justify;\"><span style=\"font-size: 20px;\"><strong>Atacantes<\/strong><\/span>: Gabriel Jesus (Manchester City); Rodrygo (Real Madrid); Neymar (PSG); Everton Cebolinha (Benfica); Firmino (Liverpool); Richarlison (Everton).<\/p>\n<p style=\"text-align: justify;\">Via CBF<\/p>\n","protected":false},"excerpt":{"rendered":"<p>A primeira lista de convocados da Sele\u00e7\u00e3o Brasileira p\u00f3s-pandemia veio cheia de novidades. Tite anunciou \u00e0s 12h30 (hor\u00e1rio de Bras\u00edlia) desta sexta-feira (18) os 23 nomes chamados para representar o Brasil na estreia das Eliminat\u00f3rias Sul-Americanas da Copa do Mundo de 2022. A Sele\u00e7\u00e3o enfrenta a Bol\u00edvia, dia 9 de outubro, na Arena do Corinthians, &hellip;<\/p>\n","protected":false},"author":2,"featured_media":57993,"comment_status":"open","ping_status":"open","sticky":false,"template":"","format":"standard","meta":{"content-type":"","rop_custom_images_group":[],"rop_custom_messages_group":[],"rop_publish_now":"initial","rop_publish_now_accounts":{"facebook_2648258775420054_1618374048415101":""},"rop_publish_now_history":[],"rop_publish_now_status":"pending","footnotes":"","_jetpack_memberships_contains_paid_content":false},"categories":[108],"tags":[6551,4250,6552],"yoast_head":"<!-- This site is optimized with the Yoast SEO plugin v22.3 - https:\/\/yoast.com\/wordpress\/plugins\/seo\/ -->\n<title>Muitas surpresas! Tite divulga convocados da Sele\u00e7\u00e3o Brasileira; confira a lista!<\/title>\n<meta name=\"robots\" content=\"index, follow, max-snippet:-1, max-image-preview:large, max-video-preview:-1\" \/>\n<link rel=\"canonical\" href=\"https:\/\/portalnpm.com\/index.php\/2020\/09\/18\/muitas-surpresas-tite-divulga-convocados-da-selecao-brasileira-confira-a-lista\/\" \/>\n<meta property=\"og:locale\" content=\"pt_BR\" \/>\n<meta property=\"og:type\" content=\"article\" \/>\n<meta property=\"og:title\" content=\"Muitas surpresas! Tite divulga convocados da Sele\u00e7\u00e3o Brasileira; confira a lista!\" \/>\n<meta property=\"og:description\" content=\"A primeira lista de convocados da Sele\u00e7\u00e3o Brasileira p\u00f3s-pandemia veio cheia de novidades. Tite anunciou \u00e0s 12h30 (hor\u00e1rio de Bras\u00edlia) desta sexta-feira (18) os 23 nomes chamados para representar o Brasil na estreia das Eliminat\u00f3rias Sul-Americanas da Copa do Mundo de 2022. A Sele\u00e7\u00e3o enfrenta a Bol\u00edvia, dia 9 de outubro, na Arena do Corinthians, &hellip;\" \/>\n<meta property=\"og:url\" content=\"https:\/\/portalnpm.com\/index.php\/2020\/09\/18\/muitas-surpresas-tite-divulga-convocados-da-selecao-brasileira-confira-a-lista\/\" \/>\n<meta property=\"og:site_name\" content=\"Portal NPM\" \/>\n<meta property=\"article:published_time\" content=\"2020-09-18T19:14:14+00:00\" \/>\n<meta property=\"og:image\" content=\"https:\/\/portalnpm.com\/wp-content\/uploads\/2024\/01\/https___wp-images.onefootball.com_wp-content_uploads_sites_13_2020_09_EiNEzHAXcAA0hRJ-1000x667-1.jpeg\" \/>\n\t<meta property=\"og:image:width\" content=\"480\" \/>\n\t<meta property=\"og:image:height\" content=\"320\" \/>\n\t<meta property=\"og:image:type\" content=\"image\/jpeg\" \/>\n<meta name=\"author\" content=\"Genival Barbosa\" \/>\n<meta name=\"twitter:card\" content=\"summary_large_image\" \/>\n<meta name=\"twitter:label1\" content=\"Escrito por\" \/>\n\t<meta name=\"twitter:data1\" content=\"Genival Barbosa\" \/>\n\t<meta name=\"twitter:label2\" content=\"Est. tempo de leitura\" \/>\n\t<meta name=\"twitter:data2\" content=\"1 minuto\" \/>\n<script type=\"application\/ld+json\" class=\"yoast-schema-graph\">{\"@context\":\"https:\/\/schema.org\",\"@graph\":[{\"@type\":\"WebPage\",\"@id\":\"https:\/\/portalnpm.com\/index.php\/2020\/09\/18\/muitas-surpresas-tite-divulga-convocados-da-selecao-brasileira-confira-a-lista\/\",\"url\":\"https:\/\/portalnpm.com\/index.php\/2020\/09\/18\/muitas-surpresas-tite-divulga-convocados-da-selecao-brasileira-confira-a-lista\/\",\"name\":\"Muitas surpresas! Tite divulga convocados da Sele\u00e7\u00e3o Brasileira; confira a lista!\",\"isPartOf\":{\"@id\":\"https:\/\/portalnpm.com\/#website\"},\"primaryImageOfPage\":{\"@id\":\"https:\/\/portalnpm.com\/index.php\/2020\/09\/18\/muitas-surpresas-tite-divulga-convocados-da-selecao-brasileira-confira-a-lista\/#primaryimage\"},\"image\":{\"@id\":\"https:\/\/portalnpm.com\/index.php\/2020\/09\/18\/muitas-surpresas-tite-divulga-convocados-da-selecao-brasileira-confira-a-lista\/#primaryimage\"},\"thumbnailUrl\":\"https:\/\/portalnpm.com\/wp-content\/uploads\/2024\/01\/https___wp-images.onefootball.com_wp-content_uploads_sites_13_2020_09_EiNEzHAXcAA0hRJ-1000x667-1.jpeg\",\"datePublished\":\"2020-09-18T19:14:14+00:00\",\"dateModified\":\"2020-09-18T19:14:14+00:00\",\"author\":{\"@id\":\"https:\/\/portalnpm.com\/#\/schema\/person\/49313e563cfdefcc167f1ee4c017c294\"},\"breadcrumb\":{\"@id\":\"https:\/\/portalnpm.com\/index.php\/2020\/09\/18\/muitas-surpresas-tite-divulga-convocados-da-selecao-brasileira-confira-a-lista\/#breadcrumb\"},\"inLanguage\":\"pt-BR\",\"potentialAction\":[{\"@type\":\"ReadAction\",\"target\":[\"https:\/\/portalnpm.com\/index.php\/2020\/09\/18\/muitas-surpresas-tite-divulga-convocados-da-selecao-brasileira-confira-a-lista\/\"]}]},{\"@type\":\"ImageObject\",\"inLanguage\":\"pt-BR\",\"@id\":\"https:\/\/portalnpm.com\/index.php\/2020\/09\/18\/muitas-surpresas-tite-divulga-convocados-da-selecao-brasileira-confira-a-lista\/#primaryimage\",\"url\":\"https:\/\/portalnpm.com\/wp-content\/uploads\/2024\/01\/https___wp-images.onefootball.com_wp-content_uploads_sites_13_2020_09_EiNEzHAXcAA0hRJ-1000x667-1.jpeg\",\"contentUrl\":\"https:\/\/portalnpm.com\/wp-content\/uploads\/2024\/01\/https___wp-images.onefootball.com_wp-content_uploads_sites_13_2020_09_EiNEzHAXcAA0hRJ-1000x667-1.jpeg\",\"width\":480,\"height\":320},{\"@type\":\"BreadcrumbList\",\"@id\":\"https:\/\/portalnpm.com\/index.php\/2020\/09\/18\/muitas-surpresas-tite-divulga-convocados-da-selecao-brasileira-confira-a-lista\/#breadcrumb\",\"itemListElement\":[{\"@type\":\"ListItem\",\"position\":1,\"name\":\"In\u00edcio\",\"item\":\"https:\/\/portalnpm.com\/\"},{\"@type\":\"ListItem\",\"position\":2,\"name\":\"Muitas surpresas! Tite divulga convocados da Sele\u00e7\u00e3o Brasileira; confira a lista!\"}]},{\"@type\":\"WebSite\",\"@id\":\"https:\/\/portalnpm.com\/#website\",\"url\":\"https:\/\/portalnpm.com\/\",\"name\":\"Portal NPM\",\"description\":\"Not\u00edcias em Primeira M\u00e3o\",\"potentialAction\":[{\"@type\":\"SearchAction\",\"target\":{\"@type\":\"EntryPoint\",\"urlTemplate\":\"https:\/\/portalnpm.com\/?s={search_term_string}\"},\"query-input\":\"required name=search_term_string\"}],\"inLanguage\":\"pt-BR\"},{\"@type\":\"Person\",\"@id\":\"https:\/\/portalnpm.com\/#\/schema\/person\/49313e563cfdefcc167f1ee4c017c294\",\"name\":\"Genival Barbosa\",\"image\":{\"@type\":\"ImageObject\",\"inLanguage\":\"pt-BR\",\"@id\":\"https:\/\/portalnpm.com\/#\/schema\/person\/image\/\",\"url\":\"https:\/\/portalnpm.com\/wp-content\/uploads\/2024\/02\/avatar_user_2_1707743258-96x96.jpeg\",\"contentUrl\":\"https:\/\/portalnpm.com\/wp-content\/uploads\/2024\/02\/avatar_user_2_1707743258-96x96.jpeg\",\"caption\":\"Genival Barbosa\"},\"url\":\"https:\/\/portalnpm.com\/index.php\/author\/genival\/\"}]}<\/script>\n<!-- \/ Yoast SEO plugin. -->","yoast_head_json":{"title":"Muitas surpresas! Tite divulga convocados da Sele\u00e7\u00e3o Brasileira; confira a lista!","robots":{"index":"index","follow":"follow","max-snippet":"max-snippet:-1","max-image-preview":"max-image-preview:large","max-video-preview":"max-video-preview:-1"},"canonical":"https:\/\/portalnpm.com\/index.php\/2020\/09\/18\/muitas-surpresas-tite-divulga-convocados-da-selecao-brasileira-confira-a-lista\/","og_locale":"pt_BR","og_type":"article","og_title":"Muitas surpresas! Tite divulga convocados da Sele\u00e7\u00e3o Brasileira; confira a lista!","og_description":"A primeira lista de convocados da Sele\u00e7\u00e3o Brasileira p\u00f3s-pandemia veio cheia de novidades. Tite anunciou \u00e0s 12h30 (hor\u00e1rio de Bras\u00edlia) desta sexta-feira (18) os 23 nomes chamados para representar o Brasil na estreia das Eliminat\u00f3rias Sul-Americanas da Copa do Mundo de 2022. A Sele\u00e7\u00e3o enfrenta a Bol\u00edvia, dia 9 de outubro, na Arena do Corinthians, &hellip;","og_url":"https:\/\/portalnpm.com\/index.php\/2020\/09\/18\/muitas-surpresas-tite-divulga-convocados-da-selecao-brasileira-confira-a-lista\/","og_site_name":"Portal NPM","article_published_time":"2020-09-18T19:14:14+00:00","og_image":[{"width":480,"height":320,"url":"https:\/\/portalnpm.com\/wp-content\/uploads\/2024\/01\/https___wp-images.onefootball.com_wp-content_uploads_sites_13_2020_09_EiNEzHAXcAA0hRJ-1000x667-1.jpeg","type":"image\/jpeg"}],"author":"Genival Barbosa","twitter_card":"summary_large_image","twitter_misc":{"Escrito por":"Genival Barbosa","Est. tempo de leitura":"1 minuto"},"schema":{"@context":"https:\/\/schema.org","@graph":[{"@type":"WebPage","@id":"https:\/\/portalnpm.com\/index.php\/2020\/09\/18\/muitas-surpresas-tite-divulga-convocados-da-selecao-brasileira-confira-a-lista\/","url":"https:\/\/portalnpm.com\/index.php\/2020\/09\/18\/muitas-surpresas-tite-divulga-convocados-da-selecao-brasileira-confira-a-lista\/","name":"Muitas surpresas! Tite divulga convocados da Sele\u00e7\u00e3o Brasileira; confira a lista!","isPartOf":{"@id":"https:\/\/portalnpm.com\/#website"},"primaryImageOfPage":{"@id":"https:\/\/portalnpm.com\/index.php\/2020\/09\/18\/muitas-surpresas-tite-divulga-convocados-da-selecao-brasileira-confira-a-lista\/#primaryimage"},"image":{"@id":"https:\/\/portalnpm.com\/index.php\/2020\/09\/18\/muitas-surpresas-tite-divulga-convocados-da-selecao-brasileira-confira-a-lista\/#primaryimage"},"thumbnailUrl":"https:\/\/portalnpm.com\/wp-content\/uploads\/2024\/01\/https___wp-images.onefootball.com_wp-content_uploads_sites_13_2020_09_EiNEzHAXcAA0hRJ-1000x667-1.jpeg","datePublished":"2020-09-18T19:14:14+00:00","dateModified":"2020-09-18T19:14:14+00:00","author":{"@id":"https:\/\/portalnpm.com\/#\/schema\/person\/49313e563cfdefcc167f1ee4c017c294"},"breadcrumb":{"@id":"https:\/\/portalnpm.com\/index.php\/2020\/09\/18\/muitas-surpresas-tite-divulga-convocados-da-selecao-brasileira-confira-a-lista\/#breadcrumb"},"inLanguage":"pt-BR","potentialAction":[{"@type":"ReadAction","target":["https:\/\/portalnpm.com\/index.php\/2020\/09\/18\/muitas-surpresas-tite-divulga-convocados-da-selecao-brasileira-confira-a-lista\/"]}]},{"@type":"ImageObject","inLanguage":"pt-BR","@id":"https:\/\/portalnpm.com\/index.php\/2020\/09\/18\/muitas-surpresas-tite-divulga-convocados-da-selecao-brasileira-confira-a-lista\/#primaryimage","url":"https:\/\/portalnpm.com\/wp-content\/uploads\/2024\/01\/https___wp-images.onefootball.com_wp-content_uploads_sites_13_2020_09_EiNEzHAXcAA0hRJ-1000x667-1.jpeg","contentUrl":"https:\/\/portalnpm.com\/wp-content\/uploads\/2024\/01\/https___wp-images.onefootball.com_wp-content_uploads_sites_13_2020_09_EiNEzHAXcAA0hRJ-1000x667-1.jpeg","width":480,"height":320},{"@type":"BreadcrumbList","@id":"https:\/\/portalnpm.com\/index.php\/2020\/09\/18\/muitas-surpresas-tite-divulga-convocados-da-selecao-brasileira-confira-a-lista\/#breadcrumb","itemListElement":[{"@type":"ListItem","position":1,"name":"In\u00edcio","item":"https:\/\/portalnpm.com\/"},{"@type":"ListItem","position":2,"name":"Muitas surpresas! Tite divulga convocados da Sele\u00e7\u00e3o Brasileira; confira a lista!"}]},{"@type":"WebSite","@id":"https:\/\/portalnpm.com\/#website","url":"https:\/\/portalnpm.com\/","name":"Portal NPM","description":"Not\u00edcias em Primeira M\u00e3o","potentialAction":[{"@type":"SearchAction","target":{"@type":"EntryPoint","urlTemplate":"https:\/\/portalnpm.com\/?s={search_term_string}"},"query-input":"required name=search_term_string"}],"inLanguage":"pt-BR"},{"@type":"Person","@id":"https:\/\/portalnpm.com\/#\/schema\/person\/49313e563cfdefcc167f1ee4c017c294","name":"Genival Barbosa","image":{"@type":"ImageObject","inLanguage":"pt-BR","@id":"https:\/\/portalnpm.com\/#\/schema\/person\/image\/","url":"https:\/\/portalnpm.com\/wp-content\/uploads\/2024\/02\/avatar_user_2_1707743258-96x96.jpeg","contentUrl":"https:\/\/portalnpm.com\/wp-content\/uploads\/2024\/02\/avatar_user_2_1707743258-96x96.jpeg","caption":"Genival Barbosa"},"url":"https:\/\/portalnpm.com\/index.php\/author\/genival\/"}]}},"jetpack_sharing_enabled":true,"jetpack_featured_media_url":"https:\/\/portalnpm.com\/wp-content\/uploads\/2024\/01\/https___wp-images.onefootball.com_wp-content_uploads_sites_13_2020_09_EiNEzHAXcAA0hRJ-1000x667-1.jpeg","_links":{"self":[{"href":"https:\/\/portalnpm.com\/index.php\/wp-json\/wp\/v2\/posts\/57992"}],"collection":[{"href":"https:\/\/portalnpm.com\/index.php\/wp-json\/wp\/v2\/posts"}],"about":[{"href":"https:\/\/portalnpm.com\/index.php\/wp-json\/wp\/v2\/types\/post"}],"author":[{"embeddable":true,"href":"https:\/\/portalnpm.com\/index.php\/wp-json\/wp\/v2\/users\/2"}],"replies":[{"embeddable":true,"href":"https:\/\/portalnpm.com\/index.php\/wp-json\/wp\/v2\/comments?post=57992"}],"version-history":[{"count":0,"href":"https:\/\/portalnpm.com\/index.php\/wp-json\/wp\/v2\/posts\/57992\/revisions"}],"wp:featuredmedia":[{"embeddable":true,"href":"https:\/\/portalnpm.com\/index.php\/wp-json\/wp\/v2\/media\/57993"}],"wp:attachment":[{"href":"https:\/\/portalnpm.com\/index.php\/wp-json\/wp\/v2\/media?parent=57992"}],"wp:term":[{"taxonomy":"category","embeddable":true,"href":"https:\/\/portalnpm.com\/index.php\/wp-json\/wp\/v2\/categories?post=57992"},{"taxonomy":"post_tag","embeddable":true,"href":"https:\/\/portalnpm.com\/index.php\/wp-json\/wp\/v2\/tags?post=57992"}],"curies":[{"name":"wp","href":"https:\/\/api.w.org\/{rel}","templated":true}]}}