{"id":58106,"date":"2020-09-21T21:44:52","date_gmt":"2020-09-22T00:44:52","guid":{"rendered":"https:\/\/portalnpm.com\/index.php\/2020\/09\/21\/saojuliaoense-esta-entre-os-adolescentes-mais-promissores-do-piaui-segundo-site-da-capital\/"},"modified":"2024-01-15T21:21:39","modified_gmt":"2024-01-16T00:21:39","slug":"saojuliaoense-esta-entre-os-adolescentes-mais-promissores-do-piaui-segundo-site-da-capital","status":"publish","type":"post","link":"https:\/\/portalnpm.com\/index.php\/2020\/09\/21\/saojuliaoense-esta-entre-os-adolescentes-mais-promissores-do-piaui-segundo-site-da-capital\/","title":{"rendered":"S\u00e3ojuli\u00e3oense est\u00e1 entre os adolescentes mais promissores do Piau\u00ed, segundo site da capital"},"content":{"rendered":"<p><p style=\"text-align: justify;\">Carmo dos Santos Sousa, tem 18 anos e concluiu o ensino m&eacute;dio na Unidade Escolar Apr&iacute;gio Pereira Bezerra, escola da rede estadual de ensino de S&atilde;o Juli&atilde;o &#8211; PI.<\/p>\n<p style=\"text-align: justify;\">No in&iacute;cio desse ano, foi aprovado em tr&ecirc;s Universidades, sendo o primeiro colocado para o curso de Jornalismo na UESPI, nas vagas destinadas a alunos de escolas p&uacute;blicas.<\/p>\n<p style=\"text-align: justify;\">Al&eacute;m disso, em S&atilde;o Juli&atilde;o foi eleito tr&ecirc;s vezes consecutivas na premia&ccedil;&atilde;o Celebridades do Ano.<\/p>\n<p><img fetchpriority=\"high\" decoding=\"async\" class=\"alignnone size-full wp-image-26173\" src=\"https:\/\/portalnpm.com\/wp-content\/uploads\/2024\/01\/20-35-45-20200919-175341.jpg\" alt=\"\" width=\"1000\" height=\"592\"><\/p>\n<p style=\"text-align: justify;\">O Piau&iacute; &eacute; um verdadeiro celeiro de talentos. Muitas vezes sem apoio do poder p&uacute;blico, jovens se destacam pelo seu esfor&ccedil;o em diversas &aacute;reas, seja na m&uacute;sica, na moda, na educa&ccedil;&atilde;o, no humor, nos esportes, entre outras, e n&atilde;o faltam exemplos disso.<\/p>\n<p style=\"text-align: justify;\">Conforme o dicion&aacute;rio, promissor &eacute; todo aquele que tem grandes chances de ser bom, de ser bem-sucedido, gerando boas expectativas e que d&aacute; esperan&ccedil;as. &Eacute; nesse sentido que jovens e adolescentes de todo o Piau&iacute; despontam como destaques em suas comunidades, uma gera&ccedil;&atilde;o de l&iacute;deres que cativam pelas suas supera&ccedil;&otilde;es e conquistas.<\/p>\n<p style=\"text-align: justify;\">&Eacute; at&eacute; injusto fazer uma lista com esses jovens e adolescentes, pois muita, mas muita gente ficaria de fora, mas uma sele&ccedil;&atilde;o foi feita de 10 casos de talentos que despontaram, especialmente no &uacute;ltimo ano, confira:<\/p>\n<p style=\"text-align: justify;\"><strong>Awanny M&iacute;ria Soares de Sousa &ndash; 17 anos<\/strong><br \/>\nNatural de Barra D&#8217;Alc&acirc;ntara, com apenas 17 anos a atleta foi convocada para atuar na Sele&ccedil;&atilde;o Brasileira SUB-17 e &eacute; uma grande promessa para o futebol feminino nacional.<\/p>\n<div class=\"media js-img\" style=\"text-align: justify;\" contenteditable=\"false\">\n<figure><a class=\"imageRevael no-barba\" href=\"https:\/\/storage.stwonline.com.br\/180graus\/uploads\/ckeditor\/pictures\/2384174\/a1.jpg\" data-modaal-desc=\"\" data-modaal-scope=\"modaal_1600734707108028168f83b968\"><img decoding=\"async\" src=\"https:\/\/portalnpm.com\/wp-content\/uploads\/2018\/08\/carta1.jpg\" alt=\"\"><\/a><figcaption contenteditable=\"false\">&nbsp;&nbsp;<em class=\"fa fa-camera\">&nbsp;<\/em>&nbsp;<span class=\"photoBy\">Foto: Laura Zago\/CBF<\/span><\/figcaption><\/figure>\n<\/div>\n<p style=\"text-align: justify;\"><strong>Carmo dos Santos Sousa &#8211; 18 anos<\/strong><br \/>\nNatural de S&atilde;o Juli&atilde;o, o estudante venceu a 7&ordf; Edi&ccedil;&atilde;o do Concurso de V&iacute;deos Curtos da C&acirc;mara dos Deputados (Concurso lei Maria da Penha), representando a regi&atilde;o Nordeste. &Eacute; tamb&eacute;m embaixador do dia Internacional da Juventude no Piau&iacute;, movimento oriundo da Organiza&ccedil;&atilde;o das Na&ccedil;&otilde;es Unidas.<\/p>\n<div class=\"media js-img\" style=\"text-align: justify;\" contenteditable=\"false\">\n<figure><a class=\"imageRevael no-barba\" href=\"https:\/\/storage.stwonline.com.br\/180graus\/uploads\/ckeditor\/pictures\/2384175\/a2.jpg\" data-modaal-desc=\"\" data-modaal-scope=\"modaal_1600734707109154c81b6c4f1e\"><img decoding=\"async\" src=\"https:\/\/portalnpm.com\/wp-content\/uploads\/2018\/07\/ade7e7a1996738177aa9dca89d769ca2.jpg\" alt=\"\"><\/a><\/figure>\n<\/div>\n<p style=\"text-align: justify;\"><strong>C&aacute;ssia Coelho Rodrigues &#8211; 16 anos<\/strong><br \/>\nNascida em Paulistana, a aluna do Instituto Federal do Piau&iacute; foi eleita parlamentar juvenil &nbsp;do Mercosul, representando o Piau&iacute; (2018-2020). Programa que &eacute; do Minist&eacute;rio da Educa&ccedil;&atilde;o em parceria com o Mercosul.<\/p>\n<div class=\"media js-img\" style=\"text-align: justify;\" contenteditable=\"false\">\n<figure><a class=\"imageRevael no-barba\" href=\"https:\/\/storage.stwonline.com.br\/180graus\/uploads\/ckeditor\/pictures\/2384176\/a3.jpg\" data-modaal-desc=\"\" data-modaal-scope=\"modaal_1600734707110292d6a7dc111a\"><img decoding=\"async\" src=\"https:\/\/portalnpm.com\/wp-content\/uploads\/2018\/08\/carta3.jpg\" alt=\"\"><\/a><\/figure>\n<\/div>\n<p style=\"text-align: justify;\"><strong>Ednaldo de Sousa &#8211; 18 anos<\/strong><br \/>\nNatural de Paulistana, o aluno de fam&iacute;lia humilde conquistou Medalha de Ouro na Ol&iacute;mpiada Brasileira de Agropecu&aacute;ria e brilhou em T&oacute;quio, capital do Jap&atilde;o, representando o Piau&iacute;.<\/p>\n<div class=\"media js-img\" style=\"text-align: justify;\" contenteditable=\"false\">\n<figure><a class=\"imageRevael no-barba\" href=\"https:\/\/storage.stwonline.com.br\/180graus\/uploads\/ckeditor\/pictures\/2384177\/a4.jpg\" data-modaal-desc=\"\" data-modaal-scope=\"modaal_16007347071104696d4f5ee42\"><img decoding=\"async\" src=\"https:\/\/portalnpm.com\/wp-content\/uploads\/2018\/08\/carta4.jpg\" alt=\"\"><\/a><\/figure>\n<\/div>\n<p style=\"text-align: justify;\"><strong>Felipe Silva &ndash; 16 anos<\/strong><br \/>\nO judoca teresinense de apenas 16 anos, atingiu em agosto a lideran&ccedil;a do ranking nacional sub-18 da categoria meio-pesado (at&eacute; 90kg). Felipe Silva &eacute; tamb&eacute;m o atual campe&atilde;o do Meeting Nacional de Bases sub-18, realizado em fevereiro deste ano. Com o resultado, o atleta conseguiu uma vaga na sele&ccedil;&atilde;o brasileira de jud&ocirc;.<\/p>\n<div class=\"media js-img\" style=\"text-align: justify;\" contenteditable=\"false\">\n<figure><a class=\"imageRevael no-barba\" href=\"https:\/\/storage.stwonline.com.br\/180graus\/uploads\/ckeditor\/pictures\/2384178\/a5.jpg\" data-modaal-desc=\"\" data-modaal-scope=\"modaal_1600734707110e169eb1da4c4b\"><img decoding=\"async\" src=\"https:\/\/portalnpm.com\/wp-content\/uploads\/2018\/07\/chapa5.jpg\" alt=\"\"><\/a><\/figure>\n<\/div>\n<p style=\"text-align: justify;\"><strong>Jackson Moura &ndash; 19 anos<\/strong><br \/>\nO picoense virou destaque nas redes sociais com v&iacute;deos bem-humorados, onde aborda os problemas cotidianos de uma fam&iacute;lia de baixa renda. Atualmente possui 1,3 milh&otilde;es de seguidores nas redes sociais e &eacute; agenciado pela mesma empresa que gerencia as carreiras dos humoristas Whindersson Nunes e Tirulipa.<\/p>\n<div class=\"media js-img\" style=\"text-align: justify;\" contenteditable=\"false\">\n<figure><a class=\"imageRevael no-barba\" href=\"https:\/\/storage.stwonline.com.br\/180graus\/uploads\/ckeditor\/pictures\/2384181\/a6.jpg\" data-modaal-desc=\"\" data-modaal-scope=\"modaal_16007347071105bf359f8186ba\"><img decoding=\"async\" src=\"https:\/\/portalnpm.com\/wp-content\/uploads\/2018\/08\/e7d7d8a7790dd253def800cab6e37da6.jpg\" alt=\"\"><\/a><\/figure>\n<\/div>\n<p style=\"text-align: justify;\"><strong>Lucas de Oliveira Santos &ndash; 19 anos<\/strong><br \/>\nFilho de lavradores da zona rural do munic&iacute;pio de Paje&uacute; do Piau&iacute;, o estudante ganhou medalha na Olimp&iacute;ada Brasileira de F&iacute;sica (OBF) e na Olimp&iacute;ada Brasileira de Matem&aacute;tica (OBM). Conquistou tamb&eacute;m o primeiro lugar em medicina, pelo sistema de cotas, na Universidade Federal do Piau&iacute; (UFPI).<\/p>\n<div class=\"media js-img\" style=\"text-align: justify;\" contenteditable=\"false\">\n<figure><a class=\"imageRevael no-barba\" href=\"https:\/\/storage.stwonline.com.br\/180graus\/uploads\/ckeditor\/pictures\/2384182\/a7.jpg\" data-modaal-desc=\"\" data-modaal-scope=\"modaal_1600734707112fbde7c8289267\"><img decoding=\"async\" src=\"https:\/\/portalnpm.com\/wp-content\/uploads\/2024\/01\/ba06f77a7f2ed95d1b6c8c3b8ebffe82ac36c3a7.jpg\" alt=\"\"><\/a><\/figure>\n<\/div>\n<p style=\"text-align: justify;\"><strong>Lu&iacute;s F&aacute;bio da Cruz Rodrigues &nbsp;&ndash; 19 anos<\/strong><br \/>\nNatural de Teresina, o atleta conquistou a medalha de prata no Campeonato Sul-americano sub-20 de atletismo, disputado no est&aacute;dio Pedro Grajales, na cidade de C&aacute;li, na Col&ocirc;mbia.<\/p>\n<div class=\"media js-img\" style=\"text-align: justify;\" contenteditable=\"false\">\n<figure><a class=\"imageRevael no-barba\" href=\"https:\/\/storage.stwonline.com.br\/180graus\/uploads\/ckeditor\/pictures\/2384184\/a8.jpg\" data-modaal-desc=\"\" data-modaal-scope=\"modaal_1600734707112ef64889e93fb9\"><img decoding=\"async\" src=\"https:\/\/portalnpm.com\/wp-content\/uploads\/2018\/08\/bb1f0eb9-4012-4e3c-b411-518a3b2a83a8.jpg\" alt=\"\"><\/a><figcaption contenteditable=\"false\">&nbsp;&nbsp;<em class=\"fa fa-camera\">&nbsp;<\/em>&nbsp;<span class=\"photoBy\">Fotos: reprodu&ccedil;&atilde;o, Liz Nobrega\/FNA e Wagner Carmo\/CBAt<\/span><\/figcaption><\/figure>\n<\/div>\n<p style=\"text-align: justify;\"><strong>Natielly Rocha &#8211; 13 anos<\/strong><br \/>\nA mais nova dessa seleta lista &eacute; a cantora Natielly Rocha, natural de Inhuma-PI. Ficou conhecida ao participar do programa &ldquo;The Voice Kids&rdquo; da TV Globo e integrar o time da dupla Simone &amp; Sim&aacute;ria.<\/p>\n<div class=\"media js-img\" style=\"text-align: justify;\" contenteditable=\"false\">\n<figure><a class=\"imageRevael no-barba\" href=\"https:\/\/storage.stwonline.com.br\/180graus\/uploads\/ckeditor\/pictures\/2384187\/a9.jpg\" data-modaal-desc=\"\" data-modaal-scope=\"modaal_16007347071128fed5f36af429\"><img decoding=\"async\" src=\"https:\/\/portalnpm.com\/wp-content\/uploads\/2024\/01\/FA-IMG-eb08d78227b5dd6678a9.jpg\" alt=\"\"><\/a><\/figure>\n<\/div>\n<p style=\"text-align: justify;\"><strong>Yasmin de Carvalho &ndash; 17 anos<\/strong><br \/>\nA estudante de Bel&eacute;m do Piau&iacute; foi uma das jovens senadoras selecionadas pelo Senado Federal em 2019. Produzindo a melhor reda&ccedil;&atilde;o do estado, representou o Piau&iacute;&nbsp;por uma semana no Congresso Federal, em Bras&iacute;lia.<\/p>\n<div class=\"media js-img\" contenteditable=\"false\">\n<figure><a class=\"imageRevael no-barba\" href=\"https:\/\/storage.stwonline.com.br\/180graus\/uploads\/ckeditor\/pictures\/2384189\/a10.jpg\" data-modaal-desc=\"\" data-modaal-scope=\"modaal_1600734707112d2d62364bf895\"><img decoding=\"async\" src=\"https:\/\/portalnpm.com\/wp-content\/uploads\/2024\/01\/a10.jpg\" alt=\"\"><\/a><\/figure>\n<\/div>\n<p><strong><em>Da reda&ccedil;&atilde;o do Portal NPM, com informa&ccedil;&otilde;es do 180 graus<\/em><\/strong><\/p>\n","protected":false},"excerpt":{"rendered":"<p>Carmo dos Santos Sousa, tem 18 anos e concluiu o ensino m&eacute;dio na Unidade Escolar Apr&iacute;gio Pereira Bezerra, escola da rede estadual de ensino de S&atilde;o Juli&atilde;o &#8211; PI. No in&iacute;cio desse ano, foi aprovado em tr&ecirc;s Universidades, sendo o primeiro colocado para o curso de Jornalismo na UESPI, nas vagas destinadas a alunos de &hellip;<\/p>\n","protected":false},"author":3,"featured_media":58107,"comment_status":"open","ping_status":"open","sticky":false,"template":"","format":"standard","meta":{"content-type":"","rop_custom_images_group":[],"rop_custom_messages_group":[],"rop_publish_now":"initial","rop_publish_now_accounts":{"facebook_2648258775420054_1618374048415101":""},"rop_publish_now_history":[],"rop_publish_now_status":"pending","footnotes":"","_jetpack_memberships_contains_paid_content":false},"categories":[113,109,136],"tags":[722,187,6624,137],"yoast_head":"<!-- This site is optimized with the Yoast SEO plugin v22.3 - https:\/\/yoast.com\/wordpress\/plugins\/seo\/ -->\n<title>S\u00e3ojuli\u00e3oense est\u00e1 entre os adolescentes mais promissores do Piau\u00ed, segundo site da capital<\/title>\n<meta name=\"robots\" content=\"index, follow, max-snippet:-1, max-image-preview:large, max-video-preview:-1\" \/>\n<link rel=\"canonical\" href=\"https:\/\/portalnpm.com\/index.php\/2020\/09\/21\/saojuliaoense-esta-entre-os-adolescentes-mais-promissores-do-piaui-segundo-site-da-capital\/\" \/>\n<meta property=\"og:locale\" content=\"pt_BR\" \/>\n<meta property=\"og:type\" content=\"article\" \/>\n<meta property=\"og:title\" content=\"S\u00e3ojuli\u00e3oense est\u00e1 entre os adolescentes mais promissores do Piau\u00ed, segundo site da capital\" \/>\n<meta property=\"og:description\" content=\"Carmo dos Santos Sousa, tem 18 anos e concluiu o ensino m&eacute;dio na Unidade Escolar Apr&iacute;gio Pereira Bezerra, escola da rede estadual de ensino de S&atilde;o Juli&atilde;o &#8211; PI. No in&iacute;cio desse ano, foi aprovado em tr&ecirc;s Universidades, sendo o primeiro colocado para o curso de Jornalismo na UESPI, nas vagas destinadas a alunos de &hellip;\" \/>\n<meta property=\"og:url\" content=\"https:\/\/portalnpm.com\/index.php\/2020\/09\/21\/saojuliaoense-esta-entre-os-adolescentes-mais-promissores-do-piaui-segundo-site-da-capital\/\" \/>\n<meta property=\"og:site_name\" content=\"Portal NPM\" \/>\n<meta property=\"article:published_time\" content=\"2020-09-22T00:44:52+00:00\" \/>\n<meta property=\"article:modified_time\" content=\"2024-01-16T00:21:39+00:00\" \/>\n<meta property=\"og:image\" content=\"https:\/\/portalnpm.com\/wp-content\/uploads\/2024\/01\/IMG-20200921-WA0713.jpg\" \/>\n\t<meta property=\"og:image:width\" content=\"1280\" \/>\n\t<meta property=\"og:image:height\" content=\"813\" \/>\n\t<meta property=\"og:image:type\" content=\"image\/jpeg\" \/>\n<meta name=\"author\" content=\"Luis Alberto\" \/>\n<meta name=\"twitter:card\" content=\"summary_large_image\" \/>\n<meta name=\"twitter:label1\" content=\"Escrito por\" \/>\n\t<meta name=\"twitter:data1\" content=\"Luis Alberto\" \/>\n\t<meta name=\"twitter:label2\" content=\"Est. tempo de leitura\" \/>\n\t<meta name=\"twitter:data2\" content=\"4 minutos\" \/>\n<script type=\"application\/ld+json\" class=\"yoast-schema-graph\">{\"@context\":\"https:\/\/schema.org\",\"@graph\":[{\"@type\":\"WebPage\",\"@id\":\"https:\/\/portalnpm.com\/index.php\/2020\/09\/21\/saojuliaoense-esta-entre-os-adolescentes-mais-promissores-do-piaui-segundo-site-da-capital\/\",\"url\":\"https:\/\/portalnpm.com\/index.php\/2020\/09\/21\/saojuliaoense-esta-entre-os-adolescentes-mais-promissores-do-piaui-segundo-site-da-capital\/\",\"name\":\"S\u00e3ojuli\u00e3oense est\u00e1 entre os adolescentes mais promissores do Piau\u00ed, segundo site da capital\",\"isPartOf\":{\"@id\":\"https:\/\/portalnpm.com\/#website\"},\"primaryImageOfPage\":{\"@id\":\"https:\/\/portalnpm.com\/index.php\/2020\/09\/21\/saojuliaoense-esta-entre-os-adolescentes-mais-promissores-do-piaui-segundo-site-da-capital\/#primaryimage\"},\"image\":{\"@id\":\"https:\/\/portalnpm.com\/index.php\/2020\/09\/21\/saojuliaoense-esta-entre-os-adolescentes-mais-promissores-do-piaui-segundo-site-da-capital\/#primaryimage\"},\"thumbnailUrl\":\"https:\/\/portalnpm.com\/wp-content\/uploads\/2024\/01\/IMG-20200921-WA0713.jpg\",\"datePublished\":\"2020-09-22T00:44:52+00:00\",\"dateModified\":\"2024-01-16T00:21:39+00:00\",\"author\":{\"@id\":\"https:\/\/portalnpm.com\/#\/schema\/person\/5c8006acdf71774cd4e7a5ab98482152\"},\"breadcrumb\":{\"@id\":\"https:\/\/portalnpm.com\/index.php\/2020\/09\/21\/saojuliaoense-esta-entre-os-adolescentes-mais-promissores-do-piaui-segundo-site-da-capital\/#breadcrumb\"},\"inLanguage\":\"pt-BR\",\"potentialAction\":[{\"@type\":\"ReadAction\",\"target\":[\"https:\/\/portalnpm.com\/index.php\/2020\/09\/21\/saojuliaoense-esta-entre-os-adolescentes-mais-promissores-do-piaui-segundo-site-da-capital\/\"]}]},{\"@type\":\"ImageObject\",\"inLanguage\":\"pt-BR\",\"@id\":\"https:\/\/portalnpm.com\/index.php\/2020\/09\/21\/saojuliaoense-esta-entre-os-adolescentes-mais-promissores-do-piaui-segundo-site-da-capital\/#primaryimage\",\"url\":\"https:\/\/portalnpm.com\/wp-content\/uploads\/2024\/01\/IMG-20200921-WA0713.jpg\",\"contentUrl\":\"https:\/\/portalnpm.com\/wp-content\/uploads\/2024\/01\/IMG-20200921-WA0713.jpg\",\"width\":1280,\"height\":813},{\"@type\":\"BreadcrumbList\",\"@id\":\"https:\/\/portalnpm.com\/index.php\/2020\/09\/21\/saojuliaoense-esta-entre-os-adolescentes-mais-promissores-do-piaui-segundo-site-da-capital\/#breadcrumb\",\"itemListElement\":[{\"@type\":\"ListItem\",\"position\":1,\"name\":\"In\u00edcio\",\"item\":\"https:\/\/portalnpm.com\/\"},{\"@type\":\"ListItem\",\"position\":2,\"name\":\"S\u00e3ojuli\u00e3oense est\u00e1 entre os adolescentes mais promissores do Piau\u00ed, segundo site da capital\"}]},{\"@type\":\"WebSite\",\"@id\":\"https:\/\/portalnpm.com\/#website\",\"url\":\"https:\/\/portalnpm.com\/\",\"name\":\"Portal NPM\",\"description\":\"Not\u00edcias em Primeira M\u00e3o\",\"potentialAction\":[{\"@type\":\"SearchAction\",\"target\":{\"@type\":\"EntryPoint\",\"urlTemplate\":\"https:\/\/portalnpm.com\/?s={search_term_string}\"},\"query-input\":\"required name=search_term_string\"}],\"inLanguage\":\"pt-BR\"},{\"@type\":\"Person\",\"@id\":\"https:\/\/portalnpm.com\/#\/schema\/person\/5c8006acdf71774cd4e7a5ab98482152\",\"name\":\"Luis Alberto\",\"image\":{\"@type\":\"ImageObject\",\"inLanguage\":\"pt-BR\",\"@id\":\"https:\/\/portalnpm.com\/#\/schema\/person\/image\/\",\"url\":\"https:\/\/portalnpm.com\/wp-content\/uploads\/2024\/12\/avatar_user_3_1734699769-96x96.jpeg\",\"contentUrl\":\"https:\/\/portalnpm.com\/wp-content\/uploads\/2024\/12\/avatar_user_3_1734699769-96x96.jpeg\",\"caption\":\"Luis Alberto\"},\"description\":\"Editor-geral do Portal NPM, \u00e9 formado como T\u00e9cnico em Seguran\u00e7a do Trabalho pela Escola Metropolitana de Cursos T\u00e9cnicos. Det\u00e9m ainda licenciatura em Educa\u00e7\u00e3o F\u00edsica e bacharelado em Ci\u00eancias Pol\u00edticas, ambos obtidos pela institui\u00e7\u00e3o Anhanguera\/UNOPAR.\",\"url\":\"https:\/\/portalnpm.com\/index.php\/author\/pereira\/\"}]}<\/script>\n<!-- \/ Yoast SEO plugin. -->","yoast_head_json":{"title":"S\u00e3ojuli\u00e3oense est\u00e1 entre os adolescentes mais promissores do Piau\u00ed, segundo site da capital","robots":{"index":"index","follow":"follow","max-snippet":"max-snippet:-1","max-image-preview":"max-image-preview:large","max-video-preview":"max-video-preview:-1"},"canonical":"https:\/\/portalnpm.com\/index.php\/2020\/09\/21\/saojuliaoense-esta-entre-os-adolescentes-mais-promissores-do-piaui-segundo-site-da-capital\/","og_locale":"pt_BR","og_type":"article","og_title":"S\u00e3ojuli\u00e3oense est\u00e1 entre os adolescentes mais promissores do Piau\u00ed, segundo site da capital","og_description":"Carmo dos Santos Sousa, tem 18 anos e concluiu o ensino m&eacute;dio na Unidade Escolar Apr&iacute;gio Pereira Bezerra, escola da rede estadual de ensino de S&atilde;o Juli&atilde;o &#8211; PI. No in&iacute;cio desse ano, foi aprovado em tr&ecirc;s Universidades, sendo o primeiro colocado para o curso de Jornalismo na UESPI, nas vagas destinadas a alunos de &hellip;","og_url":"https:\/\/portalnpm.com\/index.php\/2020\/09\/21\/saojuliaoense-esta-entre-os-adolescentes-mais-promissores-do-piaui-segundo-site-da-capital\/","og_site_name":"Portal NPM","article_published_time":"2020-09-22T00:44:52+00:00","article_modified_time":"2024-01-16T00:21:39+00:00","og_image":[{"width":1280,"height":813,"url":"https:\/\/portalnpm.com\/wp-content\/uploads\/2024\/01\/IMG-20200921-WA0713.jpg","type":"image\/jpeg"}],"author":"Luis Alberto","twitter_card":"summary_large_image","twitter_misc":{"Escrito por":"Luis Alberto","Est. tempo de leitura":"4 minutos"},"schema":{"@context":"https:\/\/schema.org","@graph":[{"@type":"WebPage","@id":"https:\/\/portalnpm.com\/index.php\/2020\/09\/21\/saojuliaoense-esta-entre-os-adolescentes-mais-promissores-do-piaui-segundo-site-da-capital\/","url":"https:\/\/portalnpm.com\/index.php\/2020\/09\/21\/saojuliaoense-esta-entre-os-adolescentes-mais-promissores-do-piaui-segundo-site-da-capital\/","name":"S\u00e3ojuli\u00e3oense est\u00e1 entre os adolescentes mais promissores do Piau\u00ed, segundo site da capital","isPartOf":{"@id":"https:\/\/portalnpm.com\/#website"},"primaryImageOfPage":{"@id":"https:\/\/portalnpm.com\/index.php\/2020\/09\/21\/saojuliaoense-esta-entre-os-adolescentes-mais-promissores-do-piaui-segundo-site-da-capital\/#primaryimage"},"image":{"@id":"https:\/\/portalnpm.com\/index.php\/2020\/09\/21\/saojuliaoense-esta-entre-os-adolescentes-mais-promissores-do-piaui-segundo-site-da-capital\/#primaryimage"},"thumbnailUrl":"https:\/\/portalnpm.com\/wp-content\/uploads\/2024\/01\/IMG-20200921-WA0713.jpg","datePublished":"2020-09-22T00:44:52+00:00","dateModified":"2024-01-16T00:21:39+00:00","author":{"@id":"https:\/\/portalnpm.com\/#\/schema\/person\/5c8006acdf71774cd4e7a5ab98482152"},"breadcrumb":{"@id":"https:\/\/portalnpm.com\/index.php\/2020\/09\/21\/saojuliaoense-esta-entre-os-adolescentes-mais-promissores-do-piaui-segundo-site-da-capital\/#breadcrumb"},"inLanguage":"pt-BR","potentialAction":[{"@type":"ReadAction","target":["https:\/\/portalnpm.com\/index.php\/2020\/09\/21\/saojuliaoense-esta-entre-os-adolescentes-mais-promissores-do-piaui-segundo-site-da-capital\/"]}]},{"@type":"ImageObject","inLanguage":"pt-BR","@id":"https:\/\/portalnpm.com\/index.php\/2020\/09\/21\/saojuliaoense-esta-entre-os-adolescentes-mais-promissores-do-piaui-segundo-site-da-capital\/#primaryimage","url":"https:\/\/portalnpm.com\/wp-content\/uploads\/2024\/01\/IMG-20200921-WA0713.jpg","contentUrl":"https:\/\/portalnpm.com\/wp-content\/uploads\/2024\/01\/IMG-20200921-WA0713.jpg","width":1280,"height":813},{"@type":"BreadcrumbList","@id":"https:\/\/portalnpm.com\/index.php\/2020\/09\/21\/saojuliaoense-esta-entre-os-adolescentes-mais-promissores-do-piaui-segundo-site-da-capital\/#breadcrumb","itemListElement":[{"@type":"ListItem","position":1,"name":"In\u00edcio","item":"https:\/\/portalnpm.com\/"},{"@type":"ListItem","position":2,"name":"S\u00e3ojuli\u00e3oense est\u00e1 entre os adolescentes mais promissores do Piau\u00ed, segundo site da capital"}]},{"@type":"WebSite","@id":"https:\/\/portalnpm.com\/#website","url":"https:\/\/portalnpm.com\/","name":"Portal NPM","description":"Not\u00edcias em Primeira M\u00e3o","potentialAction":[{"@type":"SearchAction","target":{"@type":"EntryPoint","urlTemplate":"https:\/\/portalnpm.com\/?s={search_term_string}"},"query-input":"required name=search_term_string"}],"inLanguage":"pt-BR"},{"@type":"Person","@id":"https:\/\/portalnpm.com\/#\/schema\/person\/5c8006acdf71774cd4e7a5ab98482152","name":"Luis Alberto","image":{"@type":"ImageObject","inLanguage":"pt-BR","@id":"https:\/\/portalnpm.com\/#\/schema\/person\/image\/","url":"https:\/\/portalnpm.com\/wp-content\/uploads\/2024\/12\/avatar_user_3_1734699769-96x96.jpeg","contentUrl":"https:\/\/portalnpm.com\/wp-content\/uploads\/2024\/12\/avatar_user_3_1734699769-96x96.jpeg","caption":"Luis Alberto"},"description":"Editor-geral do Portal NPM, \u00e9 formado como T\u00e9cnico em Seguran\u00e7a do Trabalho pela Escola Metropolitana de Cursos T\u00e9cnicos. Det\u00e9m ainda licenciatura em Educa\u00e7\u00e3o F\u00edsica e bacharelado em Ci\u00eancias Pol\u00edticas, ambos obtidos pela institui\u00e7\u00e3o Anhanguera\/UNOPAR.","url":"https:\/\/portalnpm.com\/index.php\/author\/pereira\/"}]}},"jetpack_sharing_enabled":true,"jetpack_featured_media_url":"https:\/\/portalnpm.com\/wp-content\/uploads\/2024\/01\/IMG-20200921-WA0713.jpg","_links":{"self":[{"href":"https:\/\/portalnpm.com\/index.php\/wp-json\/wp\/v2\/posts\/58106"}],"collection":[{"href":"https:\/\/portalnpm.com\/index.php\/wp-json\/wp\/v2\/posts"}],"about":[{"href":"https:\/\/portalnpm.com\/index.php\/wp-json\/wp\/v2\/types\/post"}],"author":[{"embeddable":true,"href":"https:\/\/portalnpm.com\/index.php\/wp-json\/wp\/v2\/users\/3"}],"replies":[{"embeddable":true,"href":"https:\/\/portalnpm.com\/index.php\/wp-json\/wp\/v2\/comments?post=58106"}],"version-history":[{"count":1,"href":"https:\/\/portalnpm.com\/index.php\/wp-json\/wp\/v2\/posts\/58106\/revisions"}],"predecessor-version":[{"id":58116,"href":"https:\/\/portalnpm.com\/index.php\/wp-json\/wp\/v2\/posts\/58106\/revisions\/58116"}],"wp:featuredmedia":[{"embeddable":true,"href":"https:\/\/portalnpm.com\/index.php\/wp-json\/wp\/v2\/media\/58107"}],"wp:attachment":[{"href":"https:\/\/portalnpm.com\/index.php\/wp-json\/wp\/v2\/media?parent=58106"}],"wp:term":[{"taxonomy":"category","embeddable":true,"href":"https:\/\/portalnpm.com\/index.php\/wp-json\/wp\/v2\/categories?post=58106"},{"taxonomy":"post_tag","embeddable":true,"href":"https:\/\/portalnpm.com\/index.php\/wp-json\/wp\/v2\/tags?post=58106"}],"curies":[{"name":"wp","href":"https:\/\/api.w.org\/{rel}","templated":true}]}}