{"id":58161,"date":"2020-09-25T17:27:31","date_gmt":"2020-09-25T20:27:31","guid":{"rendered":"https:\/\/portalnpm.com\/index.php\/2020\/09\/25\/fim-de-uma-era-empresa-duralex-vai-a-falencia-apos-75-anos-no-mercado\/"},"modified":"2024-01-15T21:22:21","modified_gmt":"2024-01-16T00:22:21","slug":"fim-de-uma-era-empresa-duralex-vai-a-falencia-apos-75-anos-no-mercado","status":"publish","type":"post","link":"https:\/\/portalnpm.com\/index.php\/2020\/09\/25\/fim-de-uma-era-empresa-duralex-vai-a-falencia-apos-75-anos-no-mercado\/","title":{"rendered":"Fim de uma era: empresa Duralex vai \u00e0 fal\u00eancia ap\u00f3s 75 anos no mercado"},"content":{"rendered":"<p><p style=\"text-align: justify;\">A empresa francesa Duralex, cujas lou&ccedil;as robustas s&atilde;o um cl&aacute;ssico em muitas fam&iacute;lias, faliu. Segundo a imprensa francesa, a empresa est&aacute; em processo de administra&ccedil;&atilde;o judicial (semelhante &agrave; fal&ecirc;ncia) desde a &uacute;ltima quarta-feira.<\/p>\n<p style=\"text-align: justify;\">\n<p style=\"text-align: justify;\">\n<p style=\"text-align: justify;\">Duralex enfrenta problemas financeiros desde 2017, quando inaugurou um novo forno com o qual teve que relan&ccedil;ar sua produ&ccedil;&atilde;o e, no entanto, foi obrigada a reduzi-la por um ano devido ao mau funcionamento da nova instala&ccedil;&atilde;o.<\/p>\n<p style=\"text-align: justify;\">No entanto, de acordo com a gest&atilde;o da Duralex, a causa final &eacute; a crise do coronav&iacute;rus. &ldquo;Perdemos cerca de 60% do volume de neg&oacute;cios com a quebra das exporta&ccedil;&otilde;es, que representam 80% da nossa actividade&rdquo;, disse o presidente da empresa, Antoine Ioannid&egrave;s, em declara&ccedil;&otilde;es ao jornal Le Monde . O executivo acrescentou que os 248 funcion&aacute;rios continuam recebendo seu sal&aacute;rio, j&aacute; que a f&aacute;brica continua funcionando.<\/p>\n<p style=\"text-align: justify;\">Com sede em La Chapelle-Saint-Mesmin (centro da Fran&ccedil;a), a empresa tem mais de 75 anos de hist&oacute;ria em que n&atilde;o ficou imune a problemas financeiros. Embora a f&aacute;brica original fosse mais antiga, a marca Duralex foi criada em 1945, ano do fim da Segunda Guerra Mundial, pelo grupo industrial Saint-Gobain.<\/p>\n<p style=\"text-align: justify;\">Nos anos sessenta e setenta viveria o seu per&iacute;odo de esplendor (esses s&atilde;o os anos a que, tamb&eacute;m em Espanha, est&atilde;o associados os seus copos e pratos que pareciam inquebr&aacute;veis) e chegaria &agrave;s m&atilde;os do mesmo propriet&aacute;rio at&eacute; 1997. Depois, com mais de 1.000 empregados, foi vendida a um grupo italiano que em 2005 iria alienar o neg&oacute;cio a favor de um empres&aacute;rio turco. Dois anos depois, a segunda f&aacute;brica da empresa na Fran&ccedil;a, criada no apogeu e empregando mais de 100 pessoas, teve que fechar.<\/p>\n<figure id=\"attachment_26254\" aria-describedby=\"caption-attachment-26254\" style=\"width: 768px\" class=\"wp-caption alignnone\"><img fetchpriority=\"high\" decoding=\"async\" class=\"size-full wp-image-26254\" src=\"https:\/\/portalnpm.com\/wp-content\/uploads\/2024\/01\/f1d4aa02-24c0-41e1-baef-84a08871c2a3-abd54725-134a-4d0f-a1ac-c54b0ae114d5.jpg\" alt=\"\" width=\"768\" height=\"547\"><figcaption id=\"caption-attachment-26254\" class=\"wp-caption-text\">Conjunto de lou&ccedil;as Duralex (Imagem: Divulga&ccedil;&atilde;o)<\/figcaption><\/figure>\n<p style=\"text-align: justify;\">Em 2008, acossada por d&iacute;vidas, a Duralex entrou em processo de liquida&ccedil;&atilde;o judicial e foi ent&atilde;o que a atual administra&ccedil;&atilde;o assumiu o controle com a ideia de reflot&aacute;-la. Na &eacute;poca, tinha 260 funcion&aacute;rios. Durante uma d&eacute;cada, a marcha pareceu endireitar-se e em 2017 inaugurou um novo forno, que veio substituir o antigo, com um investimento que atingiu os oito milh&otilde;es de euros.<\/p>\n<p style=\"text-align: justify;\">Mas a d&iacute;vida, os problemas iniciais da nova unidade, que impediram a produ&ccedil;&atilde;o dos n&iacute;veis esperados por um ano, e finalmente a queda nas vendas provocada pela pandemia, colocaram mais uma vez a Duralex em s&eacute;rias dificuldades. Tutelada pelo Tribunal Comercial de Orleans, a empresa agora inicia um per&iacute;odo de seis meses de observa&ccedil;&atilde;o que ser&aacute; fundamental para apurar se, como a lenda que acompanha seus produtos.<\/p>\n<p style=\"text-align: justify;\">Via Meio Norte<\/p><\/p>\n","protected":false},"excerpt":{"rendered":"<p>A empresa francesa Duralex, cujas lou&ccedil;as robustas s&atilde;o um cl&aacute;ssico em muitas fam&iacute;lias, faliu. Segundo a imprensa francesa, a empresa est&aacute; em processo de administra&ccedil;&atilde;o judicial (semelhante &agrave; fal&ecirc;ncia) desde a &uacute;ltima quarta-feira. Duralex enfrenta problemas financeiros desde 2017, quando inaugurou um novo forno com o qual teve que relan&ccedil;ar sua produ&ccedil;&atilde;o e, no entanto, &hellip;<\/p>\n","protected":false},"author":2,"featured_media":58162,"comment_status":"open","ping_status":"open","sticky":false,"template":"","format":"standard","meta":{"content-type":"","rop_custom_images_group":[],"rop_custom_messages_group":[],"rop_publish_now":"initial","rop_publish_now_accounts":{"facebook_2648258775420054_1618374048415101":""},"rop_publish_now_history":[],"rop_publish_now_status":"pending","footnotes":"","_jetpack_memberships_contains_paid_content":false},"categories":[113],"tags":[6687,6688,6689,6690],"yoast_head":"<!-- This site is optimized with the Yoast SEO plugin v22.3 - https:\/\/yoast.com\/wordpress\/plugins\/seo\/ -->\n<title>Fim de uma era: empresa Duralex vai \u00e0 fal\u00eancia ap\u00f3s 75 anos no mercado<\/title>\n<meta name=\"robots\" content=\"index, follow, max-snippet:-1, max-image-preview:large, max-video-preview:-1\" \/>\n<link rel=\"canonical\" href=\"https:\/\/portalnpm.com\/index.php\/2020\/09\/25\/fim-de-uma-era-empresa-duralex-vai-a-falencia-apos-75-anos-no-mercado\/\" \/>\n<meta property=\"og:locale\" content=\"pt_BR\" \/>\n<meta property=\"og:type\" content=\"article\" \/>\n<meta property=\"og:title\" content=\"Fim de uma era: empresa Duralex vai \u00e0 fal\u00eancia ap\u00f3s 75 anos no mercado\" \/>\n<meta property=\"og:description\" content=\"A empresa francesa Duralex, cujas lou&ccedil;as robustas s&atilde;o um cl&aacute;ssico em muitas fam&iacute;lias, faliu. Segundo a imprensa francesa, a empresa est&aacute; em processo de administra&ccedil;&atilde;o judicial (semelhante &agrave; fal&ecirc;ncia) desde a &uacute;ltima quarta-feira. Duralex enfrenta problemas financeiros desde 2017, quando inaugurou um novo forno com o qual teve que relan&ccedil;ar sua produ&ccedil;&atilde;o e, no entanto, &hellip;\" \/>\n<meta property=\"og:url\" content=\"https:\/\/portalnpm.com\/index.php\/2020\/09\/25\/fim-de-uma-era-empresa-duralex-vai-a-falencia-apos-75-anos-no-mercado\/\" \/>\n<meta property=\"og:site_name\" content=\"Portal NPM\" \/>\n<meta property=\"article:published_time\" content=\"2020-09-25T20:27:31+00:00\" \/>\n<meta property=\"article:modified_time\" content=\"2024-01-16T00:22:21+00:00\" \/>\n<meta property=\"og:image\" content=\"https:\/\/portalnpm.com\/wp-content\/uploads\/2024\/01\/c2679cb2-8a3c-4dd6-b425-f82d0d868f1c-8d582b42-5d69-4cd0-94a9-2c9318092314.jpg\" \/>\n\t<meta property=\"og:image:width\" content=\"1200\" \/>\n\t<meta property=\"og:image:height\" content=\"674\" \/>\n\t<meta property=\"og:image:type\" content=\"image\/jpeg\" \/>\n<meta name=\"author\" content=\"Genival Barbosa\" \/>\n<meta name=\"twitter:card\" content=\"summary_large_image\" \/>\n<meta name=\"twitter:label1\" content=\"Escrito por\" \/>\n\t<meta name=\"twitter:data1\" content=\"Genival Barbosa\" \/>\n\t<meta name=\"twitter:label2\" content=\"Est. tempo de leitura\" \/>\n\t<meta name=\"twitter:data2\" content=\"3 minutos\" \/>\n<script type=\"application\/ld+json\" class=\"yoast-schema-graph\">{\"@context\":\"https:\/\/schema.org\",\"@graph\":[{\"@type\":\"WebPage\",\"@id\":\"https:\/\/portalnpm.com\/index.php\/2020\/09\/25\/fim-de-uma-era-empresa-duralex-vai-a-falencia-apos-75-anos-no-mercado\/\",\"url\":\"https:\/\/portalnpm.com\/index.php\/2020\/09\/25\/fim-de-uma-era-empresa-duralex-vai-a-falencia-apos-75-anos-no-mercado\/\",\"name\":\"Fim de uma era: empresa Duralex vai \u00e0 fal\u00eancia ap\u00f3s 75 anos no mercado\",\"isPartOf\":{\"@id\":\"https:\/\/portalnpm.com\/#website\"},\"primaryImageOfPage\":{\"@id\":\"https:\/\/portalnpm.com\/index.php\/2020\/09\/25\/fim-de-uma-era-empresa-duralex-vai-a-falencia-apos-75-anos-no-mercado\/#primaryimage\"},\"image\":{\"@id\":\"https:\/\/portalnpm.com\/index.php\/2020\/09\/25\/fim-de-uma-era-empresa-duralex-vai-a-falencia-apos-75-anos-no-mercado\/#primaryimage\"},\"thumbnailUrl\":\"https:\/\/portalnpm.com\/wp-content\/uploads\/2024\/01\/c2679cb2-8a3c-4dd6-b425-f82d0d868f1c-8d582b42-5d69-4cd0-94a9-2c9318092314.jpg\",\"datePublished\":\"2020-09-25T20:27:31+00:00\",\"dateModified\":\"2024-01-16T00:22:21+00:00\",\"author\":{\"@id\":\"https:\/\/portalnpm.com\/#\/schema\/person\/49313e563cfdefcc167f1ee4c017c294\"},\"breadcrumb\":{\"@id\":\"https:\/\/portalnpm.com\/index.php\/2020\/09\/25\/fim-de-uma-era-empresa-duralex-vai-a-falencia-apos-75-anos-no-mercado\/#breadcrumb\"},\"inLanguage\":\"pt-BR\",\"potentialAction\":[{\"@type\":\"ReadAction\",\"target\":[\"https:\/\/portalnpm.com\/index.php\/2020\/09\/25\/fim-de-uma-era-empresa-duralex-vai-a-falencia-apos-75-anos-no-mercado\/\"]}]},{\"@type\":\"ImageObject\",\"inLanguage\":\"pt-BR\",\"@id\":\"https:\/\/portalnpm.com\/index.php\/2020\/09\/25\/fim-de-uma-era-empresa-duralex-vai-a-falencia-apos-75-anos-no-mercado\/#primaryimage\",\"url\":\"https:\/\/portalnpm.com\/wp-content\/uploads\/2024\/01\/c2679cb2-8a3c-4dd6-b425-f82d0d868f1c-8d582b42-5d69-4cd0-94a9-2c9318092314.jpg\",\"contentUrl\":\"https:\/\/portalnpm.com\/wp-content\/uploads\/2024\/01\/c2679cb2-8a3c-4dd6-b425-f82d0d868f1c-8d582b42-5d69-4cd0-94a9-2c9318092314.jpg\",\"width\":1200,\"height\":674},{\"@type\":\"BreadcrumbList\",\"@id\":\"https:\/\/portalnpm.com\/index.php\/2020\/09\/25\/fim-de-uma-era-empresa-duralex-vai-a-falencia-apos-75-anos-no-mercado\/#breadcrumb\",\"itemListElement\":[{\"@type\":\"ListItem\",\"position\":1,\"name\":\"In\u00edcio\",\"item\":\"https:\/\/portalnpm.com\/\"},{\"@type\":\"ListItem\",\"position\":2,\"name\":\"Fim de uma era: empresa Duralex vai \u00e0 fal\u00eancia ap\u00f3s 75 anos no mercado\"}]},{\"@type\":\"WebSite\",\"@id\":\"https:\/\/portalnpm.com\/#website\",\"url\":\"https:\/\/portalnpm.com\/\",\"name\":\"Portal NPM\",\"description\":\"Not\u00edcias em Primeira M\u00e3o\",\"potentialAction\":[{\"@type\":\"SearchAction\",\"target\":{\"@type\":\"EntryPoint\",\"urlTemplate\":\"https:\/\/portalnpm.com\/?s={search_term_string}\"},\"query-input\":\"required name=search_term_string\"}],\"inLanguage\":\"pt-BR\"},{\"@type\":\"Person\",\"@id\":\"https:\/\/portalnpm.com\/#\/schema\/person\/49313e563cfdefcc167f1ee4c017c294\",\"name\":\"Genival Barbosa\",\"image\":{\"@type\":\"ImageObject\",\"inLanguage\":\"pt-BR\",\"@id\":\"https:\/\/portalnpm.com\/#\/schema\/person\/image\/\",\"url\":\"https:\/\/portalnpm.com\/wp-content\/uploads\/2024\/02\/avatar_user_2_1707743258-96x96.jpeg\",\"contentUrl\":\"https:\/\/portalnpm.com\/wp-content\/uploads\/2024\/02\/avatar_user_2_1707743258-96x96.jpeg\",\"caption\":\"Genival Barbosa\"},\"url\":\"https:\/\/portalnpm.com\/index.php\/author\/genival\/\"}]}<\/script>\n<!-- \/ Yoast SEO plugin. -->","yoast_head_json":{"title":"Fim de uma era: empresa Duralex vai \u00e0 fal\u00eancia ap\u00f3s 75 anos no mercado","robots":{"index":"index","follow":"follow","max-snippet":"max-snippet:-1","max-image-preview":"max-image-preview:large","max-video-preview":"max-video-preview:-1"},"canonical":"https:\/\/portalnpm.com\/index.php\/2020\/09\/25\/fim-de-uma-era-empresa-duralex-vai-a-falencia-apos-75-anos-no-mercado\/","og_locale":"pt_BR","og_type":"article","og_title":"Fim de uma era: empresa Duralex vai \u00e0 fal\u00eancia ap\u00f3s 75 anos no mercado","og_description":"A empresa francesa Duralex, cujas lou&ccedil;as robustas s&atilde;o um cl&aacute;ssico em muitas fam&iacute;lias, faliu. Segundo a imprensa francesa, a empresa est&aacute; em processo de administra&ccedil;&atilde;o judicial (semelhante &agrave; fal&ecirc;ncia) desde a &uacute;ltima quarta-feira. Duralex enfrenta problemas financeiros desde 2017, quando inaugurou um novo forno com o qual teve que relan&ccedil;ar sua produ&ccedil;&atilde;o e, no entanto, &hellip;","og_url":"https:\/\/portalnpm.com\/index.php\/2020\/09\/25\/fim-de-uma-era-empresa-duralex-vai-a-falencia-apos-75-anos-no-mercado\/","og_site_name":"Portal NPM","article_published_time":"2020-09-25T20:27:31+00:00","article_modified_time":"2024-01-16T00:22:21+00:00","og_image":[{"width":1200,"height":674,"url":"https:\/\/portalnpm.com\/wp-content\/uploads\/2024\/01\/c2679cb2-8a3c-4dd6-b425-f82d0d868f1c-8d582b42-5d69-4cd0-94a9-2c9318092314.jpg","type":"image\/jpeg"}],"author":"Genival Barbosa","twitter_card":"summary_large_image","twitter_misc":{"Escrito por":"Genival Barbosa","Est. tempo de leitura":"3 minutos"},"schema":{"@context":"https:\/\/schema.org","@graph":[{"@type":"WebPage","@id":"https:\/\/portalnpm.com\/index.php\/2020\/09\/25\/fim-de-uma-era-empresa-duralex-vai-a-falencia-apos-75-anos-no-mercado\/","url":"https:\/\/portalnpm.com\/index.php\/2020\/09\/25\/fim-de-uma-era-empresa-duralex-vai-a-falencia-apos-75-anos-no-mercado\/","name":"Fim de uma era: empresa Duralex vai \u00e0 fal\u00eancia ap\u00f3s 75 anos no mercado","isPartOf":{"@id":"https:\/\/portalnpm.com\/#website"},"primaryImageOfPage":{"@id":"https:\/\/portalnpm.com\/index.php\/2020\/09\/25\/fim-de-uma-era-empresa-duralex-vai-a-falencia-apos-75-anos-no-mercado\/#primaryimage"},"image":{"@id":"https:\/\/portalnpm.com\/index.php\/2020\/09\/25\/fim-de-uma-era-empresa-duralex-vai-a-falencia-apos-75-anos-no-mercado\/#primaryimage"},"thumbnailUrl":"https:\/\/portalnpm.com\/wp-content\/uploads\/2024\/01\/c2679cb2-8a3c-4dd6-b425-f82d0d868f1c-8d582b42-5d69-4cd0-94a9-2c9318092314.jpg","datePublished":"2020-09-25T20:27:31+00:00","dateModified":"2024-01-16T00:22:21+00:00","author":{"@id":"https:\/\/portalnpm.com\/#\/schema\/person\/49313e563cfdefcc167f1ee4c017c294"},"breadcrumb":{"@id":"https:\/\/portalnpm.com\/index.php\/2020\/09\/25\/fim-de-uma-era-empresa-duralex-vai-a-falencia-apos-75-anos-no-mercado\/#breadcrumb"},"inLanguage":"pt-BR","potentialAction":[{"@type":"ReadAction","target":["https:\/\/portalnpm.com\/index.php\/2020\/09\/25\/fim-de-uma-era-empresa-duralex-vai-a-falencia-apos-75-anos-no-mercado\/"]}]},{"@type":"ImageObject","inLanguage":"pt-BR","@id":"https:\/\/portalnpm.com\/index.php\/2020\/09\/25\/fim-de-uma-era-empresa-duralex-vai-a-falencia-apos-75-anos-no-mercado\/#primaryimage","url":"https:\/\/portalnpm.com\/wp-content\/uploads\/2024\/01\/c2679cb2-8a3c-4dd6-b425-f82d0d868f1c-8d582b42-5d69-4cd0-94a9-2c9318092314.jpg","contentUrl":"https:\/\/portalnpm.com\/wp-content\/uploads\/2024\/01\/c2679cb2-8a3c-4dd6-b425-f82d0d868f1c-8d582b42-5d69-4cd0-94a9-2c9318092314.jpg","width":1200,"height":674},{"@type":"BreadcrumbList","@id":"https:\/\/portalnpm.com\/index.php\/2020\/09\/25\/fim-de-uma-era-empresa-duralex-vai-a-falencia-apos-75-anos-no-mercado\/#breadcrumb","itemListElement":[{"@type":"ListItem","position":1,"name":"In\u00edcio","item":"https:\/\/portalnpm.com\/"},{"@type":"ListItem","position":2,"name":"Fim de uma era: empresa Duralex vai \u00e0 fal\u00eancia ap\u00f3s 75 anos no mercado"}]},{"@type":"WebSite","@id":"https:\/\/portalnpm.com\/#website","url":"https:\/\/portalnpm.com\/","name":"Portal NPM","description":"Not\u00edcias em Primeira M\u00e3o","potentialAction":[{"@type":"SearchAction","target":{"@type":"EntryPoint","urlTemplate":"https:\/\/portalnpm.com\/?s={search_term_string}"},"query-input":"required name=search_term_string"}],"inLanguage":"pt-BR"},{"@type":"Person","@id":"https:\/\/portalnpm.com\/#\/schema\/person\/49313e563cfdefcc167f1ee4c017c294","name":"Genival Barbosa","image":{"@type":"ImageObject","inLanguage":"pt-BR","@id":"https:\/\/portalnpm.com\/#\/schema\/person\/image\/","url":"https:\/\/portalnpm.com\/wp-content\/uploads\/2024\/02\/avatar_user_2_1707743258-96x96.jpeg","contentUrl":"https:\/\/portalnpm.com\/wp-content\/uploads\/2024\/02\/avatar_user_2_1707743258-96x96.jpeg","caption":"Genival Barbosa"},"url":"https:\/\/portalnpm.com\/index.php\/author\/genival\/"}]}},"jetpack_sharing_enabled":true,"jetpack_featured_media_url":"https:\/\/portalnpm.com\/wp-content\/uploads\/2024\/01\/c2679cb2-8a3c-4dd6-b425-f82d0d868f1c-8d582b42-5d69-4cd0-94a9-2c9318092314.jpg","_links":{"self":[{"href":"https:\/\/portalnpm.com\/index.php\/wp-json\/wp\/v2\/posts\/58161"}],"collection":[{"href":"https:\/\/portalnpm.com\/index.php\/wp-json\/wp\/v2\/posts"}],"about":[{"href":"https:\/\/portalnpm.com\/index.php\/wp-json\/wp\/v2\/types\/post"}],"author":[{"embeddable":true,"href":"https:\/\/portalnpm.com\/index.php\/wp-json\/wp\/v2\/users\/2"}],"replies":[{"embeddable":true,"href":"https:\/\/portalnpm.com\/index.php\/wp-json\/wp\/v2\/comments?post=58161"}],"version-history":[{"count":1,"href":"https:\/\/portalnpm.com\/index.php\/wp-json\/wp\/v2\/posts\/58161\/revisions"}],"predecessor-version":[{"id":58167,"href":"https:\/\/portalnpm.com\/index.php\/wp-json\/wp\/v2\/posts\/58161\/revisions\/58167"}],"wp:featuredmedia":[{"embeddable":true,"href":"https:\/\/portalnpm.com\/index.php\/wp-json\/wp\/v2\/media\/58162"}],"wp:attachment":[{"href":"https:\/\/portalnpm.com\/index.php\/wp-json\/wp\/v2\/media?parent=58161"}],"wp:term":[{"taxonomy":"category","embeddable":true,"href":"https:\/\/portalnpm.com\/index.php\/wp-json\/wp\/v2\/categories?post=58161"},{"taxonomy":"post_tag","embeddable":true,"href":"https:\/\/portalnpm.com\/index.php\/wp-json\/wp\/v2\/tags?post=58161"}],"curies":[{"name":"wp","href":"https:\/\/api.w.org\/{rel}","templated":true}]}}