{"id":5820,"date":"2019-02-24T17:20:28","date_gmt":"2019-02-24T20:20:28","guid":{"rendered":"http:\/\/srv.portalnpm.com.br\/?p=5820"},"modified":"2019-02-24T17:20:28","modified_gmt":"2019-02-24T20:20:28","slug":"picos-pi-oposicao-a-padre-walmir-se-reune-e-traca-estrategias-para-enfrentar-o-candidato-governista-na-eleicao-do-proximo-ano","status":"publish","type":"post","link":"https:\/\/portalnpm.com\/index.php\/2019\/02\/24\/picos-pi-oposicao-a-padre-walmir-se-reune-e-traca-estrategias-para-enfrentar-o-candidato-governista-na-eleicao-do-proximo-ano\/","title":{"rendered":"PICOS-PI | Oposi\u00e7\u00e3o a Padre Walmir se re\u00fane e tra\u00e7a estrat\u00e9gias para enfrentar o candidato governista na elei\u00e7\u00e3o do pr\u00f3ximo ano"},"content":{"rendered":"<p style=\"text-align: justify;\">Faltando mais de um ano para as conven\u00e7\u00f5es partid\u00e1rias, de acordo com a legisla\u00e7\u00e3o vigente, agremia\u00e7\u00f5es partid\u00e1rias que fazem oposi\u00e7\u00e3o ao governo do prefeito de Picos, Padre Walmir Lima (PT), come\u00e7aram a se articular para lan\u00e7ar a chapa que ir\u00e1 enfrentar a candidatura palaciana.<\/p>\n<p style=\"text-align: justify;\">Com esse objetivo, um almo\u00e7o regado a muitas cr\u00edticas \u00e0 gest\u00e3o petista, aconteceu nesta sexta-feira (22) no restaurante do Picos Hotel. O encontro foi articulado pelo vereador Francisco das Chagas Sousa, o Chaguinha (PTB), e contou com a presen\u00e7a de pol\u00edticos, empres\u00e1rios e profissionais liberais. De acordo com o petebista, de in\u00edcio, a discuss\u00e3o se dar\u00e1 em torno dos problemas da cidade. \u201cEstamos aqui para discutir os problemas e apresentar solu\u00e7\u00f5es para eles. \u00c9 claro que com isso tamb\u00e9m vamos fazer o debate pol\u00edtico\u201d, declarou.<\/p>\n<figure id=\"attachment_5822\" aria-describedby=\"caption-attachment-5822\" style=\"width: 300px\" class=\"wp-caption alignnone\"><img fetchpriority=\"high\" decoding=\"async\" class=\"size-medium wp-image-5822\" src=\"http:\/\/portalnpm.com.br\/wp-content\/uploads\/2019\/02\/DSC_0014-300x200.jpg\" alt=\"\" width=\"300\" height=\"200\" \/><figcaption id=\"caption-attachment-5822\" class=\"wp-caption-text\">Vereador Chaguinha<\/figcaption><\/figure>\n<p style=\"text-align: justify;\">O empres\u00e1rio J\u00fanior Nobre (PSC) demostrou alegria em ter sido convidado para o evento, mas ressaltou a import\u00e2ncia de apresentar uma nova proposta ao povo picoense. \u201cTodos aqui estamos pensando no bem de Picos e precisamos adotar uma nova forma de fazer pol\u00edtica onde o povo possa participar\u201d, pontuou.<\/p>\n<figure id=\"attachment_5823\" aria-describedby=\"caption-attachment-5823\" style=\"width: 300px\" class=\"wp-caption alignnone\"><img decoding=\"async\" class=\"size-medium wp-image-5823\" src=\"http:\/\/portalnpm.com.br\/wp-content\/uploads\/2019\/02\/DSC_0030-1-300x200.jpg\" alt=\"\" width=\"300\" height=\"200\" \/><figcaption id=\"caption-attachment-5823\" class=\"wp-caption-text\">J\u00fanior Nobre<\/figcaption><\/figure>\n<p style=\"text-align: justify;\">Ex-secret\u00e1rio de Meio Ambiente na gest\u00e3o do petista, o advogado Glauber Silva (PCdoB), classifica o mandat\u00e1rio como perseguidor. \u201cComo todos sabem, fiz parte da primeira administra\u00e7\u00e3o do atual prefeito e dentro das limita\u00e7\u00f5es, fiz o poss\u00edvel, mas t\u00e3o logo passei a n\u00e3o concordar com algumas pr\u00e1ticas e come\u00e7aram a me tratar de forma diferente. E agora mais recente me desliguei do PCdoB, passei a ser perseguido, a ordem \u00e9 \u2018foi ligado a Glauber, \u00e9 rua\u2019\u201d, desabafou.<\/p>\n<figure id=\"attachment_5824\" aria-describedby=\"caption-attachment-5824\" style=\"width: 300px\" class=\"wp-caption alignnone\"><img decoding=\"async\" class=\"size-medium wp-image-5824\" src=\"http:\/\/portalnpm.com.br\/wp-content\/uploads\/2019\/02\/DSC_0031-1-300x200.jpg\" alt=\"\" width=\"300\" height=\"200\" \/><figcaption id=\"caption-attachment-5824\" class=\"wp-caption-text\">Glauber Silva<\/figcaption><\/figure>\n<p style=\"text-align: justify;\">Outro que tamb\u00e9m governou com o Padre Walmir, na pasta de Obras, foi Gutemberg Rocha (PSDB), ele criticou o modelo de gest\u00e3o de seu ex-chefe. \u201c\u00c9 praticamente imposs\u00edvel desenvolver um bom trabalho quando se tem uma pessoa limitada \u00e0 frente da gest\u00e3o\u201d, afirmou.<\/p>\n<figure id=\"attachment_5825\" aria-describedby=\"caption-attachment-5825\" style=\"width: 300px\" class=\"wp-caption alignnone\"><img loading=\"lazy\" decoding=\"async\" class=\"size-medium wp-image-5825\" src=\"http:\/\/portalnpm.com.br\/wp-content\/uploads\/2019\/02\/DSC_0041-300x200.jpg\" alt=\"\" width=\"300\" height=\"200\" \/><figcaption id=\"caption-attachment-5825\" class=\"wp-caption-text\">Gutemberg Rocha<\/figcaption><\/figure>\n<p style=\"text-align: justify;\">O deputado Nerinho exaltou a heterogeneidade do grupo e demonstrou confian\u00e7a nas lideran\u00e7as presentes. \u201cEm primeiro lugar vale ressaltar que \u00e9 um grupo heterog\u00eaneo e nele temos dois ex-prefeitos que conduziram por exatas duas d\u00e9cadas os destinos desse munic\u00edpio, ent\u00e3o experi\u00eancia n\u00e3o vai faltar\u201d, lembrou.<\/p>\n<figure id=\"attachment_5826\" aria-describedby=\"caption-attachment-5826\" style=\"width: 300px\" class=\"wp-caption alignnone\"><img loading=\"lazy\" decoding=\"async\" class=\"size-medium wp-image-5826\" src=\"http:\/\/portalnpm.com.br\/wp-content\/uploads\/2019\/02\/DSC_0047-2-300x200.jpg\" alt=\"\" width=\"300\" height=\"200\" \/><figcaption id=\"caption-attachment-5826\" class=\"wp-caption-text\">Deputado Estadual Nerinho<\/figcaption><\/figure>\n<p style=\"text-align: justify;\">O ex-prefeito Gil Paraibano (Progressistas) agradeceu o convite e elencou os in\u00fameros preju\u00edzos que, segundo ele, a cidade vem tendo por falta de planejamento na administra\u00e7\u00e3o. \u201c\u00c9 uma pena cidades como Oeiras e Floriano, por exemplo, avan\u00e7arem em diversas \u00e1reas como sa\u00fade, educa\u00e7\u00e3o, mobilidade urbana, e Picos ficando para tr\u00e1s\u201d, ressaltou Paraibano.<\/p>\n<figure id=\"attachment_5827\" aria-describedby=\"caption-attachment-5827\" style=\"width: 300px\" class=\"wp-caption alignnone\"><img loading=\"lazy\" decoding=\"async\" class=\"size-medium wp-image-5827\" src=\"http:\/\/portalnpm.com.br\/wp-content\/uploads\/2019\/02\/DSC_0051-300x200.jpg\" alt=\"\" width=\"300\" height=\"200\" \/><figcaption id=\"caption-attachment-5827\" class=\"wp-caption-text\">Gil Paraibano tamb\u00e9m esteve presente<\/figcaption><\/figure>\n<p style=\"text-align: justify;\">O atual vice-prefeito, Edilson Carvalho (PTB), reconheceu a import\u00e2ncia de a oposi\u00e7\u00e3o come\u00e7ar a se articular visando o pleito vindouro e classificou a alian\u00e7a feita na elei\u00e7\u00e3o passada como o maior erro em sua trajet\u00f3ria pol\u00edtica. \u201cTenho certeza que erramos, mas acho que reconhecemos a tempo e com certeza vamos corrigir derrotando essa gente que est\u00e1 a\u00ed\u201d, disse Carvalho.<\/p>\n<p style=\"text-align: justify;\">Quem tamb\u00e9m se pronunciou foi o empres\u00e1rio Get\u00falio Carvalho, ele, inclusive, anunciou que n\u00e3o concorrer\u00e1 a cargo eletivo no ano que vem. \u201cEstou aqui para contribuir com o grupo, n\u00e3o seria candidato, por\u00e9m estou disposto a me empenhar pelo nome que for apontado por esse grupo\u201d, explicou o empres\u00e1rio.<\/p>\n<figure id=\"attachment_5828\" aria-describedby=\"caption-attachment-5828\" style=\"width: 300px\" class=\"wp-caption alignnone\"><img loading=\"lazy\" decoding=\"async\" class=\"size-medium wp-image-5828\" src=\"http:\/\/portalnpm.com.br\/wp-content\/uploads\/2019\/02\/DSC_0034-1-300x200.jpg\" alt=\"\" width=\"300\" height=\"200\" \/><figcaption id=\"caption-attachment-5828\" class=\"wp-caption-text\">Get\u00falio Carvalho<\/figcaption><\/figure>\n<p style=\"text-align: justify;\">Quem fechou o momento de fala foi o ex-prefeito Z\u00e9 Neri (PTB), que demostrando muita m\u00e1goa para com o prefeito, disse que o Padre Walmir carrega no peito o sentimento do \u00f3dio e rancor. \u201cEsse prefeito nem para a igreja serve mais. Ele \u00e9 na verdade um tirano perseguidor dos pobres, dos humildes, at\u00e9 mesmo a igreja da qual ele surgiu para a pol\u00edtica j\u00e1 reconheceu isso\u201d, argumentou Jos\u00e9 Neri.<\/p>\n<figure id=\"attachment_5829\" aria-describedby=\"caption-attachment-5829\" style=\"width: 300px\" class=\"wp-caption alignnone\"><img loading=\"lazy\" decoding=\"async\" class=\"size-medium wp-image-5829\" src=\"http:\/\/portalnpm.com.br\/wp-content\/uploads\/2019\/02\/DSC_0076-300x200.jpg\" alt=\"\" width=\"300\" height=\"200\" \/><figcaption id=\"caption-attachment-5829\" class=\"wp-caption-text\">Jos\u00e9 Neri<\/figcaption><\/figure>\n<p style=\"text-align: justify;\">O romeiro ainda recorreu \u00e0 b\u00edblia sagrada para alfinetar mais ainda o prefeito, e disse que ir\u00e1 fazer como fez o profeta Jo\u00e3o Batista, que pregava que as pessoas precisavam se arrepender de seus pecados para serem perdoadas. Neri anunciou que sair\u00e1 de comunidade em comunidade pedindo ao povo para pedir perd\u00e3o por terem votado no Padre Walmir e denunciando o que ele definiu como desmandos.<\/p>\n<p style=\"text-align: justify;\">Al\u00e9m destes, prestigiaram o encontro os suplentes de vereador Severino Luz (PDT), Pedro Pio (Progressistas); vereadores Ded\u00e9 Monteiro (PSL), Dalva Moc\u00f3 (PTB), Mat\u00e9 (PSL), Toinho de Chic\u00e1 (Progressistas), Irm\u00e3o Z\u00e9 Lu\u00eds (PTB); o empres\u00e1rio Zomim, o advogado Mark Neiva e o farmac\u00eautico Danilo Guimar\u00e3es.<\/p>\n<p style=\"text-align: justify;\"><img loading=\"lazy\" decoding=\"async\" class=\"alignnone size-medium wp-image-5830\" src=\"http:\/\/portalnpm.com.br\/wp-content\/uploads\/2019\/02\/DSC_0001-2-300x200.jpg\" alt=\"\" width=\"300\" height=\"200\" \/><\/p>\n<p style=\"text-align: justify;\"><strong>Fonte: Grande Picos\u00a0<\/strong><\/p>\n","protected":false},"excerpt":{"rendered":"<p>Faltando mais de um ano para as conven\u00e7\u00f5es partid\u00e1rias, de acordo com a legisla\u00e7\u00e3o vigente, agremia\u00e7\u00f5es partid\u00e1rias que fazem oposi\u00e7\u00e3o ao governo do prefeito de Picos, Padre Walmir Lima (PT), come\u00e7aram a se articular para lan\u00e7ar a chapa que ir\u00e1 enfrentar a candidatura palaciana. Com esse objetivo, um almo\u00e7o regado a muitas cr\u00edticas \u00e0 gest\u00e3o &hellip;<\/p>\n","protected":false},"author":3,"featured_media":5821,"comment_status":"open","ping_status":"open","sticky":false,"template":"","format":"standard","meta":{"content-type":"","rop_custom_images_group":[],"rop_custom_messages_group":[],"rop_publish_now":"initial","rop_publish_now_accounts":{"facebook_2648258775420054_1618374048415101":""},"rop_publish_now_history":[],"rop_publish_now_status":"pending","footnotes":"","_jetpack_memberships_contains_paid_content":false},"categories":[113,109,127],"tags":[1450,2271,176,134],"yoast_head":"<!-- This site is optimized with the Yoast SEO plugin v22.3 - https:\/\/yoast.com\/wordpress\/plugins\/seo\/ -->\n<title>PICOS-PI | Oposi\u00e7\u00e3o a Padre Walmir se re\u00fane e tra\u00e7a estrat\u00e9gias para enfrentar o candidato governista na elei\u00e7\u00e3o do pr\u00f3ximo ano - Portal NPM<\/title>\n<meta name=\"robots\" content=\"index, follow, max-snippet:-1, max-image-preview:large, max-video-preview:-1\" \/>\n<link rel=\"canonical\" href=\"https:\/\/portalnpm.com\/index.php\/2019\/02\/24\/picos-pi-oposicao-a-padre-walmir-se-reune-e-traca-estrategias-para-enfrentar-o-candidato-governista-na-eleicao-do-proximo-ano\/\" \/>\n<meta property=\"og:locale\" content=\"pt_BR\" \/>\n<meta property=\"og:type\" content=\"article\" \/>\n<meta property=\"og:title\" content=\"PICOS-PI | Oposi\u00e7\u00e3o a Padre Walmir se re\u00fane e tra\u00e7a estrat\u00e9gias para enfrentar o candidato governista na elei\u00e7\u00e3o do pr\u00f3ximo ano - Portal NPM\" \/>\n<meta property=\"og:description\" content=\"Faltando mais de um ano para as conven\u00e7\u00f5es partid\u00e1rias, de acordo com a legisla\u00e7\u00e3o vigente, agremia\u00e7\u00f5es partid\u00e1rias que fazem oposi\u00e7\u00e3o ao governo do prefeito de Picos, Padre Walmir Lima (PT), come\u00e7aram a se articular para lan\u00e7ar a chapa que ir\u00e1 enfrentar a candidatura palaciana. Com esse objetivo, um almo\u00e7o regado a muitas cr\u00edticas \u00e0 gest\u00e3o &hellip;\" \/>\n<meta property=\"og:url\" content=\"https:\/\/portalnpm.com\/index.php\/2019\/02\/24\/picos-pi-oposicao-a-padre-walmir-se-reune-e-traca-estrategias-para-enfrentar-o-candidato-governista-na-eleicao-do-proximo-ano\/\" \/>\n<meta property=\"og:site_name\" content=\"Portal NPM\" \/>\n<meta property=\"article:published_time\" content=\"2019-02-24T20:20:28+00:00\" \/>\n<meta name=\"author\" content=\"Luis Alberto\" \/>\n<meta name=\"twitter:card\" content=\"summary_large_image\" \/>\n<meta name=\"twitter:label1\" content=\"Escrito por\" \/>\n\t<meta name=\"twitter:data1\" content=\"Luis Alberto\" \/>\n\t<meta name=\"twitter:label2\" content=\"Est. tempo de leitura\" \/>\n\t<meta name=\"twitter:data2\" content=\"4 minutos\" \/>\n<script type=\"application\/ld+json\" class=\"yoast-schema-graph\">{\"@context\":\"https:\/\/schema.org\",\"@graph\":[{\"@type\":\"WebPage\",\"@id\":\"https:\/\/portalnpm.com\/index.php\/2019\/02\/24\/picos-pi-oposicao-a-padre-walmir-se-reune-e-traca-estrategias-para-enfrentar-o-candidato-governista-na-eleicao-do-proximo-ano\/\",\"url\":\"https:\/\/portalnpm.com\/index.php\/2019\/02\/24\/picos-pi-oposicao-a-padre-walmir-se-reune-e-traca-estrategias-para-enfrentar-o-candidato-governista-na-eleicao-do-proximo-ano\/\",\"name\":\"PICOS-PI | Oposi\u00e7\u00e3o a Padre Walmir se re\u00fane e tra\u00e7a estrat\u00e9gias para enfrentar o candidato governista na elei\u00e7\u00e3o do pr\u00f3ximo ano - Portal NPM\",\"isPartOf\":{\"@id\":\"https:\/\/portalnpm.com\/#website\"},\"primaryImageOfPage\":{\"@id\":\"https:\/\/portalnpm.com\/index.php\/2019\/02\/24\/picos-pi-oposicao-a-padre-walmir-se-reune-e-traca-estrategias-para-enfrentar-o-candidato-governista-na-eleicao-do-proximo-ano\/#primaryimage\"},\"image\":{\"@id\":\"https:\/\/portalnpm.com\/index.php\/2019\/02\/24\/picos-pi-oposicao-a-padre-walmir-se-reune-e-traca-estrategias-para-enfrentar-o-candidato-governista-na-eleicao-do-proximo-ano\/#primaryimage\"},\"thumbnailUrl\":\"\",\"datePublished\":\"2019-02-24T20:20:28+00:00\",\"dateModified\":\"2019-02-24T20:20:28+00:00\",\"author\":{\"@id\":\"https:\/\/portalnpm.com\/#\/schema\/person\/5c8006acdf71774cd4e7a5ab98482152\"},\"breadcrumb\":{\"@id\":\"https:\/\/portalnpm.com\/index.php\/2019\/02\/24\/picos-pi-oposicao-a-padre-walmir-se-reune-e-traca-estrategias-para-enfrentar-o-candidato-governista-na-eleicao-do-proximo-ano\/#breadcrumb\"},\"inLanguage\":\"pt-BR\",\"potentialAction\":[{\"@type\":\"ReadAction\",\"target\":[\"https:\/\/portalnpm.com\/index.php\/2019\/02\/24\/picos-pi-oposicao-a-padre-walmir-se-reune-e-traca-estrategias-para-enfrentar-o-candidato-governista-na-eleicao-do-proximo-ano\/\"]}]},{\"@type\":\"ImageObject\",\"inLanguage\":\"pt-BR\",\"@id\":\"https:\/\/portalnpm.com\/index.php\/2019\/02\/24\/picos-pi-oposicao-a-padre-walmir-se-reune-e-traca-estrategias-para-enfrentar-o-candidato-governista-na-eleicao-do-proximo-ano\/#primaryimage\",\"url\":\"\",\"contentUrl\":\"\"},{\"@type\":\"BreadcrumbList\",\"@id\":\"https:\/\/portalnpm.com\/index.php\/2019\/02\/24\/picos-pi-oposicao-a-padre-walmir-se-reune-e-traca-estrategias-para-enfrentar-o-candidato-governista-na-eleicao-do-proximo-ano\/#breadcrumb\",\"itemListElement\":[{\"@type\":\"ListItem\",\"position\":1,\"name\":\"In\u00edcio\",\"item\":\"https:\/\/portalnpm.com\/\"},{\"@type\":\"ListItem\",\"position\":2,\"name\":\"PICOS-PI | Oposi\u00e7\u00e3o a Padre Walmir se re\u00fane e tra\u00e7a estrat\u00e9gias para enfrentar o candidato governista na elei\u00e7\u00e3o do pr\u00f3ximo ano\"}]},{\"@type\":\"WebSite\",\"@id\":\"https:\/\/portalnpm.com\/#website\",\"url\":\"https:\/\/portalnpm.com\/\",\"name\":\"Portal NPM\",\"description\":\"Not\u00edcias em Primeira M\u00e3o\",\"potentialAction\":[{\"@type\":\"SearchAction\",\"target\":{\"@type\":\"EntryPoint\",\"urlTemplate\":\"https:\/\/portalnpm.com\/?s={search_term_string}\"},\"query-input\":\"required name=search_term_string\"}],\"inLanguage\":\"pt-BR\"},{\"@type\":\"Person\",\"@id\":\"https:\/\/portalnpm.com\/#\/schema\/person\/5c8006acdf71774cd4e7a5ab98482152\",\"name\":\"Luis Alberto\",\"image\":{\"@type\":\"ImageObject\",\"inLanguage\":\"pt-BR\",\"@id\":\"https:\/\/portalnpm.com\/#\/schema\/person\/image\/\",\"url\":\"https:\/\/portalnpm.com\/wp-content\/uploads\/2024\/12\/avatar_user_3_1734699769-96x96.jpeg\",\"contentUrl\":\"https:\/\/portalnpm.com\/wp-content\/uploads\/2024\/12\/avatar_user_3_1734699769-96x96.jpeg\",\"caption\":\"Luis Alberto\"},\"description\":\"Editor-geral do Portal NPM, \u00e9 formado como T\u00e9cnico em Seguran\u00e7a do Trabalho pela Escola Metropolitana de Cursos T\u00e9cnicos. Det\u00e9m ainda licenciatura em Educa\u00e7\u00e3o F\u00edsica e bacharelado em Ci\u00eancias Pol\u00edticas, ambos obtidos pela institui\u00e7\u00e3o Anhanguera\/UNOPAR.\",\"url\":\"https:\/\/portalnpm.com\/index.php\/author\/pereira\/\"}]}<\/script>\n<!-- \/ Yoast SEO plugin. -->","yoast_head_json":{"title":"PICOS-PI | Oposi\u00e7\u00e3o a Padre Walmir se re\u00fane e tra\u00e7a estrat\u00e9gias para enfrentar o candidato governista na elei\u00e7\u00e3o do pr\u00f3ximo ano - Portal NPM","robots":{"index":"index","follow":"follow","max-snippet":"max-snippet:-1","max-image-preview":"max-image-preview:large","max-video-preview":"max-video-preview:-1"},"canonical":"https:\/\/portalnpm.com\/index.php\/2019\/02\/24\/picos-pi-oposicao-a-padre-walmir-se-reune-e-traca-estrategias-para-enfrentar-o-candidato-governista-na-eleicao-do-proximo-ano\/","og_locale":"pt_BR","og_type":"article","og_title":"PICOS-PI | Oposi\u00e7\u00e3o a Padre Walmir se re\u00fane e tra\u00e7a estrat\u00e9gias para enfrentar o candidato governista na elei\u00e7\u00e3o do pr\u00f3ximo ano - Portal NPM","og_description":"Faltando mais de um ano para as conven\u00e7\u00f5es partid\u00e1rias, de acordo com a legisla\u00e7\u00e3o vigente, agremia\u00e7\u00f5es partid\u00e1rias que fazem oposi\u00e7\u00e3o ao governo do prefeito de Picos, Padre Walmir Lima (PT), come\u00e7aram a se articular para lan\u00e7ar a chapa que ir\u00e1 enfrentar a candidatura palaciana. Com esse objetivo, um almo\u00e7o regado a muitas cr\u00edticas \u00e0 gest\u00e3o &hellip;","og_url":"https:\/\/portalnpm.com\/index.php\/2019\/02\/24\/picos-pi-oposicao-a-padre-walmir-se-reune-e-traca-estrategias-para-enfrentar-o-candidato-governista-na-eleicao-do-proximo-ano\/","og_site_name":"Portal NPM","article_published_time":"2019-02-24T20:20:28+00:00","author":"Luis Alberto","twitter_card":"summary_large_image","twitter_misc":{"Escrito por":"Luis Alberto","Est. tempo de leitura":"4 minutos"},"schema":{"@context":"https:\/\/schema.org","@graph":[{"@type":"WebPage","@id":"https:\/\/portalnpm.com\/index.php\/2019\/02\/24\/picos-pi-oposicao-a-padre-walmir-se-reune-e-traca-estrategias-para-enfrentar-o-candidato-governista-na-eleicao-do-proximo-ano\/","url":"https:\/\/portalnpm.com\/index.php\/2019\/02\/24\/picos-pi-oposicao-a-padre-walmir-se-reune-e-traca-estrategias-para-enfrentar-o-candidato-governista-na-eleicao-do-proximo-ano\/","name":"PICOS-PI | Oposi\u00e7\u00e3o a Padre Walmir se re\u00fane e tra\u00e7a estrat\u00e9gias para enfrentar o candidato governista na elei\u00e7\u00e3o do pr\u00f3ximo ano - Portal NPM","isPartOf":{"@id":"https:\/\/portalnpm.com\/#website"},"primaryImageOfPage":{"@id":"https:\/\/portalnpm.com\/index.php\/2019\/02\/24\/picos-pi-oposicao-a-padre-walmir-se-reune-e-traca-estrategias-para-enfrentar-o-candidato-governista-na-eleicao-do-proximo-ano\/#primaryimage"},"image":{"@id":"https:\/\/portalnpm.com\/index.php\/2019\/02\/24\/picos-pi-oposicao-a-padre-walmir-se-reune-e-traca-estrategias-para-enfrentar-o-candidato-governista-na-eleicao-do-proximo-ano\/#primaryimage"},"thumbnailUrl":"","datePublished":"2019-02-24T20:20:28+00:00","dateModified":"2019-02-24T20:20:28+00:00","author":{"@id":"https:\/\/portalnpm.com\/#\/schema\/person\/5c8006acdf71774cd4e7a5ab98482152"},"breadcrumb":{"@id":"https:\/\/portalnpm.com\/index.php\/2019\/02\/24\/picos-pi-oposicao-a-padre-walmir-se-reune-e-traca-estrategias-para-enfrentar-o-candidato-governista-na-eleicao-do-proximo-ano\/#breadcrumb"},"inLanguage":"pt-BR","potentialAction":[{"@type":"ReadAction","target":["https:\/\/portalnpm.com\/index.php\/2019\/02\/24\/picos-pi-oposicao-a-padre-walmir-se-reune-e-traca-estrategias-para-enfrentar-o-candidato-governista-na-eleicao-do-proximo-ano\/"]}]},{"@type":"ImageObject","inLanguage":"pt-BR","@id":"https:\/\/portalnpm.com\/index.php\/2019\/02\/24\/picos-pi-oposicao-a-padre-walmir-se-reune-e-traca-estrategias-para-enfrentar-o-candidato-governista-na-eleicao-do-proximo-ano\/#primaryimage","url":"","contentUrl":""},{"@type":"BreadcrumbList","@id":"https:\/\/portalnpm.com\/index.php\/2019\/02\/24\/picos-pi-oposicao-a-padre-walmir-se-reune-e-traca-estrategias-para-enfrentar-o-candidato-governista-na-eleicao-do-proximo-ano\/#breadcrumb","itemListElement":[{"@type":"ListItem","position":1,"name":"In\u00edcio","item":"https:\/\/portalnpm.com\/"},{"@type":"ListItem","position":2,"name":"PICOS-PI | Oposi\u00e7\u00e3o a Padre Walmir se re\u00fane e tra\u00e7a estrat\u00e9gias para enfrentar o candidato governista na elei\u00e7\u00e3o do pr\u00f3ximo ano"}]},{"@type":"WebSite","@id":"https:\/\/portalnpm.com\/#website","url":"https:\/\/portalnpm.com\/","name":"Portal NPM","description":"Not\u00edcias em Primeira M\u00e3o","potentialAction":[{"@type":"SearchAction","target":{"@type":"EntryPoint","urlTemplate":"https:\/\/portalnpm.com\/?s={search_term_string}"},"query-input":"required name=search_term_string"}],"inLanguage":"pt-BR"},{"@type":"Person","@id":"https:\/\/portalnpm.com\/#\/schema\/person\/5c8006acdf71774cd4e7a5ab98482152","name":"Luis Alberto","image":{"@type":"ImageObject","inLanguage":"pt-BR","@id":"https:\/\/portalnpm.com\/#\/schema\/person\/image\/","url":"https:\/\/portalnpm.com\/wp-content\/uploads\/2024\/12\/avatar_user_3_1734699769-96x96.jpeg","contentUrl":"https:\/\/portalnpm.com\/wp-content\/uploads\/2024\/12\/avatar_user_3_1734699769-96x96.jpeg","caption":"Luis Alberto"},"description":"Editor-geral do Portal NPM, \u00e9 formado como T\u00e9cnico em Seguran\u00e7a do Trabalho pela Escola Metropolitana de Cursos T\u00e9cnicos. Det\u00e9m ainda licenciatura em Educa\u00e7\u00e3o F\u00edsica e bacharelado em Ci\u00eancias Pol\u00edticas, ambos obtidos pela institui\u00e7\u00e3o Anhanguera\/UNOPAR.","url":"https:\/\/portalnpm.com\/index.php\/author\/pereira\/"}]}},"jetpack_sharing_enabled":true,"jetpack_featured_media_url":"","_links":{"self":[{"href":"https:\/\/portalnpm.com\/index.php\/wp-json\/wp\/v2\/posts\/5820"}],"collection":[{"href":"https:\/\/portalnpm.com\/index.php\/wp-json\/wp\/v2\/posts"}],"about":[{"href":"https:\/\/portalnpm.com\/index.php\/wp-json\/wp\/v2\/types\/post"}],"author":[{"embeddable":true,"href":"https:\/\/portalnpm.com\/index.php\/wp-json\/wp\/v2\/users\/3"}],"replies":[{"embeddable":true,"href":"https:\/\/portalnpm.com\/index.php\/wp-json\/wp\/v2\/comments?post=5820"}],"version-history":[{"count":0,"href":"https:\/\/portalnpm.com\/index.php\/wp-json\/wp\/v2\/posts\/5820\/revisions"}],"wp:featuredmedia":[{"embeddable":true,"href":"https:\/\/portalnpm.com\/index.php\/wp-json\/"}],"wp:attachment":[{"href":"https:\/\/portalnpm.com\/index.php\/wp-json\/wp\/v2\/media?parent=5820"}],"wp:term":[{"taxonomy":"category","embeddable":true,"href":"https:\/\/portalnpm.com\/index.php\/wp-json\/wp\/v2\/categories?post=5820"},{"taxonomy":"post_tag","embeddable":true,"href":"https:\/\/portalnpm.com\/index.php\/wp-json\/wp\/v2\/tags?post=5820"}],"curies":[{"name":"wp","href":"https:\/\/api.w.org\/{rel}","templated":true}]}}