{"id":58281,"date":"2020-09-29T13:30:36","date_gmt":"2020-09-29T16:30:36","guid":{"rendered":"https:\/\/portalnpm.com\/index.php\/2020\/09\/29\/brasil-chega-a-142-mil-mortos-pela-covid-19-mostra-consorcio\/"},"modified":"2020-09-29T13:30:36","modified_gmt":"2020-09-29T16:30:36","slug":"brasil-chega-a-142-mil-mortos-pela-covid-19-mostra-consorcio","status":"publish","type":"post","link":"https:\/\/portalnpm.com\/index.php\/2020\/09\/29\/brasil-chega-a-142-mil-mortos-pela-covid-19-mostra-consorcio\/","title":{"rendered":"Brasil chega a 142 mil mortos pela Covid-19, mostra cons\u00f3rcio"},"content":{"rendered":"<div>\n<div id=\"avantisContainer0\">\n<div class=\"avntsFloating\">\n<div id=\"avntsPlayer0\">\n<div id=\"avntsPlayer0gui\">\n<div id=\"av-container\" class=\" two-x hide-controls\">\n<div id=\"av-inner\">\n<div id=\"slot\">\n<div id=\"imgpreloader\" style=\"text-align: justify;\">Brasil registrou 385 novas mortes pela Covid-19 e 16.412 casos da doen\u00e7a, nesta segnda-feira (28). Dessa forma, o pa\u00eds chega a 142.161 \u00f3bitos e 4.748.327 pessoas infectadas pelo novo coronav\u00edrus desde o in\u00edcio da pandemia.<\/div>\n<\/div>\n<\/div>\n<\/div>\n<\/div>\n<\/div>\n<\/div>\n<\/div>\n<\/div>\n<p style=\"text-align: justify;\">Os dados em finais de semana e \u00e0s segundas costumam ser mais baixos por atrasos de notifica\u00e7\u00e3o.<\/p>\n<p>\u00a0<\/p>\n<p style=\"text-align: justify;\">Al\u00e9m dos dados di\u00e1rios do cons\u00f3rcio, a Folha de S. Paulo tamb\u00e9m mostra a chamada m\u00e9dia m\u00f3vel. O recurso estat\u00edstico busca dar uma vis\u00e3o melhor da evolu\u00e7\u00e3o da doen\u00e7a, pois atenua n\u00fameros isolados que fujam do padr\u00e3o. A m\u00e9dia m\u00f3vel \u00e9 calculada somando o resultado dos \u00faltimos sete dias, dividindo por sete.<\/p>\n<p style=\"text-align: justify;\">De acordo com os dados coletados at\u00e9 as 20h, a m\u00e9dia de mortes nos \u00faltimos sete dias \u00e9 de 687. Recentemente, o pa\u00eds chegou a estar em situa\u00e7\u00e3o de queda da m\u00e9dia (em rela\u00e7\u00e3o \u00e0 m\u00e9dia de 14 dias antes), mas retornou para o patamar de estabilidade dos dados de mortes (o que n\u00e3o significa uma situa\u00e7\u00e3o tranquila).<\/p>\n<p style=\"text-align: justify;\">A m\u00e9dia ainda est\u00e1 em patamares elevados.<\/p>\n<p style=\"text-align: justify;\">Os dados s\u00e3o fruto de colabora\u00e7\u00e3o in\u00e9dita entre Folha de S. Paulo, UOL, O Estado de S. Paulo, Extra, O Globo e G1 para reunir e divulgar os n\u00fameros relativos \u00e0 pandemia do novo coronav\u00edrus. As informa\u00e7\u00f5es s\u00e3o coletadas diretamente com as Secretarias de Sa\u00fade estaduais.<\/p>\n<p style=\"text-align: justify;\">A iniciativa do cons\u00f3rcio de ve\u00edculos de imprensa ocorre em resposta \u00e0s atitudes do governo Jair Bolsonaro (sem partido), que amea\u00e7ou sonegar dados, atrasou boletins sobre a doen\u00e7a e tirou informa\u00e7\u00f5es do ar, com a interrup\u00e7\u00e3o da divulga\u00e7\u00e3o dos totais de casos e mortes. Al\u00e9m disso, o governo divulgou dados conflitantes.<\/p>\n<p><iframe title=\"Casos de Covid-19 - Brasil\" src=\"https:\/\/e.infogram.com\/d55f8663-7b41-4517-b63c-af7a153f027c?parent_url=https%3A%2F%2Fcidadeverde.com%2Fnoticias%2F333173%2Fbrasil-chega-a-142-mil-mortes-pela-covid-19-mostra-consorcio-de-imprensa&#038;src=embed#async_embed\" frameborder=\"0\" scrolling=\"no\" allowfullscreen=\"allowfullscreen\" data-mce-fragment=\"1\"><\/iframe><\/p>\n<div><a href=\"https:\/\/infogram.com\/d55f8663-7b41-4517-b63c-af7a153f027c\" target=\"_blank\" rel=\"noopener noreferrer\">Casos de Covid-19 \u2013 Brasil<\/a><br \/>\n<a href=\"https:\/\/infogram.com\/\" target=\"_blank\" rel=\"nofollow noopener noreferrer\">Infogram<\/a><\/div>\n<div><\/div>\n<div><em><strong>Fonte<\/strong>: FOLHAPRESS<\/em><\/div>\n","protected":false},"excerpt":{"rendered":"<p>Brasil registrou 385 novas mortes pela Covid-19 e 16.412 casos da doen\u00e7a, nesta segnda-feira (28). Dessa forma, o pa\u00eds chega a 142.161 \u00f3bitos e 4.748.327 pessoas infectadas pelo novo coronav\u00edrus desde o in\u00edcio da pandemia. Os dados em finais de semana e \u00e0s segundas costumam ser mais baixos por atrasos de notifica\u00e7\u00e3o. \u00a0 Al\u00e9m dos &hellip;<\/p>\n","protected":false},"author":8,"featured_media":58282,"comment_status":"open","ping_status":"open","sticky":false,"template":"","format":"standard","meta":{"content-type":"","rop_custom_images_group":[],"rop_custom_messages_group":[],"rop_publish_now":"initial","rop_publish_now_accounts":{"facebook_2648258775420054_1618374048415101":""},"rop_publish_now_history":[],"rop_publish_now_status":"pending","footnotes":"","_jetpack_memberships_contains_paid_content":false},"categories":[125],"tags":[674,1113,1115],"yoast_head":"<!-- This site is optimized with the Yoast SEO plugin v22.3 - https:\/\/yoast.com\/wordpress\/plugins\/seo\/ -->\n<title>Brasil chega a 142 mil mortos pela Covid-19, mostra cons\u00f3rcio<\/title>\n<meta name=\"robots\" content=\"index, follow, max-snippet:-1, max-image-preview:large, max-video-preview:-1\" \/>\n<link rel=\"canonical\" href=\"https:\/\/portalnpm.com\/index.php\/2020\/09\/29\/brasil-chega-a-142-mil-mortos-pela-covid-19-mostra-consorcio\/\" \/>\n<meta property=\"og:locale\" content=\"pt_BR\" \/>\n<meta property=\"og:type\" content=\"article\" \/>\n<meta property=\"og:title\" content=\"Brasil chega a 142 mil mortos pela Covid-19, mostra cons\u00f3rcio\" \/>\n<meta property=\"og:description\" content=\"Brasil registrou 385 novas mortes pela Covid-19 e 16.412 casos da doen\u00e7a, nesta segnda-feira (28). Dessa forma, o pa\u00eds chega a 142.161 \u00f3bitos e 4.748.327 pessoas infectadas pelo novo coronav\u00edrus desde o in\u00edcio da pandemia. Os dados em finais de semana e \u00e0s segundas costumam ser mais baixos por atrasos de notifica\u00e7\u00e3o. \u00a0 Al\u00e9m dos &hellip;\" \/>\n<meta property=\"og:url\" content=\"https:\/\/portalnpm.com\/index.php\/2020\/09\/29\/brasil-chega-a-142-mil-mortos-pela-covid-19-mostra-consorcio\/\" \/>\n<meta property=\"og:site_name\" content=\"Portal NPM\" \/>\n<meta property=\"article:published_time\" content=\"2020-09-29T16:30:36+00:00\" \/>\n<meta property=\"og:image\" content=\"https:\/\/portalnpm.com\/wp-content\/uploads\/2024\/01\/86e1b19367e418b955921aa37c835a77.jpg\" \/>\n\t<meta property=\"og:image:width\" content=\"800\" \/>\n\t<meta property=\"og:image:height\" content=\"533\" \/>\n\t<meta property=\"og:image:type\" content=\"image\/jpeg\" \/>\n<meta name=\"author\" content=\"Zenilton Lima\" \/>\n<meta name=\"twitter:card\" content=\"summary_large_image\" \/>\n<meta name=\"twitter:label1\" content=\"Escrito por\" \/>\n\t<meta name=\"twitter:data1\" content=\"Zenilton Lima\" \/>\n\t<meta name=\"twitter:label2\" content=\"Est. tempo de leitura\" \/>\n\t<meta name=\"twitter:data2\" content=\"2 minutos\" \/>\n<script type=\"application\/ld+json\" class=\"yoast-schema-graph\">{\"@context\":\"https:\/\/schema.org\",\"@graph\":[{\"@type\":\"WebPage\",\"@id\":\"https:\/\/portalnpm.com\/index.php\/2020\/09\/29\/brasil-chega-a-142-mil-mortos-pela-covid-19-mostra-consorcio\/\",\"url\":\"https:\/\/portalnpm.com\/index.php\/2020\/09\/29\/brasil-chega-a-142-mil-mortos-pela-covid-19-mostra-consorcio\/\",\"name\":\"Brasil chega a 142 mil mortos pela Covid-19, mostra cons\u00f3rcio\",\"isPartOf\":{\"@id\":\"https:\/\/portalnpm.com\/#website\"},\"primaryImageOfPage\":{\"@id\":\"https:\/\/portalnpm.com\/index.php\/2020\/09\/29\/brasil-chega-a-142-mil-mortos-pela-covid-19-mostra-consorcio\/#primaryimage\"},\"image\":{\"@id\":\"https:\/\/portalnpm.com\/index.php\/2020\/09\/29\/brasil-chega-a-142-mil-mortos-pela-covid-19-mostra-consorcio\/#primaryimage\"},\"thumbnailUrl\":\"https:\/\/portalnpm.com\/wp-content\/uploads\/2024\/01\/86e1b19367e418b955921aa37c835a77.jpg\",\"datePublished\":\"2020-09-29T16:30:36+00:00\",\"dateModified\":\"2020-09-29T16:30:36+00:00\",\"author\":{\"@id\":\"https:\/\/portalnpm.com\/#\/schema\/person\/35cb55186eae3f074b6783da6d35591e\"},\"breadcrumb\":{\"@id\":\"https:\/\/portalnpm.com\/index.php\/2020\/09\/29\/brasil-chega-a-142-mil-mortos-pela-covid-19-mostra-consorcio\/#breadcrumb\"},\"inLanguage\":\"pt-BR\",\"potentialAction\":[{\"@type\":\"ReadAction\",\"target\":[\"https:\/\/portalnpm.com\/index.php\/2020\/09\/29\/brasil-chega-a-142-mil-mortos-pela-covid-19-mostra-consorcio\/\"]}]},{\"@type\":\"ImageObject\",\"inLanguage\":\"pt-BR\",\"@id\":\"https:\/\/portalnpm.com\/index.php\/2020\/09\/29\/brasil-chega-a-142-mil-mortos-pela-covid-19-mostra-consorcio\/#primaryimage\",\"url\":\"https:\/\/portalnpm.com\/wp-content\/uploads\/2024\/01\/86e1b19367e418b955921aa37c835a77.jpg\",\"contentUrl\":\"https:\/\/portalnpm.com\/wp-content\/uploads\/2024\/01\/86e1b19367e418b955921aa37c835a77.jpg\",\"width\":800,\"height\":533},{\"@type\":\"BreadcrumbList\",\"@id\":\"https:\/\/portalnpm.com\/index.php\/2020\/09\/29\/brasil-chega-a-142-mil-mortos-pela-covid-19-mostra-consorcio\/#breadcrumb\",\"itemListElement\":[{\"@type\":\"ListItem\",\"position\":1,\"name\":\"In\u00edcio\",\"item\":\"https:\/\/portalnpm.com\/\"},{\"@type\":\"ListItem\",\"position\":2,\"name\":\"Brasil chega a 142 mil mortos pela Covid-19, mostra cons\u00f3rcio\"}]},{\"@type\":\"WebSite\",\"@id\":\"https:\/\/portalnpm.com\/#website\",\"url\":\"https:\/\/portalnpm.com\/\",\"name\":\"Portal NPM\",\"description\":\"Not\u00edcias em Primeira M\u00e3o\",\"potentialAction\":[{\"@type\":\"SearchAction\",\"target\":{\"@type\":\"EntryPoint\",\"urlTemplate\":\"https:\/\/portalnpm.com\/?s={search_term_string}\"},\"query-input\":\"required name=search_term_string\"}],\"inLanguage\":\"pt-BR\"},{\"@type\":\"Person\",\"@id\":\"https:\/\/portalnpm.com\/#\/schema\/person\/35cb55186eae3f074b6783da6d35591e\",\"name\":\"Zenilton Lima\",\"image\":{\"@type\":\"ImageObject\",\"inLanguage\":\"pt-BR\",\"@id\":\"https:\/\/portalnpm.com\/#\/schema\/person\/image\/\",\"url\":\"https:\/\/portalnpm.com\/wp-content\/uploads\/2024\/12\/avatar_user_8_1733658137-96x96.jpeg\",\"contentUrl\":\"https:\/\/portalnpm.com\/wp-content\/uploads\/2024\/12\/avatar_user_8_1733658137-96x96.jpeg\",\"caption\":\"Zenilton Lima\"},\"url\":\"https:\/\/portalnpm.com\/index.php\/author\/zenilton\/\"}]}<\/script>\n<!-- \/ Yoast SEO plugin. -->","yoast_head_json":{"title":"Brasil chega a 142 mil mortos pela Covid-19, mostra cons\u00f3rcio","robots":{"index":"index","follow":"follow","max-snippet":"max-snippet:-1","max-image-preview":"max-image-preview:large","max-video-preview":"max-video-preview:-1"},"canonical":"https:\/\/portalnpm.com\/index.php\/2020\/09\/29\/brasil-chega-a-142-mil-mortos-pela-covid-19-mostra-consorcio\/","og_locale":"pt_BR","og_type":"article","og_title":"Brasil chega a 142 mil mortos pela Covid-19, mostra cons\u00f3rcio","og_description":"Brasil registrou 385 novas mortes pela Covid-19 e 16.412 casos da doen\u00e7a, nesta segnda-feira (28). Dessa forma, o pa\u00eds chega a 142.161 \u00f3bitos e 4.748.327 pessoas infectadas pelo novo coronav\u00edrus desde o in\u00edcio da pandemia. Os dados em finais de semana e \u00e0s segundas costumam ser mais baixos por atrasos de notifica\u00e7\u00e3o. \u00a0 Al\u00e9m dos &hellip;","og_url":"https:\/\/portalnpm.com\/index.php\/2020\/09\/29\/brasil-chega-a-142-mil-mortos-pela-covid-19-mostra-consorcio\/","og_site_name":"Portal NPM","article_published_time":"2020-09-29T16:30:36+00:00","og_image":[{"width":800,"height":533,"url":"https:\/\/portalnpm.com\/wp-content\/uploads\/2024\/01\/86e1b19367e418b955921aa37c835a77.jpg","type":"image\/jpeg"}],"author":"Zenilton Lima","twitter_card":"summary_large_image","twitter_misc":{"Escrito por":"Zenilton Lima","Est. tempo de leitura":"2 minutos"},"schema":{"@context":"https:\/\/schema.org","@graph":[{"@type":"WebPage","@id":"https:\/\/portalnpm.com\/index.php\/2020\/09\/29\/brasil-chega-a-142-mil-mortos-pela-covid-19-mostra-consorcio\/","url":"https:\/\/portalnpm.com\/index.php\/2020\/09\/29\/brasil-chega-a-142-mil-mortos-pela-covid-19-mostra-consorcio\/","name":"Brasil chega a 142 mil mortos pela Covid-19, mostra cons\u00f3rcio","isPartOf":{"@id":"https:\/\/portalnpm.com\/#website"},"primaryImageOfPage":{"@id":"https:\/\/portalnpm.com\/index.php\/2020\/09\/29\/brasil-chega-a-142-mil-mortos-pela-covid-19-mostra-consorcio\/#primaryimage"},"image":{"@id":"https:\/\/portalnpm.com\/index.php\/2020\/09\/29\/brasil-chega-a-142-mil-mortos-pela-covid-19-mostra-consorcio\/#primaryimage"},"thumbnailUrl":"https:\/\/portalnpm.com\/wp-content\/uploads\/2024\/01\/86e1b19367e418b955921aa37c835a77.jpg","datePublished":"2020-09-29T16:30:36+00:00","dateModified":"2020-09-29T16:30:36+00:00","author":{"@id":"https:\/\/portalnpm.com\/#\/schema\/person\/35cb55186eae3f074b6783da6d35591e"},"breadcrumb":{"@id":"https:\/\/portalnpm.com\/index.php\/2020\/09\/29\/brasil-chega-a-142-mil-mortos-pela-covid-19-mostra-consorcio\/#breadcrumb"},"inLanguage":"pt-BR","potentialAction":[{"@type":"ReadAction","target":["https:\/\/portalnpm.com\/index.php\/2020\/09\/29\/brasil-chega-a-142-mil-mortos-pela-covid-19-mostra-consorcio\/"]}]},{"@type":"ImageObject","inLanguage":"pt-BR","@id":"https:\/\/portalnpm.com\/index.php\/2020\/09\/29\/brasil-chega-a-142-mil-mortos-pela-covid-19-mostra-consorcio\/#primaryimage","url":"https:\/\/portalnpm.com\/wp-content\/uploads\/2024\/01\/86e1b19367e418b955921aa37c835a77.jpg","contentUrl":"https:\/\/portalnpm.com\/wp-content\/uploads\/2024\/01\/86e1b19367e418b955921aa37c835a77.jpg","width":800,"height":533},{"@type":"BreadcrumbList","@id":"https:\/\/portalnpm.com\/index.php\/2020\/09\/29\/brasil-chega-a-142-mil-mortos-pela-covid-19-mostra-consorcio\/#breadcrumb","itemListElement":[{"@type":"ListItem","position":1,"name":"In\u00edcio","item":"https:\/\/portalnpm.com\/"},{"@type":"ListItem","position":2,"name":"Brasil chega a 142 mil mortos pela Covid-19, mostra cons\u00f3rcio"}]},{"@type":"WebSite","@id":"https:\/\/portalnpm.com\/#website","url":"https:\/\/portalnpm.com\/","name":"Portal NPM","description":"Not\u00edcias em Primeira M\u00e3o","potentialAction":[{"@type":"SearchAction","target":{"@type":"EntryPoint","urlTemplate":"https:\/\/portalnpm.com\/?s={search_term_string}"},"query-input":"required name=search_term_string"}],"inLanguage":"pt-BR"},{"@type":"Person","@id":"https:\/\/portalnpm.com\/#\/schema\/person\/35cb55186eae3f074b6783da6d35591e","name":"Zenilton Lima","image":{"@type":"ImageObject","inLanguage":"pt-BR","@id":"https:\/\/portalnpm.com\/#\/schema\/person\/image\/","url":"https:\/\/portalnpm.com\/wp-content\/uploads\/2024\/12\/avatar_user_8_1733658137-96x96.jpeg","contentUrl":"https:\/\/portalnpm.com\/wp-content\/uploads\/2024\/12\/avatar_user_8_1733658137-96x96.jpeg","caption":"Zenilton Lima"},"url":"https:\/\/portalnpm.com\/index.php\/author\/zenilton\/"}]}},"jetpack_sharing_enabled":true,"jetpack_featured_media_url":"https:\/\/portalnpm.com\/wp-content\/uploads\/2024\/01\/86e1b19367e418b955921aa37c835a77.jpg","_links":{"self":[{"href":"https:\/\/portalnpm.com\/index.php\/wp-json\/wp\/v2\/posts\/58281"}],"collection":[{"href":"https:\/\/portalnpm.com\/index.php\/wp-json\/wp\/v2\/posts"}],"about":[{"href":"https:\/\/portalnpm.com\/index.php\/wp-json\/wp\/v2\/types\/post"}],"author":[{"embeddable":true,"href":"https:\/\/portalnpm.com\/index.php\/wp-json\/wp\/v2\/users\/8"}],"replies":[{"embeddable":true,"href":"https:\/\/portalnpm.com\/index.php\/wp-json\/wp\/v2\/comments?post=58281"}],"version-history":[{"count":0,"href":"https:\/\/portalnpm.com\/index.php\/wp-json\/wp\/v2\/posts\/58281\/revisions"}],"wp:featuredmedia":[{"embeddable":true,"href":"https:\/\/portalnpm.com\/index.php\/wp-json\/wp\/v2\/media\/58282"}],"wp:attachment":[{"href":"https:\/\/portalnpm.com\/index.php\/wp-json\/wp\/v2\/media?parent=58281"}],"wp:term":[{"taxonomy":"category","embeddable":true,"href":"https:\/\/portalnpm.com\/index.php\/wp-json\/wp\/v2\/categories?post=58281"},{"taxonomy":"post_tag","embeddable":true,"href":"https:\/\/portalnpm.com\/index.php\/wp-json\/wp\/v2\/tags?post=58281"}],"curies":[{"name":"wp","href":"https:\/\/api.w.org\/{rel}","templated":true}]}}