{"id":58289,"date":"2020-09-29T13:42:41","date_gmt":"2020-09-29T16:42:41","guid":{"rendered":"https:\/\/portalnpm.com\/index.php\/2020\/09\/29\/pagamento-dos-r-300-de-auxilio-comeca-amanha-veja-o-calendario\/"},"modified":"2024-01-15T21:23:45","modified_gmt":"2024-01-16T00:23:45","slug":"pagamento-dos-r-300-de-auxilio-comeca-amanha-veja-o-calendario","status":"publish","type":"post","link":"https:\/\/portalnpm.com\/index.php\/2020\/09\/29\/pagamento-dos-r-300-de-auxilio-comeca-amanha-veja-o-calendario\/","title":{"rendered":"Pagamento dos R$ 300 de aux\u00edlio come\u00e7a amanh\u00e3; veja o calend\u00e1rio"},"content":{"rendered":"<p><p style=\"text-align: justify;\">O governo publicou, em edi&ccedil;&atilde;o extra do &ldquo;Di&aacute;rio Oficial da Uni&atilde;o&rdquo; desta segunda-feira (28), o calend&aacute;rio de pagamento das novas parcelas do aux&iacute;lio emergencial de R$ 300 para quem n&atilde;o faz parte do programa Bolsa Fam&iacute;lia, isto &eacute;, os integrantes do Cad&Uacute;nico (Cadastro &Uacute;nico) e aqueles que solicitaram o aux&iacute;lio pelo site ou aplicativo do programa.<\/p>\n<p>\n&nbsp;\n<\/p>\n<p style=\"text-align: justify;\">A primeira parcela da extens&atilde;o do aux&iacute;lio ser&aacute; paga a partir desta quarta-feira (30). Ser&atilde;o 27 milh&otilde;es de pessoas que receber&atilde;o R$ 300 ou R$ 600 (no caso de m&atilde;es respons&aacute;veis pelo sustento da fam&iacute;lia), o que totaliza mais de R$ 9 bilh&otilde;es.<\/p>\n<figure id=\"attachment_26365\" aria-describedby=\"caption-attachment-26365\" style=\"width: 1100px\" class=\"wp-caption aligncenter\"><img fetchpriority=\"high\" decoding=\"async\" class=\"size-full wp-image-26365\" src=\"https:\/\/portalnpm.com\/wp-content\/uploads\/2024\/01\/ba4dddf6-71d2-45bf-9088-d1b1a59d959e-c92f7822-ae58-4a85-a4d0-691eb1b8e058.jpg\" alt=\"\" width=\"1100\" height=\"659\"><figcaption id=\"caption-attachment-26365\" class=\"wp-caption-text\">Aplicativo Caixa Tem<\/figcaption><\/figure>\n<p style=\"text-align: justify;\">O novo calend&aacute;rio continuar&aacute; considerando o m&ecirc;s de nascimento dos benefici&aacute;rios, ou seja, os cr&eacute;ditos se iniciar&atilde;o por aqueles nascidos em janeiro, depois fevereiro, mar&ccedil;o e assim sucessivamente, em poupan&ccedil;a social digital j&aacute; existente em seu nome.<\/p>\n<p style=\"text-align: justify;\">Os primeiros beneficiados com as novas parcelas do aux&iacute;lio de R$ 300 s&atilde;o os brasileiros que foram contemplados com o benef&iacute;cio em abril, atenderam aos crit&eacute;rios previstos na nova etapa do programa e j&aacute; terminaram de receber as cinco parcelas do aux&iacute;lio emergencial (sem ter o pagamento suspenso). Na quarta-feira (30), ser&aacute; a vez dos nascidos em janeiro e estavam neste primeiro lote do programa emergencial.<\/p>\n<p style=\"text-align: justify;\">Os brasileiros que se tornaram eleg&iacute;veis ao aux&iacute;lio nos meses de maio, junho e julho ter&atilde;o os novos valores creditados em outubro, novembro e dezembro, respectivamente. Pelas regras da nova etapa do aux&iacute;lio, o governo pagar&aacute; at&eacute; quatro parcelas adicionais, encerrando-se, obrigatoriamente, em dezembro de 2020.<\/p>\n<p style=\"text-align: justify;\">Os montantes continuar&atilde;o sendo depositados na poupan&ccedil;a social digital da Caixa, bem como os saques ser&atilde;o liberados posteriormente.<\/p>\n<p style=\"text-align: justify;\"><strong>CONFIRA AS DATAS DO NOVO CALEND&Aacute;RIO<br \/>\n&ndash; Parcelas extras<\/strong><br \/>\nA amplia&ccedil;&atilde;o do benef&iacute;cio vai at&eacute; dezembro, conforme medida provis&oacute;ria, mas nem todos os benefici&aacute;rios do aux&iacute;lio emergencial ir&atilde;o receber as quatro novas parcelas. Apenas quem recebeu a primeira parcela em abril ter&aacute; direito a todas as cotas extras que somar&atilde;o nove parcelas at&eacute; o fim do ano.<\/p>\n<div class=\"pp-box-adunit pp-ad-loading pp-type-intext\">\n<div class=\"pp-adunit\">\n<div class=\"pp-ad\">\n<div id=\"P_MEIONORTE_INTEXT_03_0\" data-premium=\"\" data-adunit=\"MEIONORTE_INTEXT_03\" data-sizes-mobile=\"[[336,280],[300,250]]\" data-sizes-desktop=\"\" data-type=\"intext\" data-premium-load=\"\" data-fetch=\"true\" data-google-query-id=\"CNzwoqi4juwCFWYEuQYdzFkLQA\">\n<p style=\"text-align: justify;\" data-fetch=\"true\">M&atilde;es respons&aacute;veis pelo sustento da fam&iacute;lia continuar&atilde;o a ter direito &agrave; cota dobrada, e receber&atilde;o R$ 600, mas o governo deixar&aacute; de permitir que as fam&iacute;lias chefiadas por mulheres recebam uma cota adicional destinada a parentes que eventualmente atendam aos crit&eacute;rios do programa.<\/p>\n<p style=\"text-align: justify;\">Isso significa que fam&iacute;lias que na vers&atilde;o anterior do programa poderiam receber at&eacute; R$ 1.800 por m&ecirc;s ter&atilde;o direito a apenas R$ 600.<\/p>\n<p style=\"text-align: justify;\">O governo ainda atualizou os crit&eacute;rios de an&aacute;lise do IR (Imposto de Renda) para a perman&ecirc;ncia no benef&iacute;cio, excluindo do aux&iacute;lio cidad&atilde;os que tenham sido obrigados a declarar o IR em 2020.<\/p>\n<p style=\"text-align: justify;\">Quem recebeu rendimentos tribut&aacute;veis acima de R$ 28.559,70 em 2019 fica fora da nova etapa do programa. Para as primeiras parcelas do aux&iacute;lio, o governo j&aacute; considerava esse crit&eacute;rio, mas para os valores recebidos em 2018.<\/p>\n<p style=\"text-align: justify;\">Al&eacute;m disso, quem declarou em 2019 rendimentos isentos superiores a R$ 40 mil, tinha bens com valor superior a R$ 300 mil at&eacute; 31 de dezembro de 2019 n&atilde;o tem direito &agrave;s novas parcelas.<\/p>\n<p style=\"text-align: justify;\" data-fetch=\"true\">O benef&iacute;cio tamb&eacute;m deixar&aacute; de ser pago a pessoas que tenham sido declaradas como dependentes no IR de 2019, enviado em 2020, nas condi&ccedil;&otilde;es de c&ocirc;njuge, companheiro, filho menor de 21 anos ou menor de 24 anos e que esteja cursando o ensino superior ou ensino t&eacute;cnico de n&iacute;vel m&eacute;dio.<\/p>\n<p style=\"text-align: justify;\"><strong>AUX&Iacute;LIO EXTRA &ndash; ENTENDA<\/strong><br \/>\n&ndash; Mais quatro parcelas do aux&iacute;lio emergencial ser&atilde;o pagas para a popula&ccedil;&atilde;o atingida pela crise econ&ocirc;mica da pandemia de Covid-19<br \/>\n&ndash; As novas parcelas correspondem aos meses de setembro, outubro, novembro e dezembro<br \/>\n&ndash; O valor &eacute; de R$ 300<br \/>\n&ndash; A amplia&ccedil;&atilde;o do aux&iacute;lio n&atilde;o afeta quem ainda est&aacute; recebendo as cinco primeiras parcelas, de R$ 600<\/p>\n<p style=\"text-align: justify;\"><strong>M&Atilde;ES<\/strong><br \/>\n&ndash; M&atilde;es respons&aacute;veis pelo sustento da fam&iacute;lia ter&atilde;o cota dobrada<br \/>\n&ndash; O valor do novo aux&iacute;lio ser&aacute; de R$ 600 por m&ecirc;s<\/p>\n<p style=\"text-align: justify;\"><strong>QUEM RECEBE<\/strong><br \/>\n&ndash; As novas parcelas s&atilde;o destinadas a quem j&aacute; teve aprovado o pedido feito pelo aplicativo ou recebeu o aux&iacute;lio porque est&aacute; no Cadastro &Uacute;nico ou, ainda, recebe o Bolsa Fam&iacute;lia.<\/p>\n<p style=\"text-align: justify;\" data-fetch=\"true\"><strong>NOVOS PEDIDOS<\/strong><br \/>\n&ndash; O governo deixou de aceitar novos pedidos de aux&iacute;lio emergencial em 2 de julho<br \/>\n&ndash; Nos &uacute;ltimos meses, somente pedidos em rean&aacute;lise foram inclu&iacute;dos em novos lotes<\/p>\n<p style=\"text-align: justify;\"><strong>CAIXA<\/strong><br \/>\n&ndash; As novas parcelas dever&atilde;o cair nas contas digitais abertas pela Caixa Econ&ocirc;mica Federal<br \/>\n&ndash; Ser&aacute; o mesmo sistema, portanto, utilizado para o pagamento das cinco primeiras parcelas<\/p>\n<p style=\"text-align: justify;\"><strong>BOLSA FAM&Iacute;LIA<\/strong><br \/>\n&ndash; Benefici&aacute;rios do Bolsa Fam&iacute;lia j&aacute; est&atilde;o recebendo as novas parcelas do benef&iacute;cio benef&iacute;cio<br \/>\n&ndash; Nesta segunda-feira (28\/09), a Caixa liberou o saque da 6&ordf; parcela, com valor reduzido para R$ 300, aos inscritos no Bolsa Fam&iacute;lia que t&ecirc;m o NIS (N&uacute;mero de Identifica&ccedil;&atilde;o Social) terminado de 1 a 8<\/p>\n<p><img decoding=\"async\" class=\"fr-fic fr-dib\" src=\"https:\/\/portalnpm.com\/wp-content\/uploads\/2024\/01\/c11ba162-1e08-4ebe-84e6-edc26a2dac91-33e2f96d-afba-4adf-a2ac-d5e899105423.jpg\" data-cfsrc=\"\/uploads\/imagens\/2020\/9\/29\/c11ba162-1e08-4ebe-84e6-edc26a2dac91-33e2f96d-afba-4adf-a2ac-d5e899105423.jpg\" data-cfstyle=\"width: 736px;\"><\/p>\n<p><img decoding=\"async\" class=\"fr-fic fr-dib\" src=\"https:\/\/portalnpm.com\/wp-content\/uploads\/2024\/01\/575665ef-af1a-4bd7-a8cb-64e31e661635-26cceee6-9144-4834-b65d-5c4c778e8916.jpg\" data-cfsrc=\"\/uploads\/imagens\/2020\/9\/29\/575665ef-af1a-4bd7-a8cb-64e31e661635-26cceee6-9144-4834-b65d-5c4c778e8916.jpg\" data-cfstyle=\"width: 736px;\"><\/p>\n<p><img decoding=\"async\" class=\"fr-fic fr-dib\" src=\"https:\/\/portalnpm.com\/wp-content\/uploads\/2024\/01\/f4d14612-8d5f-4b0c-b079-0aba5f2d89c1-c8669417-ac26-4001-9804-36f222f3b947.jpg\" data-cfsrc=\"\/uploads\/imagens\/2020\/9\/29\/f4d14612-8d5f-4b0c-b079-0aba5f2d89c1-c8669417-ac26-4001-9804-36f222f3b947.jpg\" data-cfstyle=\"width: 736px;\"><\/p>\n<p><img decoding=\"async\" class=\"fr-fic fr-dib\" src=\"https:\/\/portalnpm.com\/wp-content\/uploads\/2024\/01\/d3aae52d-756d-4532-b30e-6270ff669e60-59b52832-08c4-4d82-abe2-91fd87f9b192.jpg\" data-cfsrc=\"\/uploads\/imagens\/2020\/9\/29\/d3aae52d-756d-4532-b30e-6270ff669e60-59b52832-08c4-4d82-abe2-91fd87f9b192.jpg\" data-cfstyle=\"width: 736px;\"><\/p>\n<p><img decoding=\"async\" class=\"fr-fic fr-dib\" src=\"https:\/\/portalnpm.com\/wp-content\/uploads\/2024\/01\/55ad2f02-c6bd-41f4-bda9-c7b3ee1a9362-97c488ff-677b-4dcd-99b5-f4094ba244d7.jpg\" data-cfsrc=\"\/uploads\/imagens\/2020\/9\/29\/55ad2f02-c6bd-41f4-bda9-c7b3ee1a9362-97c488ff-677b-4dcd-99b5-f4094ba244d7.jpg\" data-cfstyle=\"width: 736px;\"><\/p>\n<div id=\"ppBoxFinalMateria\">\n<div class=\"pp-box-adunit pp-ad-loading pp-type-intext\">\n<div class=\"pp-adunit\">\n<div class=\"pp-ad\">\n<div id=\"P_MEIONORTE_FINAL_MATERIA_01_0\" data-premium=\"\" data-adunit=\"MEIONORTE_FINAL_MATERIA_01\" data-sizes-mobile=\"[[336,280],[300,250]]\" data-sizes-desktop=\"\" data-type=\"intext\" data-premium-load=\"\" data-fetch=\"true\" data-google-query-id=\"CIOy1d-4juwCFfoGuQYdNa8DIQ\">\n<hr>\n<p><strong>Fonte<\/strong>: Extra<\/p>\n<\/div>\n<\/div>\n<\/div>\n<\/div>\n<\/div>\n<\/div>\n<\/div>\n<\/div>\n<\/div>\n","protected":false},"excerpt":{"rendered":"<p>O governo publicou, em edi&ccedil;&atilde;o extra do &ldquo;Di&aacute;rio Oficial da Uni&atilde;o&rdquo; desta segunda-feira (28), o calend&aacute;rio de pagamento das novas parcelas do aux&iacute;lio emergencial de R$ 300 para quem n&atilde;o faz parte do programa Bolsa Fam&iacute;lia, isto &eacute;, os integrantes do Cad&Uacute;nico (Cadastro &Uacute;nico) e aqueles que solicitaram o aux&iacute;lio pelo site ou aplicativo do &hellip;<\/p>\n","protected":false},"author":8,"featured_media":52606,"comment_status":"open","ping_status":"open","sticky":false,"template":"","format":"standard","meta":{"content-type":"","rop_custom_images_group":[],"rop_custom_messages_group":[],"rop_publish_now":"initial","rop_publish_now_accounts":{"facebook_2648258775420054_1618374048415101":""},"rop_publish_now_history":[],"rop_publish_now_status":"pending","footnotes":"","_jetpack_memberships_contains_paid_content":false},"categories":[113,125],"tags":[3975,386,468],"yoast_head":"<!-- This site is optimized with the Yoast SEO plugin v22.3 - https:\/\/yoast.com\/wordpress\/plugins\/seo\/ -->\n<title>Pagamento dos R$ 300 de aux\u00edlio come\u00e7a amanh\u00e3; veja o calend\u00e1rio<\/title>\n<meta name=\"robots\" content=\"index, follow, max-snippet:-1, max-image-preview:large, max-video-preview:-1\" \/>\n<link rel=\"canonical\" href=\"https:\/\/portalnpm.com\/index.php\/2020\/09\/29\/pagamento-dos-r-300-de-auxilio-comeca-amanha-veja-o-calendario\/\" \/>\n<meta property=\"og:locale\" content=\"pt_BR\" \/>\n<meta property=\"og:type\" content=\"article\" \/>\n<meta property=\"og:title\" content=\"Pagamento dos R$ 300 de aux\u00edlio come\u00e7a amanh\u00e3; veja o calend\u00e1rio\" \/>\n<meta property=\"og:description\" content=\"O governo publicou, em edi&ccedil;&atilde;o extra do &ldquo;Di&aacute;rio Oficial da Uni&atilde;o&rdquo; desta segunda-feira (28), o calend&aacute;rio de pagamento das novas parcelas do aux&iacute;lio emergencial de R$ 300 para quem n&atilde;o faz parte do programa Bolsa Fam&iacute;lia, isto &eacute;, os integrantes do Cad&Uacute;nico (Cadastro &Uacute;nico) e aqueles que solicitaram o aux&iacute;lio pelo site ou aplicativo do &hellip;\" \/>\n<meta property=\"og:url\" content=\"https:\/\/portalnpm.com\/index.php\/2020\/09\/29\/pagamento-dos-r-300-de-auxilio-comeca-amanha-veja-o-calendario\/\" \/>\n<meta property=\"og:site_name\" content=\"Portal NPM\" \/>\n<meta property=\"article:published_time\" content=\"2020-09-29T16:42:41+00:00\" \/>\n<meta property=\"article:modified_time\" content=\"2024-01-16T00:23:45+00:00\" \/>\n<meta property=\"og:image\" content=\"https:\/\/portalnpm.com\/wp-content\/uploads\/2024\/01\/images-6.jpeg\" \/>\n\t<meta property=\"og:image:width\" content=\"600\" \/>\n\t<meta property=\"og:image:height\" content=\"313\" \/>\n\t<meta property=\"og:image:type\" content=\"image\/jpeg\" \/>\n<meta name=\"author\" content=\"Zenilton Lima\" \/>\n<meta name=\"twitter:card\" content=\"summary_large_image\" \/>\n<meta name=\"twitter:label1\" content=\"Escrito por\" \/>\n\t<meta name=\"twitter:data1\" content=\"Zenilton Lima\" \/>\n\t<meta name=\"twitter:label2\" content=\"Est. tempo de leitura\" \/>\n\t<meta name=\"twitter:data2\" content=\"5 minutos\" \/>\n<script type=\"application\/ld+json\" class=\"yoast-schema-graph\">{\"@context\":\"https:\/\/schema.org\",\"@graph\":[{\"@type\":\"WebPage\",\"@id\":\"https:\/\/portalnpm.com\/index.php\/2020\/09\/29\/pagamento-dos-r-300-de-auxilio-comeca-amanha-veja-o-calendario\/\",\"url\":\"https:\/\/portalnpm.com\/index.php\/2020\/09\/29\/pagamento-dos-r-300-de-auxilio-comeca-amanha-veja-o-calendario\/\",\"name\":\"Pagamento dos R$ 300 de aux\u00edlio come\u00e7a amanh\u00e3; veja o calend\u00e1rio\",\"isPartOf\":{\"@id\":\"https:\/\/portalnpm.com\/#website\"},\"primaryImageOfPage\":{\"@id\":\"https:\/\/portalnpm.com\/index.php\/2020\/09\/29\/pagamento-dos-r-300-de-auxilio-comeca-amanha-veja-o-calendario\/#primaryimage\"},\"image\":{\"@id\":\"https:\/\/portalnpm.com\/index.php\/2020\/09\/29\/pagamento-dos-r-300-de-auxilio-comeca-amanha-veja-o-calendario\/#primaryimage\"},\"thumbnailUrl\":\"https:\/\/portalnpm.com\/wp-content\/uploads\/2024\/01\/images-6.jpeg\",\"datePublished\":\"2020-09-29T16:42:41+00:00\",\"dateModified\":\"2024-01-16T00:23:45+00:00\",\"author\":{\"@id\":\"https:\/\/portalnpm.com\/#\/schema\/person\/35cb55186eae3f074b6783da6d35591e\"},\"breadcrumb\":{\"@id\":\"https:\/\/portalnpm.com\/index.php\/2020\/09\/29\/pagamento-dos-r-300-de-auxilio-comeca-amanha-veja-o-calendario\/#breadcrumb\"},\"inLanguage\":\"pt-BR\",\"potentialAction\":[{\"@type\":\"ReadAction\",\"target\":[\"https:\/\/portalnpm.com\/index.php\/2020\/09\/29\/pagamento-dos-r-300-de-auxilio-comeca-amanha-veja-o-calendario\/\"]}]},{\"@type\":\"ImageObject\",\"inLanguage\":\"pt-BR\",\"@id\":\"https:\/\/portalnpm.com\/index.php\/2020\/09\/29\/pagamento-dos-r-300-de-auxilio-comeca-amanha-veja-o-calendario\/#primaryimage\",\"url\":\"https:\/\/portalnpm.com\/wp-content\/uploads\/2024\/01\/images-6.jpeg\",\"contentUrl\":\"https:\/\/portalnpm.com\/wp-content\/uploads\/2024\/01\/images-6.jpeg\",\"width\":600,\"height\":313},{\"@type\":\"BreadcrumbList\",\"@id\":\"https:\/\/portalnpm.com\/index.php\/2020\/09\/29\/pagamento-dos-r-300-de-auxilio-comeca-amanha-veja-o-calendario\/#breadcrumb\",\"itemListElement\":[{\"@type\":\"ListItem\",\"position\":1,\"name\":\"In\u00edcio\",\"item\":\"https:\/\/portalnpm.com\/\"},{\"@type\":\"ListItem\",\"position\":2,\"name\":\"Pagamento dos R$ 300 de aux\u00edlio come\u00e7a amanh\u00e3; veja o calend\u00e1rio\"}]},{\"@type\":\"WebSite\",\"@id\":\"https:\/\/portalnpm.com\/#website\",\"url\":\"https:\/\/portalnpm.com\/\",\"name\":\"Portal NPM\",\"description\":\"Not\u00edcias em Primeira M\u00e3o\",\"potentialAction\":[{\"@type\":\"SearchAction\",\"target\":{\"@type\":\"EntryPoint\",\"urlTemplate\":\"https:\/\/portalnpm.com\/?s={search_term_string}\"},\"query-input\":\"required name=search_term_string\"}],\"inLanguage\":\"pt-BR\"},{\"@type\":\"Person\",\"@id\":\"https:\/\/portalnpm.com\/#\/schema\/person\/35cb55186eae3f074b6783da6d35591e\",\"name\":\"Zenilton Lima\",\"image\":{\"@type\":\"ImageObject\",\"inLanguage\":\"pt-BR\",\"@id\":\"https:\/\/portalnpm.com\/#\/schema\/person\/image\/\",\"url\":\"https:\/\/portalnpm.com\/wp-content\/uploads\/2024\/12\/avatar_user_8_1733658137-96x96.jpeg\",\"contentUrl\":\"https:\/\/portalnpm.com\/wp-content\/uploads\/2024\/12\/avatar_user_8_1733658137-96x96.jpeg\",\"caption\":\"Zenilton Lima\"},\"url\":\"https:\/\/portalnpm.com\/index.php\/author\/zenilton\/\"}]}<\/script>\n<!-- \/ Yoast SEO plugin. -->","yoast_head_json":{"title":"Pagamento dos R$ 300 de aux\u00edlio come\u00e7a amanh\u00e3; veja o calend\u00e1rio","robots":{"index":"index","follow":"follow","max-snippet":"max-snippet:-1","max-image-preview":"max-image-preview:large","max-video-preview":"max-video-preview:-1"},"canonical":"https:\/\/portalnpm.com\/index.php\/2020\/09\/29\/pagamento-dos-r-300-de-auxilio-comeca-amanha-veja-o-calendario\/","og_locale":"pt_BR","og_type":"article","og_title":"Pagamento dos R$ 300 de aux\u00edlio come\u00e7a amanh\u00e3; veja o calend\u00e1rio","og_description":"O governo publicou, em edi&ccedil;&atilde;o extra do &ldquo;Di&aacute;rio Oficial da Uni&atilde;o&rdquo; desta segunda-feira (28), o calend&aacute;rio de pagamento das novas parcelas do aux&iacute;lio emergencial de R$ 300 para quem n&atilde;o faz parte do programa Bolsa Fam&iacute;lia, isto &eacute;, os integrantes do Cad&Uacute;nico (Cadastro &Uacute;nico) e aqueles que solicitaram o aux&iacute;lio pelo site ou aplicativo do &hellip;","og_url":"https:\/\/portalnpm.com\/index.php\/2020\/09\/29\/pagamento-dos-r-300-de-auxilio-comeca-amanha-veja-o-calendario\/","og_site_name":"Portal NPM","article_published_time":"2020-09-29T16:42:41+00:00","article_modified_time":"2024-01-16T00:23:45+00:00","og_image":[{"width":600,"height":313,"url":"https:\/\/portalnpm.com\/wp-content\/uploads\/2024\/01\/images-6.jpeg","type":"image\/jpeg"}],"author":"Zenilton Lima","twitter_card":"summary_large_image","twitter_misc":{"Escrito por":"Zenilton Lima","Est. tempo de leitura":"5 minutos"},"schema":{"@context":"https:\/\/schema.org","@graph":[{"@type":"WebPage","@id":"https:\/\/portalnpm.com\/index.php\/2020\/09\/29\/pagamento-dos-r-300-de-auxilio-comeca-amanha-veja-o-calendario\/","url":"https:\/\/portalnpm.com\/index.php\/2020\/09\/29\/pagamento-dos-r-300-de-auxilio-comeca-amanha-veja-o-calendario\/","name":"Pagamento dos R$ 300 de aux\u00edlio come\u00e7a amanh\u00e3; veja o calend\u00e1rio","isPartOf":{"@id":"https:\/\/portalnpm.com\/#website"},"primaryImageOfPage":{"@id":"https:\/\/portalnpm.com\/index.php\/2020\/09\/29\/pagamento-dos-r-300-de-auxilio-comeca-amanha-veja-o-calendario\/#primaryimage"},"image":{"@id":"https:\/\/portalnpm.com\/index.php\/2020\/09\/29\/pagamento-dos-r-300-de-auxilio-comeca-amanha-veja-o-calendario\/#primaryimage"},"thumbnailUrl":"https:\/\/portalnpm.com\/wp-content\/uploads\/2024\/01\/images-6.jpeg","datePublished":"2020-09-29T16:42:41+00:00","dateModified":"2024-01-16T00:23:45+00:00","author":{"@id":"https:\/\/portalnpm.com\/#\/schema\/person\/35cb55186eae3f074b6783da6d35591e"},"breadcrumb":{"@id":"https:\/\/portalnpm.com\/index.php\/2020\/09\/29\/pagamento-dos-r-300-de-auxilio-comeca-amanha-veja-o-calendario\/#breadcrumb"},"inLanguage":"pt-BR","potentialAction":[{"@type":"ReadAction","target":["https:\/\/portalnpm.com\/index.php\/2020\/09\/29\/pagamento-dos-r-300-de-auxilio-comeca-amanha-veja-o-calendario\/"]}]},{"@type":"ImageObject","inLanguage":"pt-BR","@id":"https:\/\/portalnpm.com\/index.php\/2020\/09\/29\/pagamento-dos-r-300-de-auxilio-comeca-amanha-veja-o-calendario\/#primaryimage","url":"https:\/\/portalnpm.com\/wp-content\/uploads\/2024\/01\/images-6.jpeg","contentUrl":"https:\/\/portalnpm.com\/wp-content\/uploads\/2024\/01\/images-6.jpeg","width":600,"height":313},{"@type":"BreadcrumbList","@id":"https:\/\/portalnpm.com\/index.php\/2020\/09\/29\/pagamento-dos-r-300-de-auxilio-comeca-amanha-veja-o-calendario\/#breadcrumb","itemListElement":[{"@type":"ListItem","position":1,"name":"In\u00edcio","item":"https:\/\/portalnpm.com\/"},{"@type":"ListItem","position":2,"name":"Pagamento dos R$ 300 de aux\u00edlio come\u00e7a amanh\u00e3; veja o calend\u00e1rio"}]},{"@type":"WebSite","@id":"https:\/\/portalnpm.com\/#website","url":"https:\/\/portalnpm.com\/","name":"Portal NPM","description":"Not\u00edcias em Primeira M\u00e3o","potentialAction":[{"@type":"SearchAction","target":{"@type":"EntryPoint","urlTemplate":"https:\/\/portalnpm.com\/?s={search_term_string}"},"query-input":"required name=search_term_string"}],"inLanguage":"pt-BR"},{"@type":"Person","@id":"https:\/\/portalnpm.com\/#\/schema\/person\/35cb55186eae3f074b6783da6d35591e","name":"Zenilton Lima","image":{"@type":"ImageObject","inLanguage":"pt-BR","@id":"https:\/\/portalnpm.com\/#\/schema\/person\/image\/","url":"https:\/\/portalnpm.com\/wp-content\/uploads\/2024\/12\/avatar_user_8_1733658137-96x96.jpeg","contentUrl":"https:\/\/portalnpm.com\/wp-content\/uploads\/2024\/12\/avatar_user_8_1733658137-96x96.jpeg","caption":"Zenilton Lima"},"url":"https:\/\/portalnpm.com\/index.php\/author\/zenilton\/"}]}},"jetpack_sharing_enabled":true,"jetpack_featured_media_url":"https:\/\/portalnpm.com\/wp-content\/uploads\/2024\/01\/images-6.jpeg","_links":{"self":[{"href":"https:\/\/portalnpm.com\/index.php\/wp-json\/wp\/v2\/posts\/58289"}],"collection":[{"href":"https:\/\/portalnpm.com\/index.php\/wp-json\/wp\/v2\/posts"}],"about":[{"href":"https:\/\/portalnpm.com\/index.php\/wp-json\/wp\/v2\/types\/post"}],"author":[{"embeddable":true,"href":"https:\/\/portalnpm.com\/index.php\/wp-json\/wp\/v2\/users\/8"}],"replies":[{"embeddable":true,"href":"https:\/\/portalnpm.com\/index.php\/wp-json\/wp\/v2\/comments?post=58289"}],"version-history":[{"count":1,"href":"https:\/\/portalnpm.com\/index.php\/wp-json\/wp\/v2\/posts\/58289\/revisions"}],"predecessor-version":[{"id":58304,"href":"https:\/\/portalnpm.com\/index.php\/wp-json\/wp\/v2\/posts\/58289\/revisions\/58304"}],"wp:featuredmedia":[{"embeddable":true,"href":"https:\/\/portalnpm.com\/index.php\/wp-json\/wp\/v2\/media\/52606"}],"wp:attachment":[{"href":"https:\/\/portalnpm.com\/index.php\/wp-json\/wp\/v2\/media?parent=58289"}],"wp:term":[{"taxonomy":"category","embeddable":true,"href":"https:\/\/portalnpm.com\/index.php\/wp-json\/wp\/v2\/categories?post=58289"},{"taxonomy":"post_tag","embeddable":true,"href":"https:\/\/portalnpm.com\/index.php\/wp-json\/wp\/v2\/tags?post=58289"}],"curies":[{"name":"wp","href":"https:\/\/api.w.org\/{rel}","templated":true}]}}