{"id":58290,"date":"2020-09-29T13:50:29","date_gmt":"2020-09-29T16:50:29","guid":{"rendered":"https:\/\/portalnpm.com\/index.php\/2020\/09\/29\/bolsonaro-infelizmente-auxilio-emergencial-nao-e-para-sempre\/"},"modified":"2024-01-15T21:23:45","modified_gmt":"2024-01-16T00:23:45","slug":"bolsonaro-infelizmente-auxilio-emergencial-nao-e-para-sempre","status":"publish","type":"post","link":"https:\/\/portalnpm.com\/index.php\/2020\/09\/29\/bolsonaro-infelizmente-auxilio-emergencial-nao-e-para-sempre\/","title":{"rendered":"Bolsonaro: \u2018Infelizmente, aux\u00edlio emergencial n\u00e3o \u00e9 para sempre\u2019"},"content":{"rendered":"<p><p style=\"text-align: justify;\">O presidente Jair Bolsonaro usou sua conta no Facebook nesta ter&ccedil;a-feira (29\/09) para reclamar dos cr&iacute;ticos &agrave;s a&ccedil;&otilde;es do governo federal, referindo-se principalmente &agrave;s medidas para destinar renda aos brasileiros que sofreram com a crise imposta pela pandemia do novo coronav&iacute;rus. A reportagem &eacute; do&nbsp;<a href=\"https:\/\/noticias.r7.com\/brasil\/bolsonaro-infelizmente-auxilio-emergencial-nao-e-para-sempre-29092020\" target=\"_blank\" rel=\"noopener noreferrer\"><strong>R7<\/strong><\/a>.<\/p>\n<p>\n&nbsp;<\/p>\n<figure id=\"attachment_26369\" aria-describedby=\"caption-attachment-26369\" style=\"width: 799px\" class=\"wp-caption aligncenter\"><img fetchpriority=\"high\" decoding=\"async\" class=\"size-full wp-image-26369\" src=\"https:\/\/portalnpm.com\/wp-content\/uploads\/2018\/08\/pre-candidato-a-presidencia-pelo-psl-jair-bolsonaro.jpg\" alt=\"\" width=\"799\" height=\"533\"><figcaption id=\"caption-attachment-26369\" class=\"wp-caption-text\">Foto: Alan Santos\/PR 28\/09\/2020<\/figcaption><\/figure>\n<p style=\"text-align: justify;\">&ldquo;Minha crescente popularidade importuna advers&aacute;rios e grande parte da imprensa, que rotulam qualquer a&ccedil;&atilde;o minha como eleitoreira. Se nada fa&ccedil;o, sou omisso. Se fa&ccedil;o, estou pensando em 2022.&rdquo;<\/p>\n<p style=\"text-align: justify;\">Segundo Bolsonaro, ele nunca se preocupou com reelei&ccedil;&atilde;o. &ldquo;Sempre exerci meu trabalho na convic&ccedil;&atilde;o de que o voto era consequ&ecirc;ncia dele.&rdquo;<\/p>\n<p style=\"text-align: justify;\">Ele explicou que o an&uacute;ncio de um programa social (Renda Cidad&atilde;) para refor&ccedil;ar o j&aacute; existente Bolsa Fam&iacute;lia tem o objetivo de continuar ajudando as fam&iacute;lias beneficiadas pelo aux&iacute;lio emergencial, pago em parcelas durante a pandemia.<\/p>\n<p style=\"text-align: justify;\"><strong>Guedes: Vamos aterrissar o aux&iacute;lio emergencial no Renda Cidad&atilde;<\/strong><\/p>\n<p style=\"text-align: justify;\">&ldquo;O aux&iacute;lio emergencial, infelizmente para os demagogos e comunistas, n&atilde;o pode ser para sempre&rdquo;, afirmou.<\/p>\n<p style=\"text-align: justify;\">&ldquo;Estou pensando em 2021, pois temos&nbsp; milh&otilde;es de brasileiros que perderam seus empregos ou rendas e deixar&atilde;o de receber o aux&iacute;lio emergencial a partir de janeiro\/2021.&rdquo;<\/p>\n<p style=\"text-align: justify;\">A Pnad covid, divulgada pelo IBGE (Instituto Brasileiro de Geografia e Estat&iacute;stica) na sexta-feira (25), indicou que&nbsp;13 milh&otilde;es de brasileiros est&atilde;o oficialmente desempregados.<\/p>\n<p style=\"text-align: justify;\">O presidente voltou a criticar as medidas de isolamento social defendidas pela OMS (Organiza&ccedil;&atilde;o Mundial de Sa&uacute;de) e acatadas por pesquisadores e governadores do pa&iacute;s. &ldquo;A pol&iacute;tica do &lsquo;fique em casa que a economia a gente v&ecirc; depois&rsquo; acabou e o &lsquo;depois&rsquo; chegou. A imprensa, que tanto apoiou o &lsquo;fique em casa&rsquo;, agora n&atilde;o apresenta op&ccedil;&otilde;es de como atender a esses milh&otilde;es de desassistidos&rdquo;, argumentou.<\/p>\n<p style=\"text-align: justify;\"><strong>Novo programa social deve ter valor das parcelas entre R$ 200 e R$ 300<\/strong><\/p>\n<p style=\"text-align: justify;\">&ldquo;Os respons&aacute;veis pela destrui&ccedil;&atilde;o de milh&otilde;es de empregos agora se calam&rdquo;, refor&ccedil;ou.<\/p>\n<p style=\"text-align: justify;\">Ap&oacute;s as in&uacute;meras cr&iacute;ticas ao an&uacute;ncio feito segunda-feira (28) de que o Renda Cidad&atilde; seria financiado pela redu&ccedil;&atilde;o do pagamento de t&iacute;tulo precat&oacute;rios do governo federal e por verbas do Fundeb (Fundo de Manuten&ccedil;&atilde;o e Desenvolvimento da Educa&ccedil;&atilde;o B&aacute;sica), Bolsonaro pediu ideias para ajudar a tirar o pa&iacute;s da situa&ccedil;&atilde;o atual.<\/p>\n<p style=\"text-align: justify;\">&ldquo;A responsabilidade fiscal e o respeito ao teto s&atilde;o os trilhos da Economia. Estamos abertos a sugest&otilde;es juntamente com os l&iacute;deres partid&aacute;rios.&rdquo;<\/p>\n<p style=\"text-align: justify;\">r7<\/p><\/p>\n","protected":false},"excerpt":{"rendered":"<p>O presidente Jair Bolsonaro usou sua conta no Facebook nesta ter&ccedil;a-feira (29\/09) para reclamar dos cr&iacute;ticos &agrave;s a&ccedil;&otilde;es do governo federal, referindo-se principalmente &agrave;s medidas para destinar renda aos brasileiros que sofreram com a crise imposta pela pandemia do novo coronav&iacute;rus. A reportagem &eacute; do&nbsp;R7. &nbsp; &ldquo;Minha crescente popularidade importuna advers&aacute;rios e grande parte da &hellip;<\/p>\n","protected":false},"author":8,"featured_media":58291,"comment_status":"open","ping_status":"open","sticky":false,"template":"","format":"standard","meta":{"content-type":"","rop_custom_images_group":[],"rop_custom_messages_group":[],"rop_publish_now":"initial","rop_publish_now_accounts":{"facebook_2648258775420054_1618374048415101":""},"rop_publish_now_history":[],"rop_publish_now_status":"pending","footnotes":"","_jetpack_memberships_contains_paid_content":false},"categories":[130],"tags":[3975,680,1468],"yoast_head":"<!-- This site is optimized with the Yoast SEO plugin v22.3 - https:\/\/yoast.com\/wordpress\/plugins\/seo\/ -->\n<title>Bolsonaro: \u2018Infelizmente, aux\u00edlio emergencial n\u00e3o \u00e9 para sempre\u2019<\/title>\n<meta name=\"robots\" content=\"index, follow, max-snippet:-1, max-image-preview:large, max-video-preview:-1\" \/>\n<link rel=\"canonical\" href=\"https:\/\/portalnpm.com\/index.php\/2020\/09\/29\/bolsonaro-infelizmente-auxilio-emergencial-nao-e-para-sempre\/\" \/>\n<meta property=\"og:locale\" content=\"pt_BR\" \/>\n<meta property=\"og:type\" content=\"article\" \/>\n<meta property=\"og:title\" content=\"Bolsonaro: \u2018Infelizmente, aux\u00edlio emergencial n\u00e3o \u00e9 para sempre\u2019\" \/>\n<meta property=\"og:description\" content=\"O presidente Jair Bolsonaro usou sua conta no Facebook nesta ter&ccedil;a-feira (29\/09) para reclamar dos cr&iacute;ticos &agrave;s a&ccedil;&otilde;es do governo federal, referindo-se principalmente &agrave;s medidas para destinar renda aos brasileiros que sofreram com a crise imposta pela pandemia do novo coronav&iacute;rus. A reportagem &eacute; do&nbsp;R7. &nbsp; &ldquo;Minha crescente popularidade importuna advers&aacute;rios e grande parte da &hellip;\" \/>\n<meta property=\"og:url\" content=\"https:\/\/portalnpm.com\/index.php\/2020\/09\/29\/bolsonaro-infelizmente-auxilio-emergencial-nao-e-para-sempre\/\" \/>\n<meta property=\"og:site_name\" content=\"Portal NPM\" \/>\n<meta property=\"article:published_time\" content=\"2020-09-29T16:50:29+00:00\" \/>\n<meta property=\"article:modified_time\" content=\"2024-01-16T00:23:45+00:00\" \/>\n<meta property=\"og:image\" content=\"https:\/\/portalnpm.com\/wp-content\/uploads\/2024\/01\/bolsonaro-1.jpg\" \/>\n\t<meta property=\"og:image:width\" content=\"799\" \/>\n\t<meta property=\"og:image:height\" content=\"533\" \/>\n\t<meta property=\"og:image:type\" content=\"image\/jpeg\" \/>\n<meta name=\"author\" content=\"Zenilton Lima\" \/>\n<meta name=\"twitter:card\" content=\"summary_large_image\" \/>\n<meta name=\"twitter:label1\" content=\"Escrito por\" \/>\n\t<meta name=\"twitter:data1\" content=\"Zenilton Lima\" \/>\n\t<meta name=\"twitter:label2\" content=\"Est. tempo de leitura\" \/>\n\t<meta name=\"twitter:data2\" content=\"3 minutos\" \/>\n<script type=\"application\/ld+json\" class=\"yoast-schema-graph\">{\"@context\":\"https:\/\/schema.org\",\"@graph\":[{\"@type\":\"WebPage\",\"@id\":\"https:\/\/portalnpm.com\/index.php\/2020\/09\/29\/bolsonaro-infelizmente-auxilio-emergencial-nao-e-para-sempre\/\",\"url\":\"https:\/\/portalnpm.com\/index.php\/2020\/09\/29\/bolsonaro-infelizmente-auxilio-emergencial-nao-e-para-sempre\/\",\"name\":\"Bolsonaro: \u2018Infelizmente, aux\u00edlio emergencial n\u00e3o \u00e9 para sempre\u2019\",\"isPartOf\":{\"@id\":\"https:\/\/portalnpm.com\/#website\"},\"primaryImageOfPage\":{\"@id\":\"https:\/\/portalnpm.com\/index.php\/2020\/09\/29\/bolsonaro-infelizmente-auxilio-emergencial-nao-e-para-sempre\/#primaryimage\"},\"image\":{\"@id\":\"https:\/\/portalnpm.com\/index.php\/2020\/09\/29\/bolsonaro-infelizmente-auxilio-emergencial-nao-e-para-sempre\/#primaryimage\"},\"thumbnailUrl\":\"https:\/\/portalnpm.com\/wp-content\/uploads\/2024\/01\/bolsonaro-1.jpg\",\"datePublished\":\"2020-09-29T16:50:29+00:00\",\"dateModified\":\"2024-01-16T00:23:45+00:00\",\"author\":{\"@id\":\"https:\/\/portalnpm.com\/#\/schema\/person\/35cb55186eae3f074b6783da6d35591e\"},\"breadcrumb\":{\"@id\":\"https:\/\/portalnpm.com\/index.php\/2020\/09\/29\/bolsonaro-infelizmente-auxilio-emergencial-nao-e-para-sempre\/#breadcrumb\"},\"inLanguage\":\"pt-BR\",\"potentialAction\":[{\"@type\":\"ReadAction\",\"target\":[\"https:\/\/portalnpm.com\/index.php\/2020\/09\/29\/bolsonaro-infelizmente-auxilio-emergencial-nao-e-para-sempre\/\"]}]},{\"@type\":\"ImageObject\",\"inLanguage\":\"pt-BR\",\"@id\":\"https:\/\/portalnpm.com\/index.php\/2020\/09\/29\/bolsonaro-infelizmente-auxilio-emergencial-nao-e-para-sempre\/#primaryimage\",\"url\":\"https:\/\/portalnpm.com\/wp-content\/uploads\/2024\/01\/bolsonaro-1.jpg\",\"contentUrl\":\"https:\/\/portalnpm.com\/wp-content\/uploads\/2024\/01\/bolsonaro-1.jpg\",\"width\":799,\"height\":533},{\"@type\":\"BreadcrumbList\",\"@id\":\"https:\/\/portalnpm.com\/index.php\/2020\/09\/29\/bolsonaro-infelizmente-auxilio-emergencial-nao-e-para-sempre\/#breadcrumb\",\"itemListElement\":[{\"@type\":\"ListItem\",\"position\":1,\"name\":\"In\u00edcio\",\"item\":\"https:\/\/portalnpm.com\/\"},{\"@type\":\"ListItem\",\"position\":2,\"name\":\"Bolsonaro: \u2018Infelizmente, aux\u00edlio emergencial n\u00e3o \u00e9 para sempre\u2019\"}]},{\"@type\":\"WebSite\",\"@id\":\"https:\/\/portalnpm.com\/#website\",\"url\":\"https:\/\/portalnpm.com\/\",\"name\":\"Portal NPM\",\"description\":\"Not\u00edcias em Primeira M\u00e3o\",\"potentialAction\":[{\"@type\":\"SearchAction\",\"target\":{\"@type\":\"EntryPoint\",\"urlTemplate\":\"https:\/\/portalnpm.com\/?s={search_term_string}\"},\"query-input\":\"required name=search_term_string\"}],\"inLanguage\":\"pt-BR\"},{\"@type\":\"Person\",\"@id\":\"https:\/\/portalnpm.com\/#\/schema\/person\/35cb55186eae3f074b6783da6d35591e\",\"name\":\"Zenilton Lima\",\"image\":{\"@type\":\"ImageObject\",\"inLanguage\":\"pt-BR\",\"@id\":\"https:\/\/portalnpm.com\/#\/schema\/person\/image\/\",\"url\":\"https:\/\/portalnpm.com\/wp-content\/uploads\/2024\/12\/avatar_user_8_1733658137-96x96.jpeg\",\"contentUrl\":\"https:\/\/portalnpm.com\/wp-content\/uploads\/2024\/12\/avatar_user_8_1733658137-96x96.jpeg\",\"caption\":\"Zenilton Lima\"},\"url\":\"https:\/\/portalnpm.com\/index.php\/author\/zenilton\/\"}]}<\/script>\n<!-- \/ Yoast SEO plugin. -->","yoast_head_json":{"title":"Bolsonaro: \u2018Infelizmente, aux\u00edlio emergencial n\u00e3o \u00e9 para sempre\u2019","robots":{"index":"index","follow":"follow","max-snippet":"max-snippet:-1","max-image-preview":"max-image-preview:large","max-video-preview":"max-video-preview:-1"},"canonical":"https:\/\/portalnpm.com\/index.php\/2020\/09\/29\/bolsonaro-infelizmente-auxilio-emergencial-nao-e-para-sempre\/","og_locale":"pt_BR","og_type":"article","og_title":"Bolsonaro: \u2018Infelizmente, aux\u00edlio emergencial n\u00e3o \u00e9 para sempre\u2019","og_description":"O presidente Jair Bolsonaro usou sua conta no Facebook nesta ter&ccedil;a-feira (29\/09) para reclamar dos cr&iacute;ticos &agrave;s a&ccedil;&otilde;es do governo federal, referindo-se principalmente &agrave;s medidas para destinar renda aos brasileiros que sofreram com a crise imposta pela pandemia do novo coronav&iacute;rus. A reportagem &eacute; do&nbsp;R7. &nbsp; &ldquo;Minha crescente popularidade importuna advers&aacute;rios e grande parte da &hellip;","og_url":"https:\/\/portalnpm.com\/index.php\/2020\/09\/29\/bolsonaro-infelizmente-auxilio-emergencial-nao-e-para-sempre\/","og_site_name":"Portal NPM","article_published_time":"2020-09-29T16:50:29+00:00","article_modified_time":"2024-01-16T00:23:45+00:00","og_image":[{"width":799,"height":533,"url":"https:\/\/portalnpm.com\/wp-content\/uploads\/2024\/01\/bolsonaro-1.jpg","type":"image\/jpeg"}],"author":"Zenilton Lima","twitter_card":"summary_large_image","twitter_misc":{"Escrito por":"Zenilton Lima","Est. tempo de leitura":"3 minutos"},"schema":{"@context":"https:\/\/schema.org","@graph":[{"@type":"WebPage","@id":"https:\/\/portalnpm.com\/index.php\/2020\/09\/29\/bolsonaro-infelizmente-auxilio-emergencial-nao-e-para-sempre\/","url":"https:\/\/portalnpm.com\/index.php\/2020\/09\/29\/bolsonaro-infelizmente-auxilio-emergencial-nao-e-para-sempre\/","name":"Bolsonaro: \u2018Infelizmente, aux\u00edlio emergencial n\u00e3o \u00e9 para sempre\u2019","isPartOf":{"@id":"https:\/\/portalnpm.com\/#website"},"primaryImageOfPage":{"@id":"https:\/\/portalnpm.com\/index.php\/2020\/09\/29\/bolsonaro-infelizmente-auxilio-emergencial-nao-e-para-sempre\/#primaryimage"},"image":{"@id":"https:\/\/portalnpm.com\/index.php\/2020\/09\/29\/bolsonaro-infelizmente-auxilio-emergencial-nao-e-para-sempre\/#primaryimage"},"thumbnailUrl":"https:\/\/portalnpm.com\/wp-content\/uploads\/2024\/01\/bolsonaro-1.jpg","datePublished":"2020-09-29T16:50:29+00:00","dateModified":"2024-01-16T00:23:45+00:00","author":{"@id":"https:\/\/portalnpm.com\/#\/schema\/person\/35cb55186eae3f074b6783da6d35591e"},"breadcrumb":{"@id":"https:\/\/portalnpm.com\/index.php\/2020\/09\/29\/bolsonaro-infelizmente-auxilio-emergencial-nao-e-para-sempre\/#breadcrumb"},"inLanguage":"pt-BR","potentialAction":[{"@type":"ReadAction","target":["https:\/\/portalnpm.com\/index.php\/2020\/09\/29\/bolsonaro-infelizmente-auxilio-emergencial-nao-e-para-sempre\/"]}]},{"@type":"ImageObject","inLanguage":"pt-BR","@id":"https:\/\/portalnpm.com\/index.php\/2020\/09\/29\/bolsonaro-infelizmente-auxilio-emergencial-nao-e-para-sempre\/#primaryimage","url":"https:\/\/portalnpm.com\/wp-content\/uploads\/2024\/01\/bolsonaro-1.jpg","contentUrl":"https:\/\/portalnpm.com\/wp-content\/uploads\/2024\/01\/bolsonaro-1.jpg","width":799,"height":533},{"@type":"BreadcrumbList","@id":"https:\/\/portalnpm.com\/index.php\/2020\/09\/29\/bolsonaro-infelizmente-auxilio-emergencial-nao-e-para-sempre\/#breadcrumb","itemListElement":[{"@type":"ListItem","position":1,"name":"In\u00edcio","item":"https:\/\/portalnpm.com\/"},{"@type":"ListItem","position":2,"name":"Bolsonaro: \u2018Infelizmente, aux\u00edlio emergencial n\u00e3o \u00e9 para sempre\u2019"}]},{"@type":"WebSite","@id":"https:\/\/portalnpm.com\/#website","url":"https:\/\/portalnpm.com\/","name":"Portal NPM","description":"Not\u00edcias em Primeira M\u00e3o","potentialAction":[{"@type":"SearchAction","target":{"@type":"EntryPoint","urlTemplate":"https:\/\/portalnpm.com\/?s={search_term_string}"},"query-input":"required name=search_term_string"}],"inLanguage":"pt-BR"},{"@type":"Person","@id":"https:\/\/portalnpm.com\/#\/schema\/person\/35cb55186eae3f074b6783da6d35591e","name":"Zenilton Lima","image":{"@type":"ImageObject","inLanguage":"pt-BR","@id":"https:\/\/portalnpm.com\/#\/schema\/person\/image\/","url":"https:\/\/portalnpm.com\/wp-content\/uploads\/2024\/12\/avatar_user_8_1733658137-96x96.jpeg","contentUrl":"https:\/\/portalnpm.com\/wp-content\/uploads\/2024\/12\/avatar_user_8_1733658137-96x96.jpeg","caption":"Zenilton Lima"},"url":"https:\/\/portalnpm.com\/index.php\/author\/zenilton\/"}]}},"jetpack_sharing_enabled":true,"jetpack_featured_media_url":"https:\/\/portalnpm.com\/wp-content\/uploads\/2024\/01\/bolsonaro-1.jpg","_links":{"self":[{"href":"https:\/\/portalnpm.com\/index.php\/wp-json\/wp\/v2\/posts\/58290"}],"collection":[{"href":"https:\/\/portalnpm.com\/index.php\/wp-json\/wp\/v2\/posts"}],"about":[{"href":"https:\/\/portalnpm.com\/index.php\/wp-json\/wp\/v2\/types\/post"}],"author":[{"embeddable":true,"href":"https:\/\/portalnpm.com\/index.php\/wp-json\/wp\/v2\/users\/8"}],"replies":[{"embeddable":true,"href":"https:\/\/portalnpm.com\/index.php\/wp-json\/wp\/v2\/comments?post=58290"}],"version-history":[{"count":1,"href":"https:\/\/portalnpm.com\/index.php\/wp-json\/wp\/v2\/posts\/58290\/revisions"}],"predecessor-version":[{"id":58305,"href":"https:\/\/portalnpm.com\/index.php\/wp-json\/wp\/v2\/posts\/58290\/revisions\/58305"}],"wp:featuredmedia":[{"embeddable":true,"href":"https:\/\/portalnpm.com\/index.php\/wp-json\/wp\/v2\/media\/58291"}],"wp:attachment":[{"href":"https:\/\/portalnpm.com\/index.php\/wp-json\/wp\/v2\/media?parent=58290"}],"wp:term":[{"taxonomy":"category","embeddable":true,"href":"https:\/\/portalnpm.com\/index.php\/wp-json\/wp\/v2\/categories?post=58290"},{"taxonomy":"post_tag","embeddable":true,"href":"https:\/\/portalnpm.com\/index.php\/wp-json\/wp\/v2\/tags?post=58290"}],"curies":[{"name":"wp","href":"https:\/\/api.w.org\/{rel}","templated":true}]}}